{"id":6687,"date":"2001-05-06T00:00:00","date_gmt":"2001-05-05T22:00:00","guid":{"rendered":"https:\/\/www.justiceinfo.net\/6687-06052001-tpircyangugu-lancien-commandant-imanishimwe-temoignera-dans-sa-propre-cause3477.html"},"modified":"2001-05-06T00:00:00","modified_gmt":"2001-05-05T22:00:00","slug":"06052001-tpircyangugu-lancien-commandant-imanishimwe-temoignera-dans-sa-propre-cause3477","status":"publish","type":"post","link":"https:\/\/www.justiceinfo.net\/fr\/6687-06052001-tpircyangugu-lancien-commandant-imanishimwe-temoignera-dans-sa-propre-cause3477.html","title":{"rendered":"06.05.2001 - TPIR\/CYANGUGU - L\u2019ANCIEN COMMANDANT IMANISHIMWE TEMOIGNERA DANS SA PROPRE CAUSE"},"content":{"rendered":"<p  >\nArusha 6 mai 2001(FH) - L\u2019ancien commandant de la garnison militaire de Cyangugu (sud-ouest du Rwanda), le lieutenant Samuel Imanishimwe, t\u00e9moignera dans sa propre cause, a annonc\u00e9 sa d\u00e9fense.  L\u2019avocate camerounaise, Me Marie-Louise Mbida, conseil principal dans l\u2019affaire Imanishimwe a confirm\u00e9 vendredi en audience que son client a l\u2019intention de t\u00e9moigner dans son propre proc\u00e8s.\n<\/p>\n<p><!--more--><\/p>\n<p  >\nMe Mbida contre-interrogeait le vingt-deuxi\u00e8me t\u00e9moin du parquet, un ancien militaire qui faisait partie de la garde rapproch\u00e9e de l\u2019accus\u00e9 en 1994. Le militaire avait accus\u00e9 l\u2019ancien commandant d\u2019avoir particip\u00e9 aux massacres. L\u2019accus\u00e9 devra expliquer ses faits et gestes durant la p\u00e9riode concern\u00e9e, a d\u00e9clar\u00e9 en substance sa d\u00e9fense.\n<\/p>\n<p  >\nDans sa d\u00e9claration liminaire \u00e0 l\u2019ouverture du proc\u00e8s, au mois de septembre dernier, l\u2019accusation avait affirm\u00e9 que Samuel Imanishimwe \"\u00e9tait investi D'une autorit\u00e9 inversement proportionnelle \u00e0 son grade de lieutenant\", expliquant qu'il tenait ce pouvoir de ses origines. Le parquet all\u00e8gue que l\u2019ancien commandant de Cyangugu est originaire de la m\u00eame r\u00e9gion que l\u2019ancien pr\u00e9sident rwandais Juv\u00e9nal Habyarimana, dont la mort le 6 avril 1994 a \u00e9t\u00e9 suivie par le d\u00e9clenchement du g\u00e9nocide anti-tutsi et des massacres d\u2019opposants.\n<\/p>\n<p  >\nLe parquet soutient qu'Imanishimwe a particip\u00e9 activement \u00e0 la pr\u00e9paration du g\u00e9nocide en entra\u00eenant des miliciens et en distribuant les armes, de m\u00eame qu'\u00e0 la phase D'ex\u00e9cution du g\u00e9nocide sur diff\u00e9rents lieux de massacres.\n<\/p>\n<p  >\nIl reste \u00e0 savoir si les coaccus\u00e9s d\u2019Imanishimwe t\u00e9moigneront \u00e9galement dans leur propre cause. Samuel Imanishimwe est coaccus\u00e9 avec l\u2019ancien ministre des transports et communications sous le gouvernement int\u00e9rimaire, Andr\u00e9 Ntagerura, et l\u2019ancien pr\u00e9fet de Cyangugu, Emmanuel Bagambiki. Le parquet les accuse d\u2019entente en vue de commettre le g\u00e9nocide \u00e0 Cyangugu o\u00f9 environ cent mille Tutsis ont \u00e9t\u00e9 tu\u00e9s en l\u2019espace de vingt trois jours, selon l\u2019accusation.\n<\/p>\n<p  >\nAT\/PHD7FH(CY_0506A)<\/p>\n","protected":false},"excerpt":{"rendered":"<p>Arusha 6 mai 2001(FH) - L\u2019ancien commandant de la garnison militaire de Cyangugu (sud-ouest du Rwanda), le lieutenant Samuel Imanishimwe, t\u00e9moignera dans sa propre cause, a annonc\u00e9 sa d\u00e9fense. L\u2019avocate camerounaise, Me Marie-Louise Mbida, conseil principal dans l\u2019affaire Imanishimwe a confirm\u00e9 vendredi en audience que son client a l\u2019intention de t\u00e9moigner dans son propre proc\u00e8s.<\/p>\n","protected":false},"author":64,"featured_media":0,"comment_status":"open","ping_status":"closed","sticky":false,"template":"","format":"standard","meta":{"_acf_changed":false,"footnotes":""},"categories":[554],"tags":[],"ji_location":[],"class_list":["post-6687","post","type-post","status-publish","format-standard","hentry","category-hirondellenews"],"acf":[],"yoast_head":"<!-- This site is optimized with the Yoast SEO Premium plugin v25.3.1 (Yoast SEO v25.3.1) - https:\/\/yoast.com\/wordpress\/plugins\/seo\/ -->\n<title>06.05.2001 - TPIR\/CYANGUGU - L\u2019ANCIEN COMMANDANT IMANISHIMWE TEMOIGNERA DANS SA PROPRE CAUSE - JusticeInfo.net<\/title>\n<meta name=\"robots\" content=\"index, follow, max-snippet:-1, max-image-preview:large, max-video-preview:-1\" \/>\n<link rel=\"canonical\" href=\"https:\/\/www.justiceinfo.net\/fr\/6687-06052001-tpircyangugu-lancien-commandant-imanishimwe-temoignera-dans-sa-propre-cause3477.html\" \/>\n<meta property=\"og:locale\" content=\"fr_FR\" \/>\n<meta property=\"og:type\" content=\"article\" \/>\n<meta property=\"og:title\" content=\"06.05.2001 - TPIR\/CYANGUGU - L\u2019ANCIEN COMMANDANT IMANISHIMWE TEMOIGNERA DANS SA PROPRE CAUSE\" \/>\n<meta property=\"og:description\" content=\"Arusha 6 mai 2001(FH) - L\u2019ancien commandant de la garnison militaire de Cyangugu (sud-ouest du Rwanda), le lieutenant Samuel Imanishimwe, t\u00e9moignera dans sa propre cause, a annonc\u00e9 sa d\u00e9fense. L\u2019avocate camerounaise, Me Marie-Louise Mbida, conseil principal dans l\u2019affaire Imanishimwe a confirm\u00e9 vendredi en audience que son client a l\u2019intention de t\u00e9moigner dans son propre proc\u00e8s.\" \/>\n<meta property=\"og:url\" content=\"https:\/\/www.justiceinfo.net\/fr\/6687-06052001-tpircyangugu-lancien-commandant-imanishimwe-temoignera-dans-sa-propre-cause3477.html\" \/>\n<meta property=\"og:site_name\" content=\"JusticeInfo.net\" \/>\n<meta property=\"article:publisher\" content=\"https:\/\/www.facebook.com\/JusticeInfo\/\" \/>\n<meta property=\"article:published_time\" content=\"2001-05-05T22:00:00+00:00\" \/>\n<meta property=\"og:image\" content=\"https:\/\/www.justiceinfo.net\/wp-content\/uploads\/JusticeInfoNet_logo_1200x630px.jpg\" \/>\n\t<meta property=\"og:image:width\" content=\"1200\" \/>\n\t<meta property=\"og:image:height\" content=\"630\" \/>\n\t<meta property=\"og:image:type\" content=\"image\/jpeg\" \/>\n<meta name=\"author\" content=\"solivri\" \/>\n<meta name=\"twitter:card\" content=\"summary_large_image\" \/>\n<meta name=\"twitter:creator\" content=\"@justiceinfonet\" \/>\n<meta name=\"twitter:site\" content=\"@justiceinfonet\" \/>\n<meta name=\"twitter:label1\" content=\"\u00c9crit par\" \/>\n\t<meta name=\"twitter:data1\" content=\"solivri\" \/>\n\t<meta name=\"twitter:label2\" content=\"Dur\u00e9e de lecture estim\u00e9e\" \/>\n\t<meta name=\"twitter:data2\" content=\"2 minutes\" \/>\n<script type=\"application\/ld+json\" class=\"yoast-schema-graph\">{\"@context\":\"https:\/\/schema.org\",\"@graph\":[{\"@type\":\"NewsArticle\",\"@id\":\"https:\/\/www.justiceinfo.net\/fr\/6687-06052001-tpircyangugu-lancien-commandant-imanishimwe-temoignera-dans-sa-propre-cause3477.html#article\",\"isPartOf\":{\"@id\":\"https:\/\/www.justiceinfo.net\/fr\/6687-06052001-tpircyangugu-lancien-commandant-imanishimwe-temoignera-dans-sa-propre-cause3477.html\"},\"author\":{\"name\":\"solivri\",\"@id\":\"https:\/\/www.justiceinfo.net\/fr#\/schema\/person\/6e53cba1629e2e66f3fc1821d3091865\"},\"headline\":\"06.05.2001 - TPIR\/CYANGUGU - L\u2019ANCIEN COMMANDANT IMANISHIMWE TEMOIGNERA DANS SA PROPRE CAUSE\",\"datePublished\":\"2001-05-05T22:00:00+00:00\",\"mainEntityOfPage\":{\"@id\":\"https:\/\/www.justiceinfo.net\/fr\/6687-06052001-tpircyangugu-lancien-commandant-imanishimwe-temoignera-dans-sa-propre-cause3477.html\"},\"wordCount\":348,\"commentCount\":0,\"publisher\":{\"@id\":\"https:\/\/www.justiceinfo.net\/fr#organization\"},\"articleSection\":[\"Hirondelle News\"],\"inLanguage\":\"fr-FR\",\"potentialAction\":[{\"@type\":\"CommentAction\",\"name\":\"Comment\",\"target\":[\"https:\/\/www.justiceinfo.net\/fr\/6687-06052001-tpircyangugu-lancien-commandant-imanishimwe-temoignera-dans-sa-propre-cause3477.html#respond\"]}]},{\"@type\":\"WebPage\",\"@id\":\"https:\/\/www.justiceinfo.net\/fr\/6687-06052001-tpircyangugu-lancien-commandant-imanishimwe-temoignera-dans-sa-propre-cause3477.html\",\"url\":\"https:\/\/www.justiceinfo.net\/fr\/6687-06052001-tpircyangugu-lancien-commandant-imanishimwe-temoignera-dans-sa-propre-cause3477.html\",\"name\":\"06.05.2001 - TPIR\/CYANGUGU - L\u2019ANCIEN COMMANDANT IMANISHIMWE TEMOIGNERA DANS SA PROPRE CAUSE - JusticeInfo.net\",\"isPartOf\":{\"@id\":\"https:\/\/www.justiceinfo.net\/fr#website\"},\"datePublished\":\"2001-05-05T22:00:00+00:00\",\"breadcrumb\":{\"@id\":\"https:\/\/www.justiceinfo.net\/fr\/6687-06052001-tpircyangugu-lancien-commandant-imanishimwe-temoignera-dans-sa-propre-cause3477.html#breadcrumb\"},\"inLanguage\":\"fr-FR\",\"potentialAction\":[{\"@type\":\"ReadAction\",\"target\":[\"https:\/\/www.justiceinfo.net\/fr\/6687-06052001-tpircyangugu-lancien-commandant-imanishimwe-temoignera-dans-sa-propre-cause3477.html\"]}]},{\"@type\":\"BreadcrumbList\",\"@id\":\"https:\/\/www.justiceinfo.net\/fr\/6687-06052001-tpircyangugu-lancien-commandant-imanishimwe-temoignera-dans-sa-propre-cause3477.html#breadcrumb\",\"itemListElement\":[{\"@type\":\"ListItem\",\"position\":1,\"name\":\"Home\",\"item\":\"https:\/\/www.justiceinfo.net\/fr\"},{\"@type\":\"ListItem\",\"position\":2,\"name\":\"06.05.2001 - TPIR\/CYANGUGU - L\u2019ANCIEN COMMANDANT IMANISHIMWE TEMOIGNERA DANS SA PROPRE CAUSE\"}]},{\"@type\":\"WebSite\",\"@id\":\"https:\/\/www.justiceinfo.net\/fr#website\",\"url\":\"https:\/\/www.justiceinfo.net\/fr\",\"name\":\"JusticeInfo.net\",\"description\":\"La justice doit \u00eatre vue pour \u00eatre rendue\",\"publisher\":{\"@id\":\"https:\/\/www.justiceinfo.net\/fr#organization\"},\"potentialAction\":[{\"@type\":\"SearchAction\",\"target\":{\"@type\":\"EntryPoint\",\"urlTemplate\":\"https:\/\/www.justiceinfo.net\/fr?s={search_term_string}\"},\"query-input\":{\"@type\":\"PropertyValueSpecification\",\"valueRequired\":true,\"valueName\":\"search_term_string\"}}],\"inLanguage\":\"fr-FR\"},{\"@type\":\"Organization\",\"@id\":\"https:\/\/www.justiceinfo.net\/fr#organization\",\"name\":\"Justice Info\",\"url\":\"https:\/\/www.justiceinfo.net\/fr\",\"logo\":{\"@type\":\"ImageObject\",\"inLanguage\":\"fr-FR\",\"@id\":\"https:\/\/www.justiceinfo.net\/fr#\/schema\/logo\/image\/\",\"url\":\"https:\/\/www.justiceinfo.net\/wp-content\/uploads\/justiceinfo_logo-trans_1200x1200px.png\",\"contentUrl\":\"https:\/\/www.justiceinfo.net\/wp-content\/uploads\/justiceinfo_logo-trans_1200x1200px.png\",\"width\":1199,\"height\":1200,\"caption\":\"Justice Info\"},\"image\":{\"@id\":\"https:\/\/www.justiceinfo.net\/fr#\/schema\/logo\/image\/\"},\"sameAs\":[\"https:\/\/www.facebook.com\/JusticeInfo\/\",\"https:\/\/x.com\/justiceinfonet\",\"https:\/\/www.linkedin.com\/company\/justice-info\",\"https:\/\/www.youtube.com\/channel\/UCyCEsARodyuWtkWyhn-e7pA\"]},{\"@type\":\"Person\",\"name\":\"solivri\",\"url\":\"\/fr\/?s=solivri\"}]}<\/script>\n<!-- \/ Yoast SEO Premium plugin. -->","yoast_head_json":{"title":"06.05.2001 - TPIR\/CYANGUGU - L\u2019ANCIEN COMMANDANT IMANISHIMWE TEMOIGNERA DANS SA PROPRE CAUSE - JusticeInfo.net","robots":{"index":"index","follow":"follow","max-snippet":"max-snippet:-1","max-image-preview":"max-image-preview:large","max-video-preview":"max-video-preview:-1"},"canonical":"https:\/\/www.justiceinfo.net\/fr\/6687-06052001-tpircyangugu-lancien-commandant-imanishimwe-temoignera-dans-sa-propre-cause3477.html","og_locale":"fr_FR","og_type":"article","og_title":"06.05.2001 - TPIR\/CYANGUGU - L\u2019ANCIEN COMMANDANT IMANISHIMWE TEMOIGNERA DANS SA PROPRE CAUSE","og_description":"Arusha 6 mai 2001(FH) - L\u2019ancien commandant de la garnison militaire de Cyangugu (sud-ouest du Rwanda), le lieutenant Samuel Imanishimwe, t\u00e9moignera dans sa propre cause, a annonc\u00e9 sa d\u00e9fense. L\u2019avocate camerounaise, Me Marie-Louise Mbida, conseil principal dans l\u2019affaire Imanishimwe a confirm\u00e9 vendredi en audience que son client a l\u2019intention de t\u00e9moigner dans son propre proc\u00e8s.","og_url":"https:\/\/www.justiceinfo.net\/fr\/6687-06052001-tpircyangugu-lancien-commandant-imanishimwe-temoignera-dans-sa-propre-cause3477.html","og_site_name":"JusticeInfo.net","article_publisher":"https:\/\/www.facebook.com\/JusticeInfo\/","article_published_time":"2001-05-05T22:00:00+00:00","og_image":[{"width":1200,"height":630,"url":"https:\/\/www.justiceinfo.net\/wp-content\/uploads\/JusticeInfoNet_logo_1200x630px.jpg","type":"image\/jpeg"}],"author":"solivri","twitter_card":"summary_large_image","twitter_creator":"@justiceinfonet","twitter_site":"@justiceinfonet","twitter_misc":{"\u00c9crit par":"solivri","Dur\u00e9e de lecture estim\u00e9e":"2 minutes"},"schema":{"@context":"https:\/\/schema.org","@graph":[{"@type":"NewsArticle","@id":"https:\/\/www.justiceinfo.net\/fr\/6687-06052001-tpircyangugu-lancien-commandant-imanishimwe-temoignera-dans-sa-propre-cause3477.html#article","isPartOf":{"@id":"https:\/\/www.justiceinfo.net\/fr\/6687-06052001-tpircyangugu-lancien-commandant-imanishimwe-temoignera-dans-sa-propre-cause3477.html"},"author":{"name":"solivri","@id":"https:\/\/www.justiceinfo.net\/fr#\/schema\/person\/6e53cba1629e2e66f3fc1821d3091865"},"headline":"06.05.2001 - TPIR\/CYANGUGU - L\u2019ANCIEN COMMANDANT IMANISHIMWE TEMOIGNERA DANS SA PROPRE CAUSE","datePublished":"2001-05-05T22:00:00+00:00","mainEntityOfPage":{"@id":"https:\/\/www.justiceinfo.net\/fr\/6687-06052001-tpircyangugu-lancien-commandant-imanishimwe-temoignera-dans-sa-propre-cause3477.html"},"wordCount":348,"commentCount":0,"publisher":{"@id":"https:\/\/www.justiceinfo.net\/fr#organization"},"articleSection":["Hirondelle News"],"inLanguage":"fr-FR","potentialAction":[{"@type":"CommentAction","name":"Comment","target":["https:\/\/www.justiceinfo.net\/fr\/6687-06052001-tpircyangugu-lancien-commandant-imanishimwe-temoignera-dans-sa-propre-cause3477.html#respond"]}]},{"@type":"WebPage","@id":"https:\/\/www.justiceinfo.net\/fr\/6687-06052001-tpircyangugu-lancien-commandant-imanishimwe-temoignera-dans-sa-propre-cause3477.html","url":"https:\/\/www.justiceinfo.net\/fr\/6687-06052001-tpircyangugu-lancien-commandant-imanishimwe-temoignera-dans-sa-propre-cause3477.html","name":"06.05.2001 - TPIR\/CYANGUGU - L\u2019ANCIEN COMMANDANT IMANISHIMWE TEMOIGNERA DANS SA PROPRE CAUSE - JusticeInfo.net","isPartOf":{"@id":"https:\/\/www.justiceinfo.net\/fr#website"},"datePublished":"2001-05-05T22:00:00+00:00","breadcrumb":{"@id":"https:\/\/www.justiceinfo.net\/fr\/6687-06052001-tpircyangugu-lancien-commandant-imanishimwe-temoignera-dans-sa-propre-cause3477.html#breadcrumb"},"inLanguage":"fr-FR","potentialAction":[{"@type":"ReadAction","target":["https:\/\/www.justiceinfo.net\/fr\/6687-06052001-tpircyangugu-lancien-commandant-imanishimwe-temoignera-dans-sa-propre-cause3477.html"]}]},{"@type":"BreadcrumbList","@id":"https:\/\/www.justiceinfo.net\/fr\/6687-06052001-tpircyangugu-lancien-commandant-imanishimwe-temoignera-dans-sa-propre-cause3477.html#breadcrumb","itemListElement":[{"@type":"ListItem","position":1,"name":"Home","item":"https:\/\/www.justiceinfo.net\/fr"},{"@type":"ListItem","position":2,"name":"06.05.2001 - TPIR\/CYANGUGU - L\u2019ANCIEN COMMANDANT IMANISHIMWE TEMOIGNERA DANS SA PROPRE CAUSE"}]},{"@type":"WebSite","@id":"https:\/\/www.justiceinfo.net\/fr#website","url":"https:\/\/www.justiceinfo.net\/fr","name":"JusticeInfo.net","description":"La justice doit \u00eatre vue pour \u00eatre rendue","publisher":{"@id":"https:\/\/www.justiceinfo.net\/fr#organization"},"potentialAction":[{"@type":"SearchAction","target":{"@type":"EntryPoint","urlTemplate":"https:\/\/www.justiceinfo.net\/fr?s={search_term_string}"},"query-input":{"@type":"PropertyValueSpecification","valueRequired":true,"valueName":"search_term_string"}}],"inLanguage":"fr-FR"},{"@type":"Organization","@id":"https:\/\/www.justiceinfo.net\/fr#organization","name":"Justice Info","url":"https:\/\/www.justiceinfo.net\/fr","logo":{"@type":"ImageObject","inLanguage":"fr-FR","@id":"https:\/\/www.justiceinfo.net\/fr#\/schema\/logo\/image\/","url":"https:\/\/www.justiceinfo.net\/wp-content\/uploads\/justiceinfo_logo-trans_1200x1200px.png","contentUrl":"https:\/\/www.justiceinfo.net\/wp-content\/uploads\/justiceinfo_logo-trans_1200x1200px.png","width":1199,"height":1200,"caption":"Justice Info"},"image":{"@id":"https:\/\/www.justiceinfo.net\/fr#\/schema\/logo\/image\/"},"sameAs":["https:\/\/www.facebook.com\/JusticeInfo\/","https:\/\/x.com\/justiceinfonet","https:\/\/www.linkedin.com\/company\/justice-info","https:\/\/www.youtube.com\/channel\/UCyCEsARodyuWtkWyhn-e7pA"]},{"@type":"Person","name":"solivri","url":"\/fr\/?s=solivri"}]}},"_links":{"self":[{"href":"https:\/\/www.justiceinfo.net\/fr\/wp-json\/wp\/v2\/posts\/6687","targetHints":{"allow":["GET"]}}],"collection":[{"href":"https:\/\/www.justiceinfo.net\/fr\/wp-json\/wp\/v2\/posts"}],"about":[{"href":"https:\/\/www.justiceinfo.net\/fr\/wp-json\/wp\/v2\/types\/post"}],"author":[{"embeddable":true,"href":"https:\/\/www.justiceinfo.net\/fr\/wp-json\/wp\/v2\/users\/64"}],"replies":[{"embeddable":true,"href":"https:\/\/www.justiceinfo.net\/fr\/wp-json\/wp\/v2\/comments?post=6687"}],"version-history":[{"count":0,"href":"https:\/\/www.justiceinfo.net\/fr\/wp-json\/wp\/v2\/posts\/6687\/revisions"}],"wp:attachment":[{"href":"https:\/\/www.justiceinfo.net\/fr\/wp-json\/wp\/v2\/media?parent=6687"}],"wp:term":[{"taxonomy":"category","embeddable":true,"href":"https:\/\/www.justiceinfo.net\/fr\/wp-json\/wp\/v2\/categories?post=6687"},{"taxonomy":"post_tag","embeddable":true,"href":"https:\/\/www.justiceinfo.net\/fr\/wp-json\/wp\/v2\/tags?post=6687"},{"taxonomy":"ji_location","embeddable":true,"href":"https:\/\/www.justiceinfo.net\/fr\/wp-json\/wp\/v2\/ji_location?post=6687"}],"curies":[{"name":"wp","href":"https:\/\/api.w.org\/{rel}","templated":true}]}}