{"id":6789,"date":"2001-03-06T00:00:00","date_gmt":"2001-03-05T23:00:00","guid":{"rendered":"https:\/\/www.justiceinfo.net\/6789-06032001-tpirsemanza-reprise-du-proces-sur-fond-dune-requete-en-constat-judiciaire3579.html"},"modified":"2001-03-06T00:00:00","modified_gmt":"2001-03-05T23:00:00","slug":"06032001-tpirsemanza-reprise-du-proces-sur-fond-dune-requete-en-constat-judiciaire3579","status":"publish","type":"post","link":"https:\/\/www.justiceinfo.net\/fr\/6789-06032001-tpirsemanza-reprise-du-proces-sur-fond-dune-requete-en-constat-judiciaire3579.html","title":{"rendered":"06.03.2001 - TPIR\/SEMANZA - REPRISE DU PROCES SUR FOND D'UNE REQUETE EN CONSTAT JUDICIAIRE"},"content":{"rendered":"<p  >\nArusha 6 mars 2001- (FH) - Le parquet du Tribunal p\u00e9nal international pour le Rwanda (TPIR) a demand\u00e9 mardi \u00e0 la chambre de premi\u00e8re instance D'\u00e9tablir un constat judiciaire sur le fait qu'il y a eu g\u00e9nocide au Rwanda, en 1994, et que deux parties \u00e9taient en conflit interne dans ce pays.\n<\/p>\n<p  >\nLe substitut du procureur, le canadien D'origine nig\u00e9riane Chile Eboe Osuji, a plaid\u00e9 la requ\u00eate devant la troisi\u00e8me chambre du TPIR \u00e0 la reprise du proc\u00e8s de l'ancien maire de Bicumbi, (pr\u00e9fecture de Kigali rurale, centre-est du Rwanda), Laurent Semanza.\n<\/p>\n<p><!--more--><\/p>\n<p  >\nChile Eboe Osuji a soutenu que ce constat judiciaire permettrait \u00e0 la proc\u00e9dure D'avancer, \u00e9tant donn\u00e9 qu'il \u00e9pargnerait D'appeler \u00e0 la barre un certain nombre de t\u00e9moins pour justifier ces faits.\n<\/p>\n<p  >\nLe repr\u00e9sentant du parquet a expliqu\u00e9 qu'il a \u00e9t\u00e9 jug\u00e9 dans les jurisprudences pr\u00e9c\u00e9dentes du TPIR qu'il y a eu g\u00e9nocide au Rwanda en 1994, et que deux forces \u00e9taient impliqu\u00e9es dans un conflit interne \u00e0 ce moment, \u00e0 savoir les Forces arm\u00e9es rwandaises (FAR) et le Front patriotique rwandais (FPR).\n<\/p>\n<p  >\nLe repr\u00e9sentant du parquet a notamment cit\u00e9 les jugements de l'ancien maire de Taba, pr\u00e9fecture de Gitarama (centre du Rwanda), Jean-Paul Akayesu, de l'ancien premier ministre Jean Kambanda, et de l'ancien pr\u00e9fet de Kibuye (ouest du Rwanda), Cl\u00e9ment Kayishema. Les trois hommes ont \u00e9t\u00e9 condamn\u00e9s \u00e0 la r\u00e9clusion a perp\u00e9tuit\u00e9 en premi\u00e8re instance.\n<\/p>\n<p  >\n\"Tant qu'il a \u00e9t\u00e9 \u00e9tabli dans ces proc\u00e8s qu'il y a eu g\u00e9nocide au Rwanda, et que deux forces \u00e9taient en conflit interne, ce serait une perte de temps que D'appeler encore une fois des t\u00e9moins pour le prouver dans ce proc\u00e8s de Semanza\" a d\u00e9clar\u00e9 Chile Eboe Osuji, demandant ainsi \u00e0 la chambre D'\u00e9tablir une fois pour toutes \"un constat judiciaire sur ces faits de notori\u00e9t\u00e9 publique\".\n<\/p>\n<p  >\nLa requ\u00eate a \u00e9t\u00e9 mise en d\u00e9lib\u00e9r\u00e9. Laurent est jug\u00e9 par la troisi\u00e8me chambre de premi\u00e8re instance, pr\u00e9sid\u00e9e dans cette affaire uniquement, par le juge russe, Jakov Ostrovsky, et compos\u00e9e par ailleurs des juges jama\u00efcain, George Williams, et slov\u00e8ne, Pavel Dolenc.\n<\/p>\n<p  >\nAvant la pr\u00e9sentation de la requ\u00eate du parquet, l'avocat camerounais de Laurent Semanza, Me Charles Taku, s'est plaint de ce que les responsables du centre de d\u00e9tention des Nations unies (UNDF) ne lui ont pas permis de rencontrer son client lundi, et qu'il n'avait pas pu en cons\u00e9quence pr\u00e9parer ad\u00e9quatement l'audience de mardi avec l'accus\u00e9.\n<\/p>\n<p  >\nLa journ\u00e9e de lundi \u00e9tait f\u00e9ri\u00e9e au TPIR. La chambre a d\u00e9cid\u00e9 qu'une enqu\u00eate soit ouverte sur cet incident et que des mesures appropri\u00e9es soient prises.\n<\/p>\n<p  >\nLe proc\u00e8s de l'ancien maire de Bicumbi s'est poursuivi mardi avec la d\u00e9position du dixi\u00e8me t\u00e9moin de l'accusation.\n<\/p>\n<p  >\nD\u00e9sign\u00e9 sous le pseudonyme \" VM\" pour prot\u00e9ger son anonymat, le t\u00e9moin, un Hutu originaire de la commune Bicumbi, a accus\u00e9 Laurent Semanza D'avoir dirig\u00e9 les attaques contre les Tutsi r\u00e9fugi\u00e9s \u00e0 l'\u00e9glise de Musha en commune Gikoro en avril 1994.\n<\/p>\n<p  >\nM.VM a par ailleurs d\u00e9clar\u00e9 que Laurent Semanza a \"\u00e9cras\u00e9\" volontairement des Tutsis avec une camionnette qu'il conduisait.\n<\/p>\n<p  >\nBN\/AT\/PHD\/FH (SE_0306A)<\/p>\n","protected":false},"excerpt":{"rendered":"<p>Arusha 6 mars 2001- (FH) - Le parquet du Tribunal p\u00e9nal international pour le Rwanda (TPIR) a demand\u00e9 mardi \u00e0 la chambre de premi\u00e8re instance D'\u00e9tablir un constat judiciaire sur le fait qu'il y a eu g\u00e9nocide au Rwanda, en 1994, et que deux parties \u00e9taient en conflit interne dans ce pays. Le substitut du [&hellip;]<\/p>\n","protected":false},"author":64,"featured_media":0,"comment_status":"open","ping_status":"closed","sticky":false,"template":"","format":"standard","meta":{"_acf_changed":false,"footnotes":""},"categories":[554],"tags":[],"ji_location":[],"class_list":["post-6789","post","type-post","status-publish","format-standard","hentry","category-hirondellenews"],"acf":[],"yoast_head":"<!-- This site is optimized with the Yoast SEO Premium plugin v25.3.1 (Yoast SEO v25.3.1) - https:\/\/yoast.com\/wordpress\/plugins\/seo\/ -->\n<title>06.03.2001 - TPIR\/SEMANZA - REPRISE DU PROCES SUR FOND D&#039;UNE REQUETE EN CONSTAT JUDICIAIRE - JusticeInfo.net<\/title>\n<meta name=\"robots\" content=\"index, follow, max-snippet:-1, max-image-preview:large, max-video-preview:-1\" \/>\n<link rel=\"canonical\" href=\"https:\/\/www.justiceinfo.net\/fr\/6789-06032001-tpirsemanza-reprise-du-proces-sur-fond-dune-requete-en-constat-judiciaire3579.html\" \/>\n<meta property=\"og:locale\" content=\"fr_FR\" \/>\n<meta property=\"og:type\" content=\"article\" \/>\n<meta property=\"og:title\" content=\"06.03.2001 - TPIR\/SEMANZA - REPRISE DU PROCES SUR FOND D&#039;UNE REQUETE EN CONSTAT JUDICIAIRE\" \/>\n<meta property=\"og:description\" content=\"Arusha 6 mars 2001- (FH) - Le parquet du Tribunal p\u00e9nal international pour le Rwanda (TPIR) a demand\u00e9 mardi \u00e0 la chambre de premi\u00e8re instance D&#039;\u00e9tablir un constat judiciaire sur le fait qu&#039;il y a eu g\u00e9nocide au Rwanda, en 1994, et que deux parties \u00e9taient en conflit interne dans ce pays. Le substitut du [&hellip;]\" \/>\n<meta property=\"og:url\" content=\"https:\/\/www.justiceinfo.net\/fr\/6789-06032001-tpirsemanza-reprise-du-proces-sur-fond-dune-requete-en-constat-judiciaire3579.html\" \/>\n<meta property=\"og:site_name\" content=\"JusticeInfo.net\" \/>\n<meta property=\"article:publisher\" content=\"https:\/\/www.facebook.com\/JusticeInfo\/\" \/>\n<meta property=\"article:published_time\" content=\"2001-03-05T23:00:00+00:00\" \/>\n<meta property=\"og:image\" content=\"https:\/\/www.justiceinfo.net\/wp-content\/uploads\/JusticeInfoNet_logo_1200x630px.jpg\" \/>\n\t<meta property=\"og:image:width\" content=\"1200\" \/>\n\t<meta property=\"og:image:height\" content=\"630\" \/>\n\t<meta property=\"og:image:type\" content=\"image\/jpeg\" \/>\n<meta name=\"author\" content=\"solivri\" \/>\n<meta name=\"twitter:card\" content=\"summary_large_image\" \/>\n<meta name=\"twitter:creator\" content=\"@justiceinfonet\" \/>\n<meta name=\"twitter:site\" content=\"@justiceinfonet\" \/>\n<meta name=\"twitter:label1\" content=\"\u00c9crit par\" \/>\n\t<meta name=\"twitter:data1\" content=\"solivri\" \/>\n\t<meta name=\"twitter:label2\" content=\"Dur\u00e9e de lecture estim\u00e9e\" \/>\n\t<meta name=\"twitter:data2\" content=\"3 minutes\" \/>\n<script type=\"application\/ld+json\" class=\"yoast-schema-graph\">{\"@context\":\"https:\/\/schema.org\",\"@graph\":[{\"@type\":\"NewsArticle\",\"@id\":\"https:\/\/www.justiceinfo.net\/fr\/6789-06032001-tpirsemanza-reprise-du-proces-sur-fond-dune-requete-en-constat-judiciaire3579.html#article\",\"isPartOf\":{\"@id\":\"https:\/\/www.justiceinfo.net\/fr\/6789-06032001-tpirsemanza-reprise-du-proces-sur-fond-dune-requete-en-constat-judiciaire3579.html\"},\"author\":{\"name\":\"solivri\",\"@id\":\"https:\/\/www.justiceinfo.net\/fr#\/schema\/person\/6e53cba1629e2e66f3fc1821d3091865\"},\"headline\":\"06.03.2001 - TPIR\/SEMANZA - REPRISE DU PROCES SUR FOND D'UNE REQUETE EN CONSTAT JUDICIAIRE\",\"datePublished\":\"2001-03-05T23:00:00+00:00\",\"mainEntityOfPage\":{\"@id\":\"https:\/\/www.justiceinfo.net\/fr\/6789-06032001-tpirsemanza-reprise-du-proces-sur-fond-dune-requete-en-constat-judiciaire3579.html\"},\"wordCount\":593,\"commentCount\":0,\"publisher\":{\"@id\":\"https:\/\/www.justiceinfo.net\/fr#organization\"},\"articleSection\":[\"Hirondelle News\"],\"inLanguage\":\"fr-FR\",\"potentialAction\":[{\"@type\":\"CommentAction\",\"name\":\"Comment\",\"target\":[\"https:\/\/www.justiceinfo.net\/fr\/6789-06032001-tpirsemanza-reprise-du-proces-sur-fond-dune-requete-en-constat-judiciaire3579.html#respond\"]}]},{\"@type\":\"WebPage\",\"@id\":\"https:\/\/www.justiceinfo.net\/fr\/6789-06032001-tpirsemanza-reprise-du-proces-sur-fond-dune-requete-en-constat-judiciaire3579.html\",\"url\":\"https:\/\/www.justiceinfo.net\/fr\/6789-06032001-tpirsemanza-reprise-du-proces-sur-fond-dune-requete-en-constat-judiciaire3579.html\",\"name\":\"06.03.2001 - TPIR\/SEMANZA - REPRISE DU PROCES SUR FOND D'UNE REQUETE EN CONSTAT JUDICIAIRE - JusticeInfo.net\",\"isPartOf\":{\"@id\":\"https:\/\/www.justiceinfo.net\/fr#website\"},\"datePublished\":\"2001-03-05T23:00:00+00:00\",\"breadcrumb\":{\"@id\":\"https:\/\/www.justiceinfo.net\/fr\/6789-06032001-tpirsemanza-reprise-du-proces-sur-fond-dune-requete-en-constat-judiciaire3579.html#breadcrumb\"},\"inLanguage\":\"fr-FR\",\"potentialAction\":[{\"@type\":\"ReadAction\",\"target\":[\"https:\/\/www.justiceinfo.net\/fr\/6789-06032001-tpirsemanza-reprise-du-proces-sur-fond-dune-requete-en-constat-judiciaire3579.html\"]}]},{\"@type\":\"BreadcrumbList\",\"@id\":\"https:\/\/www.justiceinfo.net\/fr\/6789-06032001-tpirsemanza-reprise-du-proces-sur-fond-dune-requete-en-constat-judiciaire3579.html#breadcrumb\",\"itemListElement\":[{\"@type\":\"ListItem\",\"position\":1,\"name\":\"Home\",\"item\":\"https:\/\/www.justiceinfo.net\/fr\"},{\"@type\":\"ListItem\",\"position\":2,\"name\":\"06.03.2001 - TPIR\/SEMANZA - REPRISE DU PROCES SUR FOND D'UNE REQUETE EN CONSTAT JUDICIAIRE\"}]},{\"@type\":\"WebSite\",\"@id\":\"https:\/\/www.justiceinfo.net\/fr#website\",\"url\":\"https:\/\/www.justiceinfo.net\/fr\",\"name\":\"JusticeInfo.net\",\"description\":\"La justice doit \u00eatre vue pour \u00eatre rendue\",\"publisher\":{\"@id\":\"https:\/\/www.justiceinfo.net\/fr#organization\"},\"potentialAction\":[{\"@type\":\"SearchAction\",\"target\":{\"@type\":\"EntryPoint\",\"urlTemplate\":\"https:\/\/www.justiceinfo.net\/fr?s={search_term_string}\"},\"query-input\":{\"@type\":\"PropertyValueSpecification\",\"valueRequired\":true,\"valueName\":\"search_term_string\"}}],\"inLanguage\":\"fr-FR\"},{\"@type\":\"Organization\",\"@id\":\"https:\/\/www.justiceinfo.net\/fr#organization\",\"name\":\"Justice Info\",\"url\":\"https:\/\/www.justiceinfo.net\/fr\",\"logo\":{\"@type\":\"ImageObject\",\"inLanguage\":\"fr-FR\",\"@id\":\"https:\/\/www.justiceinfo.net\/fr#\/schema\/logo\/image\/\",\"url\":\"https:\/\/www.justiceinfo.net\/wp-content\/uploads\/justiceinfo_logo-trans_1200x1200px.png\",\"contentUrl\":\"https:\/\/www.justiceinfo.net\/wp-content\/uploads\/justiceinfo_logo-trans_1200x1200px.png\",\"width\":1199,\"height\":1200,\"caption\":\"Justice Info\"},\"image\":{\"@id\":\"https:\/\/www.justiceinfo.net\/fr#\/schema\/logo\/image\/\"},\"sameAs\":[\"https:\/\/www.facebook.com\/JusticeInfo\/\",\"https:\/\/x.com\/justiceinfonet\",\"https:\/\/www.linkedin.com\/company\/justice-info\",\"https:\/\/www.youtube.com\/channel\/UCyCEsARodyuWtkWyhn-e7pA\"]},{\"@type\":\"Person\",\"name\":\"solivri\",\"url\":\"\/fr\/?s=solivri\"}]}<\/script>\n<!-- \/ Yoast SEO Premium plugin. -->","yoast_head_json":{"title":"06.03.2001 - TPIR\/SEMANZA - REPRISE DU PROCES SUR FOND D'UNE REQUETE EN CONSTAT JUDICIAIRE - JusticeInfo.net","robots":{"index":"index","follow":"follow","max-snippet":"max-snippet:-1","max-image-preview":"max-image-preview:large","max-video-preview":"max-video-preview:-1"},"canonical":"https:\/\/www.justiceinfo.net\/fr\/6789-06032001-tpirsemanza-reprise-du-proces-sur-fond-dune-requete-en-constat-judiciaire3579.html","og_locale":"fr_FR","og_type":"article","og_title":"06.03.2001 - TPIR\/SEMANZA - REPRISE DU PROCES SUR FOND D'UNE REQUETE EN CONSTAT JUDICIAIRE","og_description":"Arusha 6 mars 2001- (FH) - Le parquet du Tribunal p\u00e9nal international pour le Rwanda (TPIR) a demand\u00e9 mardi \u00e0 la chambre de premi\u00e8re instance D'\u00e9tablir un constat judiciaire sur le fait qu'il y a eu g\u00e9nocide au Rwanda, en 1994, et que deux parties \u00e9taient en conflit interne dans ce pays. Le substitut du [&hellip;]","og_url":"https:\/\/www.justiceinfo.net\/fr\/6789-06032001-tpirsemanza-reprise-du-proces-sur-fond-dune-requete-en-constat-judiciaire3579.html","og_site_name":"JusticeInfo.net","article_publisher":"https:\/\/www.facebook.com\/JusticeInfo\/","article_published_time":"2001-03-05T23:00:00+00:00","og_image":[{"width":1200,"height":630,"url":"https:\/\/www.justiceinfo.net\/wp-content\/uploads\/JusticeInfoNet_logo_1200x630px.jpg","type":"image\/jpeg"}],"author":"solivri","twitter_card":"summary_large_image","twitter_creator":"@justiceinfonet","twitter_site":"@justiceinfonet","twitter_misc":{"\u00c9crit par":"solivri","Dur\u00e9e de lecture estim\u00e9e":"3 minutes"},"schema":{"@context":"https:\/\/schema.org","@graph":[{"@type":"NewsArticle","@id":"https:\/\/www.justiceinfo.net\/fr\/6789-06032001-tpirsemanza-reprise-du-proces-sur-fond-dune-requete-en-constat-judiciaire3579.html#article","isPartOf":{"@id":"https:\/\/www.justiceinfo.net\/fr\/6789-06032001-tpirsemanza-reprise-du-proces-sur-fond-dune-requete-en-constat-judiciaire3579.html"},"author":{"name":"solivri","@id":"https:\/\/www.justiceinfo.net\/fr#\/schema\/person\/6e53cba1629e2e66f3fc1821d3091865"},"headline":"06.03.2001 - TPIR\/SEMANZA - REPRISE DU PROCES SUR FOND D'UNE REQUETE EN CONSTAT JUDICIAIRE","datePublished":"2001-03-05T23:00:00+00:00","mainEntityOfPage":{"@id":"https:\/\/www.justiceinfo.net\/fr\/6789-06032001-tpirsemanza-reprise-du-proces-sur-fond-dune-requete-en-constat-judiciaire3579.html"},"wordCount":593,"commentCount":0,"publisher":{"@id":"https:\/\/www.justiceinfo.net\/fr#organization"},"articleSection":["Hirondelle News"],"inLanguage":"fr-FR","potentialAction":[{"@type":"CommentAction","name":"Comment","target":["https:\/\/www.justiceinfo.net\/fr\/6789-06032001-tpirsemanza-reprise-du-proces-sur-fond-dune-requete-en-constat-judiciaire3579.html#respond"]}]},{"@type":"WebPage","@id":"https:\/\/www.justiceinfo.net\/fr\/6789-06032001-tpirsemanza-reprise-du-proces-sur-fond-dune-requete-en-constat-judiciaire3579.html","url":"https:\/\/www.justiceinfo.net\/fr\/6789-06032001-tpirsemanza-reprise-du-proces-sur-fond-dune-requete-en-constat-judiciaire3579.html","name":"06.03.2001 - TPIR\/SEMANZA - REPRISE DU PROCES SUR FOND D'UNE REQUETE EN CONSTAT JUDICIAIRE - JusticeInfo.net","isPartOf":{"@id":"https:\/\/www.justiceinfo.net\/fr#website"},"datePublished":"2001-03-05T23:00:00+00:00","breadcrumb":{"@id":"https:\/\/www.justiceinfo.net\/fr\/6789-06032001-tpirsemanza-reprise-du-proces-sur-fond-dune-requete-en-constat-judiciaire3579.html#breadcrumb"},"inLanguage":"fr-FR","potentialAction":[{"@type":"ReadAction","target":["https:\/\/www.justiceinfo.net\/fr\/6789-06032001-tpirsemanza-reprise-du-proces-sur-fond-dune-requete-en-constat-judiciaire3579.html"]}]},{"@type":"BreadcrumbList","@id":"https:\/\/www.justiceinfo.net\/fr\/6789-06032001-tpirsemanza-reprise-du-proces-sur-fond-dune-requete-en-constat-judiciaire3579.html#breadcrumb","itemListElement":[{"@type":"ListItem","position":1,"name":"Home","item":"https:\/\/www.justiceinfo.net\/fr"},{"@type":"ListItem","position":2,"name":"06.03.2001 - TPIR\/SEMANZA - REPRISE DU PROCES SUR FOND D'UNE REQUETE EN CONSTAT JUDICIAIRE"}]},{"@type":"WebSite","@id":"https:\/\/www.justiceinfo.net\/fr#website","url":"https:\/\/www.justiceinfo.net\/fr","name":"JusticeInfo.net","description":"La justice doit \u00eatre vue pour \u00eatre rendue","publisher":{"@id":"https:\/\/www.justiceinfo.net\/fr#organization"},"potentialAction":[{"@type":"SearchAction","target":{"@type":"EntryPoint","urlTemplate":"https:\/\/www.justiceinfo.net\/fr?s={search_term_string}"},"query-input":{"@type":"PropertyValueSpecification","valueRequired":true,"valueName":"search_term_string"}}],"inLanguage":"fr-FR"},{"@type":"Organization","@id":"https:\/\/www.justiceinfo.net\/fr#organization","name":"Justice Info","url":"https:\/\/www.justiceinfo.net\/fr","logo":{"@type":"ImageObject","inLanguage":"fr-FR","@id":"https:\/\/www.justiceinfo.net\/fr#\/schema\/logo\/image\/","url":"https:\/\/www.justiceinfo.net\/wp-content\/uploads\/justiceinfo_logo-trans_1200x1200px.png","contentUrl":"https:\/\/www.justiceinfo.net\/wp-content\/uploads\/justiceinfo_logo-trans_1200x1200px.png","width":1199,"height":1200,"caption":"Justice Info"},"image":{"@id":"https:\/\/www.justiceinfo.net\/fr#\/schema\/logo\/image\/"},"sameAs":["https:\/\/www.facebook.com\/JusticeInfo\/","https:\/\/x.com\/justiceinfonet","https:\/\/www.linkedin.com\/company\/justice-info","https:\/\/www.youtube.com\/channel\/UCyCEsARodyuWtkWyhn-e7pA"]},{"@type":"Person","name":"solivri","url":"\/fr\/?s=solivri"}]}},"_links":{"self":[{"href":"https:\/\/www.justiceinfo.net\/fr\/wp-json\/wp\/v2\/posts\/6789","targetHints":{"allow":["GET"]}}],"collection":[{"href":"https:\/\/www.justiceinfo.net\/fr\/wp-json\/wp\/v2\/posts"}],"about":[{"href":"https:\/\/www.justiceinfo.net\/fr\/wp-json\/wp\/v2\/types\/post"}],"author":[{"embeddable":true,"href":"https:\/\/www.justiceinfo.net\/fr\/wp-json\/wp\/v2\/users\/64"}],"replies":[{"embeddable":true,"href":"https:\/\/www.justiceinfo.net\/fr\/wp-json\/wp\/v2\/comments?post=6789"}],"version-history":[{"count":0,"href":"https:\/\/www.justiceinfo.net\/fr\/wp-json\/wp\/v2\/posts\/6789\/revisions"}],"wp:attachment":[{"href":"https:\/\/www.justiceinfo.net\/fr\/wp-json\/wp\/v2\/media?parent=6789"}],"wp:term":[{"taxonomy":"category","embeddable":true,"href":"https:\/\/www.justiceinfo.net\/fr\/wp-json\/wp\/v2\/categories?post=6789"},{"taxonomy":"post_tag","embeddable":true,"href":"https:\/\/www.justiceinfo.net\/fr\/wp-json\/wp\/v2\/tags?post=6789"},{"taxonomy":"ji_location","embeddable":true,"href":"https:\/\/www.justiceinfo.net\/fr\/wp-json\/wp\/v2\/ji_location?post=6789"}],"curies":[{"name":"wp","href":"https:\/\/api.w.org\/{rel}","templated":true}]}}