{"id":68714,"date":"2021-01-22T15:13:02","date_gmt":"2021-01-22T14:13:02","guid":{"rendered":"https:\/\/www.justiceinfo.net\/68714-le-negationniste-vincent-reynouard-a-nouveau-condamne-a-de-la-prison-ferme.html"},"modified":"2021-01-22T15:13:02","modified_gmt":"2021-01-22T14:13:02","slug":"le-negationniste-vincent-reynouard-a-nouveau-condamne-a-de-la-prison-ferme","status":"publish","type":"post","link":"https:\/\/www.justiceinfo.net\/fr\/68714-le-negationniste-vincent-reynouard-a-nouveau-condamne-a-de-la-prison-ferme.html","title":{"rendered":"Le n\u00e9gationniste Vincent Reynouard \u00e0 nouveau condamn\u00e9 \u00e0 de la prison ferme"},"content":{"rendered":"<p>\n             Le n\u00e9gationniste Vincent Reynouard a \u00e9t\u00e9 \u00e0 nouveau condamn\u00e9 vendredi pour contestation de crime contre l'humanit\u00e9 \u00e0 six mois de prison ferme pour une vid\u00e9o publi\u00e9e en 2019 dans laquelle il nie la r\u00e9alit\u00e9 de la Shoah.\n<\/p>\n<p>\n            La 17e chambre correctionnelle du tribunal de Paris a condamn\u00e9 cet ancien enseignant par d\u00e9faut - il n'a pas comparu \u00e0 l'audience - pour une vid\u00e9o du 7 octobre 2019 diffus\u00e9e sur son site internet et sur le r\u00e9seau social russe VK, dans laquelle il faisait la promotion d'un de ses ouvrages.\n<\/p>\n<p>\n            La tribunal a ordonn\u00e9 au pr\u00e9venu de 51 ans de payer 1.000 euros de dommages et int\u00e9r\u00eats ainsi que 1.500 euros de frais de justice \u00e0 la Ligue internationale contre le racisme et l'antis\u00e9mitisme (Licra), partie civile.\n<\/p>\n<p>\n            Vincent Reynouard a \u00e9t\u00e9 condamn\u00e9 \u00e0 de multiples reprises pour cette infraction. Le 25 novembre, il avait \u00e9t\u00e9 condamn\u00e9 \u00e0 quatre mois de prison pour une vid\u00e9o publi\u00e9e en mai 2017, mais avait \u00e9t\u00e9 relax\u00e9 pour deux autres.<\/p>\n","protected":false},"excerpt":{"rendered":"<p>Le n\u00e9gationniste Vincent Reynouard a \u00e9t\u00e9 \u00e0 nouveau condamn\u00e9 vendredi pour contestation de crime contre l'humanit\u00e9 \u00e0 six mois de prison ferme pour une vid\u00e9o publi\u00e9e en 2019 dans laquelle il nie la r\u00e9alit\u00e9 de la Shoah. La 17e chambre correctionnelle du tribunal de Paris a condamn\u00e9 cet ancien enseignant par d\u00e9faut - il n'a [&hellip;]<\/p>\n","protected":false},"author":60,"featured_media":0,"comment_status":"open","ping_status":"closed","sticky":false,"template":"","format":"standard","meta":{"_acf_changed":false,"footnotes":""},"categories":[2576],"tags":[],"ji_location":[],"class_list":["post-68714","post","type-post","status-publish","format-standard","hentry","category-fil-d-actualite"],"acf":[],"yoast_head":"<!-- This site is optimized with the Yoast SEO Premium plugin v25.3.1 (Yoast SEO v25.3.1) - https:\/\/yoast.com\/wordpress\/plugins\/seo\/ -->\n<title>Le n\u00e9gationniste Vincent Reynouard \u00e0 nouveau condamn\u00e9 \u00e0 de la prison ferme - JusticeInfo.net<\/title>\n<meta name=\"robots\" content=\"index, follow, max-snippet:-1, max-image-preview:large, max-video-preview:-1\" \/>\n<link rel=\"canonical\" href=\"https:\/\/www.justiceinfo.net\/fr\/68714-le-negationniste-vincent-reynouard-a-nouveau-condamne-a-de-la-prison-ferme.html\" \/>\n<meta property=\"og:locale\" content=\"fr_FR\" \/>\n<meta property=\"og:type\" content=\"article\" \/>\n<meta property=\"og:title\" content=\"Le n\u00e9gationniste Vincent Reynouard \u00e0 nouveau condamn\u00e9 \u00e0 de la prison ferme\" \/>\n<meta property=\"og:description\" content=\"Le n\u00e9gationniste Vincent Reynouard a \u00e9t\u00e9 \u00e0 nouveau condamn\u00e9 vendredi pour contestation de crime contre l&#039;humanit\u00e9 \u00e0 six mois de prison ferme pour une vid\u00e9o publi\u00e9e en 2019 dans laquelle il nie la r\u00e9alit\u00e9 de la Shoah. La 17e chambre correctionnelle du tribunal de Paris a condamn\u00e9 cet ancien enseignant par d\u00e9faut - il n&#039;a [&hellip;]\" \/>\n<meta property=\"og:url\" content=\"https:\/\/www.justiceinfo.net\/fr\/68714-le-negationniste-vincent-reynouard-a-nouveau-condamne-a-de-la-prison-ferme.html\" \/>\n<meta property=\"og:site_name\" content=\"JusticeInfo.net\" \/>\n<meta property=\"article:publisher\" content=\"https:\/\/www.facebook.com\/JusticeInfo\/\" \/>\n<meta property=\"article:published_time\" content=\"2021-01-22T14:13:02+00:00\" \/>\n<meta property=\"og:image\" content=\"https:\/\/www.justiceinfo.net\/wp-content\/uploads\/JusticeInfoNet_logo_1200x630px.jpg\" \/>\n\t<meta property=\"og:image:width\" content=\"1200\" \/>\n\t<meta property=\"og:image:height\" content=\"630\" \/>\n\t<meta property=\"og:image:type\" content=\"image\/jpeg\" \/>\n<meta name=\"author\" content=\"afp\" \/>\n<meta name=\"twitter:card\" content=\"summary_large_image\" \/>\n<meta name=\"twitter:creator\" content=\"@justiceinfonet\" \/>\n<meta name=\"twitter:site\" content=\"@justiceinfonet\" \/>\n<meta name=\"twitter:label1\" content=\"\u00c9crit par\" \/>\n\t<meta name=\"twitter:data1\" content=\"afp\" \/>\n\t<meta name=\"twitter:label2\" content=\"Dur\u00e9e de lecture estim\u00e9e\" \/>\n\t<meta name=\"twitter:data2\" content=\"1 minute\" \/>\n<script type=\"application\/ld+json\" class=\"yoast-schema-graph\">{\"@context\":\"https:\/\/schema.org\",\"@graph\":[{\"@type\":\"NewsArticle\",\"@id\":\"https:\/\/www.justiceinfo.net\/fr\/68714-le-negationniste-vincent-reynouard-a-nouveau-condamne-a-de-la-prison-ferme.html#article\",\"isPartOf\":{\"@id\":\"https:\/\/www.justiceinfo.net\/fr\/68714-le-negationniste-vincent-reynouard-a-nouveau-condamne-a-de-la-prison-ferme.html\"},\"author\":{\"name\":\"afp\",\"@id\":\"https:\/\/www.justiceinfo.net\/fr#\/schema\/person\/713d340ef5f218fc36ce9b4244364a7f\"},\"headline\":\"Le n\u00e9gationniste Vincent Reynouard \u00e0 nouveau condamn\u00e9 \u00e0 de la prison ferme\",\"datePublished\":\"2021-01-22T14:13:02+00:00\",\"mainEntityOfPage\":{\"@id\":\"https:\/\/www.justiceinfo.net\/fr\/68714-le-negationniste-vincent-reynouard-a-nouveau-condamne-a-de-la-prison-ferme.html\"},\"wordCount\":180,\"commentCount\":0,\"publisher\":{\"@id\":\"https:\/\/www.justiceinfo.net\/fr#organization\"},\"articleSection\":[\"Fil d'info AFP\"],\"inLanguage\":\"fr-FR\",\"potentialAction\":[{\"@type\":\"CommentAction\",\"name\":\"Comment\",\"target\":[\"https:\/\/www.justiceinfo.net\/fr\/68714-le-negationniste-vincent-reynouard-a-nouveau-condamne-a-de-la-prison-ferme.html#respond\"]}]},{\"@type\":\"WebPage\",\"@id\":\"https:\/\/www.justiceinfo.net\/fr\/68714-le-negationniste-vincent-reynouard-a-nouveau-condamne-a-de-la-prison-ferme.html\",\"url\":\"https:\/\/www.justiceinfo.net\/fr\/68714-le-negationniste-vincent-reynouard-a-nouveau-condamne-a-de-la-prison-ferme.html\",\"name\":\"Le n\u00e9gationniste Vincent Reynouard \u00e0 nouveau condamn\u00e9 \u00e0 de la prison ferme - JusticeInfo.net\",\"isPartOf\":{\"@id\":\"https:\/\/www.justiceinfo.net\/fr#website\"},\"datePublished\":\"2021-01-22T14:13:02+00:00\",\"breadcrumb\":{\"@id\":\"https:\/\/www.justiceinfo.net\/fr\/68714-le-negationniste-vincent-reynouard-a-nouveau-condamne-a-de-la-prison-ferme.html#breadcrumb\"},\"inLanguage\":\"fr-FR\",\"potentialAction\":[{\"@type\":\"ReadAction\",\"target\":[\"https:\/\/www.justiceinfo.net\/fr\/68714-le-negationniste-vincent-reynouard-a-nouveau-condamne-a-de-la-prison-ferme.html\"]}]},{\"@type\":\"BreadcrumbList\",\"@id\":\"https:\/\/www.justiceinfo.net\/fr\/68714-le-negationniste-vincent-reynouard-a-nouveau-condamne-a-de-la-prison-ferme.html#breadcrumb\",\"itemListElement\":[{\"@type\":\"ListItem\",\"position\":1,\"name\":\"Home\",\"item\":\"https:\/\/www.justiceinfo.net\/fr\"},{\"@type\":\"ListItem\",\"position\":2,\"name\":\"Le n\u00e9gationniste Vincent Reynouard \u00e0 nouveau condamn\u00e9 \u00e0 de la prison ferme\"}]},{\"@type\":\"WebSite\",\"@id\":\"https:\/\/www.justiceinfo.net\/fr#website\",\"url\":\"https:\/\/www.justiceinfo.net\/fr\",\"name\":\"JusticeInfo.net\",\"description\":\"La justice doit \u00eatre vue pour \u00eatre rendue\",\"publisher\":{\"@id\":\"https:\/\/www.justiceinfo.net\/fr#organization\"},\"potentialAction\":[{\"@type\":\"SearchAction\",\"target\":{\"@type\":\"EntryPoint\",\"urlTemplate\":\"https:\/\/www.justiceinfo.net\/fr?s={search_term_string}\"},\"query-input\":{\"@type\":\"PropertyValueSpecification\",\"valueRequired\":true,\"valueName\":\"search_term_string\"}}],\"inLanguage\":\"fr-FR\"},{\"@type\":\"Organization\",\"@id\":\"https:\/\/www.justiceinfo.net\/fr#organization\",\"name\":\"Justice Info\",\"url\":\"https:\/\/www.justiceinfo.net\/fr\",\"logo\":{\"@type\":\"ImageObject\",\"inLanguage\":\"fr-FR\",\"@id\":\"https:\/\/www.justiceinfo.net\/fr#\/schema\/logo\/image\/\",\"url\":\"https:\/\/www.justiceinfo.net\/wp-content\/uploads\/justiceinfo_logo-trans_1200x1200px.png\",\"contentUrl\":\"https:\/\/www.justiceinfo.net\/wp-content\/uploads\/justiceinfo_logo-trans_1200x1200px.png\",\"width\":1199,\"height\":1200,\"caption\":\"Justice Info\"},\"image\":{\"@id\":\"https:\/\/www.justiceinfo.net\/fr#\/schema\/logo\/image\/\"},\"sameAs\":[\"https:\/\/www.facebook.com\/JusticeInfo\/\",\"https:\/\/x.com\/justiceinfonet\",\"https:\/\/www.linkedin.com\/company\/justice-info\",\"https:\/\/www.youtube.com\/channel\/UCyCEsARodyuWtkWyhn-e7pA\"]},{\"@type\":\"Person\",\"name\":\"afp\",\"url\":\"\/fr\/?s=afp\"}]}<\/script>\n<!-- \/ Yoast SEO Premium plugin. -->","yoast_head_json":{"title":"Le n\u00e9gationniste Vincent Reynouard \u00e0 nouveau condamn\u00e9 \u00e0 de la prison ferme - JusticeInfo.net","robots":{"index":"index","follow":"follow","max-snippet":"max-snippet:-1","max-image-preview":"max-image-preview:large","max-video-preview":"max-video-preview:-1"},"canonical":"https:\/\/www.justiceinfo.net\/fr\/68714-le-negationniste-vincent-reynouard-a-nouveau-condamne-a-de-la-prison-ferme.html","og_locale":"fr_FR","og_type":"article","og_title":"Le n\u00e9gationniste Vincent Reynouard \u00e0 nouveau condamn\u00e9 \u00e0 de la prison ferme","og_description":"Le n\u00e9gationniste Vincent Reynouard a \u00e9t\u00e9 \u00e0 nouveau condamn\u00e9 vendredi pour contestation de crime contre l'humanit\u00e9 \u00e0 six mois de prison ferme pour une vid\u00e9o publi\u00e9e en 2019 dans laquelle il nie la r\u00e9alit\u00e9 de la Shoah. La 17e chambre correctionnelle du tribunal de Paris a condamn\u00e9 cet ancien enseignant par d\u00e9faut - il n'a [&hellip;]","og_url":"https:\/\/www.justiceinfo.net\/fr\/68714-le-negationniste-vincent-reynouard-a-nouveau-condamne-a-de-la-prison-ferme.html","og_site_name":"JusticeInfo.net","article_publisher":"https:\/\/www.facebook.com\/JusticeInfo\/","article_published_time":"2021-01-22T14:13:02+00:00","og_image":[{"width":1200,"height":630,"url":"https:\/\/www.justiceinfo.net\/wp-content\/uploads\/JusticeInfoNet_logo_1200x630px.jpg","type":"image\/jpeg"}],"author":"afp","twitter_card":"summary_large_image","twitter_creator":"@justiceinfonet","twitter_site":"@justiceinfonet","twitter_misc":{"\u00c9crit par":"afp","Dur\u00e9e de lecture estim\u00e9e":"1 minute"},"schema":{"@context":"https:\/\/schema.org","@graph":[{"@type":"NewsArticle","@id":"https:\/\/www.justiceinfo.net\/fr\/68714-le-negationniste-vincent-reynouard-a-nouveau-condamne-a-de-la-prison-ferme.html#article","isPartOf":{"@id":"https:\/\/www.justiceinfo.net\/fr\/68714-le-negationniste-vincent-reynouard-a-nouveau-condamne-a-de-la-prison-ferme.html"},"author":{"name":"afp","@id":"https:\/\/www.justiceinfo.net\/fr#\/schema\/person\/713d340ef5f218fc36ce9b4244364a7f"},"headline":"Le n\u00e9gationniste Vincent Reynouard \u00e0 nouveau condamn\u00e9 \u00e0 de la prison ferme","datePublished":"2021-01-22T14:13:02+00:00","mainEntityOfPage":{"@id":"https:\/\/www.justiceinfo.net\/fr\/68714-le-negationniste-vincent-reynouard-a-nouveau-condamne-a-de-la-prison-ferme.html"},"wordCount":180,"commentCount":0,"publisher":{"@id":"https:\/\/www.justiceinfo.net\/fr#organization"},"articleSection":["Fil d'info AFP"],"inLanguage":"fr-FR","potentialAction":[{"@type":"CommentAction","name":"Comment","target":["https:\/\/www.justiceinfo.net\/fr\/68714-le-negationniste-vincent-reynouard-a-nouveau-condamne-a-de-la-prison-ferme.html#respond"]}]},{"@type":"WebPage","@id":"https:\/\/www.justiceinfo.net\/fr\/68714-le-negationniste-vincent-reynouard-a-nouveau-condamne-a-de-la-prison-ferme.html","url":"https:\/\/www.justiceinfo.net\/fr\/68714-le-negationniste-vincent-reynouard-a-nouveau-condamne-a-de-la-prison-ferme.html","name":"Le n\u00e9gationniste Vincent Reynouard \u00e0 nouveau condamn\u00e9 \u00e0 de la prison ferme - JusticeInfo.net","isPartOf":{"@id":"https:\/\/www.justiceinfo.net\/fr#website"},"datePublished":"2021-01-22T14:13:02+00:00","breadcrumb":{"@id":"https:\/\/www.justiceinfo.net\/fr\/68714-le-negationniste-vincent-reynouard-a-nouveau-condamne-a-de-la-prison-ferme.html#breadcrumb"},"inLanguage":"fr-FR","potentialAction":[{"@type":"ReadAction","target":["https:\/\/www.justiceinfo.net\/fr\/68714-le-negationniste-vincent-reynouard-a-nouveau-condamne-a-de-la-prison-ferme.html"]}]},{"@type":"BreadcrumbList","@id":"https:\/\/www.justiceinfo.net\/fr\/68714-le-negationniste-vincent-reynouard-a-nouveau-condamne-a-de-la-prison-ferme.html#breadcrumb","itemListElement":[{"@type":"ListItem","position":1,"name":"Home","item":"https:\/\/www.justiceinfo.net\/fr"},{"@type":"ListItem","position":2,"name":"Le n\u00e9gationniste Vincent Reynouard \u00e0 nouveau condamn\u00e9 \u00e0 de la prison ferme"}]},{"@type":"WebSite","@id":"https:\/\/www.justiceinfo.net\/fr#website","url":"https:\/\/www.justiceinfo.net\/fr","name":"JusticeInfo.net","description":"La justice doit \u00eatre vue pour \u00eatre rendue","publisher":{"@id":"https:\/\/www.justiceinfo.net\/fr#organization"},"potentialAction":[{"@type":"SearchAction","target":{"@type":"EntryPoint","urlTemplate":"https:\/\/www.justiceinfo.net\/fr?s={search_term_string}"},"query-input":{"@type":"PropertyValueSpecification","valueRequired":true,"valueName":"search_term_string"}}],"inLanguage":"fr-FR"},{"@type":"Organization","@id":"https:\/\/www.justiceinfo.net\/fr#organization","name":"Justice Info","url":"https:\/\/www.justiceinfo.net\/fr","logo":{"@type":"ImageObject","inLanguage":"fr-FR","@id":"https:\/\/www.justiceinfo.net\/fr#\/schema\/logo\/image\/","url":"https:\/\/www.justiceinfo.net\/wp-content\/uploads\/justiceinfo_logo-trans_1200x1200px.png","contentUrl":"https:\/\/www.justiceinfo.net\/wp-content\/uploads\/justiceinfo_logo-trans_1200x1200px.png","width":1199,"height":1200,"caption":"Justice Info"},"image":{"@id":"https:\/\/www.justiceinfo.net\/fr#\/schema\/logo\/image\/"},"sameAs":["https:\/\/www.facebook.com\/JusticeInfo\/","https:\/\/x.com\/justiceinfonet","https:\/\/www.linkedin.com\/company\/justice-info","https:\/\/www.youtube.com\/channel\/UCyCEsARodyuWtkWyhn-e7pA"]},{"@type":"Person","name":"afp","url":"\/fr\/?s=afp"}]}},"_links":{"self":[{"href":"https:\/\/www.justiceinfo.net\/fr\/wp-json\/wp\/v2\/posts\/68714","targetHints":{"allow":["GET"]}}],"collection":[{"href":"https:\/\/www.justiceinfo.net\/fr\/wp-json\/wp\/v2\/posts"}],"about":[{"href":"https:\/\/www.justiceinfo.net\/fr\/wp-json\/wp\/v2\/types\/post"}],"author":[{"embeddable":true,"href":"https:\/\/www.justiceinfo.net\/fr\/wp-json\/wp\/v2\/users\/60"}],"replies":[{"embeddable":true,"href":"https:\/\/www.justiceinfo.net\/fr\/wp-json\/wp\/v2\/comments?post=68714"}],"version-history":[{"count":0,"href":"https:\/\/www.justiceinfo.net\/fr\/wp-json\/wp\/v2\/posts\/68714\/revisions"}],"wp:attachment":[{"href":"https:\/\/www.justiceinfo.net\/fr\/wp-json\/wp\/v2\/media?parent=68714"}],"wp:term":[{"taxonomy":"category","embeddable":true,"href":"https:\/\/www.justiceinfo.net\/fr\/wp-json\/wp\/v2\/categories?post=68714"},{"taxonomy":"post_tag","embeddable":true,"href":"https:\/\/www.justiceinfo.net\/fr\/wp-json\/wp\/v2\/tags?post=68714"},{"taxonomy":"ji_location","embeddable":true,"href":"https:\/\/www.justiceinfo.net\/fr\/wp-json\/wp\/v2\/ji_location?post=68714"}],"curies":[{"name":"wp","href":"https:\/\/api.w.org\/{rel}","templated":true}]}}