{"id":6934,"date":"2000-11-08T00:00:00","date_gmt":"2000-11-07T23:00:00","guid":{"rendered":"https:\/\/www.justiceinfo.net\/6934-08112000-tpirsemanza-lex-maire-de-bicumbi-aurait-appele-a-jeter-les-tutsis-dans-des-lacs3724.html"},"modified":"2000-11-08T00:00:00","modified_gmt":"2000-11-07T23:00:00","slug":"08112000-tpirsemanza-lex-maire-de-bicumbi-aurait-appele-a-jeter-les-tutsis-dans-des-lacs3724","status":"publish","type":"post","link":"https:\/\/www.justiceinfo.net\/fr\/6934-08112000-tpirsemanza-lex-maire-de-bicumbi-aurait-appele-a-jeter-les-tutsis-dans-des-lacs3724.html","title":{"rendered":"08.11.2000 - TPIR\/SEMANZA - l'EX-MAIRE DE BICUMBI AURAIT APPELE A JETER LES TUTSIS DANS DES LACS"},"content":{"rendered":"<p  >\nArusha 8 novembre 2000 (FH) - l'ex-maire de Bicumbi (pr\u00e9fecture de Kigali rural, centre-est du Rwanda), Laurent Semanza aurait appel\u00e9 la population \u00e0 tuer les Tutsis et \u00e0 les jeter dans les lacs de la r\u00e9gion, selon un t\u00e9moin de l'accusation entendu mercredi par le Tribunal p\u00e9nal international pour le Rwanda (TPIR).\n<\/p>\n<p  >\nLe troisi\u00e8me t\u00e9moin de l'accusation est une Tutsie pr\u00e9sent\u00e9e sous le pseudonyme \"VC\" pour prot\u00e9ger son anonymat.\n<\/p>\n<p><!--more--><\/p>\n<p  >\nElle a affirm\u00e9 que Laurent Semanza avait fait cet appel au cours D'une r\u00e9union publique au d\u00e9but de l'ann\u00e9e 1994.\n<\/p>\n<p  >\n\"Au cours de cette r\u00e9union tenue en f\u00e9vrier 1994, Semanza a dit :\"Les Tutsis de la commune Gikoro seront tu\u00e9s et jet\u00e9s dans le lac Muhazi, tandis que les Tutsis de Bicumbi seront jet\u00e9s dans le lac Mugesera, et tous iront rejoindre leurs cong\u00e9n\u00e8res en Ethiopie D'o\u00f9 ils venus\". Je peux jurer au nom de Dieu que je l'ai entendu. J'\u00e9tais dans la r\u00e9union\" a rapport\u00e9 Mme \"VC\", dont la d\u00e9position a commenc\u00e9 mardi.\n<\/p>\n<p  >\nLe t\u00e9moin a expliqu\u00e9 que l'accus\u00e9 avait \u00e9t\u00e9 invit\u00e9 par l'ex-maire de Gikoro, Paul Bisengimana, pour s'adresser \u00e0 la population r\u00e9unie \u00e0 Rutoma. La r\u00e9union \u00e9tait obligatoire et quiconque l'aurait boycott\u00e9e aurait \u00e9t\u00e9 arr\u00eat\u00e9, a signal\u00e9 VC.\n<\/p>\n<p  >\nAu cours du contre-interrogatoire conduit mercredi, l'avocat camerounais de Laurent Semanza, Me Charles Taku, a fait remarquer que le t\u00e9moin faisait plut\u00f4t allusion aux d\u00e9clarations tenues par le professeur L\u00e9on Mugesera lors D'un meeting politique en pr\u00e9fecture de Gisenyi (nord-ouest du Rwanda) en 1992.\n<\/p>\n<p  >\n\"Ceci avait \u00e9t\u00e9 repris par la presse, et tu dois l'avoir toi aussi repris et coll\u00e9 \u00e0 Semanza \" a dit l'avocat au t\u00e9moin.\n<\/p>\n<p  >\nLe t\u00e9moin a par ailleurs indiqu\u00e9 que l'accus\u00e9 avait convoqu\u00e9 une autre r\u00e9union en janvier 1994, au bord du lac Muhazi en commune Gikoro.\n<\/p>\n<p  >\nUn responsable local qui y avait particip\u00e9 lui aurait rapport\u00e9 que ladite r\u00e9union avait pour objet des massacres de Tutsis. Le t\u00e9moin a ajout\u00e9 que des armes \u00e0 cet effet avaient \u00e9t\u00e9 d\u00e9j\u00e0 distribu\u00e9es aux responsables locaux.\n<\/p>\n<p  >\nMme \"VC\" a d\u00e9clar\u00e9 que quelques jours apr\u00e8s cette r\u00e9union, les Tutsis ont \u00e9t\u00e9 harcel\u00e9s et lapid\u00e9s. Certains D'entre eux ont \u00e9t\u00e9 accul\u00e9s \u00e0 abandonner leurs domiciles et \u00e0 passer la nuit dans des buissons, selon le t\u00e9moin.\n<\/p>\n<p  >\nLe m\u00eame t\u00e9moin a encore affirm\u00e9 que les autorit\u00e9s prenaient pour ennemis les Tutsis et toute personne qui n'\u00e9tait pas membre de l'ex-parti unique pr\u00e9sidentiel, le Mouvement r\u00e9publicain national pour la d\u00e9mocratie et le d\u00e9veloppement (MRND).\n<\/p>\n<p  >\nMme \"VC\" a expliqu\u00e9 qu'un jeune Hutu avait \u00e9t\u00e9 tu\u00e9 apr\u00e8s avoir quitt\u00e9 le MRND pour entrer au Parti lib\u00e9ral (PL, opposition).\n<\/p>\n<p  >\nLe Tribunal a entam\u00e9 mercredi soir l'audition du quatri\u00e8me t\u00e9moin de l'accusation. Selon lui, l'ancien maire Semanza \u00e9tait tr\u00e8s proche de l'ancien pr\u00e9sident Juv\u00e9nal Habyarimana.\n<\/p>\n<p  >\nAu moment des faits qui lui sont reproch\u00e9s, Laurent Semanza \u00e9tait membre du comit\u00e9 central du parti pr\u00e9sidentiel et d\u00e9put\u00e9 d\u00e9sign\u00e9 de ce parti \u00e0 l'assembl\u00e9e nationale de transition, pr\u00e9vue par les accords de paix D'Arusha.\n<\/p>\n<p  >\nl'accus\u00e9 compara\u00eet devant la troisi\u00e8me chambre de premi\u00e8re instance du TPIR pr\u00e9sid\u00e9e, dans cette affaire, par le juge russe Yakov Ostrovsky.\n<\/p>\n<p  >\nSW\/BN\/AT\/PHD\/FH (SE%1108A)<\/p>\n","protected":false},"excerpt":{"rendered":"<p>Arusha 8 novembre 2000 (FH) - l'ex-maire de Bicumbi (pr\u00e9fecture de Kigali rural, centre-est du Rwanda), Laurent Semanza aurait appel\u00e9 la population \u00e0 tuer les Tutsis et \u00e0 les jeter dans les lacs de la r\u00e9gion, selon un t\u00e9moin de l'accusation entendu mercredi par le Tribunal p\u00e9nal international pour le Rwanda (TPIR). Le troisi\u00e8me t\u00e9moin [&hellip;]<\/p>\n","protected":false},"author":64,"featured_media":0,"comment_status":"open","ping_status":"closed","sticky":false,"template":"","format":"standard","meta":{"_acf_changed":false,"footnotes":""},"categories":[554],"tags":[],"ji_location":[],"class_list":["post-6934","post","type-post","status-publish","format-standard","hentry","category-hirondellenews"],"acf":[],"yoast_head":"<!-- This site is optimized with the Yoast SEO Premium plugin v25.3.1 (Yoast SEO v25.3.1) - https:\/\/yoast.com\/wordpress\/plugins\/seo\/ -->\n<title>08.11.2000 - TPIR\/SEMANZA - l&#039;EX-MAIRE DE BICUMBI AURAIT APPELE A JETER LES TUTSIS DANS DES LACS - JusticeInfo.net<\/title>\n<meta name=\"robots\" content=\"index, follow, max-snippet:-1, max-image-preview:large, max-video-preview:-1\" \/>\n<link rel=\"canonical\" href=\"https:\/\/www.justiceinfo.net\/fr\/6934-08112000-tpirsemanza-lex-maire-de-bicumbi-aurait-appele-a-jeter-les-tutsis-dans-des-lacs3724.html\" \/>\n<meta property=\"og:locale\" content=\"fr_FR\" \/>\n<meta property=\"og:type\" content=\"article\" \/>\n<meta property=\"og:title\" content=\"08.11.2000 - TPIR\/SEMANZA - l&#039;EX-MAIRE DE BICUMBI AURAIT APPELE A JETER LES TUTSIS DANS DES LACS\" \/>\n<meta property=\"og:description\" content=\"Arusha 8 novembre 2000 (FH) - l&#039;ex-maire de Bicumbi (pr\u00e9fecture de Kigali rural, centre-est du Rwanda), Laurent Semanza aurait appel\u00e9 la population \u00e0 tuer les Tutsis et \u00e0 les jeter dans les lacs de la r\u00e9gion, selon un t\u00e9moin de l&#039;accusation entendu mercredi par le Tribunal p\u00e9nal international pour le Rwanda (TPIR). Le troisi\u00e8me t\u00e9moin [&hellip;]\" \/>\n<meta property=\"og:url\" content=\"https:\/\/www.justiceinfo.net\/fr\/6934-08112000-tpirsemanza-lex-maire-de-bicumbi-aurait-appele-a-jeter-les-tutsis-dans-des-lacs3724.html\" \/>\n<meta property=\"og:site_name\" content=\"JusticeInfo.net\" \/>\n<meta property=\"article:publisher\" content=\"https:\/\/www.facebook.com\/JusticeInfo\/\" \/>\n<meta property=\"article:published_time\" content=\"2000-11-07T23:00:00+00:00\" \/>\n<meta property=\"og:image\" content=\"https:\/\/www.justiceinfo.net\/wp-content\/uploads\/JusticeInfoNet_logo_1200x630px.jpg\" \/>\n\t<meta property=\"og:image:width\" content=\"1200\" \/>\n\t<meta property=\"og:image:height\" content=\"630\" \/>\n\t<meta property=\"og:image:type\" content=\"image\/jpeg\" \/>\n<meta name=\"author\" content=\"solivri\" \/>\n<meta name=\"twitter:card\" content=\"summary_large_image\" \/>\n<meta name=\"twitter:creator\" content=\"@justiceinfonet\" \/>\n<meta name=\"twitter:site\" content=\"@justiceinfonet\" \/>\n<meta name=\"twitter:label1\" content=\"\u00c9crit par\" \/>\n\t<meta name=\"twitter:data1\" content=\"solivri\" \/>\n\t<meta name=\"twitter:label2\" content=\"Dur\u00e9e de lecture estim\u00e9e\" \/>\n\t<meta name=\"twitter:data2\" content=\"3 minutes\" \/>\n<script type=\"application\/ld+json\" class=\"yoast-schema-graph\">{\"@context\":\"https:\/\/schema.org\",\"@graph\":[{\"@type\":\"NewsArticle\",\"@id\":\"https:\/\/www.justiceinfo.net\/fr\/6934-08112000-tpirsemanza-lex-maire-de-bicumbi-aurait-appele-a-jeter-les-tutsis-dans-des-lacs3724.html#article\",\"isPartOf\":{\"@id\":\"https:\/\/www.justiceinfo.net\/fr\/6934-08112000-tpirsemanza-lex-maire-de-bicumbi-aurait-appele-a-jeter-les-tutsis-dans-des-lacs3724.html\"},\"author\":{\"name\":\"solivri\",\"@id\":\"https:\/\/www.justiceinfo.net\/fr#\/schema\/person\/6e53cba1629e2e66f3fc1821d3091865\"},\"headline\":\"08.11.2000 - TPIR\/SEMANZA - l'EX-MAIRE DE BICUMBI AURAIT APPELE A JETER LES TUTSIS DANS DES LACS\",\"datePublished\":\"2000-11-07T23:00:00+00:00\",\"mainEntityOfPage\":{\"@id\":\"https:\/\/www.justiceinfo.net\/fr\/6934-08112000-tpirsemanza-lex-maire-de-bicumbi-aurait-appele-a-jeter-les-tutsis-dans-des-lacs3724.html\"},\"wordCount\":613,\"commentCount\":0,\"publisher\":{\"@id\":\"https:\/\/www.justiceinfo.net\/fr#organization\"},\"articleSection\":[\"Hirondelle News\"],\"inLanguage\":\"fr-FR\",\"potentialAction\":[{\"@type\":\"CommentAction\",\"name\":\"Comment\",\"target\":[\"https:\/\/www.justiceinfo.net\/fr\/6934-08112000-tpirsemanza-lex-maire-de-bicumbi-aurait-appele-a-jeter-les-tutsis-dans-des-lacs3724.html#respond\"]}]},{\"@type\":\"WebPage\",\"@id\":\"https:\/\/www.justiceinfo.net\/fr\/6934-08112000-tpirsemanza-lex-maire-de-bicumbi-aurait-appele-a-jeter-les-tutsis-dans-des-lacs3724.html\",\"url\":\"https:\/\/www.justiceinfo.net\/fr\/6934-08112000-tpirsemanza-lex-maire-de-bicumbi-aurait-appele-a-jeter-les-tutsis-dans-des-lacs3724.html\",\"name\":\"08.11.2000 - TPIR\/SEMANZA - l'EX-MAIRE DE BICUMBI AURAIT APPELE A JETER LES TUTSIS DANS DES LACS - JusticeInfo.net\",\"isPartOf\":{\"@id\":\"https:\/\/www.justiceinfo.net\/fr#website\"},\"datePublished\":\"2000-11-07T23:00:00+00:00\",\"breadcrumb\":{\"@id\":\"https:\/\/www.justiceinfo.net\/fr\/6934-08112000-tpirsemanza-lex-maire-de-bicumbi-aurait-appele-a-jeter-les-tutsis-dans-des-lacs3724.html#breadcrumb\"},\"inLanguage\":\"fr-FR\",\"potentialAction\":[{\"@type\":\"ReadAction\",\"target\":[\"https:\/\/www.justiceinfo.net\/fr\/6934-08112000-tpirsemanza-lex-maire-de-bicumbi-aurait-appele-a-jeter-les-tutsis-dans-des-lacs3724.html\"]}]},{\"@type\":\"BreadcrumbList\",\"@id\":\"https:\/\/www.justiceinfo.net\/fr\/6934-08112000-tpirsemanza-lex-maire-de-bicumbi-aurait-appele-a-jeter-les-tutsis-dans-des-lacs3724.html#breadcrumb\",\"itemListElement\":[{\"@type\":\"ListItem\",\"position\":1,\"name\":\"Home\",\"item\":\"https:\/\/www.justiceinfo.net\/fr\"},{\"@type\":\"ListItem\",\"position\":2,\"name\":\"08.11.2000 - TPIR\/SEMANZA - l'EX-MAIRE DE BICUMBI AURAIT APPELE A JETER LES TUTSIS DANS DES LACS\"}]},{\"@type\":\"WebSite\",\"@id\":\"https:\/\/www.justiceinfo.net\/fr#website\",\"url\":\"https:\/\/www.justiceinfo.net\/fr\",\"name\":\"JusticeInfo.net\",\"description\":\"La justice doit \u00eatre vue pour \u00eatre rendue\",\"publisher\":{\"@id\":\"https:\/\/www.justiceinfo.net\/fr#organization\"},\"potentialAction\":[{\"@type\":\"SearchAction\",\"target\":{\"@type\":\"EntryPoint\",\"urlTemplate\":\"https:\/\/www.justiceinfo.net\/fr?s={search_term_string}\"},\"query-input\":{\"@type\":\"PropertyValueSpecification\",\"valueRequired\":true,\"valueName\":\"search_term_string\"}}],\"inLanguage\":\"fr-FR\"},{\"@type\":\"Organization\",\"@id\":\"https:\/\/www.justiceinfo.net\/fr#organization\",\"name\":\"Justice Info\",\"url\":\"https:\/\/www.justiceinfo.net\/fr\",\"logo\":{\"@type\":\"ImageObject\",\"inLanguage\":\"fr-FR\",\"@id\":\"https:\/\/www.justiceinfo.net\/fr#\/schema\/logo\/image\/\",\"url\":\"https:\/\/www.justiceinfo.net\/wp-content\/uploads\/justiceinfo_logo-trans_1200x1200px.png\",\"contentUrl\":\"https:\/\/www.justiceinfo.net\/wp-content\/uploads\/justiceinfo_logo-trans_1200x1200px.png\",\"width\":1199,\"height\":1200,\"caption\":\"Justice Info\"},\"image\":{\"@id\":\"https:\/\/www.justiceinfo.net\/fr#\/schema\/logo\/image\/\"},\"sameAs\":[\"https:\/\/www.facebook.com\/JusticeInfo\/\",\"https:\/\/x.com\/justiceinfonet\",\"https:\/\/www.linkedin.com\/company\/justice-info\",\"https:\/\/www.youtube.com\/channel\/UCyCEsARodyuWtkWyhn-e7pA\"]},{\"@type\":\"Person\",\"name\":\"solivri\",\"url\":\"\/fr\/?s=solivri\"}]}<\/script>\n<!-- \/ Yoast SEO Premium plugin. -->","yoast_head_json":{"title":"08.11.2000 - TPIR\/SEMANZA - l'EX-MAIRE DE BICUMBI AURAIT APPELE A JETER LES TUTSIS DANS DES LACS - JusticeInfo.net","robots":{"index":"index","follow":"follow","max-snippet":"max-snippet:-1","max-image-preview":"max-image-preview:large","max-video-preview":"max-video-preview:-1"},"canonical":"https:\/\/www.justiceinfo.net\/fr\/6934-08112000-tpirsemanza-lex-maire-de-bicumbi-aurait-appele-a-jeter-les-tutsis-dans-des-lacs3724.html","og_locale":"fr_FR","og_type":"article","og_title":"08.11.2000 - TPIR\/SEMANZA - l'EX-MAIRE DE BICUMBI AURAIT APPELE A JETER LES TUTSIS DANS DES LACS","og_description":"Arusha 8 novembre 2000 (FH) - l'ex-maire de Bicumbi (pr\u00e9fecture de Kigali rural, centre-est du Rwanda), Laurent Semanza aurait appel\u00e9 la population \u00e0 tuer les Tutsis et \u00e0 les jeter dans les lacs de la r\u00e9gion, selon un t\u00e9moin de l'accusation entendu mercredi par le Tribunal p\u00e9nal international pour le Rwanda (TPIR). Le troisi\u00e8me t\u00e9moin [&hellip;]","og_url":"https:\/\/www.justiceinfo.net\/fr\/6934-08112000-tpirsemanza-lex-maire-de-bicumbi-aurait-appele-a-jeter-les-tutsis-dans-des-lacs3724.html","og_site_name":"JusticeInfo.net","article_publisher":"https:\/\/www.facebook.com\/JusticeInfo\/","article_published_time":"2000-11-07T23:00:00+00:00","og_image":[{"width":1200,"height":630,"url":"https:\/\/www.justiceinfo.net\/wp-content\/uploads\/JusticeInfoNet_logo_1200x630px.jpg","type":"image\/jpeg"}],"author":"solivri","twitter_card":"summary_large_image","twitter_creator":"@justiceinfonet","twitter_site":"@justiceinfonet","twitter_misc":{"\u00c9crit par":"solivri","Dur\u00e9e de lecture estim\u00e9e":"3 minutes"},"schema":{"@context":"https:\/\/schema.org","@graph":[{"@type":"NewsArticle","@id":"https:\/\/www.justiceinfo.net\/fr\/6934-08112000-tpirsemanza-lex-maire-de-bicumbi-aurait-appele-a-jeter-les-tutsis-dans-des-lacs3724.html#article","isPartOf":{"@id":"https:\/\/www.justiceinfo.net\/fr\/6934-08112000-tpirsemanza-lex-maire-de-bicumbi-aurait-appele-a-jeter-les-tutsis-dans-des-lacs3724.html"},"author":{"name":"solivri","@id":"https:\/\/www.justiceinfo.net\/fr#\/schema\/person\/6e53cba1629e2e66f3fc1821d3091865"},"headline":"08.11.2000 - TPIR\/SEMANZA - l'EX-MAIRE DE BICUMBI AURAIT APPELE A JETER LES TUTSIS DANS DES LACS","datePublished":"2000-11-07T23:00:00+00:00","mainEntityOfPage":{"@id":"https:\/\/www.justiceinfo.net\/fr\/6934-08112000-tpirsemanza-lex-maire-de-bicumbi-aurait-appele-a-jeter-les-tutsis-dans-des-lacs3724.html"},"wordCount":613,"commentCount":0,"publisher":{"@id":"https:\/\/www.justiceinfo.net\/fr#organization"},"articleSection":["Hirondelle News"],"inLanguage":"fr-FR","potentialAction":[{"@type":"CommentAction","name":"Comment","target":["https:\/\/www.justiceinfo.net\/fr\/6934-08112000-tpirsemanza-lex-maire-de-bicumbi-aurait-appele-a-jeter-les-tutsis-dans-des-lacs3724.html#respond"]}]},{"@type":"WebPage","@id":"https:\/\/www.justiceinfo.net\/fr\/6934-08112000-tpirsemanza-lex-maire-de-bicumbi-aurait-appele-a-jeter-les-tutsis-dans-des-lacs3724.html","url":"https:\/\/www.justiceinfo.net\/fr\/6934-08112000-tpirsemanza-lex-maire-de-bicumbi-aurait-appele-a-jeter-les-tutsis-dans-des-lacs3724.html","name":"08.11.2000 - TPIR\/SEMANZA - l'EX-MAIRE DE BICUMBI AURAIT APPELE A JETER LES TUTSIS DANS DES LACS - JusticeInfo.net","isPartOf":{"@id":"https:\/\/www.justiceinfo.net\/fr#website"},"datePublished":"2000-11-07T23:00:00+00:00","breadcrumb":{"@id":"https:\/\/www.justiceinfo.net\/fr\/6934-08112000-tpirsemanza-lex-maire-de-bicumbi-aurait-appele-a-jeter-les-tutsis-dans-des-lacs3724.html#breadcrumb"},"inLanguage":"fr-FR","potentialAction":[{"@type":"ReadAction","target":["https:\/\/www.justiceinfo.net\/fr\/6934-08112000-tpirsemanza-lex-maire-de-bicumbi-aurait-appele-a-jeter-les-tutsis-dans-des-lacs3724.html"]}]},{"@type":"BreadcrumbList","@id":"https:\/\/www.justiceinfo.net\/fr\/6934-08112000-tpirsemanza-lex-maire-de-bicumbi-aurait-appele-a-jeter-les-tutsis-dans-des-lacs3724.html#breadcrumb","itemListElement":[{"@type":"ListItem","position":1,"name":"Home","item":"https:\/\/www.justiceinfo.net\/fr"},{"@type":"ListItem","position":2,"name":"08.11.2000 - TPIR\/SEMANZA - l'EX-MAIRE DE BICUMBI AURAIT APPELE A JETER LES TUTSIS DANS DES LACS"}]},{"@type":"WebSite","@id":"https:\/\/www.justiceinfo.net\/fr#website","url":"https:\/\/www.justiceinfo.net\/fr","name":"JusticeInfo.net","description":"La justice doit \u00eatre vue pour \u00eatre rendue","publisher":{"@id":"https:\/\/www.justiceinfo.net\/fr#organization"},"potentialAction":[{"@type":"SearchAction","target":{"@type":"EntryPoint","urlTemplate":"https:\/\/www.justiceinfo.net\/fr?s={search_term_string}"},"query-input":{"@type":"PropertyValueSpecification","valueRequired":true,"valueName":"search_term_string"}}],"inLanguage":"fr-FR"},{"@type":"Organization","@id":"https:\/\/www.justiceinfo.net\/fr#organization","name":"Justice Info","url":"https:\/\/www.justiceinfo.net\/fr","logo":{"@type":"ImageObject","inLanguage":"fr-FR","@id":"https:\/\/www.justiceinfo.net\/fr#\/schema\/logo\/image\/","url":"https:\/\/www.justiceinfo.net\/wp-content\/uploads\/justiceinfo_logo-trans_1200x1200px.png","contentUrl":"https:\/\/www.justiceinfo.net\/wp-content\/uploads\/justiceinfo_logo-trans_1200x1200px.png","width":1199,"height":1200,"caption":"Justice Info"},"image":{"@id":"https:\/\/www.justiceinfo.net\/fr#\/schema\/logo\/image\/"},"sameAs":["https:\/\/www.facebook.com\/JusticeInfo\/","https:\/\/x.com\/justiceinfonet","https:\/\/www.linkedin.com\/company\/justice-info","https:\/\/www.youtube.com\/channel\/UCyCEsARodyuWtkWyhn-e7pA"]},{"@type":"Person","name":"solivri","url":"\/fr\/?s=solivri"}]}},"_links":{"self":[{"href":"https:\/\/www.justiceinfo.net\/fr\/wp-json\/wp\/v2\/posts\/6934","targetHints":{"allow":["GET"]}}],"collection":[{"href":"https:\/\/www.justiceinfo.net\/fr\/wp-json\/wp\/v2\/posts"}],"about":[{"href":"https:\/\/www.justiceinfo.net\/fr\/wp-json\/wp\/v2\/types\/post"}],"author":[{"embeddable":true,"href":"https:\/\/www.justiceinfo.net\/fr\/wp-json\/wp\/v2\/users\/64"}],"replies":[{"embeddable":true,"href":"https:\/\/www.justiceinfo.net\/fr\/wp-json\/wp\/v2\/comments?post=6934"}],"version-history":[{"count":0,"href":"https:\/\/www.justiceinfo.net\/fr\/wp-json\/wp\/v2\/posts\/6934\/revisions"}],"wp:attachment":[{"href":"https:\/\/www.justiceinfo.net\/fr\/wp-json\/wp\/v2\/media?parent=6934"}],"wp:term":[{"taxonomy":"category","embeddable":true,"href":"https:\/\/www.justiceinfo.net\/fr\/wp-json\/wp\/v2\/categories?post=6934"},{"taxonomy":"post_tag","embeddable":true,"href":"https:\/\/www.justiceinfo.net\/fr\/wp-json\/wp\/v2\/tags?post=6934"},{"taxonomy":"ji_location","embeddable":true,"href":"https:\/\/www.justiceinfo.net\/fr\/wp-json\/wp\/v2\/ji_location?post=6934"}],"curies":[{"name":"wp","href":"https:\/\/api.w.org\/{rel}","templated":true}]}}