{"id":7319,"date":"1999-12-03T00:00:00","date_gmt":"1999-12-02T23:00:00","guid":{"rendered":"https:\/\/www.justiceinfo.net\/7319-03121999-tpirbarayagwiza-le-procureur-demande-la-revision-de-la-decision-barayagwiza4109.html"},"modified":"1999-12-03T00:00:00","modified_gmt":"1999-12-02T23:00:00","slug":"03121999-tpirbarayagwiza-le-procureur-demande-la-revision-de-la-decision-barayagwiza4109","status":"publish","type":"post","link":"https:\/\/www.justiceinfo.net\/fr\/7319-03121999-tpirbarayagwiza-le-procureur-demande-la-revision-de-la-decision-barayagwiza4109.html","title":{"rendered":"03.12.1999 - TPIR\/BARAYAGWIZA - LE PROCUREUR DEMANDE LA REVISION DE LA DECISION BARAYAGWIZA"},"content":{"rendered":"<p  >\nArusha , 3 d\u00e9cembre 99 (FH) - Le procureur du tribunal p\u00e9nal international pour le Rwanda (TPIR), Carla Del Ponte, a officiellement demand\u00e9 \u00e0 la Cour D'Appel la r\u00e9vision de sa d\u00e9cision de relaxe de Jean-Bosco Barayagwiza, suspect\u00e9 D'avoir pris part au g\u00e9nocide rwandais.  C.\n<\/p>\n<p><!--more--><\/p>\n<p  >\nDel Ponte a dit disposer D'\u00e9l\u00e9ments nouveaux dans cette affaire, dont elle esp\u00e8re qu'ils contribueront \u00e0 acc\u00e9l\u00e9rer la r\u00e9vocation de la d\u00e9cision de la Cour D'Appel du TPIR.\n<\/p>\n<p  >\nEn alternative, elle esp\u00e8re que la Cour D'Appel l\u00e8vera la clause selon laquelle la relaxe devrait se produire \" au pr\u00e9judice \" du procureur. Ceci permettrait alors la r\u00e9-arrestation de Barayagwiza par le TPIR.\n<\/p>\n<p  >\n\" Je n'ai pas appr\u00e9ci\u00e9 la d\u00e9cision, mais J'ai accept\u00e9 la d\u00e9cision \" a dit Del Ponte lors D'une conf\u00e9rence de presse cette semaine. \" Et apr\u00e8s avoir r\u00e9examin\u00e9 (l'affaire) nous avons estim\u00e9 avoir suffisamment D'\u00e9l\u00e9ments pour en justifier la r\u00e9vision\".\n<\/p>\n<p  >\nLe 3 novembre dernier, la Cour D'Appel a ordonn\u00e9 la relaxe de Barayagwiza, au motif de la violation de ses droits, suite \u00e0 sa d\u00e9tention prolong\u00e9e sans que les charges retenues \u00e0 son encontre lui soient signifi\u00e9es. Il a pass\u00e9 19 mois en d\u00e9tention avant qu'un acte D'accusation soit d\u00e9pos\u00e9 contre lui.\n<\/p>\n<p  >\nNe contestant pas la longueur de la d\u00e9tention de Barayagwiza, Del Ponte a toutefois pr\u00e9cis\u00e9 que celle-ci n'avait pas \u00e9t\u00e9 une cons\u00e9quence de la requ\u00eate du procureur. Bien plut\u00f4t, Barayagwiza a \u00e9t\u00e9 arr\u00eat\u00e9, puis maintenu en d\u00e9tention suite \u00e0 la demande du Rwanda de le traduire devant ses tribunaux.\n<\/p>\n<p  >\nElle a relev\u00e9 qu'en octobre 1996, Louise Arbour, alors procureur du TPIR, avait signifi\u00e9 au pr\u00e9venu que sa d\u00e9tention au Cameroun ne faisait pas suite \u00e0 une requ\u00eate du tribunal des Nations Unies. \" Le procureur soumet respectueusement le fait que la p\u00e9riode de d\u00e9tention comprise entre le 15 avril 1996 et le 15 mai 1996 ne peut \u00eatre attribu\u00e9e au Tribunal \", a soutenu Del Ponte dans sa requ\u00eate en r\u00e9vision \". l'appelant avait d\u00e9j\u00e0 \u00e9t\u00e9 plac\u00e9 en d\u00e9tention, faisant l'objet D'un mandat D'arrestation \u00e9mis \u00e0 la suite D'une demande du gouvernement rwandais requ\u00e9rant son extradition vers le Rwanda, en vue de son jugement pour violation du Droit Humanitaire International.\"\n<\/p>\n<p  >\nDans leur d\u00e9cision de relaxe, les juges de la Cour D'Appel ont avanc\u00e9 le fait que les charges pesant sur Barayagwiza ne lui avaient jamais \u00e9t\u00e9 signifi\u00e9es tout au long de sa d\u00e9tention. Del Ponte a pour sa part affirm\u00e9 que cela \u00e9tait inexact, et que les charges retenues contre Barayagwiza lui avaient \u00e9t\u00e9 notifi\u00e9es peu apr\u00e8s sa mise sous \u00e9crou.\n<\/p>\n<p  >\nDel Ponte a D'autre part soutenu qu'au cours D'une audition au Cameroun, Barayagwiza avait r\u00e9cus\u00e9 la demande du Rwanda \u00e9tablie \u00e0 son encontre et demand\u00e9 \u00e0 \u00eatre jug\u00e9 par le Tribunal. Le procureur a affirm\u00e9 qu'au cours de cette audience du 3 mai 1996, \" l'appelant avait t\u00e9moign\u00e9 D'une connaissance pr\u00e9cise de la nature des charges retenues contre lui \". Elle a rejet\u00e9 les accusations selon lesquelles le bureau du procureur portait la responsabilit\u00e9 du d\u00e9lai de 9 mois intervenu entre l'arrestation de Barayagwiza et son transfert \u00e0 la prison du TPIR ; indiquant que ce d\u00e9lai \u00e9tait du \u00e0 l'examen par la Cour D'Appel camerounaise de la demande D'extradition formul\u00e9e par le Rwanda. Celle-ci avait du reste \u00e9t\u00e9 rejet\u00e9e.\n<\/p>\n<p  >\nSi Del Ponte se voit accorder la possibilit\u00e9 D'arr\u00eater \u00e0 nouveau Barayagwiza, il lui faudra d\u00e9poser un nouvel acte D'accusation et apporter de nouvelles charges au dossier. Le proc\u00e8s a \u00e9t\u00e9 annul\u00e9 alors qu'un nouvel acte D'accusation devait encore \u00eatre confirm\u00e9. Parmi les charges desquelles Barayagwiza pourrait avoir \u00e0 r\u00e9pondre figurent l'entente en vue de commettre le g\u00e9nocide, l'incitation directe et publique au g\u00e9nocide et le crime contre l'humanit\u00e9.\n<\/p>\n<p  >\nLe d\u00e9fenseur kenyan de Barayagwiza Me Justry Nyaberi a refus\u00e9 de commenter la requ\u00eate de Mme Del Ponte, mais a affirm\u00e9 sa confiance dans le maintien de la d\u00e9cision de la Cour D'Appel. Il a accus\u00e9 Del Ponte D'\u00eatre mue par des motifs D'ordre politique dans ses efforts en vue D'obtenir la r\u00e9vocation de la d\u00e9cision de la Cour D'Appel.\n<\/p>\n<p  >\nCette d\u00e9cision a amen\u00e9 le Rwanda \u00e0 suspendre sa coop\u00e9ration avec le Tribunal. Del Ponte s'est par ailleurs vue refuser le visa lui permettant de se rendre dans ses bureaux de Kigali.\n<\/p>\n<p  >\nCETTE DEPECHE A ETE PRODUITE EN COOPERATION AVEC INTERNEWS.<br \/>\nMK\/JC\/KAT\/FH (ML\u00a71203a)<\/p>\n","protected":false},"excerpt":{"rendered":"<p>Arusha , 3 d\u00e9cembre 99 (FH) - Le procureur du tribunal p\u00e9nal international pour le Rwanda (TPIR), Carla Del Ponte, a officiellement demand\u00e9 \u00e0 la Cour D'Appel la r\u00e9vision de sa d\u00e9cision de relaxe de Jean-Bosco Barayagwiza, suspect\u00e9 D'avoir pris part au g\u00e9nocide rwandais. C.<\/p>\n","protected":false},"author":64,"featured_media":0,"comment_status":"open","ping_status":"closed","sticky":false,"template":"","format":"standard","meta":{"_acf_changed":false,"footnotes":""},"categories":[554],"tags":[],"ji_location":[],"class_list":["post-7319","post","type-post","status-publish","format-standard","hentry","category-hirondellenews"],"acf":[],"yoast_head":"<!-- This site is optimized with the Yoast SEO Premium plugin v25.3.1 (Yoast SEO v25.3.1) - https:\/\/yoast.com\/wordpress\/plugins\/seo\/ -->\n<title>03.12.1999 - TPIR\/BARAYAGWIZA - LE PROCUREUR DEMANDE LA REVISION DE LA DECISION BARAYAGWIZA - JusticeInfo.net<\/title>\n<meta name=\"robots\" content=\"index, follow, max-snippet:-1, max-image-preview:large, max-video-preview:-1\" \/>\n<link rel=\"canonical\" href=\"https:\/\/www.justiceinfo.net\/fr\/7319-03121999-tpirbarayagwiza-le-procureur-demande-la-revision-de-la-decision-barayagwiza4109.html\" \/>\n<meta property=\"og:locale\" content=\"fr_FR\" \/>\n<meta property=\"og:type\" content=\"article\" \/>\n<meta property=\"og:title\" content=\"03.12.1999 - TPIR\/BARAYAGWIZA - LE PROCUREUR DEMANDE LA REVISION DE LA DECISION BARAYAGWIZA\" \/>\n<meta property=\"og:description\" content=\"Arusha , 3 d\u00e9cembre 99 (FH) - Le procureur du tribunal p\u00e9nal international pour le Rwanda (TPIR), Carla Del Ponte, a officiellement demand\u00e9 \u00e0 la Cour D&#039;Appel la r\u00e9vision de sa d\u00e9cision de relaxe de Jean-Bosco Barayagwiza, suspect\u00e9 D&#039;avoir pris part au g\u00e9nocide rwandais. C.\" \/>\n<meta property=\"og:url\" content=\"https:\/\/www.justiceinfo.net\/fr\/7319-03121999-tpirbarayagwiza-le-procureur-demande-la-revision-de-la-decision-barayagwiza4109.html\" \/>\n<meta property=\"og:site_name\" content=\"JusticeInfo.net\" \/>\n<meta property=\"article:publisher\" content=\"https:\/\/www.facebook.com\/JusticeInfo\/\" \/>\n<meta property=\"article:published_time\" content=\"1999-12-02T23:00:00+00:00\" \/>\n<meta property=\"og:image\" content=\"https:\/\/www.justiceinfo.net\/wp-content\/uploads\/JusticeInfoNet_logo_1200x630px.jpg\" \/>\n\t<meta property=\"og:image:width\" content=\"1200\" \/>\n\t<meta property=\"og:image:height\" content=\"630\" \/>\n\t<meta property=\"og:image:type\" content=\"image\/jpeg\" \/>\n<meta name=\"author\" content=\"solivri\" \/>\n<meta name=\"twitter:card\" content=\"summary_large_image\" \/>\n<meta name=\"twitter:creator\" content=\"@justiceinfonet\" \/>\n<meta name=\"twitter:site\" content=\"@justiceinfonet\" \/>\n<meta name=\"twitter:label1\" content=\"\u00c9crit par\" \/>\n\t<meta name=\"twitter:data1\" content=\"solivri\" \/>\n\t<meta name=\"twitter:label2\" content=\"Dur\u00e9e de lecture estim\u00e9e\" \/>\n\t<meta name=\"twitter:data2\" content=\"4 minutes\" \/>\n<script type=\"application\/ld+json\" class=\"yoast-schema-graph\">{\"@context\":\"https:\/\/schema.org\",\"@graph\":[{\"@type\":\"NewsArticle\",\"@id\":\"https:\/\/www.justiceinfo.net\/fr\/7319-03121999-tpirbarayagwiza-le-procureur-demande-la-revision-de-la-decision-barayagwiza4109.html#article\",\"isPartOf\":{\"@id\":\"https:\/\/www.justiceinfo.net\/fr\/7319-03121999-tpirbarayagwiza-le-procureur-demande-la-revision-de-la-decision-barayagwiza4109.html\"},\"author\":{\"name\":\"solivri\",\"@id\":\"https:\/\/www.justiceinfo.net\/fr#\/schema\/person\/6e53cba1629e2e66f3fc1821d3091865\"},\"headline\":\"03.12.1999 - TPIR\/BARAYAGWIZA - LE PROCUREUR DEMANDE LA REVISION DE LA DECISION BARAYAGWIZA\",\"datePublished\":\"1999-12-02T23:00:00+00:00\",\"mainEntityOfPage\":{\"@id\":\"https:\/\/www.justiceinfo.net\/fr\/7319-03121999-tpirbarayagwiza-le-procureur-demande-la-revision-de-la-decision-barayagwiza4109.html\"},\"wordCount\":808,\"commentCount\":0,\"publisher\":{\"@id\":\"https:\/\/www.justiceinfo.net\/fr#organization\"},\"articleSection\":[\"Hirondelle News\"],\"inLanguage\":\"fr-FR\",\"potentialAction\":[{\"@type\":\"CommentAction\",\"name\":\"Comment\",\"target\":[\"https:\/\/www.justiceinfo.net\/fr\/7319-03121999-tpirbarayagwiza-le-procureur-demande-la-revision-de-la-decision-barayagwiza4109.html#respond\"]}]},{\"@type\":\"WebPage\",\"@id\":\"https:\/\/www.justiceinfo.net\/fr\/7319-03121999-tpirbarayagwiza-le-procureur-demande-la-revision-de-la-decision-barayagwiza4109.html\",\"url\":\"https:\/\/www.justiceinfo.net\/fr\/7319-03121999-tpirbarayagwiza-le-procureur-demande-la-revision-de-la-decision-barayagwiza4109.html\",\"name\":\"03.12.1999 - TPIR\/BARAYAGWIZA - LE PROCUREUR DEMANDE LA REVISION DE LA DECISION BARAYAGWIZA - JusticeInfo.net\",\"isPartOf\":{\"@id\":\"https:\/\/www.justiceinfo.net\/fr#website\"},\"datePublished\":\"1999-12-02T23:00:00+00:00\",\"breadcrumb\":{\"@id\":\"https:\/\/www.justiceinfo.net\/fr\/7319-03121999-tpirbarayagwiza-le-procureur-demande-la-revision-de-la-decision-barayagwiza4109.html#breadcrumb\"},\"inLanguage\":\"fr-FR\",\"potentialAction\":[{\"@type\":\"ReadAction\",\"target\":[\"https:\/\/www.justiceinfo.net\/fr\/7319-03121999-tpirbarayagwiza-le-procureur-demande-la-revision-de-la-decision-barayagwiza4109.html\"]}]},{\"@type\":\"BreadcrumbList\",\"@id\":\"https:\/\/www.justiceinfo.net\/fr\/7319-03121999-tpirbarayagwiza-le-procureur-demande-la-revision-de-la-decision-barayagwiza4109.html#breadcrumb\",\"itemListElement\":[{\"@type\":\"ListItem\",\"position\":1,\"name\":\"Home\",\"item\":\"https:\/\/www.justiceinfo.net\/fr\"},{\"@type\":\"ListItem\",\"position\":2,\"name\":\"03.12.1999 - TPIR\/BARAYAGWIZA - LE PROCUREUR DEMANDE LA REVISION DE LA DECISION BARAYAGWIZA\"}]},{\"@type\":\"WebSite\",\"@id\":\"https:\/\/www.justiceinfo.net\/fr#website\",\"url\":\"https:\/\/www.justiceinfo.net\/fr\",\"name\":\"JusticeInfo.net\",\"description\":\"La justice doit \u00eatre vue pour \u00eatre rendue\",\"publisher\":{\"@id\":\"https:\/\/www.justiceinfo.net\/fr#organization\"},\"potentialAction\":[{\"@type\":\"SearchAction\",\"target\":{\"@type\":\"EntryPoint\",\"urlTemplate\":\"https:\/\/www.justiceinfo.net\/fr?s={search_term_string}\"},\"query-input\":{\"@type\":\"PropertyValueSpecification\",\"valueRequired\":true,\"valueName\":\"search_term_string\"}}],\"inLanguage\":\"fr-FR\"},{\"@type\":\"Organization\",\"@id\":\"https:\/\/www.justiceinfo.net\/fr#organization\",\"name\":\"Justice Info\",\"url\":\"https:\/\/www.justiceinfo.net\/fr\",\"logo\":{\"@type\":\"ImageObject\",\"inLanguage\":\"fr-FR\",\"@id\":\"https:\/\/www.justiceinfo.net\/fr#\/schema\/logo\/image\/\",\"url\":\"https:\/\/www.justiceinfo.net\/wp-content\/uploads\/justiceinfo_logo-trans_1200x1200px.png\",\"contentUrl\":\"https:\/\/www.justiceinfo.net\/wp-content\/uploads\/justiceinfo_logo-trans_1200x1200px.png\",\"width\":1199,\"height\":1200,\"caption\":\"Justice Info\"},\"image\":{\"@id\":\"https:\/\/www.justiceinfo.net\/fr#\/schema\/logo\/image\/\"},\"sameAs\":[\"https:\/\/www.facebook.com\/JusticeInfo\/\",\"https:\/\/x.com\/justiceinfonet\",\"https:\/\/www.linkedin.com\/company\/justice-info\",\"https:\/\/www.youtube.com\/channel\/UCyCEsARodyuWtkWyhn-e7pA\"]},{\"@type\":\"Person\",\"name\":\"solivri\",\"url\":\"\/fr\/?s=solivri\"}]}<\/script>\n<!-- \/ Yoast SEO Premium plugin. -->","yoast_head_json":{"title":"03.12.1999 - TPIR\/BARAYAGWIZA - LE PROCUREUR DEMANDE LA REVISION DE LA DECISION BARAYAGWIZA - JusticeInfo.net","robots":{"index":"index","follow":"follow","max-snippet":"max-snippet:-1","max-image-preview":"max-image-preview:large","max-video-preview":"max-video-preview:-1"},"canonical":"https:\/\/www.justiceinfo.net\/fr\/7319-03121999-tpirbarayagwiza-le-procureur-demande-la-revision-de-la-decision-barayagwiza4109.html","og_locale":"fr_FR","og_type":"article","og_title":"03.12.1999 - TPIR\/BARAYAGWIZA - LE PROCUREUR DEMANDE LA REVISION DE LA DECISION BARAYAGWIZA","og_description":"Arusha , 3 d\u00e9cembre 99 (FH) - Le procureur du tribunal p\u00e9nal international pour le Rwanda (TPIR), Carla Del Ponte, a officiellement demand\u00e9 \u00e0 la Cour D'Appel la r\u00e9vision de sa d\u00e9cision de relaxe de Jean-Bosco Barayagwiza, suspect\u00e9 D'avoir pris part au g\u00e9nocide rwandais. C.","og_url":"https:\/\/www.justiceinfo.net\/fr\/7319-03121999-tpirbarayagwiza-le-procureur-demande-la-revision-de-la-decision-barayagwiza4109.html","og_site_name":"JusticeInfo.net","article_publisher":"https:\/\/www.facebook.com\/JusticeInfo\/","article_published_time":"1999-12-02T23:00:00+00:00","og_image":[{"width":1200,"height":630,"url":"https:\/\/www.justiceinfo.net\/wp-content\/uploads\/JusticeInfoNet_logo_1200x630px.jpg","type":"image\/jpeg"}],"author":"solivri","twitter_card":"summary_large_image","twitter_creator":"@justiceinfonet","twitter_site":"@justiceinfonet","twitter_misc":{"\u00c9crit par":"solivri","Dur\u00e9e de lecture estim\u00e9e":"4 minutes"},"schema":{"@context":"https:\/\/schema.org","@graph":[{"@type":"NewsArticle","@id":"https:\/\/www.justiceinfo.net\/fr\/7319-03121999-tpirbarayagwiza-le-procureur-demande-la-revision-de-la-decision-barayagwiza4109.html#article","isPartOf":{"@id":"https:\/\/www.justiceinfo.net\/fr\/7319-03121999-tpirbarayagwiza-le-procureur-demande-la-revision-de-la-decision-barayagwiza4109.html"},"author":{"name":"solivri","@id":"https:\/\/www.justiceinfo.net\/fr#\/schema\/person\/6e53cba1629e2e66f3fc1821d3091865"},"headline":"03.12.1999 - TPIR\/BARAYAGWIZA - LE PROCUREUR DEMANDE LA REVISION DE LA DECISION BARAYAGWIZA","datePublished":"1999-12-02T23:00:00+00:00","mainEntityOfPage":{"@id":"https:\/\/www.justiceinfo.net\/fr\/7319-03121999-tpirbarayagwiza-le-procureur-demande-la-revision-de-la-decision-barayagwiza4109.html"},"wordCount":808,"commentCount":0,"publisher":{"@id":"https:\/\/www.justiceinfo.net\/fr#organization"},"articleSection":["Hirondelle News"],"inLanguage":"fr-FR","potentialAction":[{"@type":"CommentAction","name":"Comment","target":["https:\/\/www.justiceinfo.net\/fr\/7319-03121999-tpirbarayagwiza-le-procureur-demande-la-revision-de-la-decision-barayagwiza4109.html#respond"]}]},{"@type":"WebPage","@id":"https:\/\/www.justiceinfo.net\/fr\/7319-03121999-tpirbarayagwiza-le-procureur-demande-la-revision-de-la-decision-barayagwiza4109.html","url":"https:\/\/www.justiceinfo.net\/fr\/7319-03121999-tpirbarayagwiza-le-procureur-demande-la-revision-de-la-decision-barayagwiza4109.html","name":"03.12.1999 - TPIR\/BARAYAGWIZA - LE PROCUREUR DEMANDE LA REVISION DE LA DECISION BARAYAGWIZA - JusticeInfo.net","isPartOf":{"@id":"https:\/\/www.justiceinfo.net\/fr#website"},"datePublished":"1999-12-02T23:00:00+00:00","breadcrumb":{"@id":"https:\/\/www.justiceinfo.net\/fr\/7319-03121999-tpirbarayagwiza-le-procureur-demande-la-revision-de-la-decision-barayagwiza4109.html#breadcrumb"},"inLanguage":"fr-FR","potentialAction":[{"@type":"ReadAction","target":["https:\/\/www.justiceinfo.net\/fr\/7319-03121999-tpirbarayagwiza-le-procureur-demande-la-revision-de-la-decision-barayagwiza4109.html"]}]},{"@type":"BreadcrumbList","@id":"https:\/\/www.justiceinfo.net\/fr\/7319-03121999-tpirbarayagwiza-le-procureur-demande-la-revision-de-la-decision-barayagwiza4109.html#breadcrumb","itemListElement":[{"@type":"ListItem","position":1,"name":"Home","item":"https:\/\/www.justiceinfo.net\/fr"},{"@type":"ListItem","position":2,"name":"03.12.1999 - TPIR\/BARAYAGWIZA - LE PROCUREUR DEMANDE LA REVISION DE LA DECISION BARAYAGWIZA"}]},{"@type":"WebSite","@id":"https:\/\/www.justiceinfo.net\/fr#website","url":"https:\/\/www.justiceinfo.net\/fr","name":"JusticeInfo.net","description":"La justice doit \u00eatre vue pour \u00eatre rendue","publisher":{"@id":"https:\/\/www.justiceinfo.net\/fr#organization"},"potentialAction":[{"@type":"SearchAction","target":{"@type":"EntryPoint","urlTemplate":"https:\/\/www.justiceinfo.net\/fr?s={search_term_string}"},"query-input":{"@type":"PropertyValueSpecification","valueRequired":true,"valueName":"search_term_string"}}],"inLanguage":"fr-FR"},{"@type":"Organization","@id":"https:\/\/www.justiceinfo.net\/fr#organization","name":"Justice Info","url":"https:\/\/www.justiceinfo.net\/fr","logo":{"@type":"ImageObject","inLanguage":"fr-FR","@id":"https:\/\/www.justiceinfo.net\/fr#\/schema\/logo\/image\/","url":"https:\/\/www.justiceinfo.net\/wp-content\/uploads\/justiceinfo_logo-trans_1200x1200px.png","contentUrl":"https:\/\/www.justiceinfo.net\/wp-content\/uploads\/justiceinfo_logo-trans_1200x1200px.png","width":1199,"height":1200,"caption":"Justice Info"},"image":{"@id":"https:\/\/www.justiceinfo.net\/fr#\/schema\/logo\/image\/"},"sameAs":["https:\/\/www.facebook.com\/JusticeInfo\/","https:\/\/x.com\/justiceinfonet","https:\/\/www.linkedin.com\/company\/justice-info","https:\/\/www.youtube.com\/channel\/UCyCEsARodyuWtkWyhn-e7pA"]},{"@type":"Person","name":"solivri","url":"\/fr\/?s=solivri"}]}},"_links":{"self":[{"href":"https:\/\/www.justiceinfo.net\/fr\/wp-json\/wp\/v2\/posts\/7319","targetHints":{"allow":["GET"]}}],"collection":[{"href":"https:\/\/www.justiceinfo.net\/fr\/wp-json\/wp\/v2\/posts"}],"about":[{"href":"https:\/\/www.justiceinfo.net\/fr\/wp-json\/wp\/v2\/types\/post"}],"author":[{"embeddable":true,"href":"https:\/\/www.justiceinfo.net\/fr\/wp-json\/wp\/v2\/users\/64"}],"replies":[{"embeddable":true,"href":"https:\/\/www.justiceinfo.net\/fr\/wp-json\/wp\/v2\/comments?post=7319"}],"version-history":[{"count":0,"href":"https:\/\/www.justiceinfo.net\/fr\/wp-json\/wp\/v2\/posts\/7319\/revisions"}],"wp:attachment":[{"href":"https:\/\/www.justiceinfo.net\/fr\/wp-json\/wp\/v2\/media?parent=7319"}],"wp:term":[{"taxonomy":"category","embeddable":true,"href":"https:\/\/www.justiceinfo.net\/fr\/wp-json\/wp\/v2\/categories?post=7319"},{"taxonomy":"post_tag","embeddable":true,"href":"https:\/\/www.justiceinfo.net\/fr\/wp-json\/wp\/v2\/tags?post=7319"},{"taxonomy":"ji_location","embeddable":true,"href":"https:\/\/www.justiceinfo.net\/fr\/wp-json\/wp\/v2\/ji_location?post=7319"}],"curies":[{"name":"wp","href":"https:\/\/api.w.org\/{rel}","templated":true}]}}