{"id":7391,"date":"1999-10-27T00:00:00","date_gmt":"1999-10-26T22:00:00","guid":{"rendered":"https:\/\/www.justiceinfo.net\/7391-27101999-tpirbagilishema-ouverture-du-proces-de-lancien-maire-de-mabanza4181.html"},"modified":"1999-10-27T00:00:00","modified_gmt":"1999-10-26T22:00:00","slug":"27101999-tpirbagilishema-ouverture-du-proces-de-lancien-maire-de-mabanza4181","status":"publish","type":"post","link":"https:\/\/www.justiceinfo.net\/fr\/7391-27101999-tpirbagilishema-ouverture-du-proces-de-lancien-maire-de-mabanza4181.html","title":{"rendered":"27.10.1999 - TPIR\/BAGILISHEMA - OUVERTURE DU PROCES DE l'ANCIEN MAIRE DE MABANZA"},"content":{"rendered":"<p  >\nArusha 27 octobre 99 (FH) - Le proc\u00e8s de l'ancien bourgmestre de Mabanza (pr\u00e9fecture de Kibuye, ouest du Rwanda), Ignace Bagilishema, a commenc\u00e9 mercredi, devant le Tribunal p\u00e9nal international pour le Rwanda (TPIR).\n<\/p>\n<p  >\nIgnace Bagilishema r\u00e9pond de sept chefs D'accusation de g\u00e9nocide, de complicit\u00e9 dans le g\u00e9nocide, de crimes contre l'humanit\u00e9 pour assassinat, extermination et autres actes inhumains, et de violations des conventions de Gen\u00e8ve, applicables en temps de guerre.\n<\/p>\n<p><!--more--><\/p>\n<p  >\nIgnace Bagilishema est accus\u00e9 de massacres de Tutsis dans les communes de Mabanza, Gitesi, Gishyita et Gisovu en pr\u00e9fecture de Kibuye.\n<\/p>\n<p  >\nAu cours de sa d\u00e9claration liminaire, la repr\u00e9sentante ougandaise du parquet, Jane Anywar Adong, a indiqu\u00e9 que la pr\u00e9fecture de Kibuye constituait le fief des Tutsis en 1994.\n<\/p>\n<p  >\nJane Anywar Adong a affirm\u00e9 qu'environ quarante cinq mille Tutsis ont \u00e9t\u00e9 tu\u00e9s sur les lieux des crimes all\u00e9gu\u00e9s dans l'acte D'accusation, dont pr\u00e8s de la moiti\u00e9 au bureau communal de Mabanza et dans ses environs.\n<\/p>\n<p  >\nEntente en vue du g\u00e9nocide\n<\/p>\n<p  >\nLa repr\u00e9sentante du parquet a en outre soutenu qu'en 1994, il y a eu au Rwanda une entente en vue de commettre le g\u00e9nocide, dans laquelle des politiciens, des militaires et des \u00e9l\u00e9ments de la soci\u00e9t\u00e9 civile \u00e9taient impliqu\u00e9s.\n<\/p>\n<p  >\n\"l'ex\u00e9cution de ce plan a conduit \u00e0 des actes commis par l'accus\u00e9 ou par ses subordonn\u00e9s\", selon le parquet.\n<\/p>\n<p  >\nEn tant que maire \u00e0 la t\u00eate D'une commune, il est reproch\u00e9 \u00e0 Ignace Bagilishema D'avoir failli \u00e0 son devoir D'assurer la s\u00e9curit\u00e9 de ses administr\u00e9s. l'accus\u00e9 exer\u00e7ait un contr\u00f4le sur la police communale, les gendarmes post\u00e9s dans la commune et les employ\u00e9s municipaux y compris ses trois assistants.\n<\/p>\n<p  >\n\"Malgr\u00e9 que l'accus\u00e9 avait le pouvoir D'assurer l'ordre public, il n'a pris aucune mesure pour emp\u00eacher les massacres. Par contre, il a us\u00e9 de son pouvoir pour conduire ces massacres sanguinaires\", a d\u00e9clar\u00e9 Jane Anywar Adong.\n<\/p>\n<p  >\nLe parquet affirme qu'il y avait un calme relatif \u00e0 Mabanza jusqu'\u00e0 l'arriv\u00e9e de l'ancien pr\u00e9fet de Kibuye, Cl\u00e9ment Kayishema, qui aurait dit \u00e0 l'accus\u00e9 que \"c'\u00e9tait la seule commune o\u00f9 il restait des salet\u00e9s\", selon le parquet.\n<\/p>\n<p  >\nRuse pour attirer les Tutsis\n<\/p>\n<p  >\nl'ancien maire de Mabanza aurait alors us\u00e9 de la ruse pour faire sortir les Tutsis de leur cachette et les attirer dans les locaux de la mairie, sous pr\u00e9texte qu'ils seraient prot\u00e9g\u00e9s, a expliqu\u00e9 la repr\u00e9sentante du parquet.\n<\/p>\n<p  >\nLes Tutsis de Mabanza ont \u00e9t\u00e9 par la suite conduits au home Saint-Jean de Kibuye et au stade Gatwaro, o\u00f9 ils ont \u00e9t\u00e9 tu\u00e9s, poursuit le parquet. \"La plupart des femmes ont \u00e9t\u00e9 viol\u00e9es et tu\u00e9es, ou simplement tu\u00e9es, sur instruction de l'accus\u00e9\" selon le bureau du procureur.\n<\/p>\n<p  >\nLe procureur devrait faire compara\u00eetre vingt neuf t\u00e9moins dont un expert. l'ancien maire de Mabanza devrait pr\u00e9senter une d\u00e9fense D'alibi.\n<\/p>\n<p  >\nIgnace Bagilishema est d\u00e9fendu par les avocats fran\u00e7ais, Me Fran\u00e7ois Roux, et mauritanien, Me Maroufa Diabira.\n<\/p>\n<p  >\nMe Roux a d\u00e9clar\u00e9 que \" le fait qu'il y ait eu g\u00e9nocide au Rwanda et autres violations graves du droit humanitaire ne signifie pas que l'accus\u00e9 y ait pris part, avec le seul argument qu'il \u00e9tait bourgmestre[maire], hutu, nomm\u00e9 par le pr\u00e9sident de la r\u00e9publique\"\n<\/p>\n<p  >\nIgnace Bagilishema, 44 ans, a \u00e9t\u00e9 arr\u00eat\u00e9 en Afrique du Sud au mois de f\u00e9vrier dernier et transf\u00e9r\u00e9 \u00e0 Arusha. l'accus\u00e9 a \u00e9t\u00e9 maire de Mabanza de f\u00e9vrier 1980 \u00e0 juillet 1994.\n<\/p>\n<p  >\nAT\/PHD\/FH (BS\u00a71026A )<\/p>\n","protected":false},"excerpt":{"rendered":"<p>Arusha 27 octobre 99 (FH) - Le proc\u00e8s de l'ancien bourgmestre de Mabanza (pr\u00e9fecture de Kibuye, ouest du Rwanda), Ignace Bagilishema, a commenc\u00e9 mercredi, devant le Tribunal p\u00e9nal international pour le Rwanda (TPIR). Ignace Bagilishema r\u00e9pond de sept chefs D'accusation de g\u00e9nocide, de complicit\u00e9 dans le g\u00e9nocide, de crimes contre l'humanit\u00e9 pour assassinat, extermination et [&hellip;]<\/p>\n","protected":false},"author":64,"featured_media":0,"comment_status":"open","ping_status":"closed","sticky":false,"template":"","format":"standard","meta":{"_acf_changed":false,"footnotes":""},"categories":[554],"tags":[],"ji_location":[],"class_list":["post-7391","post","type-post","status-publish","format-standard","hentry","category-hirondellenews"],"acf":[],"yoast_head":"<!-- This site is optimized with the Yoast SEO Premium plugin v25.3.1 (Yoast SEO v25.3.1) - https:\/\/yoast.com\/wordpress\/plugins\/seo\/ -->\n<title>27.10.1999 - TPIR\/BAGILISHEMA - OUVERTURE DU PROCES DE l&#039;ANCIEN MAIRE DE MABANZA - JusticeInfo.net<\/title>\n<meta name=\"robots\" content=\"index, follow, max-snippet:-1, max-image-preview:large, max-video-preview:-1\" \/>\n<link rel=\"canonical\" href=\"https:\/\/www.justiceinfo.net\/fr\/7391-27101999-tpirbagilishema-ouverture-du-proces-de-lancien-maire-de-mabanza4181.html\" \/>\n<meta property=\"og:locale\" content=\"fr_FR\" \/>\n<meta property=\"og:type\" content=\"article\" \/>\n<meta property=\"og:title\" content=\"27.10.1999 - TPIR\/BAGILISHEMA - OUVERTURE DU PROCES DE l&#039;ANCIEN MAIRE DE MABANZA\" \/>\n<meta property=\"og:description\" content=\"Arusha 27 octobre 99 (FH) - Le proc\u00e8s de l&#039;ancien bourgmestre de Mabanza (pr\u00e9fecture de Kibuye, ouest du Rwanda), Ignace Bagilishema, a commenc\u00e9 mercredi, devant le Tribunal p\u00e9nal international pour le Rwanda (TPIR). Ignace Bagilishema r\u00e9pond de sept chefs D&#039;accusation de g\u00e9nocide, de complicit\u00e9 dans le g\u00e9nocide, de crimes contre l&#039;humanit\u00e9 pour assassinat, extermination et [&hellip;]\" \/>\n<meta property=\"og:url\" content=\"https:\/\/www.justiceinfo.net\/fr\/7391-27101999-tpirbagilishema-ouverture-du-proces-de-lancien-maire-de-mabanza4181.html\" \/>\n<meta property=\"og:site_name\" content=\"JusticeInfo.net\" \/>\n<meta property=\"article:publisher\" content=\"https:\/\/www.facebook.com\/JusticeInfo\/\" \/>\n<meta property=\"article:published_time\" content=\"1999-10-26T22:00:00+00:00\" \/>\n<meta property=\"og:image\" content=\"https:\/\/www.justiceinfo.net\/wp-content\/uploads\/JusticeInfoNet_logo_1200x630px.jpg\" \/>\n\t<meta property=\"og:image:width\" content=\"1200\" \/>\n\t<meta property=\"og:image:height\" content=\"630\" \/>\n\t<meta property=\"og:image:type\" content=\"image\/jpeg\" \/>\n<meta name=\"author\" content=\"solivri\" \/>\n<meta name=\"twitter:card\" content=\"summary_large_image\" \/>\n<meta name=\"twitter:creator\" content=\"@justiceinfonet\" \/>\n<meta name=\"twitter:site\" content=\"@justiceinfonet\" \/>\n<meta name=\"twitter:label1\" content=\"\u00c9crit par\" \/>\n\t<meta name=\"twitter:data1\" content=\"solivri\" \/>\n\t<meta name=\"twitter:label2\" content=\"Dur\u00e9e de lecture estim\u00e9e\" \/>\n\t<meta name=\"twitter:data2\" content=\"3 minutes\" \/>\n<script type=\"application\/ld+json\" class=\"yoast-schema-graph\">{\"@context\":\"https:\/\/schema.org\",\"@graph\":[{\"@type\":\"NewsArticle\",\"@id\":\"https:\/\/www.justiceinfo.net\/fr\/7391-27101999-tpirbagilishema-ouverture-du-proces-de-lancien-maire-de-mabanza4181.html#article\",\"isPartOf\":{\"@id\":\"https:\/\/www.justiceinfo.net\/fr\/7391-27101999-tpirbagilishema-ouverture-du-proces-de-lancien-maire-de-mabanza4181.html\"},\"author\":{\"name\":\"solivri\",\"@id\":\"https:\/\/www.justiceinfo.net\/fr#\/schema\/person\/6e53cba1629e2e66f3fc1821d3091865\"},\"headline\":\"27.10.1999 - TPIR\/BAGILISHEMA - OUVERTURE DU PROCES DE l'ANCIEN MAIRE DE MABANZA\",\"datePublished\":\"1999-10-26T22:00:00+00:00\",\"mainEntityOfPage\":{\"@id\":\"https:\/\/www.justiceinfo.net\/fr\/7391-27101999-tpirbagilishema-ouverture-du-proces-de-lancien-maire-de-mabanza4181.html\"},\"wordCount\":639,\"commentCount\":0,\"publisher\":{\"@id\":\"https:\/\/www.justiceinfo.net\/fr#organization\"},\"articleSection\":[\"Hirondelle News\"],\"inLanguage\":\"fr-FR\",\"potentialAction\":[{\"@type\":\"CommentAction\",\"name\":\"Comment\",\"target\":[\"https:\/\/www.justiceinfo.net\/fr\/7391-27101999-tpirbagilishema-ouverture-du-proces-de-lancien-maire-de-mabanza4181.html#respond\"]}]},{\"@type\":\"WebPage\",\"@id\":\"https:\/\/www.justiceinfo.net\/fr\/7391-27101999-tpirbagilishema-ouverture-du-proces-de-lancien-maire-de-mabanza4181.html\",\"url\":\"https:\/\/www.justiceinfo.net\/fr\/7391-27101999-tpirbagilishema-ouverture-du-proces-de-lancien-maire-de-mabanza4181.html\",\"name\":\"27.10.1999 - TPIR\/BAGILISHEMA - OUVERTURE DU PROCES DE l'ANCIEN MAIRE DE MABANZA - JusticeInfo.net\",\"isPartOf\":{\"@id\":\"https:\/\/www.justiceinfo.net\/fr#website\"},\"datePublished\":\"1999-10-26T22:00:00+00:00\",\"breadcrumb\":{\"@id\":\"https:\/\/www.justiceinfo.net\/fr\/7391-27101999-tpirbagilishema-ouverture-du-proces-de-lancien-maire-de-mabanza4181.html#breadcrumb\"},\"inLanguage\":\"fr-FR\",\"potentialAction\":[{\"@type\":\"ReadAction\",\"target\":[\"https:\/\/www.justiceinfo.net\/fr\/7391-27101999-tpirbagilishema-ouverture-du-proces-de-lancien-maire-de-mabanza4181.html\"]}]},{\"@type\":\"BreadcrumbList\",\"@id\":\"https:\/\/www.justiceinfo.net\/fr\/7391-27101999-tpirbagilishema-ouverture-du-proces-de-lancien-maire-de-mabanza4181.html#breadcrumb\",\"itemListElement\":[{\"@type\":\"ListItem\",\"position\":1,\"name\":\"Home\",\"item\":\"https:\/\/www.justiceinfo.net\/fr\"},{\"@type\":\"ListItem\",\"position\":2,\"name\":\"27.10.1999 - TPIR\/BAGILISHEMA - OUVERTURE DU PROCES DE l'ANCIEN MAIRE DE MABANZA\"}]},{\"@type\":\"WebSite\",\"@id\":\"https:\/\/www.justiceinfo.net\/fr#website\",\"url\":\"https:\/\/www.justiceinfo.net\/fr\",\"name\":\"JusticeInfo.net\",\"description\":\"La justice doit \u00eatre vue pour \u00eatre rendue\",\"publisher\":{\"@id\":\"https:\/\/www.justiceinfo.net\/fr#organization\"},\"potentialAction\":[{\"@type\":\"SearchAction\",\"target\":{\"@type\":\"EntryPoint\",\"urlTemplate\":\"https:\/\/www.justiceinfo.net\/fr?s={search_term_string}\"},\"query-input\":{\"@type\":\"PropertyValueSpecification\",\"valueRequired\":true,\"valueName\":\"search_term_string\"}}],\"inLanguage\":\"fr-FR\"},{\"@type\":\"Organization\",\"@id\":\"https:\/\/www.justiceinfo.net\/fr#organization\",\"name\":\"Justice Info\",\"url\":\"https:\/\/www.justiceinfo.net\/fr\",\"logo\":{\"@type\":\"ImageObject\",\"inLanguage\":\"fr-FR\",\"@id\":\"https:\/\/www.justiceinfo.net\/fr#\/schema\/logo\/image\/\",\"url\":\"https:\/\/www.justiceinfo.net\/wp-content\/uploads\/justiceinfo_logo-trans_1200x1200px.png\",\"contentUrl\":\"https:\/\/www.justiceinfo.net\/wp-content\/uploads\/justiceinfo_logo-trans_1200x1200px.png\",\"width\":1199,\"height\":1200,\"caption\":\"Justice Info\"},\"image\":{\"@id\":\"https:\/\/www.justiceinfo.net\/fr#\/schema\/logo\/image\/\"},\"sameAs\":[\"https:\/\/www.facebook.com\/JusticeInfo\/\",\"https:\/\/x.com\/justiceinfonet\",\"https:\/\/www.linkedin.com\/company\/justice-info\",\"https:\/\/www.youtube.com\/channel\/UCyCEsARodyuWtkWyhn-e7pA\"]},{\"@type\":\"Person\",\"name\":\"solivri\",\"url\":\"\/fr\/?s=solivri\"}]}<\/script>\n<!-- \/ Yoast SEO Premium plugin. -->","yoast_head_json":{"title":"27.10.1999 - TPIR\/BAGILISHEMA - OUVERTURE DU PROCES DE l'ANCIEN MAIRE DE MABANZA - JusticeInfo.net","robots":{"index":"index","follow":"follow","max-snippet":"max-snippet:-1","max-image-preview":"max-image-preview:large","max-video-preview":"max-video-preview:-1"},"canonical":"https:\/\/www.justiceinfo.net\/fr\/7391-27101999-tpirbagilishema-ouverture-du-proces-de-lancien-maire-de-mabanza4181.html","og_locale":"fr_FR","og_type":"article","og_title":"27.10.1999 - TPIR\/BAGILISHEMA - OUVERTURE DU PROCES DE l'ANCIEN MAIRE DE MABANZA","og_description":"Arusha 27 octobre 99 (FH) - Le proc\u00e8s de l'ancien bourgmestre de Mabanza (pr\u00e9fecture de Kibuye, ouest du Rwanda), Ignace Bagilishema, a commenc\u00e9 mercredi, devant le Tribunal p\u00e9nal international pour le Rwanda (TPIR). Ignace Bagilishema r\u00e9pond de sept chefs D'accusation de g\u00e9nocide, de complicit\u00e9 dans le g\u00e9nocide, de crimes contre l'humanit\u00e9 pour assassinat, extermination et [&hellip;]","og_url":"https:\/\/www.justiceinfo.net\/fr\/7391-27101999-tpirbagilishema-ouverture-du-proces-de-lancien-maire-de-mabanza4181.html","og_site_name":"JusticeInfo.net","article_publisher":"https:\/\/www.facebook.com\/JusticeInfo\/","article_published_time":"1999-10-26T22:00:00+00:00","og_image":[{"width":1200,"height":630,"url":"https:\/\/www.justiceinfo.net\/wp-content\/uploads\/JusticeInfoNet_logo_1200x630px.jpg","type":"image\/jpeg"}],"author":"solivri","twitter_card":"summary_large_image","twitter_creator":"@justiceinfonet","twitter_site":"@justiceinfonet","twitter_misc":{"\u00c9crit par":"solivri","Dur\u00e9e de lecture estim\u00e9e":"3 minutes"},"schema":{"@context":"https:\/\/schema.org","@graph":[{"@type":"NewsArticle","@id":"https:\/\/www.justiceinfo.net\/fr\/7391-27101999-tpirbagilishema-ouverture-du-proces-de-lancien-maire-de-mabanza4181.html#article","isPartOf":{"@id":"https:\/\/www.justiceinfo.net\/fr\/7391-27101999-tpirbagilishema-ouverture-du-proces-de-lancien-maire-de-mabanza4181.html"},"author":{"name":"solivri","@id":"https:\/\/www.justiceinfo.net\/fr#\/schema\/person\/6e53cba1629e2e66f3fc1821d3091865"},"headline":"27.10.1999 - TPIR\/BAGILISHEMA - OUVERTURE DU PROCES DE l'ANCIEN MAIRE DE MABANZA","datePublished":"1999-10-26T22:00:00+00:00","mainEntityOfPage":{"@id":"https:\/\/www.justiceinfo.net\/fr\/7391-27101999-tpirbagilishema-ouverture-du-proces-de-lancien-maire-de-mabanza4181.html"},"wordCount":639,"commentCount":0,"publisher":{"@id":"https:\/\/www.justiceinfo.net\/fr#organization"},"articleSection":["Hirondelle News"],"inLanguage":"fr-FR","potentialAction":[{"@type":"CommentAction","name":"Comment","target":["https:\/\/www.justiceinfo.net\/fr\/7391-27101999-tpirbagilishema-ouverture-du-proces-de-lancien-maire-de-mabanza4181.html#respond"]}]},{"@type":"WebPage","@id":"https:\/\/www.justiceinfo.net\/fr\/7391-27101999-tpirbagilishema-ouverture-du-proces-de-lancien-maire-de-mabanza4181.html","url":"https:\/\/www.justiceinfo.net\/fr\/7391-27101999-tpirbagilishema-ouverture-du-proces-de-lancien-maire-de-mabanza4181.html","name":"27.10.1999 - TPIR\/BAGILISHEMA - OUVERTURE DU PROCES DE l'ANCIEN MAIRE DE MABANZA - JusticeInfo.net","isPartOf":{"@id":"https:\/\/www.justiceinfo.net\/fr#website"},"datePublished":"1999-10-26T22:00:00+00:00","breadcrumb":{"@id":"https:\/\/www.justiceinfo.net\/fr\/7391-27101999-tpirbagilishema-ouverture-du-proces-de-lancien-maire-de-mabanza4181.html#breadcrumb"},"inLanguage":"fr-FR","potentialAction":[{"@type":"ReadAction","target":["https:\/\/www.justiceinfo.net\/fr\/7391-27101999-tpirbagilishema-ouverture-du-proces-de-lancien-maire-de-mabanza4181.html"]}]},{"@type":"BreadcrumbList","@id":"https:\/\/www.justiceinfo.net\/fr\/7391-27101999-tpirbagilishema-ouverture-du-proces-de-lancien-maire-de-mabanza4181.html#breadcrumb","itemListElement":[{"@type":"ListItem","position":1,"name":"Home","item":"https:\/\/www.justiceinfo.net\/fr"},{"@type":"ListItem","position":2,"name":"27.10.1999 - TPIR\/BAGILISHEMA - OUVERTURE DU PROCES DE l'ANCIEN MAIRE DE MABANZA"}]},{"@type":"WebSite","@id":"https:\/\/www.justiceinfo.net\/fr#website","url":"https:\/\/www.justiceinfo.net\/fr","name":"JusticeInfo.net","description":"La justice doit \u00eatre vue pour \u00eatre rendue","publisher":{"@id":"https:\/\/www.justiceinfo.net\/fr#organization"},"potentialAction":[{"@type":"SearchAction","target":{"@type":"EntryPoint","urlTemplate":"https:\/\/www.justiceinfo.net\/fr?s={search_term_string}"},"query-input":{"@type":"PropertyValueSpecification","valueRequired":true,"valueName":"search_term_string"}}],"inLanguage":"fr-FR"},{"@type":"Organization","@id":"https:\/\/www.justiceinfo.net\/fr#organization","name":"Justice Info","url":"https:\/\/www.justiceinfo.net\/fr","logo":{"@type":"ImageObject","inLanguage":"fr-FR","@id":"https:\/\/www.justiceinfo.net\/fr#\/schema\/logo\/image\/","url":"https:\/\/www.justiceinfo.net\/wp-content\/uploads\/justiceinfo_logo-trans_1200x1200px.png","contentUrl":"https:\/\/www.justiceinfo.net\/wp-content\/uploads\/justiceinfo_logo-trans_1200x1200px.png","width":1199,"height":1200,"caption":"Justice Info"},"image":{"@id":"https:\/\/www.justiceinfo.net\/fr#\/schema\/logo\/image\/"},"sameAs":["https:\/\/www.facebook.com\/JusticeInfo\/","https:\/\/x.com\/justiceinfonet","https:\/\/www.linkedin.com\/company\/justice-info","https:\/\/www.youtube.com\/channel\/UCyCEsARodyuWtkWyhn-e7pA"]},{"@type":"Person","name":"solivri","url":"\/fr\/?s=solivri"}]}},"_links":{"self":[{"href":"https:\/\/www.justiceinfo.net\/fr\/wp-json\/wp\/v2\/posts\/7391","targetHints":{"allow":["GET"]}}],"collection":[{"href":"https:\/\/www.justiceinfo.net\/fr\/wp-json\/wp\/v2\/posts"}],"about":[{"href":"https:\/\/www.justiceinfo.net\/fr\/wp-json\/wp\/v2\/types\/post"}],"author":[{"embeddable":true,"href":"https:\/\/www.justiceinfo.net\/fr\/wp-json\/wp\/v2\/users\/64"}],"replies":[{"embeddable":true,"href":"https:\/\/www.justiceinfo.net\/fr\/wp-json\/wp\/v2\/comments?post=7391"}],"version-history":[{"count":0,"href":"https:\/\/www.justiceinfo.net\/fr\/wp-json\/wp\/v2\/posts\/7391\/revisions"}],"wp:attachment":[{"href":"https:\/\/www.justiceinfo.net\/fr\/wp-json\/wp\/v2\/media?parent=7391"}],"wp:term":[{"taxonomy":"category","embeddable":true,"href":"https:\/\/www.justiceinfo.net\/fr\/wp-json\/wp\/v2\/categories?post=7391"},{"taxonomy":"post_tag","embeddable":true,"href":"https:\/\/www.justiceinfo.net\/fr\/wp-json\/wp\/v2\/tags?post=7391"},{"taxonomy":"ji_location","embeddable":true,"href":"https:\/\/www.justiceinfo.net\/fr\/wp-json\/wp\/v2\/ji_location?post=7391"}],"curies":[{"name":"wp","href":"https:\/\/api.w.org\/{rel}","templated":true}]}}