{"id":7413,"date":"1999-09-29T00:00:00","date_gmt":"1999-09-28T22:00:00","guid":{"rendered":"https:\/\/www.justiceinfo.net\/7413-29091999-tpirpolitiques-une-avocate-congolaise-retiree-du-dossier-dun-ancien-ministre4203.html"},"modified":"1999-09-29T00:00:00","modified_gmt":"1999-09-28T22:00:00","slug":"29091999-tpirpolitiques-une-avocate-congolaise-retiree-du-dossier-dun-ancien-ministre4203","status":"publish","type":"post","link":"https:\/\/www.justiceinfo.net\/fr\/7413-29091999-tpirpolitiques-une-avocate-congolaise-retiree-du-dossier-dun-ancien-ministre4203.html","title":{"rendered":"29.09.1999 - TPIR\/POLITIQUES - UNE AVOCATE CONGOLAISE RETIREE DU DOSSIER D'UN ANCIEN MINISTRE"},"content":{"rendered":"<p  >\nArusha 29 septembre 99 (FH) - l'avocate congolaise, Me Patricie Mongo, a \u00e9t\u00e9 retir\u00e9e du dossier de l'ancien ministre de l'int\u00e9rieur sous le gouvernement int\u00e9rimaire, Edouard Karemera, dont elle avait \u00e9t\u00e9 d\u00e9sign\u00e9e comme d\u00e9fenseur D'office, a-t-on appris mercredi \u00e0 Arusha.\n<\/p>\n<p  >\n\"Nous avons retir\u00e9 la commission D'office de Me Mongo \u00e0 la demande de M.\n<\/p>\n<p><!--more--><\/p>\n<p  >\nKaremera, ainsi qu'\u00e0 la demande de Me Mongo\" a indique le chef de la section des avocats au Tribunal international pour le Rwanda (TPIR), l'Italien, Alessandro Caldarone.\n<\/p>\n<p  >\nLe Tribunal si\u00e9geait mercredi pour l'audition des requ\u00eates de la d\u00e9fense D'Edouard Karemera relatives \u00e0 la mise en libert\u00e9 de l'accus\u00e9 et \u00e0 la restitution des documents.\n<\/p>\n<p  >\nl'audience a \u00e9t\u00e9 report\u00e9e sine die, les juges ayant estim\u00e9 que l'accus\u00e9 n'\u00e9tait pas en mesure de plaider lui-m\u00eame ces requ\u00eates, \u00e9tant donn\u00e9 le d\u00e9lai court dont il avait dispos\u00e9 pour les pr\u00e9parer.\n<\/p>\n<p  >\nEdouard Karemera a affirm\u00e9 avoir \u00e9t\u00e9 inform\u00e9 mardi soir de la tenue de cette audience, souhaitant que soit D'abord r\u00e9gl\u00e9 le probl\u00e8me de sa repr\u00e9sentation, avant l'audition des requ\u00eates.\n<\/p>\n<p  >\nl'ancien ministre de l'int\u00e9rieur voudrait \u00eatre repr\u00e9sent\u00e9 par l'avocat canadien, Me Antoine L\u00e9ger, mais le greffe du TPIR a impos\u00e9 un moratoire temporel aux avocats canadiens et fran\u00e7ais, expliquant qu'ils sont sur-repr\u00e9sent\u00e9s.\n<\/p>\n<p  >\nLe Tribunal a ordonn\u00e9 au greffier de commettre rapidement un nouvel avocat \u00e0 l'accus\u00e9 conform\u00e9ment aux r\u00e8gles en vigueur, compte tenu du fait que la proc\u00e9dure doit avancer.\n<\/p>\n<p  >\nEdouard Karemera devrait \u00eatre jug\u00e9 avec plusieurs autres personnes dans un proc\u00e8s dit des \"politiques\"\n<\/p>\n<p  >\nLe 7 avril dernier, le premier avocat commis D'office \u00e0 Edouard Karemera, le belge Me Emmanuel Leclerc, s'\u00e9tait retir\u00e9 du dossier, en raison des divergences D'opinion avec son client.\n<\/p>\n<p  >\n\"Les \u00e9v\u00e9nements de 1994 au Rwanda sont qualifi\u00e9s par les uns de g\u00e9nocide, par les autres de massacres r\u00e9ciproques. En ce qui me concerne le seul mot correct est le mot g\u00e9nocide. M Karemera est D'un autre point de vue\" avait \u00e9crit l'avocat belge, dans une lettre lue \u00e0 l'\u00e9poque devant le Tribunal.\n<\/p>\n<p  >\n\"Il me semble d\u00e8s lors tr\u00e8s difficile, sans desservir mon client, de poursuivre sa d\u00e9fense, si son conseil et lui-m\u00eame ne r\u00e9servons pas la m\u00eame d\u00e9finition aux \u00e9v\u00e9nements de 1994\", avait expliqu\u00e9 Me Leclerc, \u00e0 l'appui de sa demande de retrait de l'affaire Karemera.\n<\/p>\n<p  >\nMe Patricia Mongo aurait, quant \u00e0 elle, \u00e9t\u00e9 nomm\u00e9e sans tenir compte de l'avis de l'accus\u00e9.\n<\/p>\n<p  >\nLe Tribunal a par ailleurs entendu mercredi une requ\u00eate de l'ancien ministre des affaires \u00e9trang\u00e8res sous le gouvernement int\u00e9rimaire, J\u00e9r\u00f4me Bicamumpaka, relative \u00e0 la commission D'office D'une avocate canadienne, Me Francine Veuillet, qu'il r\u00e9clame depuis le 18 avril dernier.\n<\/p>\n<p  >\nLe responsable de la section des avocats a indiqu\u00e9 que la commission D'office D'un d\u00e9fenseur au requ\u00e9rant a \u00e9t\u00e9 retard\u00e9e par une enqu\u00eate en cours sur son indigence \u00e9ventuelle. Au cas o\u00f9 un accus\u00e9 ne serait pas indigent, il payerait lui-m\u00eame les honoraires de ses avocats\n<\/p>\n<p  >\nFaute de conseil commis D'office, J\u00e9r\u00f4me Bicamumpaka a plaid\u00e9 lui-m\u00eame sa requ\u00eate.\n<\/p>\n<p  >\nAT\/PHD\/FH (PL\u00a70929A )<\/p>\n","protected":false},"excerpt":{"rendered":"<p>Arusha 29 septembre 99 (FH) - l'avocate congolaise, Me Patricie Mongo, a \u00e9t\u00e9 retir\u00e9e du dossier de l'ancien ministre de l'int\u00e9rieur sous le gouvernement int\u00e9rimaire, Edouard Karemera, dont elle avait \u00e9t\u00e9 d\u00e9sign\u00e9e comme d\u00e9fenseur D'office, a-t-on appris mercredi \u00e0 Arusha. \"Nous avons retir\u00e9 la commission D'office de Me Mongo \u00e0 la demande de M.<\/p>\n","protected":false},"author":64,"featured_media":0,"comment_status":"open","ping_status":"closed","sticky":false,"template":"","format":"standard","meta":{"_acf_changed":false,"footnotes":""},"categories":[554],"tags":[],"ji_location":[],"class_list":["post-7413","post","type-post","status-publish","format-standard","hentry","category-hirondellenews"],"acf":[],"yoast_head":"<!-- This site is optimized with the Yoast SEO Premium plugin v25.3.1 (Yoast SEO v25.3.1) - https:\/\/yoast.com\/wordpress\/plugins\/seo\/ -->\n<title>29.09.1999 - TPIR\/POLITIQUES - UNE AVOCATE CONGOLAISE RETIREE DU DOSSIER D&#039;UN ANCIEN MINISTRE - JusticeInfo.net<\/title>\n<meta name=\"robots\" content=\"index, follow, max-snippet:-1, max-image-preview:large, max-video-preview:-1\" \/>\n<link rel=\"canonical\" href=\"https:\/\/www.justiceinfo.net\/fr\/7413-29091999-tpirpolitiques-une-avocate-congolaise-retiree-du-dossier-dun-ancien-ministre4203.html\" \/>\n<meta property=\"og:locale\" content=\"fr_FR\" \/>\n<meta property=\"og:type\" content=\"article\" \/>\n<meta property=\"og:title\" content=\"29.09.1999 - TPIR\/POLITIQUES - UNE AVOCATE CONGOLAISE RETIREE DU DOSSIER D&#039;UN ANCIEN MINISTRE\" \/>\n<meta property=\"og:description\" content=\"Arusha 29 septembre 99 (FH) - l&#039;avocate congolaise, Me Patricie Mongo, a \u00e9t\u00e9 retir\u00e9e du dossier de l&#039;ancien ministre de l&#039;int\u00e9rieur sous le gouvernement int\u00e9rimaire, Edouard Karemera, dont elle avait \u00e9t\u00e9 d\u00e9sign\u00e9e comme d\u00e9fenseur D&#039;office, a-t-on appris mercredi \u00e0 Arusha. &quot;Nous avons retir\u00e9 la commission D&#039;office de Me Mongo \u00e0 la demande de M.\" \/>\n<meta property=\"og:url\" content=\"https:\/\/www.justiceinfo.net\/fr\/7413-29091999-tpirpolitiques-une-avocate-congolaise-retiree-du-dossier-dun-ancien-ministre4203.html\" \/>\n<meta property=\"og:site_name\" content=\"JusticeInfo.net\" \/>\n<meta property=\"article:publisher\" content=\"https:\/\/www.facebook.com\/JusticeInfo\/\" \/>\n<meta property=\"article:published_time\" content=\"1999-09-28T22:00:00+00:00\" \/>\n<meta property=\"og:image\" content=\"https:\/\/www.justiceinfo.net\/wp-content\/uploads\/JusticeInfoNet_logo_1200x630px.jpg\" \/>\n\t<meta property=\"og:image:width\" content=\"1200\" \/>\n\t<meta property=\"og:image:height\" content=\"630\" \/>\n\t<meta property=\"og:image:type\" content=\"image\/jpeg\" \/>\n<meta name=\"author\" content=\"solivri\" \/>\n<meta name=\"twitter:card\" content=\"summary_large_image\" \/>\n<meta name=\"twitter:creator\" content=\"@justiceinfonet\" \/>\n<meta name=\"twitter:site\" content=\"@justiceinfonet\" \/>\n<meta name=\"twitter:label1\" content=\"\u00c9crit par\" \/>\n\t<meta name=\"twitter:data1\" content=\"solivri\" \/>\n\t<meta name=\"twitter:label2\" content=\"Dur\u00e9e de lecture estim\u00e9e\" \/>\n\t<meta name=\"twitter:data2\" content=\"3 minutes\" \/>\n<script type=\"application\/ld+json\" class=\"yoast-schema-graph\">{\"@context\":\"https:\/\/schema.org\",\"@graph\":[{\"@type\":\"NewsArticle\",\"@id\":\"https:\/\/www.justiceinfo.net\/fr\/7413-29091999-tpirpolitiques-une-avocate-congolaise-retiree-du-dossier-dun-ancien-ministre4203.html#article\",\"isPartOf\":{\"@id\":\"https:\/\/www.justiceinfo.net\/fr\/7413-29091999-tpirpolitiques-une-avocate-congolaise-retiree-du-dossier-dun-ancien-ministre4203.html\"},\"author\":{\"name\":\"solivri\",\"@id\":\"https:\/\/www.justiceinfo.net\/fr#\/schema\/person\/6e53cba1629e2e66f3fc1821d3091865\"},\"headline\":\"29.09.1999 - TPIR\/POLITIQUES - UNE AVOCATE CONGOLAISE RETIREE DU DOSSIER D'UN ANCIEN MINISTRE\",\"datePublished\":\"1999-09-28T22:00:00+00:00\",\"mainEntityOfPage\":{\"@id\":\"https:\/\/www.justiceinfo.net\/fr\/7413-29091999-tpirpolitiques-une-avocate-congolaise-retiree-du-dossier-dun-ancien-ministre4203.html\"},\"wordCount\":580,\"commentCount\":0,\"publisher\":{\"@id\":\"https:\/\/www.justiceinfo.net\/fr#organization\"},\"articleSection\":[\"Hirondelle News\"],\"inLanguage\":\"fr-FR\",\"potentialAction\":[{\"@type\":\"CommentAction\",\"name\":\"Comment\",\"target\":[\"https:\/\/www.justiceinfo.net\/fr\/7413-29091999-tpirpolitiques-une-avocate-congolaise-retiree-du-dossier-dun-ancien-ministre4203.html#respond\"]}]},{\"@type\":\"WebPage\",\"@id\":\"https:\/\/www.justiceinfo.net\/fr\/7413-29091999-tpirpolitiques-une-avocate-congolaise-retiree-du-dossier-dun-ancien-ministre4203.html\",\"url\":\"https:\/\/www.justiceinfo.net\/fr\/7413-29091999-tpirpolitiques-une-avocate-congolaise-retiree-du-dossier-dun-ancien-ministre4203.html\",\"name\":\"29.09.1999 - TPIR\/POLITIQUES - UNE AVOCATE CONGOLAISE RETIREE DU DOSSIER D'UN ANCIEN MINISTRE - JusticeInfo.net\",\"isPartOf\":{\"@id\":\"https:\/\/www.justiceinfo.net\/fr#website\"},\"datePublished\":\"1999-09-28T22:00:00+00:00\",\"breadcrumb\":{\"@id\":\"https:\/\/www.justiceinfo.net\/fr\/7413-29091999-tpirpolitiques-une-avocate-congolaise-retiree-du-dossier-dun-ancien-ministre4203.html#breadcrumb\"},\"inLanguage\":\"fr-FR\",\"potentialAction\":[{\"@type\":\"ReadAction\",\"target\":[\"https:\/\/www.justiceinfo.net\/fr\/7413-29091999-tpirpolitiques-une-avocate-congolaise-retiree-du-dossier-dun-ancien-ministre4203.html\"]}]},{\"@type\":\"BreadcrumbList\",\"@id\":\"https:\/\/www.justiceinfo.net\/fr\/7413-29091999-tpirpolitiques-une-avocate-congolaise-retiree-du-dossier-dun-ancien-ministre4203.html#breadcrumb\",\"itemListElement\":[{\"@type\":\"ListItem\",\"position\":1,\"name\":\"Home\",\"item\":\"https:\/\/www.justiceinfo.net\/fr\"},{\"@type\":\"ListItem\",\"position\":2,\"name\":\"29.09.1999 - TPIR\/POLITIQUES - UNE AVOCATE CONGOLAISE RETIREE DU DOSSIER D'UN ANCIEN MINISTRE\"}]},{\"@type\":\"WebSite\",\"@id\":\"https:\/\/www.justiceinfo.net\/fr#website\",\"url\":\"https:\/\/www.justiceinfo.net\/fr\",\"name\":\"JusticeInfo.net\",\"description\":\"La justice doit \u00eatre vue pour \u00eatre rendue\",\"publisher\":{\"@id\":\"https:\/\/www.justiceinfo.net\/fr#organization\"},\"potentialAction\":[{\"@type\":\"SearchAction\",\"target\":{\"@type\":\"EntryPoint\",\"urlTemplate\":\"https:\/\/www.justiceinfo.net\/fr?s={search_term_string}\"},\"query-input\":{\"@type\":\"PropertyValueSpecification\",\"valueRequired\":true,\"valueName\":\"search_term_string\"}}],\"inLanguage\":\"fr-FR\"},{\"@type\":\"Organization\",\"@id\":\"https:\/\/www.justiceinfo.net\/fr#organization\",\"name\":\"Justice Info\",\"url\":\"https:\/\/www.justiceinfo.net\/fr\",\"logo\":{\"@type\":\"ImageObject\",\"inLanguage\":\"fr-FR\",\"@id\":\"https:\/\/www.justiceinfo.net\/fr#\/schema\/logo\/image\/\",\"url\":\"https:\/\/www.justiceinfo.net\/wp-content\/uploads\/justiceinfo_logo-trans_1200x1200px.png\",\"contentUrl\":\"https:\/\/www.justiceinfo.net\/wp-content\/uploads\/justiceinfo_logo-trans_1200x1200px.png\",\"width\":1199,\"height\":1200,\"caption\":\"Justice Info\"},\"image\":{\"@id\":\"https:\/\/www.justiceinfo.net\/fr#\/schema\/logo\/image\/\"},\"sameAs\":[\"https:\/\/www.facebook.com\/JusticeInfo\/\",\"https:\/\/x.com\/justiceinfonet\",\"https:\/\/www.linkedin.com\/company\/justice-info\",\"https:\/\/www.youtube.com\/channel\/UCyCEsARodyuWtkWyhn-e7pA\"]},{\"@type\":\"Person\",\"name\":\"solivri\",\"url\":\"\/fr\/?s=solivri\"}]}<\/script>\n<!-- \/ Yoast SEO Premium plugin. -->","yoast_head_json":{"title":"29.09.1999 - TPIR\/POLITIQUES - UNE AVOCATE CONGOLAISE RETIREE DU DOSSIER D'UN ANCIEN MINISTRE - JusticeInfo.net","robots":{"index":"index","follow":"follow","max-snippet":"max-snippet:-1","max-image-preview":"max-image-preview:large","max-video-preview":"max-video-preview:-1"},"canonical":"https:\/\/www.justiceinfo.net\/fr\/7413-29091999-tpirpolitiques-une-avocate-congolaise-retiree-du-dossier-dun-ancien-ministre4203.html","og_locale":"fr_FR","og_type":"article","og_title":"29.09.1999 - TPIR\/POLITIQUES - UNE AVOCATE CONGOLAISE RETIREE DU DOSSIER D'UN ANCIEN MINISTRE","og_description":"Arusha 29 septembre 99 (FH) - l'avocate congolaise, Me Patricie Mongo, a \u00e9t\u00e9 retir\u00e9e du dossier de l'ancien ministre de l'int\u00e9rieur sous le gouvernement int\u00e9rimaire, Edouard Karemera, dont elle avait \u00e9t\u00e9 d\u00e9sign\u00e9e comme d\u00e9fenseur D'office, a-t-on appris mercredi \u00e0 Arusha. \"Nous avons retir\u00e9 la commission D'office de Me Mongo \u00e0 la demande de M.","og_url":"https:\/\/www.justiceinfo.net\/fr\/7413-29091999-tpirpolitiques-une-avocate-congolaise-retiree-du-dossier-dun-ancien-ministre4203.html","og_site_name":"JusticeInfo.net","article_publisher":"https:\/\/www.facebook.com\/JusticeInfo\/","article_published_time":"1999-09-28T22:00:00+00:00","og_image":[{"width":1200,"height":630,"url":"https:\/\/www.justiceinfo.net\/wp-content\/uploads\/JusticeInfoNet_logo_1200x630px.jpg","type":"image\/jpeg"}],"author":"solivri","twitter_card":"summary_large_image","twitter_creator":"@justiceinfonet","twitter_site":"@justiceinfonet","twitter_misc":{"\u00c9crit par":"solivri","Dur\u00e9e de lecture estim\u00e9e":"3 minutes"},"schema":{"@context":"https:\/\/schema.org","@graph":[{"@type":"NewsArticle","@id":"https:\/\/www.justiceinfo.net\/fr\/7413-29091999-tpirpolitiques-une-avocate-congolaise-retiree-du-dossier-dun-ancien-ministre4203.html#article","isPartOf":{"@id":"https:\/\/www.justiceinfo.net\/fr\/7413-29091999-tpirpolitiques-une-avocate-congolaise-retiree-du-dossier-dun-ancien-ministre4203.html"},"author":{"name":"solivri","@id":"https:\/\/www.justiceinfo.net\/fr#\/schema\/person\/6e53cba1629e2e66f3fc1821d3091865"},"headline":"29.09.1999 - TPIR\/POLITIQUES - UNE AVOCATE CONGOLAISE RETIREE DU DOSSIER D'UN ANCIEN MINISTRE","datePublished":"1999-09-28T22:00:00+00:00","mainEntityOfPage":{"@id":"https:\/\/www.justiceinfo.net\/fr\/7413-29091999-tpirpolitiques-une-avocate-congolaise-retiree-du-dossier-dun-ancien-ministre4203.html"},"wordCount":580,"commentCount":0,"publisher":{"@id":"https:\/\/www.justiceinfo.net\/fr#organization"},"articleSection":["Hirondelle News"],"inLanguage":"fr-FR","potentialAction":[{"@type":"CommentAction","name":"Comment","target":["https:\/\/www.justiceinfo.net\/fr\/7413-29091999-tpirpolitiques-une-avocate-congolaise-retiree-du-dossier-dun-ancien-ministre4203.html#respond"]}]},{"@type":"WebPage","@id":"https:\/\/www.justiceinfo.net\/fr\/7413-29091999-tpirpolitiques-une-avocate-congolaise-retiree-du-dossier-dun-ancien-ministre4203.html","url":"https:\/\/www.justiceinfo.net\/fr\/7413-29091999-tpirpolitiques-une-avocate-congolaise-retiree-du-dossier-dun-ancien-ministre4203.html","name":"29.09.1999 - TPIR\/POLITIQUES - UNE AVOCATE CONGOLAISE RETIREE DU DOSSIER D'UN ANCIEN MINISTRE - JusticeInfo.net","isPartOf":{"@id":"https:\/\/www.justiceinfo.net\/fr#website"},"datePublished":"1999-09-28T22:00:00+00:00","breadcrumb":{"@id":"https:\/\/www.justiceinfo.net\/fr\/7413-29091999-tpirpolitiques-une-avocate-congolaise-retiree-du-dossier-dun-ancien-ministre4203.html#breadcrumb"},"inLanguage":"fr-FR","potentialAction":[{"@type":"ReadAction","target":["https:\/\/www.justiceinfo.net\/fr\/7413-29091999-tpirpolitiques-une-avocate-congolaise-retiree-du-dossier-dun-ancien-ministre4203.html"]}]},{"@type":"BreadcrumbList","@id":"https:\/\/www.justiceinfo.net\/fr\/7413-29091999-tpirpolitiques-une-avocate-congolaise-retiree-du-dossier-dun-ancien-ministre4203.html#breadcrumb","itemListElement":[{"@type":"ListItem","position":1,"name":"Home","item":"https:\/\/www.justiceinfo.net\/fr"},{"@type":"ListItem","position":2,"name":"29.09.1999 - TPIR\/POLITIQUES - UNE AVOCATE CONGOLAISE RETIREE DU DOSSIER D'UN ANCIEN MINISTRE"}]},{"@type":"WebSite","@id":"https:\/\/www.justiceinfo.net\/fr#website","url":"https:\/\/www.justiceinfo.net\/fr","name":"JusticeInfo.net","description":"La justice doit \u00eatre vue pour \u00eatre rendue","publisher":{"@id":"https:\/\/www.justiceinfo.net\/fr#organization"},"potentialAction":[{"@type":"SearchAction","target":{"@type":"EntryPoint","urlTemplate":"https:\/\/www.justiceinfo.net\/fr?s={search_term_string}"},"query-input":{"@type":"PropertyValueSpecification","valueRequired":true,"valueName":"search_term_string"}}],"inLanguage":"fr-FR"},{"@type":"Organization","@id":"https:\/\/www.justiceinfo.net\/fr#organization","name":"Justice Info","url":"https:\/\/www.justiceinfo.net\/fr","logo":{"@type":"ImageObject","inLanguage":"fr-FR","@id":"https:\/\/www.justiceinfo.net\/fr#\/schema\/logo\/image\/","url":"https:\/\/www.justiceinfo.net\/wp-content\/uploads\/justiceinfo_logo-trans_1200x1200px.png","contentUrl":"https:\/\/www.justiceinfo.net\/wp-content\/uploads\/justiceinfo_logo-trans_1200x1200px.png","width":1199,"height":1200,"caption":"Justice Info"},"image":{"@id":"https:\/\/www.justiceinfo.net\/fr#\/schema\/logo\/image\/"},"sameAs":["https:\/\/www.facebook.com\/JusticeInfo\/","https:\/\/x.com\/justiceinfonet","https:\/\/www.linkedin.com\/company\/justice-info","https:\/\/www.youtube.com\/channel\/UCyCEsARodyuWtkWyhn-e7pA"]},{"@type":"Person","name":"solivri","url":"\/fr\/?s=solivri"}]}},"_links":{"self":[{"href":"https:\/\/www.justiceinfo.net\/fr\/wp-json\/wp\/v2\/posts\/7413","targetHints":{"allow":["GET"]}}],"collection":[{"href":"https:\/\/www.justiceinfo.net\/fr\/wp-json\/wp\/v2\/posts"}],"about":[{"href":"https:\/\/www.justiceinfo.net\/fr\/wp-json\/wp\/v2\/types\/post"}],"author":[{"embeddable":true,"href":"https:\/\/www.justiceinfo.net\/fr\/wp-json\/wp\/v2\/users\/64"}],"replies":[{"embeddable":true,"href":"https:\/\/www.justiceinfo.net\/fr\/wp-json\/wp\/v2\/comments?post=7413"}],"version-history":[{"count":0,"href":"https:\/\/www.justiceinfo.net\/fr\/wp-json\/wp\/v2\/posts\/7413\/revisions"}],"wp:attachment":[{"href":"https:\/\/www.justiceinfo.net\/fr\/wp-json\/wp\/v2\/media?parent=7413"}],"wp:term":[{"taxonomy":"category","embeddable":true,"href":"https:\/\/www.justiceinfo.net\/fr\/wp-json\/wp\/v2\/categories?post=7413"},{"taxonomy":"post_tag","embeddable":true,"href":"https:\/\/www.justiceinfo.net\/fr\/wp-json\/wp\/v2\/tags?post=7413"},{"taxonomy":"ji_location","embeddable":true,"href":"https:\/\/www.justiceinfo.net\/fr\/wp-json\/wp\/v2\/ji_location?post=7413"}],"curies":[{"name":"wp","href":"https:\/\/api.w.org\/{rel}","templated":true}]}}