{"id":7447,"date":"1999-07-30T00:00:00","date_gmt":"1999-07-29T22:00:00","guid":{"rendered":"https:\/\/www.justiceinfo.net\/7447-30071999-tpirakayesu-lavocat-canadien-john-philpot-commis-doffice-contre-lavis-du-greffe4237.html"},"modified":"1999-07-30T00:00:00","modified_gmt":"1999-07-29T22:00:00","slug":"30071999-tpirakayesu-lavocat-canadien-john-philpot-commis-doffice-contre-lavis-du-greffe4237","status":"publish","type":"post","link":"https:\/\/www.justiceinfo.net\/fr\/7447-30071999-tpirakayesu-lavocat-canadien-john-philpot-commis-doffice-contre-lavis-du-greffe4237.html","title":{"rendered":"30.07.1999 - TPIR\/AKAYESU - l'AVOCAT CANADIEN JOHN PHILPOT COMMIS D'OFFICE CONTRE l'AVIS DU GREFFE"},"content":{"rendered":"<p  >\nArusha 30 juillet 99 (FH) - l'avocat canadien Me John Philpot d\u00e9fendra en deuxi\u00e8me instance l'ancien maire de Taba (pr\u00e9fecture de Gitarama, centre du Rwanda), Jean-Paul Akayesu, en tant que conseil D'office dans la proc\u00e9dure D'appel, a-t-on appris vendredi \u00e0 Arusha.\n<\/p>\n<p  >\nLa Chambre D'appel du Tribunal p\u00e9nal international pour le Rwanda (TPIR) a donn\u00e9 tort au greffe du TPIR, qui avait refus\u00e9 cette nomination, en expliquant notamment que les avocats canadiens et fran\u00e7ais sont sur-repr\u00e9sent\u00e9s.\n<\/p>\n<p><!--more--><\/p>\n<p  >\nD\u00e9clar\u00e9 coupable de g\u00e9nocide et de crimes contre l'humanit\u00e9 le 2 septembre de l'ann\u00e9e derni\u00e8re, Jean-Paul Akayesu s'\u00e9tait s\u00e9par\u00e9 deux semaines plus tard de ses avocats centrafricain, Me Nicholas Tiangaye, et camerounais, Me Patrice Month\u00e9. l'ancien maire affirmait qu'ils l'avaient repr\u00e9sent\u00e9 de fa\u00e7on inad\u00e9quate, au cours de son proc\u00e8s en premi\u00e8re instance.\n<\/p>\n<p  >\nl'ancien maire de Taba demandait depuis lors la nomination de Me Philpot, mais il s'\u00e9tait heurt\u00e9 au refus du greffier de commettre D'office cet avocat \u00e0 sa d\u00e9fense. Jean-Paul Akayesu avait observ\u00e9 au mois D'octobre dernier une gr\u00e8ve de la faim pour demander la commission D'office de Me Philpot. Une vingtaine de co-d\u00e9tenus l'avaient soutenu dans son mouvement, pendant quelques jours.\n<\/p>\n<p  >\nDans une d\u00e9cision rendue le 27 juillet dernier et communiqu\u00e9e vendredi \u00e0 la presse, la chambre D'appel a ordonn\u00e9 au greffier du TPIR de nommer Me Philpot avocat principal de Jean-Paul Akayesu, \u00e0 compter du 22 septembre 1998, date \u00e0 laquelle il a \u00e9t\u00e9 plac\u00e9 sur la liste des avocats agr\u00e9\u00e9s pour repr\u00e9senter les accus\u00e9s \u00e0 Arusha.\n<\/p>\n<p  >\nMotivant sa d\u00e9cision, la chambre D'appel note que \"la pratique du Tribunal a \u00e9t\u00e9 de fournir une liste D'avocats agr\u00e9\u00e9s sur laquelle un accus\u00e9 peut choisir et que M. John Philpot a \u00e9t\u00e9 inclus sur cette liste par le greffier sur insistance de l'appelant [Jean-Paul Akayesu] qui souhaitait que M. Philpot lui soit assign\u00e9\" et que \"le greffier par ce fait a donn\u00e9 un l\u00e9gitime espoir \u00e0 l'appelant que M. Philpot pouvait \u00eatre nomm\u00e9 pour le repr\u00e9senter devant le Tribunal\"\n<\/p>\n<p  >\nLa chambre D'appel instruit en outre le greffier du TPIR de payer \u00e0 Me Philpot les honoraires relatifs au travail fourni depuis le 22 septembre 1998 en relation avec l'appel de Jean-Paul Akayesu.\n<\/p>\n<p  >\nMe Philpot avait notamment adress\u00e9 le 20 janvier dernier \u00e0 la chambre D'appel \"une requ\u00eate en contr\u00f4le judiciaire\" dans lequel il r\u00e9clamait pour Jean-Paul Akayesu \"son droit fondamental D'\u00eatre d\u00e9fendu par l'avocat qu'il a choisi et dans lequel il a confiance\". Me Philpot a par ailleurs r\u00e9dig\u00e9 un avis D'appel au nom de l'ancien maire de Taba.\n<\/p>\n<p  >\nLe greffe du TPIR avait commis D'office, le 9 f\u00e9vrier dernier, l'avocat italien Me Giacomo Barletta Caldarera, \u00e0 la d\u00e9fense D'Akayesu, expliquant qu'un avocat canadien ne pouvait plus \u00eatre autoris\u00e9 \u00e0 repr\u00e9senter un accus\u00e9 pour des raisons notamment D'\u00e9quilibre g\u00e9ographique. Jean-Paul Akayesu a depuis refus\u00e9 D'\u00eatre d\u00e9fendu par Me Calderera.\n<\/p>\n<p  >\n\"En continuant de refuser \u00e0 suivre les r\u00e8gles \u00e9tablies en cette mati\u00e8re [la commission D'office D'avocats], avec la collaboration active D'un pr\u00e9tendu d\u00e9fenseur, l'objectif semble \u00eatre de discr\u00e9diter le Tribunal et de le forcer \u00e0 renoncer \u00e0 ses r\u00e8gles [...], ou encore de paralyser ind\u00e9finiment les proc\u00e9dures judiciaires\", avait r\u00e9agi le greffe dans un communiqu\u00e9.\n<\/p>\n<p  >\nLe parquet et la d\u00e9fenses parties ont d\u00e9sormais jusqu'au 25 octobre pour pr\u00e9senter leurs m\u00e9moires dans la proc\u00e9dure en appel sur la condamnation de Jean-Paul Akayesu et la sentence rendus l'ann\u00e9e derni\u00e8re.\n<\/p>\n<p  >\nl'ancien maire de Taba conteste son jugement de culpabilit\u00e9, arguant entre autres qu'il y a eu \"d\u00e9ni de droit\". Condamn\u00e9 \u00e0 l'emprisonnement \u00e0 vie en premi\u00e8re instance, l'ancien maire de Taba estime par ailleurs que \"la sentence est d\u00e9raisonnable et non justifi\u00e9e\".\n<\/p>\n<p  >\nD\u00e9clar\u00e9 coupable de neuf chefs D'accusation sur quinze retenus contre lui au d\u00e9part, le procureur a d\u00e9pos\u00e9 un avis D'appel de l'acquittement sur les six chefs concern\u00e9s.\n<\/p>\n<p  >\nAT\/PHD\/FH (AK\u00a70730A )<\/p>\n","protected":false},"excerpt":{"rendered":"<p>Arusha 30 juillet 99 (FH) - l'avocat canadien Me John Philpot d\u00e9fendra en deuxi\u00e8me instance l'ancien maire de Taba (pr\u00e9fecture de Gitarama, centre du Rwanda), Jean-Paul Akayesu, en tant que conseil D'office dans la proc\u00e9dure D'appel, a-t-on appris vendredi \u00e0 Arusha. La Chambre D'appel du Tribunal p\u00e9nal international pour le Rwanda (TPIR) a donn\u00e9 tort [&hellip;]<\/p>\n","protected":false},"author":64,"featured_media":0,"comment_status":"open","ping_status":"closed","sticky":false,"template":"","format":"standard","meta":{"_acf_changed":false,"footnotes":""},"categories":[554],"tags":[],"ji_location":[],"class_list":["post-7447","post","type-post","status-publish","format-standard","hentry","category-hirondellenews"],"acf":[],"yoast_head":"<!-- This site is optimized with the Yoast SEO Premium plugin v25.3.1 (Yoast SEO v25.3.1) - https:\/\/yoast.com\/wordpress\/plugins\/seo\/ -->\n<title>30.07.1999 - TPIR\/AKAYESU - l&#039;AVOCAT CANADIEN JOHN PHILPOT COMMIS D&#039;OFFICE CONTRE l&#039;AVIS DU GREFFE - JusticeInfo.net<\/title>\n<meta name=\"robots\" content=\"index, follow, max-snippet:-1, max-image-preview:large, max-video-preview:-1\" \/>\n<link rel=\"canonical\" href=\"https:\/\/www.justiceinfo.net\/fr\/7447-30071999-tpirakayesu-lavocat-canadien-john-philpot-commis-doffice-contre-lavis-du-greffe4237.html\" \/>\n<meta property=\"og:locale\" content=\"fr_FR\" \/>\n<meta property=\"og:type\" content=\"article\" \/>\n<meta property=\"og:title\" content=\"30.07.1999 - TPIR\/AKAYESU - l&#039;AVOCAT CANADIEN JOHN PHILPOT COMMIS D&#039;OFFICE CONTRE l&#039;AVIS DU GREFFE\" \/>\n<meta property=\"og:description\" content=\"Arusha 30 juillet 99 (FH) - l&#039;avocat canadien Me John Philpot d\u00e9fendra en deuxi\u00e8me instance l&#039;ancien maire de Taba (pr\u00e9fecture de Gitarama, centre du Rwanda), Jean-Paul Akayesu, en tant que conseil D&#039;office dans la proc\u00e9dure D&#039;appel, a-t-on appris vendredi \u00e0 Arusha. La Chambre D&#039;appel du Tribunal p\u00e9nal international pour le Rwanda (TPIR) a donn\u00e9 tort [&hellip;]\" \/>\n<meta property=\"og:url\" content=\"https:\/\/www.justiceinfo.net\/fr\/7447-30071999-tpirakayesu-lavocat-canadien-john-philpot-commis-doffice-contre-lavis-du-greffe4237.html\" \/>\n<meta property=\"og:site_name\" content=\"JusticeInfo.net\" \/>\n<meta property=\"article:publisher\" content=\"https:\/\/www.facebook.com\/JusticeInfo\/\" \/>\n<meta property=\"article:published_time\" content=\"1999-07-29T22:00:00+00:00\" \/>\n<meta property=\"og:image\" content=\"https:\/\/www.justiceinfo.net\/wp-content\/uploads\/JusticeInfoNet_logo_1200x630px.jpg\" \/>\n\t<meta property=\"og:image:width\" content=\"1200\" \/>\n\t<meta property=\"og:image:height\" content=\"630\" \/>\n\t<meta property=\"og:image:type\" content=\"image\/jpeg\" \/>\n<meta name=\"author\" content=\"solivri\" \/>\n<meta name=\"twitter:card\" content=\"summary_large_image\" \/>\n<meta name=\"twitter:creator\" content=\"@justiceinfonet\" \/>\n<meta name=\"twitter:site\" content=\"@justiceinfonet\" \/>\n<meta name=\"twitter:label1\" content=\"\u00c9crit par\" \/>\n\t<meta name=\"twitter:data1\" content=\"solivri\" \/>\n\t<meta name=\"twitter:label2\" content=\"Dur\u00e9e de lecture estim\u00e9e\" \/>\n\t<meta name=\"twitter:data2\" content=\"3 minutes\" \/>\n<script type=\"application\/ld+json\" class=\"yoast-schema-graph\">{\"@context\":\"https:\/\/schema.org\",\"@graph\":[{\"@type\":\"NewsArticle\",\"@id\":\"https:\/\/www.justiceinfo.net\/fr\/7447-30071999-tpirakayesu-lavocat-canadien-john-philpot-commis-doffice-contre-lavis-du-greffe4237.html#article\",\"isPartOf\":{\"@id\":\"https:\/\/www.justiceinfo.net\/fr\/7447-30071999-tpirakayesu-lavocat-canadien-john-philpot-commis-doffice-contre-lavis-du-greffe4237.html\"},\"author\":{\"name\":\"solivri\",\"@id\":\"https:\/\/www.justiceinfo.net\/fr#\/schema\/person\/6e53cba1629e2e66f3fc1821d3091865\"},\"headline\":\"30.07.1999 - TPIR\/AKAYESU - l'AVOCAT CANADIEN JOHN PHILPOT COMMIS D'OFFICE CONTRE l'AVIS DU GREFFE\",\"datePublished\":\"1999-07-29T22:00:00+00:00\",\"mainEntityOfPage\":{\"@id\":\"https:\/\/www.justiceinfo.net\/fr\/7447-30071999-tpirakayesu-lavocat-canadien-john-philpot-commis-doffice-contre-lavis-du-greffe4237.html\"},\"wordCount\":728,\"commentCount\":0,\"publisher\":{\"@id\":\"https:\/\/www.justiceinfo.net\/fr#organization\"},\"articleSection\":[\"Hirondelle News\"],\"inLanguage\":\"fr-FR\",\"potentialAction\":[{\"@type\":\"CommentAction\",\"name\":\"Comment\",\"target\":[\"https:\/\/www.justiceinfo.net\/fr\/7447-30071999-tpirakayesu-lavocat-canadien-john-philpot-commis-doffice-contre-lavis-du-greffe4237.html#respond\"]}]},{\"@type\":\"WebPage\",\"@id\":\"https:\/\/www.justiceinfo.net\/fr\/7447-30071999-tpirakayesu-lavocat-canadien-john-philpot-commis-doffice-contre-lavis-du-greffe4237.html\",\"url\":\"https:\/\/www.justiceinfo.net\/fr\/7447-30071999-tpirakayesu-lavocat-canadien-john-philpot-commis-doffice-contre-lavis-du-greffe4237.html\",\"name\":\"30.07.1999 - TPIR\/AKAYESU - l'AVOCAT CANADIEN JOHN PHILPOT COMMIS D'OFFICE CONTRE l'AVIS DU GREFFE - JusticeInfo.net\",\"isPartOf\":{\"@id\":\"https:\/\/www.justiceinfo.net\/fr#website\"},\"datePublished\":\"1999-07-29T22:00:00+00:00\",\"breadcrumb\":{\"@id\":\"https:\/\/www.justiceinfo.net\/fr\/7447-30071999-tpirakayesu-lavocat-canadien-john-philpot-commis-doffice-contre-lavis-du-greffe4237.html#breadcrumb\"},\"inLanguage\":\"fr-FR\",\"potentialAction\":[{\"@type\":\"ReadAction\",\"target\":[\"https:\/\/www.justiceinfo.net\/fr\/7447-30071999-tpirakayesu-lavocat-canadien-john-philpot-commis-doffice-contre-lavis-du-greffe4237.html\"]}]},{\"@type\":\"BreadcrumbList\",\"@id\":\"https:\/\/www.justiceinfo.net\/fr\/7447-30071999-tpirakayesu-lavocat-canadien-john-philpot-commis-doffice-contre-lavis-du-greffe4237.html#breadcrumb\",\"itemListElement\":[{\"@type\":\"ListItem\",\"position\":1,\"name\":\"Home\",\"item\":\"https:\/\/www.justiceinfo.net\/fr\"},{\"@type\":\"ListItem\",\"position\":2,\"name\":\"30.07.1999 - TPIR\/AKAYESU - l'AVOCAT CANADIEN JOHN PHILPOT COMMIS D'OFFICE CONTRE l'AVIS DU GREFFE\"}]},{\"@type\":\"WebSite\",\"@id\":\"https:\/\/www.justiceinfo.net\/fr#website\",\"url\":\"https:\/\/www.justiceinfo.net\/fr\",\"name\":\"JusticeInfo.net\",\"description\":\"La justice doit \u00eatre vue pour \u00eatre rendue\",\"publisher\":{\"@id\":\"https:\/\/www.justiceinfo.net\/fr#organization\"},\"potentialAction\":[{\"@type\":\"SearchAction\",\"target\":{\"@type\":\"EntryPoint\",\"urlTemplate\":\"https:\/\/www.justiceinfo.net\/fr?s={search_term_string}\"},\"query-input\":{\"@type\":\"PropertyValueSpecification\",\"valueRequired\":true,\"valueName\":\"search_term_string\"}}],\"inLanguage\":\"fr-FR\"},{\"@type\":\"Organization\",\"@id\":\"https:\/\/www.justiceinfo.net\/fr#organization\",\"name\":\"Justice Info\",\"url\":\"https:\/\/www.justiceinfo.net\/fr\",\"logo\":{\"@type\":\"ImageObject\",\"inLanguage\":\"fr-FR\",\"@id\":\"https:\/\/www.justiceinfo.net\/fr#\/schema\/logo\/image\/\",\"url\":\"https:\/\/www.justiceinfo.net\/wp-content\/uploads\/justiceinfo_logo-trans_1200x1200px.png\",\"contentUrl\":\"https:\/\/www.justiceinfo.net\/wp-content\/uploads\/justiceinfo_logo-trans_1200x1200px.png\",\"width\":1199,\"height\":1200,\"caption\":\"Justice Info\"},\"image\":{\"@id\":\"https:\/\/www.justiceinfo.net\/fr#\/schema\/logo\/image\/\"},\"sameAs\":[\"https:\/\/www.facebook.com\/JusticeInfo\/\",\"https:\/\/x.com\/justiceinfonet\",\"https:\/\/www.linkedin.com\/company\/justice-info\",\"https:\/\/www.youtube.com\/channel\/UCyCEsARodyuWtkWyhn-e7pA\"]},{\"@type\":\"Person\",\"name\":\"solivri\",\"url\":\"\/fr\/?s=solivri\"}]}<\/script>\n<!-- \/ Yoast SEO Premium plugin. -->","yoast_head_json":{"title":"30.07.1999 - TPIR\/AKAYESU - l'AVOCAT CANADIEN JOHN PHILPOT COMMIS D'OFFICE CONTRE l'AVIS DU GREFFE - JusticeInfo.net","robots":{"index":"index","follow":"follow","max-snippet":"max-snippet:-1","max-image-preview":"max-image-preview:large","max-video-preview":"max-video-preview:-1"},"canonical":"https:\/\/www.justiceinfo.net\/fr\/7447-30071999-tpirakayesu-lavocat-canadien-john-philpot-commis-doffice-contre-lavis-du-greffe4237.html","og_locale":"fr_FR","og_type":"article","og_title":"30.07.1999 - TPIR\/AKAYESU - l'AVOCAT CANADIEN JOHN PHILPOT COMMIS D'OFFICE CONTRE l'AVIS DU GREFFE","og_description":"Arusha 30 juillet 99 (FH) - l'avocat canadien Me John Philpot d\u00e9fendra en deuxi\u00e8me instance l'ancien maire de Taba (pr\u00e9fecture de Gitarama, centre du Rwanda), Jean-Paul Akayesu, en tant que conseil D'office dans la proc\u00e9dure D'appel, a-t-on appris vendredi \u00e0 Arusha. La Chambre D'appel du Tribunal p\u00e9nal international pour le Rwanda (TPIR) a donn\u00e9 tort [&hellip;]","og_url":"https:\/\/www.justiceinfo.net\/fr\/7447-30071999-tpirakayesu-lavocat-canadien-john-philpot-commis-doffice-contre-lavis-du-greffe4237.html","og_site_name":"JusticeInfo.net","article_publisher":"https:\/\/www.facebook.com\/JusticeInfo\/","article_published_time":"1999-07-29T22:00:00+00:00","og_image":[{"width":1200,"height":630,"url":"https:\/\/www.justiceinfo.net\/wp-content\/uploads\/JusticeInfoNet_logo_1200x630px.jpg","type":"image\/jpeg"}],"author":"solivri","twitter_card":"summary_large_image","twitter_creator":"@justiceinfonet","twitter_site":"@justiceinfonet","twitter_misc":{"\u00c9crit par":"solivri","Dur\u00e9e de lecture estim\u00e9e":"3 minutes"},"schema":{"@context":"https:\/\/schema.org","@graph":[{"@type":"NewsArticle","@id":"https:\/\/www.justiceinfo.net\/fr\/7447-30071999-tpirakayesu-lavocat-canadien-john-philpot-commis-doffice-contre-lavis-du-greffe4237.html#article","isPartOf":{"@id":"https:\/\/www.justiceinfo.net\/fr\/7447-30071999-tpirakayesu-lavocat-canadien-john-philpot-commis-doffice-contre-lavis-du-greffe4237.html"},"author":{"name":"solivri","@id":"https:\/\/www.justiceinfo.net\/fr#\/schema\/person\/6e53cba1629e2e66f3fc1821d3091865"},"headline":"30.07.1999 - TPIR\/AKAYESU - l'AVOCAT CANADIEN JOHN PHILPOT COMMIS D'OFFICE CONTRE l'AVIS DU GREFFE","datePublished":"1999-07-29T22:00:00+00:00","mainEntityOfPage":{"@id":"https:\/\/www.justiceinfo.net\/fr\/7447-30071999-tpirakayesu-lavocat-canadien-john-philpot-commis-doffice-contre-lavis-du-greffe4237.html"},"wordCount":728,"commentCount":0,"publisher":{"@id":"https:\/\/www.justiceinfo.net\/fr#organization"},"articleSection":["Hirondelle News"],"inLanguage":"fr-FR","potentialAction":[{"@type":"CommentAction","name":"Comment","target":["https:\/\/www.justiceinfo.net\/fr\/7447-30071999-tpirakayesu-lavocat-canadien-john-philpot-commis-doffice-contre-lavis-du-greffe4237.html#respond"]}]},{"@type":"WebPage","@id":"https:\/\/www.justiceinfo.net\/fr\/7447-30071999-tpirakayesu-lavocat-canadien-john-philpot-commis-doffice-contre-lavis-du-greffe4237.html","url":"https:\/\/www.justiceinfo.net\/fr\/7447-30071999-tpirakayesu-lavocat-canadien-john-philpot-commis-doffice-contre-lavis-du-greffe4237.html","name":"30.07.1999 - TPIR\/AKAYESU - l'AVOCAT CANADIEN JOHN PHILPOT COMMIS D'OFFICE CONTRE l'AVIS DU GREFFE - JusticeInfo.net","isPartOf":{"@id":"https:\/\/www.justiceinfo.net\/fr#website"},"datePublished":"1999-07-29T22:00:00+00:00","breadcrumb":{"@id":"https:\/\/www.justiceinfo.net\/fr\/7447-30071999-tpirakayesu-lavocat-canadien-john-philpot-commis-doffice-contre-lavis-du-greffe4237.html#breadcrumb"},"inLanguage":"fr-FR","potentialAction":[{"@type":"ReadAction","target":["https:\/\/www.justiceinfo.net\/fr\/7447-30071999-tpirakayesu-lavocat-canadien-john-philpot-commis-doffice-contre-lavis-du-greffe4237.html"]}]},{"@type":"BreadcrumbList","@id":"https:\/\/www.justiceinfo.net\/fr\/7447-30071999-tpirakayesu-lavocat-canadien-john-philpot-commis-doffice-contre-lavis-du-greffe4237.html#breadcrumb","itemListElement":[{"@type":"ListItem","position":1,"name":"Home","item":"https:\/\/www.justiceinfo.net\/fr"},{"@type":"ListItem","position":2,"name":"30.07.1999 - TPIR\/AKAYESU - l'AVOCAT CANADIEN JOHN PHILPOT COMMIS D'OFFICE CONTRE l'AVIS DU GREFFE"}]},{"@type":"WebSite","@id":"https:\/\/www.justiceinfo.net\/fr#website","url":"https:\/\/www.justiceinfo.net\/fr","name":"JusticeInfo.net","description":"La justice doit \u00eatre vue pour \u00eatre rendue","publisher":{"@id":"https:\/\/www.justiceinfo.net\/fr#organization"},"potentialAction":[{"@type":"SearchAction","target":{"@type":"EntryPoint","urlTemplate":"https:\/\/www.justiceinfo.net\/fr?s={search_term_string}"},"query-input":{"@type":"PropertyValueSpecification","valueRequired":true,"valueName":"search_term_string"}}],"inLanguage":"fr-FR"},{"@type":"Organization","@id":"https:\/\/www.justiceinfo.net\/fr#organization","name":"Justice Info","url":"https:\/\/www.justiceinfo.net\/fr","logo":{"@type":"ImageObject","inLanguage":"fr-FR","@id":"https:\/\/www.justiceinfo.net\/fr#\/schema\/logo\/image\/","url":"https:\/\/www.justiceinfo.net\/wp-content\/uploads\/justiceinfo_logo-trans_1200x1200px.png","contentUrl":"https:\/\/www.justiceinfo.net\/wp-content\/uploads\/justiceinfo_logo-trans_1200x1200px.png","width":1199,"height":1200,"caption":"Justice Info"},"image":{"@id":"https:\/\/www.justiceinfo.net\/fr#\/schema\/logo\/image\/"},"sameAs":["https:\/\/www.facebook.com\/JusticeInfo\/","https:\/\/x.com\/justiceinfonet","https:\/\/www.linkedin.com\/company\/justice-info","https:\/\/www.youtube.com\/channel\/UCyCEsARodyuWtkWyhn-e7pA"]},{"@type":"Person","name":"solivri","url":"\/fr\/?s=solivri"}]}},"_links":{"self":[{"href":"https:\/\/www.justiceinfo.net\/fr\/wp-json\/wp\/v2\/posts\/7447","targetHints":{"allow":["GET"]}}],"collection":[{"href":"https:\/\/www.justiceinfo.net\/fr\/wp-json\/wp\/v2\/posts"}],"about":[{"href":"https:\/\/www.justiceinfo.net\/fr\/wp-json\/wp\/v2\/types\/post"}],"author":[{"embeddable":true,"href":"https:\/\/www.justiceinfo.net\/fr\/wp-json\/wp\/v2\/users\/64"}],"replies":[{"embeddable":true,"href":"https:\/\/www.justiceinfo.net\/fr\/wp-json\/wp\/v2\/comments?post=7447"}],"version-history":[{"count":0,"href":"https:\/\/www.justiceinfo.net\/fr\/wp-json\/wp\/v2\/posts\/7447\/revisions"}],"wp:attachment":[{"href":"https:\/\/www.justiceinfo.net\/fr\/wp-json\/wp\/v2\/media?parent=7447"}],"wp:term":[{"taxonomy":"category","embeddable":true,"href":"https:\/\/www.justiceinfo.net\/fr\/wp-json\/wp\/v2\/categories?post=7447"},{"taxonomy":"post_tag","embeddable":true,"href":"https:\/\/www.justiceinfo.net\/fr\/wp-json\/wp\/v2\/tags?post=7447"},{"taxonomy":"ji_location","embeddable":true,"href":"https:\/\/www.justiceinfo.net\/fr\/wp-json\/wp\/v2\/ji_location?post=7447"}],"curies":[{"name":"wp","href":"https:\/\/api.w.org\/{rel}","templated":true}]}}