{"id":76910,"date":"2021-05-07T11:33:27","date_gmt":"2021-05-07T09:33:27","guid":{"rendered":"https:\/\/www.justiceinfo.net\/?p=76910"},"modified":"2021-05-07T12:11:01","modified_gmt":"2021-05-07T10:11:01","slug":"prises-otages-colombie-farc-reconnaissent-responsabilite","status":"publish","type":"post","link":"https:\/\/www.justiceinfo.net\/fr\/76910-prises-otages-colombie-farc-reconnaissent-responsabilite.html","title":{"rendered":"Prises d\u2019otages en Colombie : les FARC reconnaissent leur pleine responsabilit\u00e9"},"content":{"rendered":"\n<p><strong>Dans ce qui est jusqu'\u00e0 pr\u00e9sent le r\u00e9sultat le plus \u00e9clatant de la justice transitionnelle en Colombie, vendredi dernier, sept hauts dirigeants des anciennes Forces arm\u00e9es r\u00e9volutionnaires (FARC) ont reconnu leur responsabilit\u00e9 dans plusieurs milliers de prises d\u2019otages et ont demand\u00e9 pardon aux victimes. Ils ont reconnu avoir commis des crimes de guerre et des crimes contre l'humanit\u00e9.<\/strong><\/p>\n\n\n\n<!--more-->\n\n\n\n<p>\"Avec le plus grand respect, nous souhaitons nous adresser aux victimes qui sont au centre de l'accord de paix\", a commenc\u00e9 Pastor Alape, un ex-commandant des Forces arm\u00e9es r\u00e9volutionnaires de Colombie (FARC) et n\u00e9gociateur de paix \u00e2g\u00e9 de 62 ans, d'une voix tremblante. \"Nous sommes ici aujourd'hui pour reconna\u00eetre toutes les responsabilit\u00e9s politiques et juridiques contenues dans l'acte d'accusation qui nous a \u00e9t\u00e9 pr\u00e9sent\u00e9. Nous assumons tous les \u00e9v\u00e9nements et les comportements qu'il contient\".<\/p>\n\n\n\n<p>C\u2019est un moment d\u00e9cisif pour le syst\u00e8me de justice transitionnelle de la Colombie issu de l'accord de paix de 2016 entre le gouvernement et les FARC. Alape et Juli\u00e1n Gallo sont les premiers anciens combattants \u00e0 avouer officiellement leurs crimes. Au cours d'une <a href=\"https:\/\/www.youtube.com\/watch?v=xH81lUSrSYs\">conf\u00e9rence de presse<\/a> d'une heure diffus\u00e9e en direct, ils ont pr\u00e9sent\u00e9 la r\u00e9ponse de l'ancienne gu\u00e9rilla marxiste au premier acte d'accusation d\u00e9voil\u00e9 fin janvier par la Juridiction sp\u00e9ciale pour la paix (connue des Colombiens sous le nom de JEP), <a href=\"https:\/\/www.justiceinfo.net\/fr\/69211-premiere-colombie-huit-farc-accuses-crimes-de-guerre-crimes-contre-humanite.html\">qui les a inculp\u00e9s ainsi que six autres dirigeants des FARC<\/a>.<\/p>\n\n\n\n<p>Plus tard dans la journ\u00e9e, l'\u00e9quipe juridique des FARC a d\u00e9pos\u00e9 sa r\u00e9ponse officielle de 360 pages, qui n'a pas encore \u00e9t\u00e9 rendue publique et que les victimes ont commenc\u00e9 \u00e0 recevoir cette semaine.<\/p>\n\n\n\n<h2 class=\"wp-block-heading\">Une reconnaissance historique<\/h2>\n\n\n\n<p>Trois ans apr\u00e8s le d\u00e9marrage de la JEP, l\u2019acceptation des conclusions de la Cour par les FARC est capitale. En premier lieu, elle semble valider le pari de la Colombie sur un syst\u00e8me de justice transitionnelle qui conditionne des sanctions plus cl\u00e9mentes \u00e0 une reconnaissance de responsabilit\u00e9 criminelle et \u00e0 un engagement \u00e0 r\u00e9pondre aux demandes de v\u00e9rit\u00e9 et de r\u00e9paration des victimes.<\/p>\n\n\n\n<p>Leur admission ouvre la voie \u00e0 une condamnation des sept premiers commandants des FARC \u00e0 des peines de 5 \u00e0 8 ans dans un cadre non carc\u00e9ral, \u00e0 condition que la JEP estime qu'ils r\u00e9pondent de fa\u00e7on effective aux demandes des victimes. S'ils avaient contest\u00e9 ses conclusions, leur dossier serait alors entr\u00e9 dans une phase contradictoire du tribunal sp\u00e9cial, et ils auraient encouru alors des peines de 15 \u00e0 20 ans de prison.<\/p>\n\n\n\n<p>L'affaire est importante en raison de son symbolisme. Les prises d\u2019otages ont \u00e9t\u00e9 pendant des ann\u00e9es la pratique la plus tristement c\u00e9l\u00e8bre des FARC, les images obs\u00e9dantes de prisonniers en cage et encha\u00een\u00e9s dans la for\u00eat tropicale attirant l'attention des m\u00e9dias.<\/p>\n\n\n\n<p>Il n'est pas surprenant, comme l\u2019a \u00e9crit <a href=\"https:\/\/www.justiceinfo.net\/fr\/69211-premiere-colombie-huit-farc-accuses-crimes-de-guerre-crimes-contre-humanite.html\">Justice Info<\/a>, que l\u2019affaire ait \u00e9t\u00e9 consid\u00e9r\u00e9e comme un test d\u00e9cisif pour savoir si la JEP - et plus largement l'accord de paix \u2013 parvenait \u00e0 persuader les hauts grad\u00e9s de l'ancienne gu\u00e9rilla de faire preuve de contrition pour leurs crimes et de rendre justice aux 2.528 victimes enregistr\u00e9es avec leurs proches comme parties \u00e0 l'affaire, dont certaines ont \u00e9t\u00e9 retenues en captivit\u00e9 pendant quatorze ann\u00e9es.<\/p>\n\n\n\n<p>Cela montre enfin que l'approche de la justice transitionnelle colombienne visant \u00e0 poursuivre au moins les principaux responsables des crimes les plus graves donne des r\u00e9sultats. Les premiers inculp\u00e9s faisaient tous partie du secr\u00e9tariat g\u00e9n\u00e9ral des FARC, c'est-\u00e0-dire de la plus haute sph\u00e8re du pouvoir, notamment l'ancien commandant en chef Rodrigo Londo\u00f1o, les anciens n\u00e9gociateurs de paix Jaime Parra, Joaqu\u00edn G\u00f3mez, Rodrigo Granda et Alape, ainsi que les actuels membres du Congr\u00e8s Pablo Catatumbo et Gallo. Un huiti\u00e8me, <a href=\"https:\/\/www.wradio.com.co\/noticias\/actualidad\/murio-bertulfo-alvarez-excomandante-de-las-farc\/20210127\/nota\/4104970.aspx\">Bertulfo Alvarez<\/a>, est mort d'un cancer un jour avant la publication de l\u2019acte d\u2019accusation.<\/p>\n\n\n\n<h2 class=\"wp-block-heading\">Ce que les FARC reconnaissent<\/h2>\n\n\n\n<p>Dans leur d\u00e9claration publique et dans leur r\u00e9ponse \u00e9crite, les anciens dirigeants des FARC acceptent l'essentiel des conclusions pr\u00e9sent\u00e9es par le Panel judiciaire de mise en accusation de la JEP dans son <a href=\"https:\/\/www.jep.gov.co\/Sala-de-Prensa\/Documents\/CASO%2001%20TOMA%20DE%20REHENES\/Auto%20No.%2019%20de%202021.pdf?csf=1&amp;e=16bYs0\">acte d\u2019accusation de 322 pages<\/a> concernant les milliers de prises d\u2019otages commises entre 1990 et 2012.<\/p>\n\n\n\n<p>Pour commencer, ils acceptent la description faite par la JEP de trois grandes cat\u00e9gories de politiques criminelles. Ils admettent avoir enlev\u00e9 des centaines de personnes dans le but, en premier lieu, d'obtenir des ran\u00e7ons, rapidement devenues l'une principales sources de financement du mouvement arm\u00e9. Il s'agissait, a conclu le tribunal, \"d'une politique qui transformait des \u00eatres humains en objets dont la valeur ne r\u00e9sidait pas dans leur dignit\u00e9 humaine, mais dans l'argent qu'ils pouvaient apporter \u00e0 l'organisation arm\u00e9e\".<\/p>\n\n\n\n<p>Les anciens chefs de la gu\u00e9rilla reconnaissent, en deuxi\u00e8me lieu, avoir gard\u00e9 en otage des centaines de personnes, notamment des hommes politiques, des soldats et des policiers, afin de faire pression sur le gouvernement pour qu'il les \u00e9change contre des rebelles emprisonn\u00e9s. Les dirigeants des FARC inculp\u00e9s ont reconnu ces deux pratiques, bien qu'ils cherchent \u00e0 les d\u00e9peindre comme ob\u00e9issant \u00e0 des motivations diff\u00e9rentes, soit politique soit militaire.<\/p>\n\n\n\n<p>Enfin, les commandants des FARC reconnaissent avoir d\u00e9tenu des centaines de civils et de fonctionnaires dans des r\u00e9gions o\u00f9 ils cherchaient \u00e0 affirmer leur contr\u00f4le social et territorial, un type de prise d\u2019otages rest\u00e9 pratiquement invisible jusqu\u2019\u00e0 ce que la JEP le documente.<\/p>\n\n\n\n<p>Dans son acte d'accusation, la JEP a identifi\u00e9 dans chacune de ces trois cat\u00e9gories, des exemples sp\u00e9cifiques d'enl\u00e8vements r\u00e9alis\u00e9s par chacune des structures militaires des FARC. Ces informations ont servi de base \u00e0 ses conclusions selon lesquelles les trois politiques \u2013 soit pour de l'argent, soit pour \u00e9changer des prisonniers ou soit pour contr\u00f4ler un territoire - \u00e9taient \u00e0 la fois \"syst\u00e9matiques\" et \"g\u00e9n\u00e9ralis\u00e9es\". Au total, le tribunal estime qu'au moins 21.396 personnes ont \u00e9t\u00e9 enlev\u00e9es par les FARC au cours de deux d\u00e9cennies.<\/p>\n\n\n\n<p>Dans ce contexte, la JEP les a accus\u00e9s du crime de guerre de \"prise d'otages\" et du crime contre l'humanit\u00e9 d'\"emprisonnement ou autre privation grave de libert\u00e9 physique\", ainsi que de meurtre, torture, violence sexuelle, disparition forc\u00e9e, d\u00e9placement forc\u00e9 et autres actes inhumains. Elle a \u00e9galement pr\u00e9cis\u00e9 qu'en vertu du droit colombien, ils \u00e9taient responsables d'\"enl\u00e8vement par extorsion\" et d'\"enl\u00e8vement simple\".<\/p>\n\n\n\n<p>Les dirigeants des FARC n'ont pas contest\u00e9 ces all\u00e9gations. Comme l'a d\u00e9clar\u00e9 Alape, \"nous reconnaissons que, plus que des erreurs, nous avons commis de graves violations du droit international humanitaire\".<\/p>\n\n\n\n<h2 class=\"wp-block-heading\">Une douleur intense enfin reconnue<\/h2>\n\n\n\n<p>La r\u00e9ponse des ex-gu\u00e9rilleros tient compte des appels des victimes \u00e0 une reconnaissance plus compl\u00e8te de leur d\u00e9tresse physique et \u00e9motionnelle. Au cours des deux derni\u00e8res ann\u00e9es, ils avaient admis leur responsabilit\u00e9 et exprim\u00e9 des regrets mais, comme Justice Info l'a racont\u00e9 <a href=\"https:\/\/www.justiceinfo.net\/fr\/44100-kidnappings-par-les-farc-d-une-retention-a-un-confinement-criminel.html\">ici<\/a>, les victimes \u00e9taient r\u00e9volt\u00e9es par le fait que leurs ravisseurs n'avaient pas voulu parler les traitements d\u00e9gradants qui leur avaient \u00e9t\u00e9 inflig\u00e9s et les ann\u00e9es de longues souffrances que leurs familles avaient endur\u00e9es en leur absence. Les enl\u00e8vements sont, selon les termes de la JEP, \"une situation extr\u00eame qui met tous les aspects de la vie en p\u00e9ril.\"<\/p>\n\n\n\n<p>La r\u00e9ponse des FARC appr\u00e9hende enfin toute l'ampleur des souffrances caus\u00e9es. \"Aujourd'hui, nous sommes conscients des cons\u00e9quences que la captivit\u00e9 a eu sur les prisonniers. La douleur que nous avons caus\u00e9e en les privant de leur libert\u00e9, sans les conditions de dignit\u00e9 qu'ils exigeaient, l'impossibilit\u00e9 d'\u00eatre en contact avec leurs proches, les cha\u00eenes et les multiples situations qu'ils ont d\u00fb endurer pendant ces ann\u00e9es de captivit\u00e9 ne sont pas justifi\u00e9es\", disent-ils d\u00e9sormais, revenant sur leurs affirmations pr\u00e9c\u00e9dentes selon lesquelles les victimes \u00e9taient g\u00e9n\u00e9ralement bien trait\u00e9es.<\/p>\n\n\n\n<p>Ils sont conscients, soulignent-ils, des nombreux traumatismes subis : les otages encha\u00een\u00e9s, les enfants qui ont grandi sans leurs parents, les familles dont les proches ne sont jamais revenus, les photomontages con\u00e7us pour torturer les gens en leur faisant croire que leurs proches \u00e9taient morts, les villes dont l'\u00e9conomie a \u00e9t\u00e9 bris\u00e9e par des entreprises en faillite, les personnes contraintes de vendre tous leurs biens pour payer la ran\u00e7on, les maladies qui n'ont pas \u00e9t\u00e9 soign\u00e9es ou qui l'ont \u00e9t\u00e9 avec des rem\u00e8des peu orthodoxes comme la poudre \u00e0 canon, les probl\u00e8mes de sant\u00e9 \u00e9motionnelle et mentale \u00e0 long terme.<\/p>\n\n\n\n<p>\"Nous comprenons maintenant la peur, l'anxi\u00e9t\u00e9 et la m\u00e9fiance qu'ils ont endur\u00e9es tout au long de cette exp\u00e9rience douloureuse, et comment cela a affect\u00e9 leur vie quotidienne apr\u00e8s la lib\u00e9ration. Nous savons que leurs vies resteront marqu\u00e9es\", peut-on lire dans un passage poignant de leur r\u00e9ponse, qui d\u00e9crit les enl\u00e8vements comme \"un acte r\u00e9pr\u00e9hensible au-del\u00e0 de toute justification\" et \"une contradiction de l'humanit\u00e9\".<\/p>\n\n\n\n<p>Ce n'est pas la seule question sensible sur laquelle les FARC ont fait volte-face. Elles admettent aussi explicitement que certaines victimes ont subi des violences sexuelles et que des soldats et des policiers ont \u00e9t\u00e9 soumis \u00e0 des traitements d\u00e9gradants, deux r\u00e9alit\u00e9s qu'elles avaient \u00e9lud\u00e9es auparavant.<\/p>\n\n\n\n<figure class=\"wp-block-image size-large\"><img loading=\"lazy\" decoding=\"async\" width=\"1200\" height=\"800\" src=\"https:\/\/www.justiceinfo.net\/wp-content\/uploads\/Colombia_FARC_@JEP.jpg\" alt=\"Plusieurs ex-FARC sont auditionn\u00e9s par la JEP en Colombie\" class=\"wp-image-76925\" title=\"Plusieurs ex-FARC sont auditionn\u00e9s par la JEP en Colombie\" srcset=\"https:\/\/www.justiceinfo.net\/wp-content\/uploads\/Colombia_FARC_@JEP.jpg 1200w, https:\/\/www.justiceinfo.net\/wp-content\/uploads\/Colombia_FARC_@JEP-540x360.jpg 540w, https:\/\/www.justiceinfo.net\/wp-content\/uploads\/Colombia_FARC_@JEP-730x487.jpg 730w, https:\/\/www.justiceinfo.net\/wp-content\/uploads\/Colombia_FARC_@JEP-1110x740.jpg 1110w\" sizes=\"auto, (max-width: 1200px) 100vw, 1200px\" \/><figcaption>Audition de 23 ex-gu\u00e9rilleros du bloc oriental des FARC devant le tribunal sp\u00e9cial de Colombie (JEP), le 25 novembre 2019, dans l'affaire n\u00b0 1 relative aux prises d'otages. \u00a9 Jurisdicci\u00f3n Especial para la Paz (JEP)<\/figcaption><\/figure>\n\n\n\n<h2 class=\"wp-block-heading\">R\u00e9ponses aux questions pos\u00e9es par les victimes<\/h2>\n\n\n\n<p>La d\u00e9cision des FARC d'admettre leurs crimes souligne une <a href=\"https:\/\/lasillavacia.com\/transito-las-farc-negar-secuestro-aceptar-cometieron-crimen-lesa-humanidad-81298\">transformation majeure<\/a>. Il y a neuf ans, au d\u00e9but des pourparlers de paix de La Havane, le n\u00e9gociateur - devenu d\u00e9serteur et fugitif - Jes\u00fas Santrich s\u2019\u00e9tait moqu\u00e9 des victimes, citant une c\u00e9l\u00e8bre chanson de bol\u00e9ro pour dire que seulement \"peut-\u00eatre, peut-\u00eatre, peut-\u00eatre\" ils leur r\u00e9pondraient.<\/p>\n\n\n\n<p>Ils sont maintenant pass\u00e9s de reconnaissances g\u00e9n\u00e9riques \u00e0 des expressions de remords plus d\u00e9taill\u00e9es. Ils consacrent au moins un tiers de leur r\u00e9ponse \u00e9crite \u00e0 des r\u00e9ponses aux questions sp\u00e9cifiques soumises par 908 victimes, que la JEP a recueillies et transmises \u00e0 leurs avocats.<\/p>\n\n\n\n<p>\"Depuis que nous avons commenc\u00e9 \u00e0 rencontrer et \u00e0 \u00e9couter les victimes \u00e0 La Havane, nous avons int\u00e9rioris\u00e9 leur douleur\", a d\u00e9clar\u00e9 Alape, un ancien commandant du bloc du nord-ouest qui a \u00e9galement \u00e9t\u00e9 le meneur de l'un des rares actes publics de contrition des FARC, dans la ville de Grenade, ravag\u00e9e par la guerre. \"Nous pouvons dire que nous assumons de fa\u00e7on beaucoup plus consciente notre responsabilit\u00e9 politique et juridique, qui doit nous conduire \u00e0 la fin du conflit arm\u00e9 et ouvrir la voie au dialogue comme unique m\u00e9thode pour r\u00e9soudre les conflits qui nous divisent encore en tant que citoyens. Notre volont\u00e9 - que nous affirmons dans notre r\u00e9ponse \u00e0 l'acte d'accusation - est d\u2019apporter une r\u00e9ponse au pays et aux victimes\".<\/p>\n\n\n\n<p>\"Cela a \u00e9t\u00e9 un processus long et difficile, mais la position qui est la n\u00f4tre aujourd'hui n'est pas artificielle. De telles transitions prennent du temps\", a d\u00e9clar\u00e9 Gallo, qui a dirig\u00e9 le bloc oriental de la gu\u00e9rilla sous son nom de guerre, \"Carlos Antonio Lozada\". Il a notamment expliqu\u00e9 qu'il avait organis\u00e9 dix ateliers de trois jours dans tout le pays avec d'autres anciens rebelles, pour expliquer l'acte d'accusation, discuter du chemin \u00e0 parcourir et recueillir des informations pour r\u00e9pondre aux questions des victimes.<\/p>\n\n\n\n<p>Leur r\u00e9ponse vise notamment \u00e0 fournir quelques informations sur ceux qui ne sont jamais rentr\u00e9s chez eux. L'une des r\u00e9v\u00e9lations les plus frappantes de la JEP est le nombre de prises d\u2019otages qui ont connu une fin tragique : au moins 627 victimes (2,9 % du total) ont \u00e9t\u00e9 assassin\u00e9es et 1.860 autres (8,7 %) sont toujours port\u00e9es disparues. Raison pour laquelle les ex-FARC travaillent avec l'Unit\u00e9 de recherche des personnes port\u00e9es disparues, qui fait \u00e9galement partie du syst\u00e8me de justice transitionnelle.<\/p>\n\n\n\n<h2 class=\"wp-block-heading\">Objections mineures \u00e0 l'acte d'accusation<\/h2>\n\n\n\n<p>Les FARC ont formul\u00e9 quelques objections mineures dans leur r\u00e9ponse \u00e0 la JEP. \"Nous soulignons simplement certaines lacunes que nous voyons dans l'acte d'accusation, qui ne cherchent en aucun cas \u00e0 \u00e9luder notre responsabilit\u00e9 ou \u00e0 diminuer la valeur de la reconnaissance que nous faisons\", a d\u00e9clar\u00e9 Gallo, les d\u00e9crivant comme des d\u00e9tails juridiques.<\/p>\n\n\n\n<p>Premi\u00e8rement, ils demandent \u00e0 la JEP de reconsid\u00e9rer la prise d'otages de soldats et de policiers comme un crime de guerre, bien qu'ils acceptent l'\u00e9valuation du tribunal selon laquelle ces victimes ont subi d'autres crimes pendant leur captivit\u00e9. Ce deuxi\u00e8me aveu signifie que les membres de l'arm\u00e9e, bien qu'ils ne soient pas strictement consid\u00e9r\u00e9s comme des prisonniers de guerre puisque le conflit arm\u00e9 en Colombie n'\u00e9tait pas international, seraient tout de m\u00eame consid\u00e9r\u00e9s par le JEP comme des victimes de crimes de guerre.<\/p>\n\n\n\n<p>Deuxi\u00e8mement, ils acceptent enfin que des violences sexuelles ont eu lieu, mais soulignent qu'elles n'\u00e9taient pas syst\u00e9matiques (m\u00eame si le tribunal ne le dit pas). De m\u00eame, ils acceptent la d\u00e9termination de la JEP sur leur responsabilit\u00e9 de commandement dans les enl\u00e8vements, mais soutiennent que cela ne s'applique pas aux violences sexuelles \u00e9tant donn\u00e9 qu'ils n'ont pas toujours eu un contr\u00f4le effectif sur leurs subordonn\u00e9s et qu'ils ont puni les cas d'abus sexuels dont ils ont eu connaissance.<\/p>\n\n\n\n<p>D'autres demandes sont plus politiques. Parmi celles-ci, elles demandent \u00e0 la JEP de d\u00e9clarer explicitement qu'ils \u00e9taient des acteurs aux motivations politiques s\u2019appuyant sur le droit \u00e0 la r\u00e9bellion, de consid\u00e9rer la d\u00e9finition la plus large possible des amnisties lorsqu'elle jugera d'autres anciens rebelles ou d'inclure plus d'informations dans son acte d'accusation final sur leurs parcours de vie et leurs motivations. Le raisonnement derri\u00e8re ces demandes est probablement moins li\u00e9 \u00e0 la d\u00e9cision du tribunal et plus orient\u00e9 vers le maintien du moral de leurs troupes, dont beaucoup attendent encore des d\u00e9cisions sur leur situation juridique.<\/p>\n\n\n\n<h2 class=\"wp-block-heading\">La voie \u00e0 suivre<\/h2>\n\n\n\n<p>Cette reconnaissance des FARC signifie probablement que cette \"affaire 01\" - l'un des sept premiers <a href=\"https:\/\/www.justiceinfo.net\/fr\/43485-quelles-sanctions-defi-justice-colombienne-2020.html\">macro-dossiers<\/a> ouverts par la JEP et l'une des deux qui se concentrent sp\u00e9cifiquement sur la gu\u00e9rilla - continuera \u00e0 avancer sur la voie de la recherche d'un \u00e9quilibre entre la r\u00e9tribution et la r\u00e9paration, qui est pr\u00e9cis\u00e9ment ce qui a rendu la justice transitionnelle colombienne innovante.<\/p>\n\n\n\n<p>Cette ann\u00e9e, la JEP va annoncer des d\u00e9cisions similaires ax\u00e9es sur les r\u00f4les et les responsabilit\u00e9s des commandants r\u00e9gionaux de la gu\u00e9rilla et de leurs subordonn\u00e9s, en partie parce que ces derniers sont les plus susceptibles de conna\u00eetre les v\u00e9rit\u00e9s d\u00e9taill\u00e9es que les victimes veulent entendre. Des actes d'accusation similaires sont \u00e9galement attendus prochainement dans une <a href=\"https:\/\/www.justiceinfo.net\/fr\/74690-faux-positifs-chiffre-declenche-tempete-politique-colombie.html\">deuxi\u00e8me affaire<\/a>, concernant des ex\u00e9cutions extrajudiciaires perp\u00e9tr\u00e9es par des membres de l'arm\u00e9e colombienne.<\/p>\n\n\n\n<p>Plusieurs questions importantes restent encore sans r\u00e9ponse, notamment celle de savoir \u00e0 quoi ressembleront exactement les peines - ce que, <a href=\"https:\/\/www.justiceinfo.net\/fr\/43485-quelles-sanctions-defi-justice-colombienne-2020.html\">comme l'a expliqu\u00e9 Justice Info<\/a>, la JEP doit encore \u00e9toffer - et si les deux l\u00e9gislateurs mis en accusation par les FARC, dont Gallo, seront autoris\u00e9s \u00e0 continuer \u00e0 si\u00e9ger au Congr\u00e8s tout en purgeant leur peine. On ne sait pas non plus comment le tribunal traitera leurs observations juridiques, qui appellent des r\u00e9ponses. \u00c0 plus br\u00e8ve \u00e9ch\u00e9ance, la JEP devra d\u00e9cider s'il convient d'organiser une c\u00e9r\u00e9monie publique au cours de laquelle les sept ex-commandants annonceront officiellement leurs d\u00e9cisions et s'adresseront directement \u00e0 leurs victimes.<\/p>\n\n\n\n<p>Cela pourrait aider cette annonce historique \u00e0 toucher un plus grand nombre de Colombiens, confront\u00e9s ces deux derni\u00e8res semaines \u00e0 une avalanche de nouvelles li\u00e9es \u00e0 la troisi\u00e8me vague grave de Covid-19 dans le pays et \u00e0 des manifestations antigouvernementales massives.<\/p>\n\n\n<div class=\"articleLink articleLink--editorRecommanded articleLink--textInImage articleLink--textTop\" style=\"\">\r\n\t\t\t\t\t\r\n\t\t\t<div class=\"articleLinkSurTitle\">Recommand\u00e9 par la r\u00e9daction<\/div>\r\n\t\t\t<a class=\"articleLinkImageLink\" href=\"https:\/\/www.justiceinfo.net\/fr\/69211-premiere-colombie-huit-farc-accuses-crimes-de-guerre-crimes-contre-humanite.html\"><div class=\"articleLinkImageContainer \"><img loading=\"lazy\" decoding=\"async\" width=\"540\" height=\"360\" src=\"https:\/\/www.justiceinfo.net\/wp-content\/uploads\/Colombia_JEP-Jurisdiccion-Especial-para-la-Paz_Julieta-Lemaitre_@JEP-540x360.jpg\" class=\"articleLinkImage backgroundImageTag w-100 wp-post-image\" alt=\"Julieta Lemaitre (JEP - Jurisdiccion-Especial para la Paz), in Colombia\" srcset=\"https:\/\/www.justiceinfo.net\/wp-content\/uploads\/Colombia_JEP-Jurisdiccion-Especial-para-la-Paz_Julieta-Lemaitre_@JEP-540x360.jpg 540w, https:\/\/www.justiceinfo.net\/wp-content\/uploads\/Colombia_JEP-Jurisdiccion-Especial-para-la-Paz_Julieta-Lemaitre_@JEP-730x486.jpg 730w, https:\/\/www.justiceinfo.net\/wp-content\/uploads\/Colombia_JEP-Jurisdiccion-Especial-para-la-Paz_Julieta-Lemaitre_@JEP-1110x739.jpg 1110w, https:\/\/www.justiceinfo.net\/wp-content\/uploads\/Colombia_JEP-Jurisdiccion-Especial-para-la-Paz_Julieta-Lemaitre_@JEP.jpg 1200w\" sizes=\"auto, (max-width: 540px) 100vw, 540px\" \/><\/div><\/a>\r\n\t\t\t<a href=\"https:\/\/www.justiceinfo.net\/fr\/69211-premiere-colombie-huit-farc-accuses-crimes-de-guerre-crimes-contre-humanite.html\" class=\"articleLinkTitle articleLinkTitle--default\">\r\n\t\t\tUne premi\u00e8re en Colombie : huit FARC accus\u00e9s de crimes de guerre et de crimes contre l'humanit\u00e9\r\n\t\t<\/a>\r\n\t\t\r\n\t\t\t\t<\/div>\n","protected":false},"excerpt":{"rendered":"<p>Dans ce qui est jusqu'\u00e0 pr\u00e9sent le r\u00e9sultat le plus \u00e9clatant de la justice transitionnelle en Colombie, vendredi dernier, sept hauts dirigeants des anciennes Forces arm\u00e9es r\u00e9volutionnaires (FARC) ont reconnu leur responsabilit\u00e9 dans plusieurs milliers de prises d\u2019otages et ont demand\u00e9 pardon aux victimes. Ils ont reconnu avoir commis des crimes de guerre et des [&hellip;]<\/p>\n","protected":false},"author":74,"featured_media":76921,"comment_status":"open","ping_status":"closed","sticky":false,"template":"","format":"standard","meta":{"_acf_changed":false,"footnotes":""},"categories":[574],"tags":[2675,2677],"ji_location":[2176],"class_list":["post-76910","post","type-post","status-publish","format-standard","has-post-thumbnail","hentry","category-tribunaux-nationaux","tag-farc","tag-paix","ji_location-colombie"],"acf":[],"yoast_head":"<!-- This site is optimized with the Yoast SEO Premium plugin v25.3.1 (Yoast SEO v25.3.1) - https:\/\/yoast.com\/wordpress\/plugins\/seo\/ -->\n<title>Prises d\u2019otages en Colombie : les FARC reconnaissent leur pleine responsabilit\u00e9 - JusticeInfo.net<\/title>\n<meta name=\"description\" content=\"Dans ce qui est jusqu&#039;\u00e0 pr\u00e9sent le r\u00e9sultat le plus \u00e9clatant de la justice transitionnelle en Colombie, vendredi dernier, sept hauts dirigeants des anciennes Forces arm\u00e9es r\u00e9volutionnaires (FARC) ont reconnu leur responsabilit\u00e9 dans plusieurs milliers de prises d\u2019otages et ont demand\u00e9 pardon aux victimes. Ils ont reconnu avoir commis des crimes de guerre et de crimes contre l&#039;humanit\u00e9.\" \/>\n<meta name=\"robots\" content=\"index, follow, max-snippet:-1, max-image-preview:large, max-video-preview:-1\" \/>\n<link rel=\"canonical\" href=\"https:\/\/www.justiceinfo.net\/fr\/76910-prises-otages-colombie-farc-reconnaissent-responsabilite.html\" \/>\n<meta property=\"og:locale\" content=\"fr_FR\" \/>\n<meta property=\"og:type\" content=\"article\" \/>\n<meta property=\"og:title\" content=\"Prises d\u2019otages en Colombie : les FARC reconnaissent leur pleine responsabilit\u00e9\" \/>\n<meta property=\"og:description\" content=\"Dans ce qui est jusqu&#039;\u00e0 pr\u00e9sent le r\u00e9sultat le plus \u00e9clatant de la justice transitionnelle en Colombie, vendredi dernier, sept hauts dirigeants des anciennes Forces arm\u00e9es r\u00e9volutionnaires (FARC) ont reconnu leur responsabilit\u00e9 dans plusieurs milliers de prises d\u2019otages et ont demand\u00e9 pardon aux victimes. Ils ont reconnu avoir commis des crimes de guerre et de crimes contre l&#039;humanit\u00e9.\" \/>\n<meta property=\"og:url\" content=\"https:\/\/www.justiceinfo.net\/fr\/76910-prises-otages-colombie-farc-reconnaissent-responsabilite.html\" \/>\n<meta property=\"og:site_name\" content=\"JusticeInfo.net\" \/>\n<meta property=\"article:publisher\" content=\"https:\/\/www.facebook.com\/JusticeInfo\/\" \/>\n<meta property=\"article:published_time\" content=\"2021-05-07T09:33:27+00:00\" \/>\n<meta property=\"article:modified_time\" content=\"2021-05-07T10:11:01+00:00\" \/>\n<meta property=\"og:image\" content=\"https:\/\/www.justiceinfo.net\/wp-content\/uploads\/Colombia_Catatumbo-Alape-Gomez-Lozada-Gallo-peace_@Rodrigo-Arangua-AFP.jpg\" \/>\n\t<meta property=\"og:image:width\" content=\"1200\" \/>\n\t<meta property=\"og:image:height\" content=\"800\" \/>\n\t<meta property=\"og:image:type\" content=\"image\/jpeg\" \/>\n<meta name=\"author\" content=\"Andr\u00e9s Berm\u00fadez Li\u00e9vano\" \/>\n<meta name=\"twitter:card\" content=\"summary_large_image\" \/>\n<meta name=\"twitter:creator\" content=\"@bermudezlievano\" \/>\n<meta name=\"twitter:site\" content=\"@justiceinfonet\" \/>\n<meta name=\"twitter:label1\" content=\"\u00c9crit par\" \/>\n\t<meta name=\"twitter:data1\" content=\"Andr\u00e9s Berm\u00fadez Li\u00e9vano\" \/>\n\t<meta name=\"twitter:label2\" content=\"Dur\u00e9e de lecture estim\u00e9e\" \/>\n\t<meta name=\"twitter:data2\" content=\"11 minutes\" \/>\n<script type=\"application\/ld+json\" class=\"yoast-schema-graph\">{\"@context\":\"https:\/\/schema.org\",\"@graph\":[{\"@type\":\"NewsArticle\",\"@id\":\"https:\/\/www.justiceinfo.net\/fr\/76910-prises-otages-colombie-farc-reconnaissent-responsabilite.html#article\",\"isPartOf\":{\"@id\":\"https:\/\/www.justiceinfo.net\/fr\/76910-prises-otages-colombie-farc-reconnaissent-responsabilite.html\"},\"author\":{\"name\":\"Andr\u00e9s Berm\u00fadez Li\u00e9vano\",\"@id\":\"https:\/\/www.justiceinfo.net\/fr#\/schema\/person\/c18ea792350557b20c68f8d655e3ea21\"},\"headline\":\"Prises d\u2019otages en Colombie : les FARC reconnaissent leur pleine responsabilit\u00e9\",\"datePublished\":\"2021-05-07T09:33:27+00:00\",\"dateModified\":\"2021-05-07T10:11:01+00:00\",\"mainEntityOfPage\":{\"@id\":\"https:\/\/www.justiceinfo.net\/fr\/76910-prises-otages-colombie-farc-reconnaissent-responsabilite.html\"},\"wordCount\":2775,\"commentCount\":0,\"publisher\":{\"@id\":\"https:\/\/www.justiceinfo.net\/fr#organization\"},\"image\":{\"@id\":\"https:\/\/www.justiceinfo.net\/fr\/76910-prises-otages-colombie-farc-reconnaissent-responsabilite.html#primaryimage\"},\"thumbnailUrl\":\"https:\/\/www.justiceinfo.net\/wp-content\/uploads\/Colombia_Catatumbo-Alape-Gomez-Lozada-Gallo-peace_@Rodrigo-Arangua-AFP.jpg\",\"keywords\":[\"FARC\",\"paix\"],\"articleSection\":[\"Tribunaux nationaux\"],\"inLanguage\":\"fr-FR\",\"potentialAction\":[{\"@type\":\"CommentAction\",\"name\":\"Comment\",\"target\":[\"https:\/\/www.justiceinfo.net\/fr\/76910-prises-otages-colombie-farc-reconnaissent-responsabilite.html#respond\"]}]},{\"@type\":\"WebPage\",\"@id\":\"https:\/\/www.justiceinfo.net\/fr\/76910-prises-otages-colombie-farc-reconnaissent-responsabilite.html\",\"url\":\"https:\/\/www.justiceinfo.net\/fr\/76910-prises-otages-colombie-farc-reconnaissent-responsabilite.html\",\"name\":\"Prises d\u2019otages en Colombie : les FARC reconnaissent leur pleine responsabilit\u00e9 - JusticeInfo.net\",\"isPartOf\":{\"@id\":\"https:\/\/www.justiceinfo.net\/fr#website\"},\"primaryImageOfPage\":{\"@id\":\"https:\/\/www.justiceinfo.net\/fr\/76910-prises-otages-colombie-farc-reconnaissent-responsabilite.html#primaryimage\"},\"image\":{\"@id\":\"https:\/\/www.justiceinfo.net\/fr\/76910-prises-otages-colombie-farc-reconnaissent-responsabilite.html#primaryimage\"},\"thumbnailUrl\":\"https:\/\/www.justiceinfo.net\/wp-content\/uploads\/Colombia_Catatumbo-Alape-Gomez-Lozada-Gallo-peace_@Rodrigo-Arangua-AFP.jpg\",\"datePublished\":\"2021-05-07T09:33:27+00:00\",\"dateModified\":\"2021-05-07T10:11:01+00:00\",\"description\":\"Dans ce qui est jusqu'\u00e0 pr\u00e9sent le r\u00e9sultat le plus \u00e9clatant de la justice transitionnelle en Colombie, vendredi dernier, sept hauts dirigeants des anciennes Forces arm\u00e9es r\u00e9volutionnaires (FARC) ont reconnu leur responsabilit\u00e9 dans plusieurs milliers de prises d\u2019otages et ont demand\u00e9 pardon aux victimes. Ils ont reconnu avoir commis des crimes de guerre et de crimes contre l'humanit\u00e9.\",\"breadcrumb\":{\"@id\":\"https:\/\/www.justiceinfo.net\/fr\/76910-prises-otages-colombie-farc-reconnaissent-responsabilite.html#breadcrumb\"},\"inLanguage\":\"fr-FR\",\"potentialAction\":[{\"@type\":\"ReadAction\",\"target\":[\"https:\/\/www.justiceinfo.net\/fr\/76910-prises-otages-colombie-farc-reconnaissent-responsabilite.html\"]}]},{\"@type\":\"ImageObject\",\"inLanguage\":\"fr-FR\",\"@id\":\"https:\/\/www.justiceinfo.net\/fr\/76910-prises-otages-colombie-farc-reconnaissent-responsabilite.html#primaryimage\",\"url\":\"https:\/\/www.justiceinfo.net\/wp-content\/uploads\/Colombia_Catatumbo-Alape-Gomez-Lozada-Gallo-peace_@Rodrigo-Arangua-AFP.jpg\",\"contentUrl\":\"https:\/\/www.justiceinfo.net\/wp-content\/uploads\/Colombia_Catatumbo-Alape-Gomez-Lozada-Gallo-peace_@Rodrigo-Arangua-AFP.jpg\",\"width\":1200,\"height\":800,\"caption\":\"Les ex-commandants rebelles des FARC ont, la semaine pass\u00e9e, reconnu leur enti\u00e8re responsabilit\u00e9 dans la souffrance de milliers d'otages, devant le tribunal sp\u00e9cial de Colombie. De gauche \u00e0 droite, quatre des sept accus\u00e9s - Pablo Catatumbo, Pastor Atape, Joaqu\u00edn G\u00f3mez et Julian Gallo -, photographi\u00e9s lors des pourparlers de paix de 2015 \u00e0 Cuba. \u00a9 Rodrigo Arangua \/ AFP\"},{\"@type\":\"BreadcrumbList\",\"@id\":\"https:\/\/www.justiceinfo.net\/fr\/76910-prises-otages-colombie-farc-reconnaissent-responsabilite.html#breadcrumb\",\"itemListElement\":[{\"@type\":\"ListItem\",\"position\":1,\"name\":\"Home\",\"item\":\"https:\/\/www.justiceinfo.net\/fr\"},{\"@type\":\"ListItem\",\"position\":2,\"name\":\"Prises d\u2019otages en Colombie : les FARC reconnaissent leur pleine responsabilit\u00e9\"}]},{\"@type\":\"WebSite\",\"@id\":\"https:\/\/www.justiceinfo.net\/fr#website\",\"url\":\"https:\/\/www.justiceinfo.net\/fr\",\"name\":\"JusticeInfo.net\",\"description\":\"La justice doit \u00eatre vue pour \u00eatre rendue\",\"publisher\":{\"@id\":\"https:\/\/www.justiceinfo.net\/fr#organization\"},\"potentialAction\":[{\"@type\":\"SearchAction\",\"target\":{\"@type\":\"EntryPoint\",\"urlTemplate\":\"https:\/\/www.justiceinfo.net\/fr?s={search_term_string}\"},\"query-input\":{\"@type\":\"PropertyValueSpecification\",\"valueRequired\":true,\"valueName\":\"search_term_string\"}}],\"inLanguage\":\"fr-FR\"},{\"@type\":\"Organization\",\"@id\":\"https:\/\/www.justiceinfo.net\/fr#organization\",\"name\":\"Justice Info\",\"url\":\"https:\/\/www.justiceinfo.net\/fr\",\"logo\":{\"@type\":\"ImageObject\",\"inLanguage\":\"fr-FR\",\"@id\":\"https:\/\/www.justiceinfo.net\/fr#\/schema\/logo\/image\/\",\"url\":\"https:\/\/www.justiceinfo.net\/wp-content\/uploads\/justiceinfo_logo-trans_1200x1200px.png\",\"contentUrl\":\"https:\/\/www.justiceinfo.net\/wp-content\/uploads\/justiceinfo_logo-trans_1200x1200px.png\",\"width\":1199,\"height\":1200,\"caption\":\"Justice Info\"},\"image\":{\"@id\":\"https:\/\/www.justiceinfo.net\/fr#\/schema\/logo\/image\/\"},\"sameAs\":[\"https:\/\/www.facebook.com\/JusticeInfo\/\",\"https:\/\/x.com\/justiceinfonet\",\"https:\/\/www.linkedin.com\/company\/justice-info\",\"https:\/\/www.youtube.com\/channel\/UCyCEsARodyuWtkWyhn-e7pA\"]},{\"@type\":\"Person\",\"name\":\"Andr\u00e9s Berm\u00fadez Li\u00e9vano\",\"sameAs\":[\"https:\/\/x.com\/bermudezlievano\"],\"url\":\"https:\/\/www.justiceinfo.net\/fr\/auteur\/alievano\"}]}<\/script>\n<!-- \/ Yoast SEO Premium plugin. -->","yoast_head_json":{"title":"Prises d\u2019otages en Colombie : les FARC reconnaissent leur pleine responsabilit\u00e9 - JusticeInfo.net","description":"Dans ce qui est jusqu'\u00e0 pr\u00e9sent le r\u00e9sultat le plus \u00e9clatant de la justice transitionnelle en Colombie, vendredi dernier, sept hauts dirigeants des anciennes Forces arm\u00e9es r\u00e9volutionnaires (FARC) ont reconnu leur responsabilit\u00e9 dans plusieurs milliers de prises d\u2019otages et ont demand\u00e9 pardon aux victimes. Ils ont reconnu avoir commis des crimes de guerre et de crimes contre l'humanit\u00e9.","robots":{"index":"index","follow":"follow","max-snippet":"max-snippet:-1","max-image-preview":"max-image-preview:large","max-video-preview":"max-video-preview:-1"},"canonical":"https:\/\/www.justiceinfo.net\/fr\/76910-prises-otages-colombie-farc-reconnaissent-responsabilite.html","og_locale":"fr_FR","og_type":"article","og_title":"Prises d\u2019otages en Colombie : les FARC reconnaissent leur pleine responsabilit\u00e9","og_description":"Dans ce qui est jusqu'\u00e0 pr\u00e9sent le r\u00e9sultat le plus \u00e9clatant de la justice transitionnelle en Colombie, vendredi dernier, sept hauts dirigeants des anciennes Forces arm\u00e9es r\u00e9volutionnaires (FARC) ont reconnu leur responsabilit\u00e9 dans plusieurs milliers de prises d\u2019otages et ont demand\u00e9 pardon aux victimes. Ils ont reconnu avoir commis des crimes de guerre et de crimes contre l'humanit\u00e9.","og_url":"https:\/\/www.justiceinfo.net\/fr\/76910-prises-otages-colombie-farc-reconnaissent-responsabilite.html","og_site_name":"JusticeInfo.net","article_publisher":"https:\/\/www.facebook.com\/JusticeInfo\/","article_published_time":"2021-05-07T09:33:27+00:00","article_modified_time":"2021-05-07T10:11:01+00:00","og_image":[{"width":1200,"height":800,"url":"https:\/\/www.justiceinfo.net\/wp-content\/uploads\/Colombia_Catatumbo-Alape-Gomez-Lozada-Gallo-peace_@Rodrigo-Arangua-AFP.jpg","type":"image\/jpeg"}],"author":"Andr\u00e9s Berm\u00fadez Li\u00e9vano","twitter_card":"summary_large_image","twitter_creator":"@bermudezlievano","twitter_site":"@justiceinfonet","twitter_misc":{"\u00c9crit par":"Andr\u00e9s Berm\u00fadez Li\u00e9vano","Dur\u00e9e de lecture estim\u00e9e":"11 minutes"},"schema":{"@context":"https:\/\/schema.org","@graph":[{"@type":"NewsArticle","@id":"https:\/\/www.justiceinfo.net\/fr\/76910-prises-otages-colombie-farc-reconnaissent-responsabilite.html#article","isPartOf":{"@id":"https:\/\/www.justiceinfo.net\/fr\/76910-prises-otages-colombie-farc-reconnaissent-responsabilite.html"},"author":{"name":"Andr\u00e9s Berm\u00fadez Li\u00e9vano","@id":"https:\/\/www.justiceinfo.net\/fr#\/schema\/person\/c18ea792350557b20c68f8d655e3ea21"},"headline":"Prises d\u2019otages en Colombie : les FARC reconnaissent leur pleine responsabilit\u00e9","datePublished":"2021-05-07T09:33:27+00:00","dateModified":"2021-05-07T10:11:01+00:00","mainEntityOfPage":{"@id":"https:\/\/www.justiceinfo.net\/fr\/76910-prises-otages-colombie-farc-reconnaissent-responsabilite.html"},"wordCount":2775,"commentCount":0,"publisher":{"@id":"https:\/\/www.justiceinfo.net\/fr#organization"},"image":{"@id":"https:\/\/www.justiceinfo.net\/fr\/76910-prises-otages-colombie-farc-reconnaissent-responsabilite.html#primaryimage"},"thumbnailUrl":"https:\/\/www.justiceinfo.net\/wp-content\/uploads\/Colombia_Catatumbo-Alape-Gomez-Lozada-Gallo-peace_@Rodrigo-Arangua-AFP.jpg","keywords":["FARC","paix"],"articleSection":["Tribunaux nationaux"],"inLanguage":"fr-FR","potentialAction":[{"@type":"CommentAction","name":"Comment","target":["https:\/\/www.justiceinfo.net\/fr\/76910-prises-otages-colombie-farc-reconnaissent-responsabilite.html#respond"]}]},{"@type":"WebPage","@id":"https:\/\/www.justiceinfo.net\/fr\/76910-prises-otages-colombie-farc-reconnaissent-responsabilite.html","url":"https:\/\/www.justiceinfo.net\/fr\/76910-prises-otages-colombie-farc-reconnaissent-responsabilite.html","name":"Prises d\u2019otages en Colombie : les FARC reconnaissent leur pleine responsabilit\u00e9 - JusticeInfo.net","isPartOf":{"@id":"https:\/\/www.justiceinfo.net\/fr#website"},"primaryImageOfPage":{"@id":"https:\/\/www.justiceinfo.net\/fr\/76910-prises-otages-colombie-farc-reconnaissent-responsabilite.html#primaryimage"},"image":{"@id":"https:\/\/www.justiceinfo.net\/fr\/76910-prises-otages-colombie-farc-reconnaissent-responsabilite.html#primaryimage"},"thumbnailUrl":"https:\/\/www.justiceinfo.net\/wp-content\/uploads\/Colombia_Catatumbo-Alape-Gomez-Lozada-Gallo-peace_@Rodrigo-Arangua-AFP.jpg","datePublished":"2021-05-07T09:33:27+00:00","dateModified":"2021-05-07T10:11:01+00:00","description":"Dans ce qui est jusqu'\u00e0 pr\u00e9sent le r\u00e9sultat le plus \u00e9clatant de la justice transitionnelle en Colombie, vendredi dernier, sept hauts dirigeants des anciennes Forces arm\u00e9es r\u00e9volutionnaires (FARC) ont reconnu leur responsabilit\u00e9 dans plusieurs milliers de prises d\u2019otages et ont demand\u00e9 pardon aux victimes. Ils ont reconnu avoir commis des crimes de guerre et de crimes contre l'humanit\u00e9.","breadcrumb":{"@id":"https:\/\/www.justiceinfo.net\/fr\/76910-prises-otages-colombie-farc-reconnaissent-responsabilite.html#breadcrumb"},"inLanguage":"fr-FR","potentialAction":[{"@type":"ReadAction","target":["https:\/\/www.justiceinfo.net\/fr\/76910-prises-otages-colombie-farc-reconnaissent-responsabilite.html"]}]},{"@type":"ImageObject","inLanguage":"fr-FR","@id":"https:\/\/www.justiceinfo.net\/fr\/76910-prises-otages-colombie-farc-reconnaissent-responsabilite.html#primaryimage","url":"https:\/\/www.justiceinfo.net\/wp-content\/uploads\/Colombia_Catatumbo-Alape-Gomez-Lozada-Gallo-peace_@Rodrigo-Arangua-AFP.jpg","contentUrl":"https:\/\/www.justiceinfo.net\/wp-content\/uploads\/Colombia_Catatumbo-Alape-Gomez-Lozada-Gallo-peace_@Rodrigo-Arangua-AFP.jpg","width":1200,"height":800,"caption":"Les ex-commandants rebelles des FARC ont, la semaine pass\u00e9e, reconnu leur enti\u00e8re responsabilit\u00e9 dans la souffrance de milliers d'otages, devant le tribunal sp\u00e9cial de Colombie. De gauche \u00e0 droite, quatre des sept accus\u00e9s - Pablo Catatumbo, Pastor Atape, Joaqu\u00edn G\u00f3mez et Julian Gallo -, photographi\u00e9s lors des pourparlers de paix de 2015 \u00e0 Cuba. \u00a9 Rodrigo Arangua \/ AFP"},{"@type":"BreadcrumbList","@id":"https:\/\/www.justiceinfo.net\/fr\/76910-prises-otages-colombie-farc-reconnaissent-responsabilite.html#breadcrumb","itemListElement":[{"@type":"ListItem","position":1,"name":"Home","item":"https:\/\/www.justiceinfo.net\/fr"},{"@type":"ListItem","position":2,"name":"Prises d\u2019otages en Colombie : les FARC reconnaissent leur pleine responsabilit\u00e9"}]},{"@type":"WebSite","@id":"https:\/\/www.justiceinfo.net\/fr#website","url":"https:\/\/www.justiceinfo.net\/fr","name":"JusticeInfo.net","description":"La justice doit \u00eatre vue pour \u00eatre rendue","publisher":{"@id":"https:\/\/www.justiceinfo.net\/fr#organization"},"potentialAction":[{"@type":"SearchAction","target":{"@type":"EntryPoint","urlTemplate":"https:\/\/www.justiceinfo.net\/fr?s={search_term_string}"},"query-input":{"@type":"PropertyValueSpecification","valueRequired":true,"valueName":"search_term_string"}}],"inLanguage":"fr-FR"},{"@type":"Organization","@id":"https:\/\/www.justiceinfo.net\/fr#organization","name":"Justice Info","url":"https:\/\/www.justiceinfo.net\/fr","logo":{"@type":"ImageObject","inLanguage":"fr-FR","@id":"https:\/\/www.justiceinfo.net\/fr#\/schema\/logo\/image\/","url":"https:\/\/www.justiceinfo.net\/wp-content\/uploads\/justiceinfo_logo-trans_1200x1200px.png","contentUrl":"https:\/\/www.justiceinfo.net\/wp-content\/uploads\/justiceinfo_logo-trans_1200x1200px.png","width":1199,"height":1200,"caption":"Justice Info"},"image":{"@id":"https:\/\/www.justiceinfo.net\/fr#\/schema\/logo\/image\/"},"sameAs":["https:\/\/www.facebook.com\/JusticeInfo\/","https:\/\/x.com\/justiceinfonet","https:\/\/www.linkedin.com\/company\/justice-info","https:\/\/www.youtube.com\/channel\/UCyCEsARodyuWtkWyhn-e7pA"]},{"@type":"Person","name":"Andr\u00e9s Berm\u00fadez Li\u00e9vano","sameAs":["https:\/\/x.com\/bermudezlievano"],"url":"https:\/\/www.justiceinfo.net\/fr\/auteur\/alievano"}]}},"_links":{"self":[{"href":"https:\/\/www.justiceinfo.net\/fr\/wp-json\/wp\/v2\/posts\/76910","targetHints":{"allow":["GET"]}}],"collection":[{"href":"https:\/\/www.justiceinfo.net\/fr\/wp-json\/wp\/v2\/posts"}],"about":[{"href":"https:\/\/www.justiceinfo.net\/fr\/wp-json\/wp\/v2\/types\/post"}],"author":[{"embeddable":true,"href":"https:\/\/www.justiceinfo.net\/fr\/wp-json\/wp\/v2\/users\/74"}],"replies":[{"embeddable":true,"href":"https:\/\/www.justiceinfo.net\/fr\/wp-json\/wp\/v2\/comments?post=76910"}],"version-history":[{"count":10,"href":"https:\/\/www.justiceinfo.net\/fr\/wp-json\/wp\/v2\/posts\/76910\/revisions"}],"predecessor-version":[{"id":76945,"href":"https:\/\/www.justiceinfo.net\/fr\/wp-json\/wp\/v2\/posts\/76910\/revisions\/76945"}],"wp:featuredmedia":[{"embeddable":true,"href":"https:\/\/www.justiceinfo.net\/fr\/wp-json\/wp\/v2\/media\/76921"}],"wp:attachment":[{"href":"https:\/\/www.justiceinfo.net\/fr\/wp-json\/wp\/v2\/media?parent=76910"}],"wp:term":[{"taxonomy":"category","embeddable":true,"href":"https:\/\/www.justiceinfo.net\/fr\/wp-json\/wp\/v2\/categories?post=76910"},{"taxonomy":"post_tag","embeddable":true,"href":"https:\/\/www.justiceinfo.net\/fr\/wp-json\/wp\/v2\/tags?post=76910"},{"taxonomy":"ji_location","embeddable":true,"href":"https:\/\/www.justiceinfo.net\/fr\/wp-json\/wp\/v2\/ji_location?post=76910"}],"curies":[{"name":"wp","href":"https:\/\/api.w.org\/{rel}","templated":true}]}}