{"id":7732,"date":"2003-02-07T00:00:00","date_gmt":"2003-02-06T23:00:00","guid":{"rendered":"https:\/\/www.justiceinfo.net\/7732-carla-del-ponte-doit-rencontrer-de-hauts-officiels-rwandais4522.html"},"modified":"2003-02-07T00:00:00","modified_gmt":"2003-02-06T23:00:00","slug":"carla-del-ponte-doit-rencontrer-de-hauts-officiels-rwandais4522","status":"publish","type":"post","link":"https:\/\/www.justiceinfo.net\/fr\/7732-carla-del-ponte-doit-rencontrer-de-hauts-officiels-rwandais4522.html","title":{"rendered":"CARLA DEL PONTE DOIT RENCONTRER DE HAUTS OFFICIELS RWANDAIS"},"content":{"rendered":"<p  >\nArusha, le 7 f\u00e9vrier 2003 (FH) - Le procureur du Tribunal P\u00e9nal International pour le Rwanda et pour l'ex-Yougoslavie, Carla Del Ponte, devrait rencontrer de hauts officiels rwandais pour \u00e9voquer les r\u00e9centes tensions dans la coop\u00e9ration entre le gouvernement de Kigali et l'institution onusienne.  Cette rencontre devrait avoir lieu \u00e0 Kigali \"fin f\u00e9vrier ou d\u00e9but mars\", a d\u00e9clar\u00e9 \u00e0 l'agence de presse Hirondelle Dominique Reymond, conseiller sp\u00e9cial du procureur.\n<\/p>\n<p><!--more--><\/p>\n<p  >\nLes relations entre le TPIR et Kigali ont atteint l'ann\u00e9e derni\u00e8re un de leurs plus bas niveaux depuis la cr\u00e9ation du tribunal en 1994. Le TPIR a reproch\u00e9 au gouvernement rwandais de compliquer le voyage des t\u00e9moins jusqu'aux cours d'Arusha. Kigali r\u00e9fute ces all\u00e9gations, accusant le tribunal de \"mauvais traitement des t\u00e9moins, d'engager des suspects de g\u00e9nocide dans son personnel, d'incomp\u00e9tence, de mauvaise gestion et de corruption.\" Le Tribunal a \u00e0 son tour ni\u00e9 ces accusations.\n<\/p>\n<p  >\nLe Rwanda accuse particuli\u00e8rement Carla Del Ponte d'avoir perdu \"l'autorit\u00e9 morale lui permettant d'enqu\u00eater sur des crimes li\u00e9s au g\u00e9nocide.\" Del Ponte, qui enqu\u00eate actuellement sur des crimes qu'auraient commis les Forces Rwandaises de D\u00e9fense (l'ancienne Arm\u00e9e Patriotique Rwandaise) lors de la guerre de 1994, a r\u00e9pondu que ces accusations n'\u00e9taient qu'un pr\u00e9texte destin\u00e9 \u00e0 mettre un frein \u00e0 ces enqu\u00eates.\n<\/p>\n<p  >\nEn d\u00e9cembre dernier, une r\u00e9union devait avoir lieu entre les organes du Tribunal (les chambres, le Greffe et le bureau du Procureur) et des officiels de la justice rwandaise, en la pr\u00e9sence de Pierre Richard Prosper, l'ambassadeur am\u00e9ricain pour les crimes de guerre. Cette r\u00e9union ne s'est finalement pas tenue suite \u00e0 l'absence de Prosper. Kigali avait fait de sa pr\u00e9sence une condition sine qua non de la tenue d'une telle r\u00e9union.\n<\/p>\n<p  >\nLes relations en voie d'am\u00e9lioration ?<br \/>\n\u201cNous allons discuter des moyens de r\u00e9soudre les probl\u00e8mes\u201d, a indiqu\u00e9 Dominique Reymond \u00e0 Hirondelle \u00e0 propos de la prochaine rencontre. \u201cEt nous allons proposer que la pr\u00e9sidente du TPIR assiste \u00e9galement \u00e0 cette rencontre\u201d, a-t-il ajout\u00e9.\n<\/p>\n<p  >\nPendant ce temps, Del Ponte se trouvait, lundi, \u00e0 Kigali. \u201cElle pr\u00e9sentait le nouveau procureur adjoint du TPIR, Bongani Christopher Majola, et le nouveau chef des enqu\u00eates, Richard Renaud, aux membres du bureau du procureur bas\u00e9s \u00e0 Kigali, ainsi qu'aux officiels rwandais\u201d, a expliqu\u00e9 Reymond. Il a ajout\u00e9 que les relations entre le Rwanda et le TPIR n'ont pas \u00e9t\u00e9 \u00e9voqu\u00e9es au cours de ces rencontres.\n<\/p>\n<p  >\nDe plus, Dominique Reymond a d\u00e9clar\u00e9 que le procureur adjoint (contrairement aux demandes du gouvernement rwandais) serait d\u00e9sormais bas\u00e9 \u00e0 Arusha et non \u00e0 Kigali. Le Rwanda a toujours fait valoir que l'une des raisons des relations difficiles avec le TPIR \u00e9tait l'absence d'un officiel de haut rang du TPIR \u00e0 Kigali. Le pr\u00e9c\u00e9dent procureur adjoint, Bernard Muna, \u00e9tait bas\u00e9 \u00e0 Kigali.\n<\/p>\n<p  >\nJusqu'\u00e0 la nomination de Majola, le poste est rest\u00e9 vacant pendant pr\u00e8s de deux ans. \u201cDepuis deux ans, nous avons clairement expliqu\u00e9 au gouvernement rwandais que, puisqu'il y avait plus de travail \u00e0 Arusha, c'est l\u00e0 que le procureur adjoint serait bas\u00e9. Cependant, il fera de fr\u00e9quentes visites \u00e0 Kigali\", a d\u00e9clar\u00e9 Reymond. \u201cDe plus\u201d, a-t-il ajout\u00e9, \u201cle chef des enqu\u00eates (bas\u00e9 \u00e0 Kigali) est un officiel de haut rang du bureau du procureur.\u201d\n<\/p>\n<p  >\nCE\/GG\/GF\/FH(PR\u20190207A)<\/p>\n","protected":false},"excerpt":{"rendered":"<p>Arusha, le 7 f\u00e9vrier 2003 (FH) - Le procureur du Tribunal P\u00e9nal International pour le Rwanda et pour l'ex-Yougoslavie, Carla Del Ponte, devrait rencontrer de hauts officiels rwandais pour \u00e9voquer les r\u00e9centes tensions dans la coop\u00e9ration entre le gouvernement de Kigali et l'institution onusienne. Cette rencontre devrait avoir lieu \u00e0 Kigali \"fin f\u00e9vrier ou d\u00e9but [&hellip;]<\/p>\n","protected":false},"author":64,"featured_media":0,"comment_status":"open","ping_status":"closed","sticky":false,"template":"","format":"standard","meta":{"_acf_changed":false,"footnotes":""},"categories":[554],"tags":[],"ji_location":[],"class_list":["post-7732","post","type-post","status-publish","format-standard","hentry","category-hirondellenews"],"acf":[],"yoast_head":"<!-- This site is optimized with the Yoast SEO Premium plugin v25.3.1 (Yoast SEO v25.3.1) - https:\/\/yoast.com\/wordpress\/plugins\/seo\/ -->\n<title>CARLA DEL PONTE DOIT RENCONTRER DE HAUTS OFFICIELS RWANDAIS - JusticeInfo.net<\/title>\n<meta name=\"robots\" content=\"index, follow, max-snippet:-1, max-image-preview:large, max-video-preview:-1\" \/>\n<link rel=\"canonical\" href=\"https:\/\/www.justiceinfo.net\/fr\/7732-carla-del-ponte-doit-rencontrer-de-hauts-officiels-rwandais4522.html\" \/>\n<meta property=\"og:locale\" content=\"fr_FR\" \/>\n<meta property=\"og:type\" content=\"article\" \/>\n<meta property=\"og:title\" content=\"CARLA DEL PONTE DOIT RENCONTRER DE HAUTS OFFICIELS RWANDAIS\" \/>\n<meta property=\"og:description\" content=\"Arusha, le 7 f\u00e9vrier 2003 (FH) - Le procureur du Tribunal P\u00e9nal International pour le Rwanda et pour l&#039;ex-Yougoslavie, Carla Del Ponte, devrait rencontrer de hauts officiels rwandais pour \u00e9voquer les r\u00e9centes tensions dans la coop\u00e9ration entre le gouvernement de Kigali et l&#039;institution onusienne. Cette rencontre devrait avoir lieu \u00e0 Kigali &quot;fin f\u00e9vrier ou d\u00e9but [&hellip;]\" \/>\n<meta property=\"og:url\" content=\"https:\/\/www.justiceinfo.net\/fr\/7732-carla-del-ponte-doit-rencontrer-de-hauts-officiels-rwandais4522.html\" \/>\n<meta property=\"og:site_name\" content=\"JusticeInfo.net\" \/>\n<meta property=\"article:publisher\" content=\"https:\/\/www.facebook.com\/JusticeInfo\/\" \/>\n<meta property=\"article:published_time\" content=\"2003-02-06T23:00:00+00:00\" \/>\n<meta property=\"og:image\" content=\"https:\/\/www.justiceinfo.net\/wp-content\/uploads\/JusticeInfoNet_logo_1200x630px.jpg\" \/>\n\t<meta property=\"og:image:width\" content=\"1200\" \/>\n\t<meta property=\"og:image:height\" content=\"630\" \/>\n\t<meta property=\"og:image:type\" content=\"image\/jpeg\" \/>\n<meta name=\"author\" content=\"solivri\" \/>\n<meta name=\"twitter:card\" content=\"summary_large_image\" \/>\n<meta name=\"twitter:creator\" content=\"@justiceinfonet\" \/>\n<meta name=\"twitter:site\" content=\"@justiceinfonet\" \/>\n<meta name=\"twitter:label1\" content=\"\u00c9crit par\" \/>\n\t<meta name=\"twitter:data1\" content=\"solivri\" \/>\n\t<meta name=\"twitter:label2\" content=\"Dur\u00e9e de lecture estim\u00e9e\" \/>\n\t<meta name=\"twitter:data2\" content=\"3 minutes\" \/>\n<script type=\"application\/ld+json\" class=\"yoast-schema-graph\">{\"@context\":\"https:\/\/schema.org\",\"@graph\":[{\"@type\":\"NewsArticle\",\"@id\":\"https:\/\/www.justiceinfo.net\/fr\/7732-carla-del-ponte-doit-rencontrer-de-hauts-officiels-rwandais4522.html#article\",\"isPartOf\":{\"@id\":\"https:\/\/www.justiceinfo.net\/fr\/7732-carla-del-ponte-doit-rencontrer-de-hauts-officiels-rwandais4522.html\"},\"author\":{\"name\":\"solivri\",\"@id\":\"https:\/\/www.justiceinfo.net\/fr#\/schema\/person\/6e53cba1629e2e66f3fc1821d3091865\"},\"headline\":\"CARLA DEL PONTE DOIT RENCONTRER DE HAUTS OFFICIELS RWANDAIS\",\"datePublished\":\"2003-02-06T23:00:00+00:00\",\"mainEntityOfPage\":{\"@id\":\"https:\/\/www.justiceinfo.net\/fr\/7732-carla-del-ponte-doit-rencontrer-de-hauts-officiels-rwandais4522.html\"},\"wordCount\":592,\"commentCount\":0,\"publisher\":{\"@id\":\"https:\/\/www.justiceinfo.net\/fr#organization\"},\"articleSection\":[\"Hirondelle News\"],\"inLanguage\":\"fr-FR\",\"potentialAction\":[{\"@type\":\"CommentAction\",\"name\":\"Comment\",\"target\":[\"https:\/\/www.justiceinfo.net\/fr\/7732-carla-del-ponte-doit-rencontrer-de-hauts-officiels-rwandais4522.html#respond\"]}]},{\"@type\":\"WebPage\",\"@id\":\"https:\/\/www.justiceinfo.net\/fr\/7732-carla-del-ponte-doit-rencontrer-de-hauts-officiels-rwandais4522.html\",\"url\":\"https:\/\/www.justiceinfo.net\/fr\/7732-carla-del-ponte-doit-rencontrer-de-hauts-officiels-rwandais4522.html\",\"name\":\"CARLA DEL PONTE DOIT RENCONTRER DE HAUTS OFFICIELS RWANDAIS - JusticeInfo.net\",\"isPartOf\":{\"@id\":\"https:\/\/www.justiceinfo.net\/fr#website\"},\"datePublished\":\"2003-02-06T23:00:00+00:00\",\"breadcrumb\":{\"@id\":\"https:\/\/www.justiceinfo.net\/fr\/7732-carla-del-ponte-doit-rencontrer-de-hauts-officiels-rwandais4522.html#breadcrumb\"},\"inLanguage\":\"fr-FR\",\"potentialAction\":[{\"@type\":\"ReadAction\",\"target\":[\"https:\/\/www.justiceinfo.net\/fr\/7732-carla-del-ponte-doit-rencontrer-de-hauts-officiels-rwandais4522.html\"]}]},{\"@type\":\"BreadcrumbList\",\"@id\":\"https:\/\/www.justiceinfo.net\/fr\/7732-carla-del-ponte-doit-rencontrer-de-hauts-officiels-rwandais4522.html#breadcrumb\",\"itemListElement\":[{\"@type\":\"ListItem\",\"position\":1,\"name\":\"Home\",\"item\":\"https:\/\/www.justiceinfo.net\/fr\"},{\"@type\":\"ListItem\",\"position\":2,\"name\":\"CARLA DEL PONTE DOIT RENCONTRER DE HAUTS OFFICIELS RWANDAIS\"}]},{\"@type\":\"WebSite\",\"@id\":\"https:\/\/www.justiceinfo.net\/fr#website\",\"url\":\"https:\/\/www.justiceinfo.net\/fr\",\"name\":\"JusticeInfo.net\",\"description\":\"La justice doit \u00eatre vue pour \u00eatre rendue\",\"publisher\":{\"@id\":\"https:\/\/www.justiceinfo.net\/fr#organization\"},\"potentialAction\":[{\"@type\":\"SearchAction\",\"target\":{\"@type\":\"EntryPoint\",\"urlTemplate\":\"https:\/\/www.justiceinfo.net\/fr?s={search_term_string}\"},\"query-input\":{\"@type\":\"PropertyValueSpecification\",\"valueRequired\":true,\"valueName\":\"search_term_string\"}}],\"inLanguage\":\"fr-FR\"},{\"@type\":\"Organization\",\"@id\":\"https:\/\/www.justiceinfo.net\/fr#organization\",\"name\":\"Justice Info\",\"url\":\"https:\/\/www.justiceinfo.net\/fr\",\"logo\":{\"@type\":\"ImageObject\",\"inLanguage\":\"fr-FR\",\"@id\":\"https:\/\/www.justiceinfo.net\/fr#\/schema\/logo\/image\/\",\"url\":\"https:\/\/www.justiceinfo.net\/wp-content\/uploads\/justiceinfo_logo-trans_1200x1200px.png\",\"contentUrl\":\"https:\/\/www.justiceinfo.net\/wp-content\/uploads\/justiceinfo_logo-trans_1200x1200px.png\",\"width\":1199,\"height\":1200,\"caption\":\"Justice Info\"},\"image\":{\"@id\":\"https:\/\/www.justiceinfo.net\/fr#\/schema\/logo\/image\/\"},\"sameAs\":[\"https:\/\/www.facebook.com\/JusticeInfo\/\",\"https:\/\/x.com\/justiceinfonet\",\"https:\/\/www.linkedin.com\/company\/justice-info\",\"https:\/\/www.youtube.com\/channel\/UCyCEsARodyuWtkWyhn-e7pA\"]},{\"@type\":\"Person\",\"name\":\"solivri\",\"url\":\"\/fr\/?s=solivri\"}]}<\/script>\n<!-- \/ Yoast SEO Premium plugin. -->","yoast_head_json":{"title":"CARLA DEL PONTE DOIT RENCONTRER DE HAUTS OFFICIELS RWANDAIS - JusticeInfo.net","robots":{"index":"index","follow":"follow","max-snippet":"max-snippet:-1","max-image-preview":"max-image-preview:large","max-video-preview":"max-video-preview:-1"},"canonical":"https:\/\/www.justiceinfo.net\/fr\/7732-carla-del-ponte-doit-rencontrer-de-hauts-officiels-rwandais4522.html","og_locale":"fr_FR","og_type":"article","og_title":"CARLA DEL PONTE DOIT RENCONTRER DE HAUTS OFFICIELS RWANDAIS","og_description":"Arusha, le 7 f\u00e9vrier 2003 (FH) - Le procureur du Tribunal P\u00e9nal International pour le Rwanda et pour l'ex-Yougoslavie, Carla Del Ponte, devrait rencontrer de hauts officiels rwandais pour \u00e9voquer les r\u00e9centes tensions dans la coop\u00e9ration entre le gouvernement de Kigali et l'institution onusienne. Cette rencontre devrait avoir lieu \u00e0 Kigali \"fin f\u00e9vrier ou d\u00e9but [&hellip;]","og_url":"https:\/\/www.justiceinfo.net\/fr\/7732-carla-del-ponte-doit-rencontrer-de-hauts-officiels-rwandais4522.html","og_site_name":"JusticeInfo.net","article_publisher":"https:\/\/www.facebook.com\/JusticeInfo\/","article_published_time":"2003-02-06T23:00:00+00:00","og_image":[{"width":1200,"height":630,"url":"https:\/\/www.justiceinfo.net\/wp-content\/uploads\/JusticeInfoNet_logo_1200x630px.jpg","type":"image\/jpeg"}],"author":"solivri","twitter_card":"summary_large_image","twitter_creator":"@justiceinfonet","twitter_site":"@justiceinfonet","twitter_misc":{"\u00c9crit par":"solivri","Dur\u00e9e de lecture estim\u00e9e":"3 minutes"},"schema":{"@context":"https:\/\/schema.org","@graph":[{"@type":"NewsArticle","@id":"https:\/\/www.justiceinfo.net\/fr\/7732-carla-del-ponte-doit-rencontrer-de-hauts-officiels-rwandais4522.html#article","isPartOf":{"@id":"https:\/\/www.justiceinfo.net\/fr\/7732-carla-del-ponte-doit-rencontrer-de-hauts-officiels-rwandais4522.html"},"author":{"name":"solivri","@id":"https:\/\/www.justiceinfo.net\/fr#\/schema\/person\/6e53cba1629e2e66f3fc1821d3091865"},"headline":"CARLA DEL PONTE DOIT RENCONTRER DE HAUTS OFFICIELS RWANDAIS","datePublished":"2003-02-06T23:00:00+00:00","mainEntityOfPage":{"@id":"https:\/\/www.justiceinfo.net\/fr\/7732-carla-del-ponte-doit-rencontrer-de-hauts-officiels-rwandais4522.html"},"wordCount":592,"commentCount":0,"publisher":{"@id":"https:\/\/www.justiceinfo.net\/fr#organization"},"articleSection":["Hirondelle News"],"inLanguage":"fr-FR","potentialAction":[{"@type":"CommentAction","name":"Comment","target":["https:\/\/www.justiceinfo.net\/fr\/7732-carla-del-ponte-doit-rencontrer-de-hauts-officiels-rwandais4522.html#respond"]}]},{"@type":"WebPage","@id":"https:\/\/www.justiceinfo.net\/fr\/7732-carla-del-ponte-doit-rencontrer-de-hauts-officiels-rwandais4522.html","url":"https:\/\/www.justiceinfo.net\/fr\/7732-carla-del-ponte-doit-rencontrer-de-hauts-officiels-rwandais4522.html","name":"CARLA DEL PONTE DOIT RENCONTRER DE HAUTS OFFICIELS RWANDAIS - JusticeInfo.net","isPartOf":{"@id":"https:\/\/www.justiceinfo.net\/fr#website"},"datePublished":"2003-02-06T23:00:00+00:00","breadcrumb":{"@id":"https:\/\/www.justiceinfo.net\/fr\/7732-carla-del-ponte-doit-rencontrer-de-hauts-officiels-rwandais4522.html#breadcrumb"},"inLanguage":"fr-FR","potentialAction":[{"@type":"ReadAction","target":["https:\/\/www.justiceinfo.net\/fr\/7732-carla-del-ponte-doit-rencontrer-de-hauts-officiels-rwandais4522.html"]}]},{"@type":"BreadcrumbList","@id":"https:\/\/www.justiceinfo.net\/fr\/7732-carla-del-ponte-doit-rencontrer-de-hauts-officiels-rwandais4522.html#breadcrumb","itemListElement":[{"@type":"ListItem","position":1,"name":"Home","item":"https:\/\/www.justiceinfo.net\/fr"},{"@type":"ListItem","position":2,"name":"CARLA DEL PONTE DOIT RENCONTRER DE HAUTS OFFICIELS RWANDAIS"}]},{"@type":"WebSite","@id":"https:\/\/www.justiceinfo.net\/fr#website","url":"https:\/\/www.justiceinfo.net\/fr","name":"JusticeInfo.net","description":"La justice doit \u00eatre vue pour \u00eatre rendue","publisher":{"@id":"https:\/\/www.justiceinfo.net\/fr#organization"},"potentialAction":[{"@type":"SearchAction","target":{"@type":"EntryPoint","urlTemplate":"https:\/\/www.justiceinfo.net\/fr?s={search_term_string}"},"query-input":{"@type":"PropertyValueSpecification","valueRequired":true,"valueName":"search_term_string"}}],"inLanguage":"fr-FR"},{"@type":"Organization","@id":"https:\/\/www.justiceinfo.net\/fr#organization","name":"Justice Info","url":"https:\/\/www.justiceinfo.net\/fr","logo":{"@type":"ImageObject","inLanguage":"fr-FR","@id":"https:\/\/www.justiceinfo.net\/fr#\/schema\/logo\/image\/","url":"https:\/\/www.justiceinfo.net\/wp-content\/uploads\/justiceinfo_logo-trans_1200x1200px.png","contentUrl":"https:\/\/www.justiceinfo.net\/wp-content\/uploads\/justiceinfo_logo-trans_1200x1200px.png","width":1199,"height":1200,"caption":"Justice Info"},"image":{"@id":"https:\/\/www.justiceinfo.net\/fr#\/schema\/logo\/image\/"},"sameAs":["https:\/\/www.facebook.com\/JusticeInfo\/","https:\/\/x.com\/justiceinfonet","https:\/\/www.linkedin.com\/company\/justice-info","https:\/\/www.youtube.com\/channel\/UCyCEsARodyuWtkWyhn-e7pA"]},{"@type":"Person","name":"solivri","url":"\/fr\/?s=solivri"}]}},"_links":{"self":[{"href":"https:\/\/www.justiceinfo.net\/fr\/wp-json\/wp\/v2\/posts\/7732","targetHints":{"allow":["GET"]}}],"collection":[{"href":"https:\/\/www.justiceinfo.net\/fr\/wp-json\/wp\/v2\/posts"}],"about":[{"href":"https:\/\/www.justiceinfo.net\/fr\/wp-json\/wp\/v2\/types\/post"}],"author":[{"embeddable":true,"href":"https:\/\/www.justiceinfo.net\/fr\/wp-json\/wp\/v2\/users\/64"}],"replies":[{"embeddable":true,"href":"https:\/\/www.justiceinfo.net\/fr\/wp-json\/wp\/v2\/comments?post=7732"}],"version-history":[{"count":0,"href":"https:\/\/www.justiceinfo.net\/fr\/wp-json\/wp\/v2\/posts\/7732\/revisions"}],"wp:attachment":[{"href":"https:\/\/www.justiceinfo.net\/fr\/wp-json\/wp\/v2\/media?parent=7732"}],"wp:term":[{"taxonomy":"category","embeddable":true,"href":"https:\/\/www.justiceinfo.net\/fr\/wp-json\/wp\/v2\/categories?post=7732"},{"taxonomy":"post_tag","embeddable":true,"href":"https:\/\/www.justiceinfo.net\/fr\/wp-json\/wp\/v2\/tags?post=7732"},{"taxonomy":"ji_location","embeddable":true,"href":"https:\/\/www.justiceinfo.net\/fr\/wp-json\/wp\/v2\/ji_location?post=7732"}],"curies":[{"name":"wp","href":"https:\/\/api.w.org\/{rel}","templated":true}]}}