{"id":7744,"date":"2004-10-30T00:00:00","date_gmt":"2004-10-29T22:00:00","guid":{"rendered":"https:\/\/www.justiceinfo.net\/7744-le-tpir-invite-des-officiels-rwandais-a-des-discussions4534.html"},"modified":"2004-10-30T00:00:00","modified_gmt":"2004-10-29T22:00:00","slug":"le-tpir-invite-des-officiels-rwandais-a-des-discussions4534","status":"publish","type":"post","link":"https:\/\/www.justiceinfo.net\/fr\/7744-le-tpir-invite-des-officiels-rwandais-a-des-discussions4534.html","title":{"rendered":"LE TPIR INVITE DES OFFICIELS RWANDAIS A DES DISCUSSIONS"},"content":{"rendered":"<p  >\nArusha, le 30 octobre 2002 (FH) - Le pr\u00e9sident du Tribunal international pour le Rwanda, la juge Navanethem Pillay, a officiellement invit\u00e9 de hauts responsables rwandais \u00e0 Arusha, afin de discuter des relations tendues entre l\u2019institution et le gouvernement rwandais, a appris l\u2019agence Hirondelle.\n<\/p>\n<p  >\n\"Les relations entre le TPIR et le gouvernement rwandais figureront au programme de la visite\", a confirm\u00e9 Tom Kennedy, charg\u00e9 de la section Presse et Relations Publiques du Tribunal.\n<\/p>\n<p><!--more--><\/p>\n<p  >\nLes relations entre le Rwanda et le TPIR sont actuellement au plus bas, le premier accusant le second d\u2019incomp\u00e9tence, tandis que le Tribunal accuse le gouvernement rwandais de refuser de coop\u00e9rer aux enqu\u00eates sur les crimes de guerre qu\u2019aurait commis l\u2019Arm\u00e9e Patriotique Rwandaise entre juillet et d\u00e9cembre 1994.\n<\/p>\n<p  >\nFin juillet, le TPIR a d\u00e9pos\u00e9 une plainte officielle aupr\u00e8s du Conseil de s\u00e9curit\u00e9 des Nations-Unies au sujet de ce refus de coop\u00e9rer. Le gouvernement rwandais a r\u00e9pondu par le m\u00eame canal peu apr\u00e8s. A ce jour, aucune r\u00e9solution n\u2019a \u00e9t\u00e9 prise par le Conseil de s\u00e9curit\u00e9 afin de r\u00e9gler ce diff\u00e9rend.\n<\/p>\n<p  >\nLes officiels rwandais invit\u00e9s sont : Jean de Dieu Mucyo, ministre de la Justice et des Relations Institutionnelles, G\u00e9rard Gahima, procureur g\u00e9n\u00e9ral et le pr\u00e9sident de la Cour Supr\u00eame, Simeon Rwagasore. Tous trois ont \u00e9t\u00e9 invit\u00e9s au Tribunal \u201cla premi\u00e8re semaine de novembre\u201d, selon une source au TPIR. Tom Kennedy n\u2019a pas \u00e9t\u00e9 en mesure de confirmer si les officiels rwandais avaient r\u00e9pondu \u00e0 cette invitation.\n<\/p>\n<p  >\nL\u2019invitation stipule que les trois officiels rencontreraient le pr\u00e9sident du TPIR, le greffier, Adama Dieng ainsi que Carla Del Ponte, procureur du TPIR.\n<\/p>\n<p  >\nDeux importantes associations rwandaises de rescap\u00e9s du g\u00e9nocide, IBUKA et AVEGA, ont suspendu toute coop\u00e9ration avec le Tribunal depuis le d\u00e9but de l\u2019 ann\u00e9e, conseillant \u00e0 leurs membres de ne pas venir t\u00e9moigner au TPIR. Cette d\u00e9cision a entra\u00een\u00e9 la suspension et le report de plusieurs proc\u00e8s, faute de<br \/>\nt\u00e9moins. Ces associations protestaient, entre autres, contre le fait que des suspects de g\u00e9nocide \u00e9taient employ\u00e9s par le Tribunal, et que les t\u00e9moins \u00e9taient victimes de harc\u00e8lement et de mauvais traitement de la part d\u2019officiels du Tribunal. La commission mise sur pied par le TPIR et le Rwanda pour traiter de la question avait d\u00fb \u00eatre annul\u00e9e, les deux parties ne parvenant pas \u00e0 s\u2019entendre sur son mandat.\n<\/p>\n<p  >\nEn milieu d\u2019ann\u00e9e, le gouvernement de Kigali avait annonc\u00e9 au bureau du procureur du TPIR qu\u2019il ne coop\u00e9rerait pas dans ses enqu\u00eates de crimes de<br \/>\nguerre qu\u2019auraient commis l\u2019APR durant le conflit qui a install\u00e9 le gouvernement actuel au pouvoir. Le gouvernement avait motiv\u00e9 sa d\u00e9cision en disant qu\u2019il avait lui-m\u00eame men\u00e9 ces enqu\u00eates et instruit les proc\u00e8s qui en d\u00e9coulaient. Un peu plus tard, les services de l\u2019immigration avaient impos\u00e9 de nouvelles formalit\u00e9s aux t\u00e9moins voulant t\u00e9moigner au TPIR. Alors que, pour Kigali, ces formalit\u00e9s \u00e9taient \u00ab les m\u00eames pour tous les Rwandais\u201d, le TPIR les consid\u00e9rait comme un obstacle au voyage et \u00e0 la s\u00e9curit\u00e9 des t\u00e9moins.\n<\/p>\n<p  >\nGG\/CE\/GF\/FH(RW-1030e)<\/p>\n","protected":false},"excerpt":{"rendered":"<p>Arusha, le 30 octobre 2002 (FH) - Le pr\u00e9sident du Tribunal international pour le Rwanda, la juge Navanethem Pillay, a officiellement invit\u00e9 de hauts responsables rwandais \u00e0 Arusha, afin de discuter des relations tendues entre l\u2019institution et le gouvernement rwandais, a appris l\u2019agence Hirondelle. \"Les relations entre le TPIR et le gouvernement rwandais figureront au [&hellip;]<\/p>\n","protected":false},"author":64,"featured_media":0,"comment_status":"open","ping_status":"closed","sticky":false,"template":"","format":"standard","meta":{"_acf_changed":false,"footnotes":""},"categories":[554],"tags":[],"ji_location":[],"class_list":["post-7744","post","type-post","status-publish","format-standard","hentry","category-hirondellenews"],"acf":[],"yoast_head":"<!-- This site is optimized with the Yoast SEO Premium plugin v25.3.1 (Yoast SEO v25.3.1) - https:\/\/yoast.com\/wordpress\/plugins\/seo\/ -->\n<title>LE TPIR INVITE DES OFFICIELS RWANDAIS A DES DISCUSSIONS - JusticeInfo.net<\/title>\n<meta name=\"robots\" content=\"index, follow, max-snippet:-1, max-image-preview:large, max-video-preview:-1\" \/>\n<link rel=\"canonical\" href=\"https:\/\/www.justiceinfo.net\/fr\/7744-le-tpir-invite-des-officiels-rwandais-a-des-discussions4534.html\" \/>\n<meta property=\"og:locale\" content=\"fr_FR\" \/>\n<meta property=\"og:type\" content=\"article\" \/>\n<meta property=\"og:title\" content=\"LE TPIR INVITE DES OFFICIELS RWANDAIS A DES DISCUSSIONS\" \/>\n<meta property=\"og:description\" content=\"Arusha, le 30 octobre 2002 (FH) - Le pr\u00e9sident du Tribunal international pour le Rwanda, la juge Navanethem Pillay, a officiellement invit\u00e9 de hauts responsables rwandais \u00e0 Arusha, afin de discuter des relations tendues entre l\u2019institution et le gouvernement rwandais, a appris l\u2019agence Hirondelle. &quot;Les relations entre le TPIR et le gouvernement rwandais figureront au [&hellip;]\" \/>\n<meta property=\"og:url\" content=\"https:\/\/www.justiceinfo.net\/fr\/7744-le-tpir-invite-des-officiels-rwandais-a-des-discussions4534.html\" \/>\n<meta property=\"og:site_name\" content=\"JusticeInfo.net\" \/>\n<meta property=\"article:publisher\" content=\"https:\/\/www.facebook.com\/JusticeInfo\/\" \/>\n<meta property=\"article:published_time\" content=\"2004-10-29T22:00:00+00:00\" \/>\n<meta property=\"og:image\" content=\"https:\/\/www.justiceinfo.net\/wp-content\/uploads\/JusticeInfoNet_logo_1200x630px.jpg\" \/>\n\t<meta property=\"og:image:width\" content=\"1200\" \/>\n\t<meta property=\"og:image:height\" content=\"630\" \/>\n\t<meta property=\"og:image:type\" content=\"image\/jpeg\" \/>\n<meta name=\"author\" content=\"solivri\" \/>\n<meta name=\"twitter:card\" content=\"summary_large_image\" \/>\n<meta name=\"twitter:creator\" content=\"@justiceinfonet\" \/>\n<meta name=\"twitter:site\" content=\"@justiceinfonet\" \/>\n<meta name=\"twitter:label1\" content=\"\u00c9crit par\" \/>\n\t<meta name=\"twitter:data1\" content=\"solivri\" \/>\n\t<meta name=\"twitter:label2\" content=\"Dur\u00e9e de lecture estim\u00e9e\" \/>\n\t<meta name=\"twitter:data2\" content=\"3 minutes\" \/>\n<script type=\"application\/ld+json\" class=\"yoast-schema-graph\">{\"@context\":\"https:\/\/schema.org\",\"@graph\":[{\"@type\":\"NewsArticle\",\"@id\":\"https:\/\/www.justiceinfo.net\/fr\/7744-le-tpir-invite-des-officiels-rwandais-a-des-discussions4534.html#article\",\"isPartOf\":{\"@id\":\"https:\/\/www.justiceinfo.net\/fr\/7744-le-tpir-invite-des-officiels-rwandais-a-des-discussions4534.html\"},\"author\":{\"name\":\"solivri\",\"@id\":\"https:\/\/www.justiceinfo.net\/fr#\/schema\/person\/6e53cba1629e2e66f3fc1821d3091865\"},\"headline\":\"LE TPIR INVITE DES OFFICIELS RWANDAIS A DES DISCUSSIONS\",\"datePublished\":\"2004-10-29T22:00:00+00:00\",\"mainEntityOfPage\":{\"@id\":\"https:\/\/www.justiceinfo.net\/fr\/7744-le-tpir-invite-des-officiels-rwandais-a-des-discussions4534.html\"},\"wordCount\":567,\"commentCount\":0,\"publisher\":{\"@id\":\"https:\/\/www.justiceinfo.net\/fr#organization\"},\"articleSection\":[\"Hirondelle News\"],\"inLanguage\":\"fr-FR\",\"potentialAction\":[{\"@type\":\"CommentAction\",\"name\":\"Comment\",\"target\":[\"https:\/\/www.justiceinfo.net\/fr\/7744-le-tpir-invite-des-officiels-rwandais-a-des-discussions4534.html#respond\"]}]},{\"@type\":\"WebPage\",\"@id\":\"https:\/\/www.justiceinfo.net\/fr\/7744-le-tpir-invite-des-officiels-rwandais-a-des-discussions4534.html\",\"url\":\"https:\/\/www.justiceinfo.net\/fr\/7744-le-tpir-invite-des-officiels-rwandais-a-des-discussions4534.html\",\"name\":\"LE TPIR INVITE DES OFFICIELS RWANDAIS A DES DISCUSSIONS - JusticeInfo.net\",\"isPartOf\":{\"@id\":\"https:\/\/www.justiceinfo.net\/fr#website\"},\"datePublished\":\"2004-10-29T22:00:00+00:00\",\"breadcrumb\":{\"@id\":\"https:\/\/www.justiceinfo.net\/fr\/7744-le-tpir-invite-des-officiels-rwandais-a-des-discussions4534.html#breadcrumb\"},\"inLanguage\":\"fr-FR\",\"potentialAction\":[{\"@type\":\"ReadAction\",\"target\":[\"https:\/\/www.justiceinfo.net\/fr\/7744-le-tpir-invite-des-officiels-rwandais-a-des-discussions4534.html\"]}]},{\"@type\":\"BreadcrumbList\",\"@id\":\"https:\/\/www.justiceinfo.net\/fr\/7744-le-tpir-invite-des-officiels-rwandais-a-des-discussions4534.html#breadcrumb\",\"itemListElement\":[{\"@type\":\"ListItem\",\"position\":1,\"name\":\"Home\",\"item\":\"https:\/\/www.justiceinfo.net\/fr\"},{\"@type\":\"ListItem\",\"position\":2,\"name\":\"LE TPIR INVITE DES OFFICIELS RWANDAIS A DES DISCUSSIONS\"}]},{\"@type\":\"WebSite\",\"@id\":\"https:\/\/www.justiceinfo.net\/fr#website\",\"url\":\"https:\/\/www.justiceinfo.net\/fr\",\"name\":\"JusticeInfo.net\",\"description\":\"La justice doit \u00eatre vue pour \u00eatre rendue\",\"publisher\":{\"@id\":\"https:\/\/www.justiceinfo.net\/fr#organization\"},\"potentialAction\":[{\"@type\":\"SearchAction\",\"target\":{\"@type\":\"EntryPoint\",\"urlTemplate\":\"https:\/\/www.justiceinfo.net\/fr?s={search_term_string}\"},\"query-input\":{\"@type\":\"PropertyValueSpecification\",\"valueRequired\":true,\"valueName\":\"search_term_string\"}}],\"inLanguage\":\"fr-FR\"},{\"@type\":\"Organization\",\"@id\":\"https:\/\/www.justiceinfo.net\/fr#organization\",\"name\":\"Justice Info\",\"url\":\"https:\/\/www.justiceinfo.net\/fr\",\"logo\":{\"@type\":\"ImageObject\",\"inLanguage\":\"fr-FR\",\"@id\":\"https:\/\/www.justiceinfo.net\/fr#\/schema\/logo\/image\/\",\"url\":\"https:\/\/www.justiceinfo.net\/wp-content\/uploads\/justiceinfo_logo-trans_1200x1200px.png\",\"contentUrl\":\"https:\/\/www.justiceinfo.net\/wp-content\/uploads\/justiceinfo_logo-trans_1200x1200px.png\",\"width\":1199,\"height\":1200,\"caption\":\"Justice Info\"},\"image\":{\"@id\":\"https:\/\/www.justiceinfo.net\/fr#\/schema\/logo\/image\/\"},\"sameAs\":[\"https:\/\/www.facebook.com\/JusticeInfo\/\",\"https:\/\/x.com\/justiceinfonet\",\"https:\/\/www.linkedin.com\/company\/justice-info\",\"https:\/\/www.youtube.com\/channel\/UCyCEsARodyuWtkWyhn-e7pA\"]},{\"@type\":\"Person\",\"name\":\"solivri\",\"url\":\"\/fr\/?s=solivri\"}]}<\/script>\n<!-- \/ Yoast SEO Premium plugin. -->","yoast_head_json":{"title":"LE TPIR INVITE DES OFFICIELS RWANDAIS A DES DISCUSSIONS - JusticeInfo.net","robots":{"index":"index","follow":"follow","max-snippet":"max-snippet:-1","max-image-preview":"max-image-preview:large","max-video-preview":"max-video-preview:-1"},"canonical":"https:\/\/www.justiceinfo.net\/fr\/7744-le-tpir-invite-des-officiels-rwandais-a-des-discussions4534.html","og_locale":"fr_FR","og_type":"article","og_title":"LE TPIR INVITE DES OFFICIELS RWANDAIS A DES DISCUSSIONS","og_description":"Arusha, le 30 octobre 2002 (FH) - Le pr\u00e9sident du Tribunal international pour le Rwanda, la juge Navanethem Pillay, a officiellement invit\u00e9 de hauts responsables rwandais \u00e0 Arusha, afin de discuter des relations tendues entre l\u2019institution et le gouvernement rwandais, a appris l\u2019agence Hirondelle. \"Les relations entre le TPIR et le gouvernement rwandais figureront au [&hellip;]","og_url":"https:\/\/www.justiceinfo.net\/fr\/7744-le-tpir-invite-des-officiels-rwandais-a-des-discussions4534.html","og_site_name":"JusticeInfo.net","article_publisher":"https:\/\/www.facebook.com\/JusticeInfo\/","article_published_time":"2004-10-29T22:00:00+00:00","og_image":[{"width":1200,"height":630,"url":"https:\/\/www.justiceinfo.net\/wp-content\/uploads\/JusticeInfoNet_logo_1200x630px.jpg","type":"image\/jpeg"}],"author":"solivri","twitter_card":"summary_large_image","twitter_creator":"@justiceinfonet","twitter_site":"@justiceinfonet","twitter_misc":{"\u00c9crit par":"solivri","Dur\u00e9e de lecture estim\u00e9e":"3 minutes"},"schema":{"@context":"https:\/\/schema.org","@graph":[{"@type":"NewsArticle","@id":"https:\/\/www.justiceinfo.net\/fr\/7744-le-tpir-invite-des-officiels-rwandais-a-des-discussions4534.html#article","isPartOf":{"@id":"https:\/\/www.justiceinfo.net\/fr\/7744-le-tpir-invite-des-officiels-rwandais-a-des-discussions4534.html"},"author":{"name":"solivri","@id":"https:\/\/www.justiceinfo.net\/fr#\/schema\/person\/6e53cba1629e2e66f3fc1821d3091865"},"headline":"LE TPIR INVITE DES OFFICIELS RWANDAIS A DES DISCUSSIONS","datePublished":"2004-10-29T22:00:00+00:00","mainEntityOfPage":{"@id":"https:\/\/www.justiceinfo.net\/fr\/7744-le-tpir-invite-des-officiels-rwandais-a-des-discussions4534.html"},"wordCount":567,"commentCount":0,"publisher":{"@id":"https:\/\/www.justiceinfo.net\/fr#organization"},"articleSection":["Hirondelle News"],"inLanguage":"fr-FR","potentialAction":[{"@type":"CommentAction","name":"Comment","target":["https:\/\/www.justiceinfo.net\/fr\/7744-le-tpir-invite-des-officiels-rwandais-a-des-discussions4534.html#respond"]}]},{"@type":"WebPage","@id":"https:\/\/www.justiceinfo.net\/fr\/7744-le-tpir-invite-des-officiels-rwandais-a-des-discussions4534.html","url":"https:\/\/www.justiceinfo.net\/fr\/7744-le-tpir-invite-des-officiels-rwandais-a-des-discussions4534.html","name":"LE TPIR INVITE DES OFFICIELS RWANDAIS A DES DISCUSSIONS - JusticeInfo.net","isPartOf":{"@id":"https:\/\/www.justiceinfo.net\/fr#website"},"datePublished":"2004-10-29T22:00:00+00:00","breadcrumb":{"@id":"https:\/\/www.justiceinfo.net\/fr\/7744-le-tpir-invite-des-officiels-rwandais-a-des-discussions4534.html#breadcrumb"},"inLanguage":"fr-FR","potentialAction":[{"@type":"ReadAction","target":["https:\/\/www.justiceinfo.net\/fr\/7744-le-tpir-invite-des-officiels-rwandais-a-des-discussions4534.html"]}]},{"@type":"BreadcrumbList","@id":"https:\/\/www.justiceinfo.net\/fr\/7744-le-tpir-invite-des-officiels-rwandais-a-des-discussions4534.html#breadcrumb","itemListElement":[{"@type":"ListItem","position":1,"name":"Home","item":"https:\/\/www.justiceinfo.net\/fr"},{"@type":"ListItem","position":2,"name":"LE TPIR INVITE DES OFFICIELS RWANDAIS A DES DISCUSSIONS"}]},{"@type":"WebSite","@id":"https:\/\/www.justiceinfo.net\/fr#website","url":"https:\/\/www.justiceinfo.net\/fr","name":"JusticeInfo.net","description":"La justice doit \u00eatre vue pour \u00eatre rendue","publisher":{"@id":"https:\/\/www.justiceinfo.net\/fr#organization"},"potentialAction":[{"@type":"SearchAction","target":{"@type":"EntryPoint","urlTemplate":"https:\/\/www.justiceinfo.net\/fr?s={search_term_string}"},"query-input":{"@type":"PropertyValueSpecification","valueRequired":true,"valueName":"search_term_string"}}],"inLanguage":"fr-FR"},{"@type":"Organization","@id":"https:\/\/www.justiceinfo.net\/fr#organization","name":"Justice Info","url":"https:\/\/www.justiceinfo.net\/fr","logo":{"@type":"ImageObject","inLanguage":"fr-FR","@id":"https:\/\/www.justiceinfo.net\/fr#\/schema\/logo\/image\/","url":"https:\/\/www.justiceinfo.net\/wp-content\/uploads\/justiceinfo_logo-trans_1200x1200px.png","contentUrl":"https:\/\/www.justiceinfo.net\/wp-content\/uploads\/justiceinfo_logo-trans_1200x1200px.png","width":1199,"height":1200,"caption":"Justice Info"},"image":{"@id":"https:\/\/www.justiceinfo.net\/fr#\/schema\/logo\/image\/"},"sameAs":["https:\/\/www.facebook.com\/JusticeInfo\/","https:\/\/x.com\/justiceinfonet","https:\/\/www.linkedin.com\/company\/justice-info","https:\/\/www.youtube.com\/channel\/UCyCEsARodyuWtkWyhn-e7pA"]},{"@type":"Person","name":"solivri","url":"\/fr\/?s=solivri"}]}},"_links":{"self":[{"href":"https:\/\/www.justiceinfo.net\/fr\/wp-json\/wp\/v2\/posts\/7744","targetHints":{"allow":["GET"]}}],"collection":[{"href":"https:\/\/www.justiceinfo.net\/fr\/wp-json\/wp\/v2\/posts"}],"about":[{"href":"https:\/\/www.justiceinfo.net\/fr\/wp-json\/wp\/v2\/types\/post"}],"author":[{"embeddable":true,"href":"https:\/\/www.justiceinfo.net\/fr\/wp-json\/wp\/v2\/users\/64"}],"replies":[{"embeddable":true,"href":"https:\/\/www.justiceinfo.net\/fr\/wp-json\/wp\/v2\/comments?post=7744"}],"version-history":[{"count":0,"href":"https:\/\/www.justiceinfo.net\/fr\/wp-json\/wp\/v2\/posts\/7744\/revisions"}],"wp:attachment":[{"href":"https:\/\/www.justiceinfo.net\/fr\/wp-json\/wp\/v2\/media?parent=7744"}],"wp:term":[{"taxonomy":"category","embeddable":true,"href":"https:\/\/www.justiceinfo.net\/fr\/wp-json\/wp\/v2\/categories?post=7744"},{"taxonomy":"post_tag","embeddable":true,"href":"https:\/\/www.justiceinfo.net\/fr\/wp-json\/wp\/v2\/tags?post=7744"},{"taxonomy":"ji_location","embeddable":true,"href":"https:\/\/www.justiceinfo.net\/fr\/wp-json\/wp\/v2\/ji_location?post=7744"}],"curies":[{"name":"wp","href":"https:\/\/api.w.org\/{rel}","templated":true}]}}