{"id":77473,"date":"2021-05-20T13:18:35","date_gmt":"2021-05-20T11:18:35","guid":{"rendered":"https:\/\/www.justiceinfo.net\/?p=77473"},"modified":"2021-05-20T13:18:38","modified_gmt":"2021-05-20T11:18:38","slug":"pourquoi-colombie-pionniere-justice-reparatrice","status":"publish","type":"post","link":"https:\/\/www.justiceinfo.net\/fr\/77473-pourquoi-colombie-pionniere-justice-reparatrice.html","title":{"rendered":"Pourquoi la Colombie est une pionni\u00e8re de la justice r\u00e9paratrice"},"content":{"rendered":"\n<p><strong>La Colombie, d\u00e9j\u00e0 bien engag\u00e9e sur une voie innovante de la justice transitionnelle, met la justice r\u00e9paratrice \u00e0 l'\u00e9preuve. La question est de savoir dans quelle mesure cette approche sera accueillie afin que non seulement les victimes et les auteurs de crimes, mais aussi l'ensemble de la soci\u00e9t\u00e9, puissent aller vers la paix et la r\u00e9conciliation. L'avocate colombienne Mary de Libertad Diaz Marquez rappelle qu'avant tout, l'un des principaux objectifs est de fournir aux victimes et aux auteurs les conditions n\u00e9cessaires pour r\u00e9parer les relations bris\u00e9es entre eux et leurs communaut\u00e9s.<\/strong><\/p>\n\n\n\n<!--more-->\n\n\n\n<p>Les r\u00e9centes manifestations et la r\u00e9pression violente en Colombie r\u00e9v\u00e8lent pourquoi il est si important non seulement de d\u00e9fendre la mise en \u0153uvre de l'Accord de paix de 2016, mais aussi de mettre en pratique l'un de ses \u00e9l\u00e9ments les plus innovants : l'inclusion d'une approche de justice r\u00e9paratrice dans les enqu\u00eates sur les violations des droits humains. En tant qu'avocat colombien travaillant dans le domaine de la protection des droits humains, j'ai \u00e9t\u00e9 t\u00e9moin de la fa\u00e7on dont ces violations dans mon pays menacent de faire d\u00e9railler le processus de paix. Malgr\u00e9 les critiques entourant les sanctions dites \u00ab&nbsp;r\u00e9paratrices&nbsp;\u00bb, de telles mesures pourraient gu\u00e9rir ces blessures soci\u00e9tales et instaurer une paix durable.<\/p>\n\n\n\n<p>En Colombie, la cr\u00e9ation de plusieurs m\u00e9canismes reposant sur le principe de la justice r\u00e9paratrice, notamment la Juridiction sp\u00e9ciale pour la paix (JEP), a ouvert la voie \u00e0 des proc\u00e9dures p\u00e9nales innovantes permettant de surmonter les lacunes de la justice r\u00e9tributive et d'adopter une approche qui place v\u00e9ritablement les victimes au centre. L'utilisation effective de <a href=\"https:\/\/www.justiceinfo.net\/fr\/43485-quelles-sanctions-defi-justice-colombienne-2020.html\">sanctions r\u00e9paratrices sp\u00e9ciales, ou sanciones propias<\/a>, donne un sens plus profond \u00e0 la participation des victimes et \u00e0 la gu\u00e9rison des communaut\u00e9s. Cela se concr\u00e9tise depuis que, le 30 avril 2021, huit anciens commandants des Forces arm\u00e9es r\u00e9volutionnaires de Colombie (FARC) ont <a href=\"https:\/\/www.justiceinfo.net\/fr\/76910-prises-otages-colombie-farc-reconnaissent-responsabilite.html\">reconnu leur responsabilit\u00e9 dans le crime de prise d'otages<\/a>, dans le cadre du \u00ab&nbsp;dossier 01&nbsp;\u00bb de la JEP.<\/p>\n\n\n\n<h2 class=\"wp-block-heading\">Une justice centr\u00e9e sur les victimes<\/h2>\n\n\n\n<p>Malgr\u00e9 cette \u00e9tape importante de l'histoire colombienne en mati\u00e8re de redevabilit\u00e9, il est important de rappeler qu'une v\u00e9ritable approche de justice r\u00e9paratrice ne repose pas uniquement sur la condamnation, mais aussi sur toutes les \u00e9tapes pr\u00e9c\u00e9dentes, de l'enqu\u00eate et de la poursuite des violations des droits humains. Ces \u00e9tapes comprennent la mani\u00e8re dont les victimes sont interrog\u00e9es et trait\u00e9es dans le cadre des proc\u00e9dures judiciaires, les raisons pour lesquelles elles sont appel\u00e9es \u00e0 intervenir au tribunal, la mani\u00e8re dont les victimes sont r\u00e9par\u00e9es, entre autres questions cl\u00e9s qui doivent d\u00e9montrer que l'attention s'est r\u00e9ellement d\u00e9plac\u00e9e de la seule responsabilit\u00e9 p\u00e9nale des auteurs vers les demandes des victimes.<\/p>\n\n\n\n<p>\u00c0 cette fin, le mod\u00e8le colombien cr\u00e9e d\u00e9j\u00e0 un pr\u00e9c\u00e9dent important dans la mani\u00e8re de le concevoir, en donnant \u00e0 la responsabilit\u00e9 un objectif diff\u00e9rent. L'accord de paix a \u00e9tabli la JEP, un organe judiciaire qui - de mani\u00e8re unique pour un tribunal tenu d'appliquer le droit international - parvient \u00e0 combiner une approche de justice r\u00e9tributive et une approche de justice r\u00e9paratrice, les deux \u00e9tant \u00e9galement n\u00e9cessaires. Il \u00e9tablit que les institutions doivent mettre l'accent sur les mesures r\u00e9paratrices et de r\u00e9paration et \"<a href=\"https:\/\/www.peaceagreements.org\/viewmasterdocument\/1845\">chercher \u00e0 r\u00e9aliser la justice pas seulement par des sanctions r\u00e9tributives<\/a>\". Ainsi, d'un point de vue r\u00e9tributif, l'accord \u00e9tablit une possibilit\u00e9 effective de restriction de la libert\u00e9. Il autorise de longues p\u00e9riodes d'emprisonnement en cas de non-respect, qui peuvent aller jusqu'\u00e0 20 ans dans des conditions de d\u00e9tention ordinaires. D'autre part, dans une approche de justice r\u00e9paratrice, le mod\u00e8le colombien a introduit des sanctions r\u00e9paratrices sp\u00e9ciales qui ne peuvent \u00eatre impos\u00e9es que si les auteurs reconnaissent leur responsabilit\u00e9 et disent la v\u00e9rit\u00e9.<\/p>\n\n\n\n<p>Ces conditions permettent \u00e0 la JEP d'imposer, au cas par cas, des sanctions ayant un effet r\u00e9parateur sur les victimes en tenant compte de leurs demandes et de leurs pr\u00e9occupations. La JEP doit ainsi s'assurer que les sanctions b\u00e9n\u00e9ficient aux communaut\u00e9s en r\u00e9parant l'exclusion sociale caus\u00e9e par les violations des droits humains qui ont eu lieu. L'accord contient une liste de sanctions qui inclut la condamnation des auteurs \u00e0 reconstruire des \u00e9coles, des routes, des centres de sant\u00e9, entre autres installations, qu'ils ont d\u00e9truites lors d'attaques arm\u00e9es.<\/p>\n\n\n\n<h2 class=\"wp-block-heading\"><strong>Renforcer <\/strong>l<strong>a participation des victimes<\/strong><\/h2>\n\n\n\n<p>L'accord de paix favorise \u00e9galement de mani\u00e8re substantielle la participation des victimes, qui est g\u00e9n\u00e9ralement l'une des principales lacunes des approches r\u00e9tributives. \u00c9tant donn\u00e9 que le but des proc\u00e8s est de d\u00e9terminer si une personne a commis un crime et dans quelle mesure elle a \u00e9t\u00e9 impliqu\u00e9e, tr\u00e8s souvent les victimes ne sont appel\u00e9es \u00e0 t\u00e9moigner que pour r\u00e9pondre \u00e0 ces objectifs. Cependant, le mod\u00e8le colombien - qui, en vertu de l'accord, comprend la JEP, ainsi que la Commission v\u00e9rit\u00e9 et l'Unit\u00e9 de recherche des personnes disparues - place v\u00e9ritablement les victimes au centre. Il inclut des m\u00e9thodes innovantes pour garantir cet impact r\u00e9parateur, par exemple en \u00e9tablissant des m\u00e9canismes de consultation avec les victimes sur les sanctions r\u00e9paratrices \u00e0 imposer, ce qu'elles signifient pour elles et comment elles doivent \u00eatre appliqu\u00e9es.<\/p>\n\n\n\n<p>Ces consultations ont d\u00e9j\u00e0 commenc\u00e9, puisque les victimes peuvent soumettre des rapports sur les crimes subis, par \u00e9crit et par oral. Cette r\u00e9alisation majeure en soi a d\u00e9j\u00e0 d\u00e9montr\u00e9 que, au-del\u00e0 de la sanction sp\u00e9cifique impos\u00e9e aux auteurs, le fait de responsabiliser les victimes et de leur donner un r\u00f4le est une \u00e9tape cl\u00e9 de ce que doit \u00eatre un processus de r\u00e9paration. Par exemple, au cours de nombreux t\u00e9moignages fournis par les victimes dans le cadre du dossier 01 de la JEP sur la prise d'otages, <a href=\"https:\/\/www.youtube.com\/watch?v=6RdEgrWCmDE\">les magistrats ont demand\u00e9 aux victimes ce qu'elles pensaient de ces sanctions et comment, \u00e0 leur avis et malgr\u00e9 la terrible douleur qu'elles ont subie, ces sanctions devraient se pr\u00e9senter en pratique<\/a>. Ce type de consultations a eu une valeur sans pr\u00e9c\u00e9dent pour les victimes.<\/p>\n\n\n\n<p>\"Dans le pass\u00e9, les victimes n'avaient pas \u00e9t\u00e9 au centre du processus. Nous n'avions pas ce sentiment. Ainsi, j'ai accept\u00e9 de me pr\u00e9senter devant la JEP parce que j'ai le sentiment que la JEP place les victimes au centre et non les auteurs de crimes. Les auteurs ne peuvent pas \u00eatre les principaux protagonistes d'un processus de paix\", a d\u00e9clar\u00e9 <a href=\"https:\/\/www.youtube.com\/watch?v=V-it3g__uHk\">Consuelo Gonz\u00e1lez de Perdomo<\/a>, une ancienne membre du Congr\u00e8s qui a \u00e9t\u00e9 kidnapp\u00e9e par les FARC pendant pr\u00e8s de sept ans.<\/p>\n\n\n\n<h2 class=\"wp-block-heading\">Surmonter les critiques et reconstruire les relations<\/h2>\n\n\n\n<p>L'approche de la justice r\u00e9paratrice a fait l'objet de critiques \u00e9tant donn\u00e9 qu'elle a traditionnellement \u00e9t\u00e9 utilis\u00e9e pour traiter les crimes ordinaires et mineurs dans les soci\u00e9t\u00e9s. Dans de nombreuses juridictions, par exemple, les jeunes qui ont \u00e9t\u00e9 impliqu\u00e9s dans des d\u00e9lits mineurs se voient imposer des services communautaires pour r\u00e9parer le mal qu'ils ont fait. Ainsi, selon certains, appliquer la justice r\u00e9paratrice \u00e0 un contexte dans lequel des violations massives des droits de l'homme ont \u00e9t\u00e9 commises pourrait sembler inad\u00e9quat. Aux yeux du public, l'obligation de rendre des comptes \u00e9quivaut g\u00e9n\u00e9ralement \u00e0 une punition qui est cens\u00e9e se traduire par de longues p\u00e9riodes d'emprisonnement. Plus le temps d'emprisonnement est long, plus les gens ont le sentiment que justice a \u00e9t\u00e9 rendue.<\/p>\n\n\n\n<p>Ce qui doit \u00eatre communiqu\u00e9 plus clairement, c'est que l'un des principaux objectifs de la justice r\u00e9paratrice est de r\u00e9parer les relations bris\u00e9es entre victimes et auteurs. Il est donc crucial de donner \u00e0 ceux qui ont commis des crimes la possibilit\u00e9 de r\u00e9parer les dommages caus\u00e9s et de promouvoir le dialogue. Au stade actuel de la proc\u00e9dure de la JEP, ces types de rencontres n'ont pas encore eu lieu dans toutes les affaires. Cependant, des mesures importantes ont d\u00e9j\u00e0 \u00e9t\u00e9 prises dans ce sens. Jusqu'\u00e0 pr\u00e9sent, apr\u00e8s des audiences bas\u00e9es sur le volontariat, au cours desquelles des auteurs ont eu la possibilit\u00e9 d'avouer leurs crimes et de dire la v\u00e9rit\u00e9, des victimes ont \u00e9t\u00e9 invit\u00e9es \u00e0 soumettre leurs questions et commentaires. Ce processus leur a permis d'adresser des questions aux auteurs pr\u00e9sum\u00e9s, par exemple concernant le lieu o\u00f9 sont enterr\u00e9s les membres de leur famille, entre autres.<\/p>\n\n\n\n<h2 class=\"wp-block-heading\">Des probl\u00e8mes non r\u00e9solus<\/h2>\n\n\n\n<p>Bien que des rencontres entre victimes et auteurs aient commenc\u00e9 \u00e0 avoir lieu, il reste encore beaucoup \u00e0 faire. Cela n\u00e9cessite beaucoup de pr\u00e9paration et de sensibilisation. Les auteurs doivent vraiment comprendre les dommages caus\u00e9s par leurs crimes et faire preuve de remords sinc\u00e8res. Sinon, ces r\u00e9unions risquent de les revictimiser, \u00e9tant donn\u00e9 que, par exemple, de nombreux auteurs tentent encore de justifier, d'une mani\u00e8re ou d'une autre, les crimes qu'ils ont commis. Un tel processus est essentiel pour que les deux parties commencent \u00e0 interagir et \u00e0 progresser vers la r\u00e9conciliation. Une r\u00e9conciliation qui, \u00e9videmment, ne peut \u00eatre impos\u00e9e aux victimes.<\/p>\n\n\n\n<p>En outre, dans le cadre d'une approche de justice r\u00e9paratrice, les processus judiciaires doivent reconna\u00eetre que chaque fois que des actes r\u00e9pr\u00e9hensibles sont commis, ils causent des dommages non seulement aux victimes, mais aussi aux relations qui les lient \u00e0 leurs communaut\u00e9s. C'est une question encore peu explor\u00e9e. Par exemple, dans le dossier 01, de nombreuses victimes ont d\u00e9clar\u00e9 que la soci\u00e9t\u00e9 a manqu\u00e9 d\u2019empathie face \u00e0 leur douleur. Beaucoup se sont senties jug\u00e9es, critiqu\u00e9es et m\u00eame accus\u00e9es pour le fait d\u2019avoir \u00e9t\u00e9 kidnapp\u00e9es. En outre, en raison du manque d'empathie des m\u00e9dias, leur vie priv\u00e9e a \u00e9t\u00e9 constamment viol\u00e9e. \u00ab&nbsp;<a href=\"https:\/\/www.youtube.com\/watch?v=V-it3g__uHk\">Cette r\u00e9action hostile et cruelle de la soci\u00e9t\u00e9 nous a caus\u00e9 presque plus de douleur que toutes les terribles souffrances que nous avons endur\u00e9es en captivit\u00e9<\/a>&nbsp;\u00bb, d\u00e9clare Consuelo Gonzalez.<\/p>\n\n\n\n<p>Si de nombreux t\u00e9moignages de victimes ont \u00e9t\u00e9 enregistr\u00e9s et mis en ligne \u00e0 leur demande, la plupart des gens n'en ont pas connaissance. Il faut davantage de sensibilisation pour s'assurer que les victimes sont vues, entendues et r\u00e9par\u00e9es. Les diff\u00e9rents m\u00e9canismes cr\u00e9\u00e9s par l'accord de paix doivent \u00eatre plus inclusifs de la soci\u00e9t\u00e9 dans son ensemble. Non seulement les auteurs de crimes, mais toute la soci\u00e9t\u00e9 colombienne doit prendre des mesures en faveur de la paix et de la r\u00e9conciliation. En tant que communaut\u00e9, nous n'avons pas pleinement reconnu les victimes et leurs souffrances. Le temps est venu pour nous d'\u00eatre assez courageux pour y rem\u00e9dier.<\/p>\n\n\n\n<p>Tous les regards sont tourn\u00e9s vers la JEP. S'il est trop t\u00f4t pour savoir si la mise en \u0153uvre des sanctions r\u00e9paratrices sera un succ\u00e8s, une juste \u00e9valuation de cette exp\u00e9rience doit se concentrer sur le processus lui-m\u00eame. M\u00eame si ces sanctions peuvent sembler peu conventionnelles, ce qui compte v\u00e9ritablement, c'est la mani\u00e8re dont les victimes et les auteurs de crimes y parviennent et, surtout, la mani\u00e8re dont cela r\u00e9pond aux attentes des victimes. Ce processus prend tout son sens \u00e0 l'heure o\u00f9 certains acteurs du monde judiciaire, tant au niveau national qu'international, s'efforcent d'\u00e9laborer des mesures de r\u00e9paration globales qui permettent de redresser les victimes individuelles, mais aussi les communaut\u00e9s plus larges touch\u00e9es par les crimes d'atrocit\u00e9s de masse. La communaut\u00e9 internationale a tout \u00e0 gagner \u00e0 s'inspirer de l'approche pionni\u00e8re adopt\u00e9e par la Colombie.<\/p>\n\n\n<div class=\"content-encadre\">\n<p><strong><img loading=\"lazy\" decoding=\"async\" class=\"alignleft  wp-image-77479\" src=\"https:\/\/www.justiceinfo.net\/wp-content\/uploads\/Mary-Diaz-Marquez.jpg\" alt=\"Mary de la Libertad Diaz Marquez\" width=\"200\" height=\"200\">MARY DE LA LIBERTAD DIAZ MARQUEZ<\/strong><\/p>\n<p>Mary de la Libertad Diaz Marquez est charg\u00e9e de programme pour le programme national de justice de Justice Rapid Response en Colombie. Avant de rejoindre l'organisation, elle a travaill\u00e9 comme conseill\u00e8re au bureau du procureur g\u00e9n\u00e9ral de Colombie et comme avocate au bureau des affaires constitutionnelles. Elle a travaill\u00e9 pendant plusieurs ann\u00e9es pour une ONG, la Commission colombienne des juristes, et comme professeur en droits humains \u00e0 l'Universidad del Rosario (Bogota). Avocate, elle est titulaire d'un LLM en droit international humanitaire de l'Universit\u00e9 nationale de Colombie et d'un Master en justice transitionnelle, droits de l'homme et \u00c9tat de droit de l'Acad\u00e9mie de Gen\u00e8ve (Suisse).<\/p>\n<\/div>","protected":false},"excerpt":{"rendered":"<p>La Colombie, d\u00e9j\u00e0 bien engag\u00e9e sur une voie innovante de la justice transitionnelle, met la justice r\u00e9paratrice \u00e0 l'\u00e9preuve. La question est de savoir dans quelle mesure cette approche sera accueillie afin que non seulement les victimes et les auteurs de crimes, mais aussi l'ensemble de la soci\u00e9t\u00e9, puissent aller vers la paix et la [&hellip;]<\/p>\n","protected":false},"author":64,"featured_media":77476,"comment_status":"open","ping_status":"closed","sticky":false,"template":"","format":"standard","meta":{"_acf_changed":false,"footnotes":""},"categories":[575,549],"tags":[2868],"ji_location":[2176],"class_list":["post-77473","post","type-post","status-publish","format-standard","has-post-thumbnail","hentry","category-opinions","category-reconciliation","tag-justice-reparatrice","ji_location-colombie"],"acf":[],"yoast_head":"<!-- This site is optimized with the Yoast SEO Premium plugin v25.3.1 (Yoast SEO v25.3.1) - https:\/\/yoast.com\/wordpress\/plugins\/seo\/ -->\n<title>Pourquoi la Colombie est une pionni\u00e8re de la justice r\u00e9paratrice - JusticeInfo.net<\/title>\n<meta name=\"description\" content=\"La Colombie, d\u00e9j\u00e0 bien engag\u00e9e sur une voie innovante de la justice transitionnelle, met la justice r\u00e9paratrice \u00e0 l&#039;\u00e9preuve. La question est de savoir dans quelle mesure cette approche sera accueillie afin que non seulement les victimes et les auteurs de crimes, mais aussi l&#039;ensemble de la soci\u00e9t\u00e9, puissent aller vers la paix et la r\u00e9conciliation. L&#039;avocate colombienne Mary de Libertad Diaz Marquez rappelle qu&#039;avant tout, l&#039;un des principaux objectifs est de fournir aux victimes et aux auteurs les conditions n\u00e9cessaires pour r\u00e9parer les relations bris\u00e9es entre eux et leurs communaut\u00e9s.\" \/>\n<meta name=\"robots\" content=\"index, follow, max-snippet:-1, max-image-preview:large, max-video-preview:-1\" \/>\n<link rel=\"canonical\" href=\"https:\/\/www.justiceinfo.net\/fr\/77473-pourquoi-colombie-pionniere-justice-reparatrice.html\" \/>\n<meta property=\"og:locale\" content=\"fr_FR\" \/>\n<meta property=\"og:type\" content=\"article\" \/>\n<meta property=\"og:title\" content=\"Pourquoi la Colombie est une pionni\u00e8re de la justice r\u00e9paratrice\" \/>\n<meta property=\"og:description\" content=\"La Colombie, d\u00e9j\u00e0 bien engag\u00e9e sur une voie innovante de la justice transitionnelle, met la justice r\u00e9paratrice \u00e0 l&#039;\u00e9preuve. La question est de savoir dans quelle mesure cette approche sera accueillie afin que non seulement les victimes et les auteurs de crimes, mais aussi l&#039;ensemble de la soci\u00e9t\u00e9, puissent aller vers la paix et la r\u00e9conciliation. L&#039;avocate colombienne Mary de Libertad Diaz Marquez rappelle qu&#039;avant tout, l&#039;un des principaux objectifs est de fournir aux victimes et aux auteurs les conditions n\u00e9cessaires pour r\u00e9parer les relations bris\u00e9es entre eux et leurs communaut\u00e9s.\" \/>\n<meta property=\"og:url\" content=\"https:\/\/www.justiceinfo.net\/fr\/77473-pourquoi-colombie-pionniere-justice-reparatrice.html\" \/>\n<meta property=\"og:site_name\" content=\"JusticeInfo.net\" \/>\n<meta property=\"article:publisher\" content=\"https:\/\/www.facebook.com\/JusticeInfo\/\" \/>\n<meta property=\"article:published_time\" content=\"2021-05-20T11:18:35+00:00\" \/>\n<meta property=\"article:modified_time\" content=\"2021-05-20T11:18:38+00:00\" \/>\n<meta property=\"og:image\" content=\"https:\/\/www.justiceinfo.net\/wp-content\/uploads\/Colombia_JEP-victims_@Jurisdiccion-Especial-para-la-Paz.jpg\" \/>\n\t<meta property=\"og:image:width\" content=\"1000\" \/>\n\t<meta property=\"og:image:height\" content=\"667\" \/>\n\t<meta property=\"og:image:type\" content=\"image\/jpeg\" \/>\n<meta name=\"author\" content=\"Mary de la Libertad Diaz Marquez\" \/>\n<meta name=\"twitter:card\" content=\"summary_large_image\" \/>\n<meta name=\"twitter:creator\" content=\"@justiceinfonet\" \/>\n<meta name=\"twitter:site\" content=\"@justiceinfonet\" \/>\n<meta name=\"twitter:label1\" content=\"\u00c9crit par\" \/>\n\t<meta name=\"twitter:data1\" content=\"Mary de la Libertad Diaz Marquez\" \/>\n\t<meta name=\"twitter:label2\" content=\"Dur\u00e9e de lecture estim\u00e9e\" \/>\n\t<meta name=\"twitter:data2\" content=\"9 minutes\" \/>\n<script type=\"application\/ld+json\" class=\"yoast-schema-graph\">{\"@context\":\"https:\/\/schema.org\",\"@graph\":[{\"@type\":\"NewsArticle\",\"@id\":\"https:\/\/www.justiceinfo.net\/fr\/77473-pourquoi-colombie-pionniere-justice-reparatrice.html#article\",\"isPartOf\":{\"@id\":\"https:\/\/www.justiceinfo.net\/fr\/77473-pourquoi-colombie-pionniere-justice-reparatrice.html\"},\"author\":{\"name\":\"solivri\",\"@id\":\"https:\/\/www.justiceinfo.net\/fr#\/schema\/person\/6e53cba1629e2e66f3fc1821d3091865\"},\"headline\":\"Pourquoi la Colombie est une pionni\u00e8re de la justice r\u00e9paratrice\",\"datePublished\":\"2021-05-20T11:18:35+00:00\",\"dateModified\":\"2021-05-20T11:18:38+00:00\",\"mainEntityOfPage\":{\"@id\":\"https:\/\/www.justiceinfo.net\/fr\/77473-pourquoi-colombie-pionniere-justice-reparatrice.html\"},\"wordCount\":2190,\"commentCount\":0,\"publisher\":{\"@id\":\"https:\/\/www.justiceinfo.net\/fr#organization\"},\"image\":{\"@id\":\"https:\/\/www.justiceinfo.net\/fr\/77473-pourquoi-colombie-pionniere-justice-reparatrice.html#primaryimage\"},\"thumbnailUrl\":\"https:\/\/www.justiceinfo.net\/wp-content\/uploads\/Colombia_JEP-victims_@Jurisdiccion-Especial-para-la-Paz.jpg\",\"keywords\":[\"justice r\u00e9paratrice\"],\"articleSection\":[\"Opinions\",\"R\u00e9conciliation\"],\"inLanguage\":\"fr-FR\",\"potentialAction\":[{\"@type\":\"CommentAction\",\"name\":\"Comment\",\"target\":[\"https:\/\/www.justiceinfo.net\/fr\/77473-pourquoi-colombie-pionniere-justice-reparatrice.html#respond\"]}]},{\"@type\":\"WebPage\",\"@id\":\"https:\/\/www.justiceinfo.net\/fr\/77473-pourquoi-colombie-pionniere-justice-reparatrice.html\",\"url\":\"https:\/\/www.justiceinfo.net\/fr\/77473-pourquoi-colombie-pionniere-justice-reparatrice.html\",\"name\":\"Pourquoi la Colombie est une pionni\u00e8re de la justice r\u00e9paratrice - JusticeInfo.net\",\"isPartOf\":{\"@id\":\"https:\/\/www.justiceinfo.net\/fr#website\"},\"primaryImageOfPage\":{\"@id\":\"https:\/\/www.justiceinfo.net\/fr\/77473-pourquoi-colombie-pionniere-justice-reparatrice.html#primaryimage\"},\"image\":{\"@id\":\"https:\/\/www.justiceinfo.net\/fr\/77473-pourquoi-colombie-pionniere-justice-reparatrice.html#primaryimage\"},\"thumbnailUrl\":\"https:\/\/www.justiceinfo.net\/wp-content\/uploads\/Colombia_JEP-victims_@Jurisdiccion-Especial-para-la-Paz.jpg\",\"datePublished\":\"2021-05-20T11:18:35+00:00\",\"dateModified\":\"2021-05-20T11:18:38+00:00\",\"description\":\"La Colombie, d\u00e9j\u00e0 bien engag\u00e9e sur une voie innovante de la justice transitionnelle, met la justice r\u00e9paratrice \u00e0 l'\u00e9preuve. La question est de savoir dans quelle mesure cette approche sera accueillie afin que non seulement les victimes et les auteurs de crimes, mais aussi l'ensemble de la soci\u00e9t\u00e9, puissent aller vers la paix et la r\u00e9conciliation. L'avocate colombienne Mary de Libertad Diaz Marquez rappelle qu'avant tout, l'un des principaux objectifs est de fournir aux victimes et aux auteurs les conditions n\u00e9cessaires pour r\u00e9parer les relations bris\u00e9es entre eux et leurs communaut\u00e9s.\",\"breadcrumb\":{\"@id\":\"https:\/\/www.justiceinfo.net\/fr\/77473-pourquoi-colombie-pionniere-justice-reparatrice.html#breadcrumb\"},\"inLanguage\":\"fr-FR\",\"potentialAction\":[{\"@type\":\"ReadAction\",\"target\":[\"https:\/\/www.justiceinfo.net\/fr\/77473-pourquoi-colombie-pionniere-justice-reparatrice.html\"]}]},{\"@type\":\"ImageObject\",\"inLanguage\":\"fr-FR\",\"@id\":\"https:\/\/www.justiceinfo.net\/fr\/77473-pourquoi-colombie-pionniere-justice-reparatrice.html#primaryimage\",\"url\":\"https:\/\/www.justiceinfo.net\/wp-content\/uploads\/Colombia_JEP-victims_@Jurisdiccion-Especial-para-la-Paz.jpg\",\"contentUrl\":\"https:\/\/www.justiceinfo.net\/wp-content\/uploads\/Colombia_JEP-victims_@Jurisdiccion-Especial-para-la-Paz.jpg\",\"width\":1000,\"height\":667,\"caption\":\"Au Nord de la Colombie, des Indiens Kankuamo, accompagn\u00e9s d'un juge de la juridiction sp\u00e9ciale pour la paix (JEP) et de deux psychologues, rassemblent leurs t\u00e9moignages sur des ex\u00e9cutions extrajudiciaires dans le dossier dit \\\"03\\\" de la JEP. \u00a9 Jurisdicci\u00f3n Especial para la Paz\"},{\"@type\":\"BreadcrumbList\",\"@id\":\"https:\/\/www.justiceinfo.net\/fr\/77473-pourquoi-colombie-pionniere-justice-reparatrice.html#breadcrumb\",\"itemListElement\":[{\"@type\":\"ListItem\",\"position\":1,\"name\":\"Home\",\"item\":\"https:\/\/www.justiceinfo.net\/fr\"},{\"@type\":\"ListItem\",\"position\":2,\"name\":\"Pourquoi la Colombie est une pionni\u00e8re de la justice r\u00e9paratrice\"}]},{\"@type\":\"WebSite\",\"@id\":\"https:\/\/www.justiceinfo.net\/fr#website\",\"url\":\"https:\/\/www.justiceinfo.net\/fr\",\"name\":\"JusticeInfo.net\",\"description\":\"La justice doit \u00eatre vue pour \u00eatre rendue\",\"publisher\":{\"@id\":\"https:\/\/www.justiceinfo.net\/fr#organization\"},\"potentialAction\":[{\"@type\":\"SearchAction\",\"target\":{\"@type\":\"EntryPoint\",\"urlTemplate\":\"https:\/\/www.justiceinfo.net\/fr?s={search_term_string}\"},\"query-input\":{\"@type\":\"PropertyValueSpecification\",\"valueRequired\":true,\"valueName\":\"search_term_string\"}}],\"inLanguage\":\"fr-FR\"},{\"@type\":\"Organization\",\"@id\":\"https:\/\/www.justiceinfo.net\/fr#organization\",\"name\":\"Justice Info\",\"url\":\"https:\/\/www.justiceinfo.net\/fr\",\"logo\":{\"@type\":\"ImageObject\",\"inLanguage\":\"fr-FR\",\"@id\":\"https:\/\/www.justiceinfo.net\/fr#\/schema\/logo\/image\/\",\"url\":\"https:\/\/www.justiceinfo.net\/wp-content\/uploads\/justiceinfo_logo-trans_1200x1200px.png\",\"contentUrl\":\"https:\/\/www.justiceinfo.net\/wp-content\/uploads\/justiceinfo_logo-trans_1200x1200px.png\",\"width\":1199,\"height\":1200,\"caption\":\"Justice Info\"},\"image\":{\"@id\":\"https:\/\/www.justiceinfo.net\/fr#\/schema\/logo\/image\/\"},\"sameAs\":[\"https:\/\/www.facebook.com\/JusticeInfo\/\",\"https:\/\/x.com\/justiceinfonet\",\"https:\/\/www.linkedin.com\/company\/justice-info\",\"https:\/\/www.youtube.com\/channel\/UCyCEsARodyuWtkWyhn-e7pA\"]},{\"@type\":\"Person\",\"name\":\"Mary de la Libertad Diaz Marquez\",\"url\":\"\/fr\/?s=Mary de la Libertad Diaz Marquez\"}]}<\/script>\n<!-- \/ Yoast SEO Premium plugin. -->","yoast_head_json":{"title":"Pourquoi la Colombie est une pionni\u00e8re de la justice r\u00e9paratrice - JusticeInfo.net","description":"La Colombie, d\u00e9j\u00e0 bien engag\u00e9e sur une voie innovante de la justice transitionnelle, met la justice r\u00e9paratrice \u00e0 l'\u00e9preuve. La question est de savoir dans quelle mesure cette approche sera accueillie afin que non seulement les victimes et les auteurs de crimes, mais aussi l'ensemble de la soci\u00e9t\u00e9, puissent aller vers la paix et la r\u00e9conciliation. L'avocate colombienne Mary de Libertad Diaz Marquez rappelle qu'avant tout, l'un des principaux objectifs est de fournir aux victimes et aux auteurs les conditions n\u00e9cessaires pour r\u00e9parer les relations bris\u00e9es entre eux et leurs communaut\u00e9s.","robots":{"index":"index","follow":"follow","max-snippet":"max-snippet:-1","max-image-preview":"max-image-preview:large","max-video-preview":"max-video-preview:-1"},"canonical":"https:\/\/www.justiceinfo.net\/fr\/77473-pourquoi-colombie-pionniere-justice-reparatrice.html","og_locale":"fr_FR","og_type":"article","og_title":"Pourquoi la Colombie est une pionni\u00e8re de la justice r\u00e9paratrice","og_description":"La Colombie, d\u00e9j\u00e0 bien engag\u00e9e sur une voie innovante de la justice transitionnelle, met la justice r\u00e9paratrice \u00e0 l'\u00e9preuve. La question est de savoir dans quelle mesure cette approche sera accueillie afin que non seulement les victimes et les auteurs de crimes, mais aussi l'ensemble de la soci\u00e9t\u00e9, puissent aller vers la paix et la r\u00e9conciliation. L'avocate colombienne Mary de Libertad Diaz Marquez rappelle qu'avant tout, l'un des principaux objectifs est de fournir aux victimes et aux auteurs les conditions n\u00e9cessaires pour r\u00e9parer les relations bris\u00e9es entre eux et leurs communaut\u00e9s.","og_url":"https:\/\/www.justiceinfo.net\/fr\/77473-pourquoi-colombie-pionniere-justice-reparatrice.html","og_site_name":"JusticeInfo.net","article_publisher":"https:\/\/www.facebook.com\/JusticeInfo\/","article_published_time":"2021-05-20T11:18:35+00:00","article_modified_time":"2021-05-20T11:18:38+00:00","og_image":[{"width":1000,"height":667,"url":"https:\/\/www.justiceinfo.net\/wp-content\/uploads\/Colombia_JEP-victims_@Jurisdiccion-Especial-para-la-Paz.jpg","type":"image\/jpeg"}],"author":"Mary de la Libertad Diaz Marquez","twitter_card":"summary_large_image","twitter_creator":"@justiceinfonet","twitter_site":"@justiceinfonet","twitter_misc":{"\u00c9crit par":"Mary de la Libertad Diaz Marquez","Dur\u00e9e de lecture estim\u00e9e":"9 minutes"},"schema":{"@context":"https:\/\/schema.org","@graph":[{"@type":"NewsArticle","@id":"https:\/\/www.justiceinfo.net\/fr\/77473-pourquoi-colombie-pionniere-justice-reparatrice.html#article","isPartOf":{"@id":"https:\/\/www.justiceinfo.net\/fr\/77473-pourquoi-colombie-pionniere-justice-reparatrice.html"},"author":{"name":"solivri","@id":"https:\/\/www.justiceinfo.net\/fr#\/schema\/person\/6e53cba1629e2e66f3fc1821d3091865"},"headline":"Pourquoi la Colombie est une pionni\u00e8re de la justice r\u00e9paratrice","datePublished":"2021-05-20T11:18:35+00:00","dateModified":"2021-05-20T11:18:38+00:00","mainEntityOfPage":{"@id":"https:\/\/www.justiceinfo.net\/fr\/77473-pourquoi-colombie-pionniere-justice-reparatrice.html"},"wordCount":2190,"commentCount":0,"publisher":{"@id":"https:\/\/www.justiceinfo.net\/fr#organization"},"image":{"@id":"https:\/\/www.justiceinfo.net\/fr\/77473-pourquoi-colombie-pionniere-justice-reparatrice.html#primaryimage"},"thumbnailUrl":"https:\/\/www.justiceinfo.net\/wp-content\/uploads\/Colombia_JEP-victims_@Jurisdiccion-Especial-para-la-Paz.jpg","keywords":["justice r\u00e9paratrice"],"articleSection":["Opinions","R\u00e9conciliation"],"inLanguage":"fr-FR","potentialAction":[{"@type":"CommentAction","name":"Comment","target":["https:\/\/www.justiceinfo.net\/fr\/77473-pourquoi-colombie-pionniere-justice-reparatrice.html#respond"]}]},{"@type":"WebPage","@id":"https:\/\/www.justiceinfo.net\/fr\/77473-pourquoi-colombie-pionniere-justice-reparatrice.html","url":"https:\/\/www.justiceinfo.net\/fr\/77473-pourquoi-colombie-pionniere-justice-reparatrice.html","name":"Pourquoi la Colombie est une pionni\u00e8re de la justice r\u00e9paratrice - JusticeInfo.net","isPartOf":{"@id":"https:\/\/www.justiceinfo.net\/fr#website"},"primaryImageOfPage":{"@id":"https:\/\/www.justiceinfo.net\/fr\/77473-pourquoi-colombie-pionniere-justice-reparatrice.html#primaryimage"},"image":{"@id":"https:\/\/www.justiceinfo.net\/fr\/77473-pourquoi-colombie-pionniere-justice-reparatrice.html#primaryimage"},"thumbnailUrl":"https:\/\/www.justiceinfo.net\/wp-content\/uploads\/Colombia_JEP-victims_@Jurisdiccion-Especial-para-la-Paz.jpg","datePublished":"2021-05-20T11:18:35+00:00","dateModified":"2021-05-20T11:18:38+00:00","description":"La Colombie, d\u00e9j\u00e0 bien engag\u00e9e sur une voie innovante de la justice transitionnelle, met la justice r\u00e9paratrice \u00e0 l'\u00e9preuve. La question est de savoir dans quelle mesure cette approche sera accueillie afin que non seulement les victimes et les auteurs de crimes, mais aussi l'ensemble de la soci\u00e9t\u00e9, puissent aller vers la paix et la r\u00e9conciliation. L'avocate colombienne Mary de Libertad Diaz Marquez rappelle qu'avant tout, l'un des principaux objectifs est de fournir aux victimes et aux auteurs les conditions n\u00e9cessaires pour r\u00e9parer les relations bris\u00e9es entre eux et leurs communaut\u00e9s.","breadcrumb":{"@id":"https:\/\/www.justiceinfo.net\/fr\/77473-pourquoi-colombie-pionniere-justice-reparatrice.html#breadcrumb"},"inLanguage":"fr-FR","potentialAction":[{"@type":"ReadAction","target":["https:\/\/www.justiceinfo.net\/fr\/77473-pourquoi-colombie-pionniere-justice-reparatrice.html"]}]},{"@type":"ImageObject","inLanguage":"fr-FR","@id":"https:\/\/www.justiceinfo.net\/fr\/77473-pourquoi-colombie-pionniere-justice-reparatrice.html#primaryimage","url":"https:\/\/www.justiceinfo.net\/wp-content\/uploads\/Colombia_JEP-victims_@Jurisdiccion-Especial-para-la-Paz.jpg","contentUrl":"https:\/\/www.justiceinfo.net\/wp-content\/uploads\/Colombia_JEP-victims_@Jurisdiccion-Especial-para-la-Paz.jpg","width":1000,"height":667,"caption":"Au Nord de la Colombie, des Indiens Kankuamo, accompagn\u00e9s d'un juge de la juridiction sp\u00e9ciale pour la paix (JEP) et de deux psychologues, rassemblent leurs t\u00e9moignages sur des ex\u00e9cutions extrajudiciaires dans le dossier dit \"03\" de la JEP. \u00a9 Jurisdicci\u00f3n Especial para la Paz"},{"@type":"BreadcrumbList","@id":"https:\/\/www.justiceinfo.net\/fr\/77473-pourquoi-colombie-pionniere-justice-reparatrice.html#breadcrumb","itemListElement":[{"@type":"ListItem","position":1,"name":"Home","item":"https:\/\/www.justiceinfo.net\/fr"},{"@type":"ListItem","position":2,"name":"Pourquoi la Colombie est une pionni\u00e8re de la justice r\u00e9paratrice"}]},{"@type":"WebSite","@id":"https:\/\/www.justiceinfo.net\/fr#website","url":"https:\/\/www.justiceinfo.net\/fr","name":"JusticeInfo.net","description":"La justice doit \u00eatre vue pour \u00eatre rendue","publisher":{"@id":"https:\/\/www.justiceinfo.net\/fr#organization"},"potentialAction":[{"@type":"SearchAction","target":{"@type":"EntryPoint","urlTemplate":"https:\/\/www.justiceinfo.net\/fr?s={search_term_string}"},"query-input":{"@type":"PropertyValueSpecification","valueRequired":true,"valueName":"search_term_string"}}],"inLanguage":"fr-FR"},{"@type":"Organization","@id":"https:\/\/www.justiceinfo.net\/fr#organization","name":"Justice Info","url":"https:\/\/www.justiceinfo.net\/fr","logo":{"@type":"ImageObject","inLanguage":"fr-FR","@id":"https:\/\/www.justiceinfo.net\/fr#\/schema\/logo\/image\/","url":"https:\/\/www.justiceinfo.net\/wp-content\/uploads\/justiceinfo_logo-trans_1200x1200px.png","contentUrl":"https:\/\/www.justiceinfo.net\/wp-content\/uploads\/justiceinfo_logo-trans_1200x1200px.png","width":1199,"height":1200,"caption":"Justice Info"},"image":{"@id":"https:\/\/www.justiceinfo.net\/fr#\/schema\/logo\/image\/"},"sameAs":["https:\/\/www.facebook.com\/JusticeInfo\/","https:\/\/x.com\/justiceinfonet","https:\/\/www.linkedin.com\/company\/justice-info","https:\/\/www.youtube.com\/channel\/UCyCEsARodyuWtkWyhn-e7pA"]},{"@type":"Person","name":"Mary de la Libertad Diaz Marquez","url":"\/fr\/?s=Mary de la Libertad Diaz Marquez"}]}},"_links":{"self":[{"href":"https:\/\/www.justiceinfo.net\/fr\/wp-json\/wp\/v2\/posts\/77473","targetHints":{"allow":["GET"]}}],"collection":[{"href":"https:\/\/www.justiceinfo.net\/fr\/wp-json\/wp\/v2\/posts"}],"about":[{"href":"https:\/\/www.justiceinfo.net\/fr\/wp-json\/wp\/v2\/types\/post"}],"author":[{"embeddable":true,"href":"https:\/\/www.justiceinfo.net\/fr\/wp-json\/wp\/v2\/users\/64"}],"replies":[{"embeddable":true,"href":"https:\/\/www.justiceinfo.net\/fr\/wp-json\/wp\/v2\/comments?post=77473"}],"version-history":[{"count":6,"href":"https:\/\/www.justiceinfo.net\/fr\/wp-json\/wp\/v2\/posts\/77473\/revisions"}],"predecessor-version":[{"id":77492,"href":"https:\/\/www.justiceinfo.net\/fr\/wp-json\/wp\/v2\/posts\/77473\/revisions\/77492"}],"wp:featuredmedia":[{"embeddable":true,"href":"https:\/\/www.justiceinfo.net\/fr\/wp-json\/wp\/v2\/media\/77476"}],"wp:attachment":[{"href":"https:\/\/www.justiceinfo.net\/fr\/wp-json\/wp\/v2\/media?parent=77473"}],"wp:term":[{"taxonomy":"category","embeddable":true,"href":"https:\/\/www.justiceinfo.net\/fr\/wp-json\/wp\/v2\/categories?post=77473"},{"taxonomy":"post_tag","embeddable":true,"href":"https:\/\/www.justiceinfo.net\/fr\/wp-json\/wp\/v2\/tags?post=77473"},{"taxonomy":"ji_location","embeddable":true,"href":"https:\/\/www.justiceinfo.net\/fr\/wp-json\/wp\/v2\/ji_location?post=77473"}],"curies":[{"name":"wp","href":"https:\/\/api.w.org\/{rel}","templated":true}]}}