{"id":79803,"date":"2021-08-02T07:00:00","date_gmt":"2021-08-02T05:00:00","guid":{"rendered":"https:\/\/www.justiceinfo.net\/?p=79803"},"modified":"2021-08-03T10:28:09","modified_gmt":"2021-08-03T08:28:09","slug":"meilleur-justice-info-2020-2021","status":"publish","type":"post","link":"https:\/\/www.justiceinfo.net\/fr\/79803-meilleur-justice-info-2020-2021.html","title":{"rendered":"Le meilleur de Justice Info (2020-2021)"},"content":{"rendered":"<p>[vc_row][vc_column][vc_column_text]<strong>Justice Info marque une pause durant trois semaines et reprend ses publications le 23 ao\u00fbt. Durant ce temps nous vous proposons une s\u00e9lection de nos meilleurs articles depuis le mois de septembre 2020. L'occasion de revenir sur l\u2019actualit\u00e9 de la plan\u00e8te justice transitionnelle de ces douze derniers mois.<\/strong>[\/vc_column_text][\/vc_column][\/vc_row][vc_row][vc_column][vc_separator style=\"dotted\" border_width=\"3\" css=\".vc_custom_1627633497204{margin-bottom: 20px !important;}\"][\/vc_column][\/vc_row][vc_row][vc_column][vc_column_text css=\".vc_custom_1627568277008{margin-top: 20px !important;margin-bottom: 40px !important;}\"]<\/p>\n<p style=\"text-align: center;\"><em>Les 15 articles suivants, pr\u00e9sent\u00e9s sous forme de diaporama (faites-les d\u00e9filer horizontalement), sont class\u00e9s par date de publication, du plus r\u00e9cent au plus ancien.<\/em><\/p>\n<p>[\/vc_column_text][vc_posts_slider count=\"15\" interval=\"10\" slides_content=\"teaser\" slides_title=\"1\" orderby=\"date\" posttypes=\"post\" posts_in=\"45662,80025,46053,45473,73192,44735,68891,45591,76262,77188,78637,46202,77657,78149,74362\"][\/vc_column][\/vc_row]<\/p>\n","protected":false},"excerpt":{"rendered":"<p>Justice Info marque une pause durant trois semaines et reprend ses publications le 23 ao\u00fbt. Durant ce temps nous vous proposons une s\u00e9lection de nos meilleurs articles depuis le mois de septembre 2020. L'occasion de revenir sur l\u2019actualit\u00e9 de la plan\u00e8te justice transitionnelle de ces douze derniers mois.<\/p>\n","protected":false},"author":64,"featured_media":80408,"comment_status":"open","ping_status":"closed","sticky":false,"template":"","format":"standard","meta":{"_acf_changed":false,"footnotes":""},"categories":[556],"tags":[],"ji_location":[2566],"class_list":["post-79803","post","type-post","status-publish","format-standard","has-post-thumbnail","hentry","category-divers","ji_location-international"],"acf":[],"yoast_head":"<!-- This site is optimized with the Yoast SEO Premium plugin v25.3.1 (Yoast SEO v25.3.1) - https:\/\/yoast.com\/wordpress\/plugins\/seo\/ -->\n<title>Le meilleur de Justice Info (2020-2021) - JusticeInfo.net<\/title>\n<meta name=\"description\" content=\"Justice Info marque une pause durant trois semaines et reprend ses publications le 23 ao\u00fbt. Durant ce temps nous vous proposons une s\u00e9lection de nos meilleurs articles depuis le mois de septembre 2020. Ce choix est d\u2019abord le v\u00f4tre, celui de nos plus gros succ\u00e8s d\u2019audience. Il est compl\u00e9t\u00e9 par les coups de c\u0153ur de la r\u00e9daction. L&#039;occasion pour nous, et pour vous, de revenir sur l\u2019actualit\u00e9 de la plan\u00e8te justice transitionnelle de ces douze derniers mois.\" \/>\n<meta name=\"robots\" content=\"index, follow, max-snippet:-1, max-image-preview:large, max-video-preview:-1\" \/>\n<link rel=\"canonical\" href=\"https:\/\/www.justiceinfo.net\/fr\/79803-meilleur-justice-info-2020-2021.html\" \/>\n<meta property=\"og:locale\" content=\"fr_FR\" \/>\n<meta property=\"og:type\" content=\"article\" \/>\n<meta property=\"og:title\" content=\"Le meilleur de Justice Info (2020-2021)\" \/>\n<meta property=\"og:description\" content=\"Justice Info marque une pause durant trois semaines et reprend ses publications le 23 ao\u00fbt. Durant ce temps nous vous proposons une s\u00e9lection de nos meilleurs articles depuis le mois de septembre 2020. Ce choix est d\u2019abord le v\u00f4tre, celui de nos plus gros succ\u00e8s d\u2019audience. Il est compl\u00e9t\u00e9 par les coups de c\u0153ur de la r\u00e9daction. L&#039;occasion pour nous, et pour vous, de revenir sur l\u2019actualit\u00e9 de la plan\u00e8te justice transitionnelle de ces douze derniers mois.\" \/>\n<meta property=\"og:url\" content=\"https:\/\/www.justiceinfo.net\/fr\/79803-meilleur-justice-info-2020-2021.html\" \/>\n<meta property=\"og:site_name\" content=\"JusticeInfo.net\" \/>\n<meta property=\"article:publisher\" content=\"https:\/\/www.facebook.com\/JusticeInfo\/\" \/>\n<meta property=\"article:published_time\" content=\"2021-08-02T05:00:00+00:00\" \/>\n<meta property=\"article:modified_time\" content=\"2021-08-03T08:28:09+00:00\" \/>\n<meta property=\"og:image\" content=\"https:\/\/www.justiceinfo.net\/wp-content\/uploads\/JI_bestof_2020-2021.jpg\" \/>\n\t<meta property=\"og:image:width\" content=\"1200\" \/>\n\t<meta property=\"og:image:height\" content=\"630\" \/>\n\t<meta property=\"og:image:type\" content=\"image\/jpeg\" \/>\n<meta name=\"author\" content=\"solivri\" \/>\n<meta name=\"twitter:card\" content=\"summary_large_image\" \/>\n<meta name=\"twitter:creator\" content=\"@justiceinfonet\" \/>\n<meta name=\"twitter:site\" content=\"@justiceinfonet\" \/>\n<meta name=\"twitter:label1\" content=\"\u00c9crit par\" \/>\n\t<meta name=\"twitter:data1\" content=\"solivri\" \/>\n\t<meta name=\"twitter:label2\" content=\"Dur\u00e9e de lecture estim\u00e9e\" \/>\n\t<meta name=\"twitter:data2\" content=\"1 minute\" \/>\n<script type=\"application\/ld+json\" class=\"yoast-schema-graph\">{\"@context\":\"https:\/\/schema.org\",\"@graph\":[{\"@type\":\"NewsArticle\",\"@id\":\"https:\/\/www.justiceinfo.net\/fr\/79803-meilleur-justice-info-2020-2021.html#article\",\"isPartOf\":{\"@id\":\"https:\/\/www.justiceinfo.net\/fr\/79803-meilleur-justice-info-2020-2021.html\"},\"author\":{\"name\":\"solivri\",\"@id\":\"https:\/\/www.justiceinfo.net\/fr#\/schema\/person\/6e53cba1629e2e66f3fc1821d3091865\"},\"headline\":\"Le meilleur de Justice Info (2020-2021)\",\"datePublished\":\"2021-08-02T05:00:00+00:00\",\"dateModified\":\"2021-08-03T08:28:09+00:00\",\"mainEntityOfPage\":{\"@id\":\"https:\/\/www.justiceinfo.net\/fr\/79803-meilleur-justice-info-2020-2021.html\"},\"wordCount\":158,\"commentCount\":0,\"publisher\":{\"@id\":\"https:\/\/www.justiceinfo.net\/fr#organization\"},\"image\":{\"@id\":\"https:\/\/www.justiceinfo.net\/fr\/79803-meilleur-justice-info-2020-2021.html#primaryimage\"},\"thumbnailUrl\":\"https:\/\/www.justiceinfo.net\/wp-content\/uploads\/JI_bestof_2020-2021.jpg\",\"articleSection\":[\"Divers\"],\"inLanguage\":\"fr-FR\",\"potentialAction\":[{\"@type\":\"CommentAction\",\"name\":\"Comment\",\"target\":[\"https:\/\/www.justiceinfo.net\/fr\/79803-meilleur-justice-info-2020-2021.html#respond\"]}]},{\"@type\":\"WebPage\",\"@id\":\"https:\/\/www.justiceinfo.net\/fr\/79803-meilleur-justice-info-2020-2021.html\",\"url\":\"https:\/\/www.justiceinfo.net\/fr\/79803-meilleur-justice-info-2020-2021.html\",\"name\":\"Le meilleur de Justice Info (2020-2021) - JusticeInfo.net\",\"isPartOf\":{\"@id\":\"https:\/\/www.justiceinfo.net\/fr#website\"},\"primaryImageOfPage\":{\"@id\":\"https:\/\/www.justiceinfo.net\/fr\/79803-meilleur-justice-info-2020-2021.html#primaryimage\"},\"image\":{\"@id\":\"https:\/\/www.justiceinfo.net\/fr\/79803-meilleur-justice-info-2020-2021.html#primaryimage\"},\"thumbnailUrl\":\"https:\/\/www.justiceinfo.net\/wp-content\/uploads\/JI_bestof_2020-2021.jpg\",\"datePublished\":\"2021-08-02T05:00:00+00:00\",\"dateModified\":\"2021-08-03T08:28:09+00:00\",\"description\":\"Justice Info marque une pause durant trois semaines et reprend ses publications le 23 ao\u00fbt. Durant ce temps nous vous proposons une s\u00e9lection de nos meilleurs articles depuis le mois de septembre 2020. Ce choix est d\u2019abord le v\u00f4tre, celui de nos plus gros succ\u00e8s d\u2019audience. Il est compl\u00e9t\u00e9 par les coups de c\u0153ur de la r\u00e9daction. L'occasion pour nous, et pour vous, de revenir sur l\u2019actualit\u00e9 de la plan\u00e8te justice transitionnelle de ces douze derniers mois.\",\"breadcrumb\":{\"@id\":\"https:\/\/www.justiceinfo.net\/fr\/79803-meilleur-justice-info-2020-2021.html#breadcrumb\"},\"inLanguage\":\"fr-FR\",\"potentialAction\":[{\"@type\":\"ReadAction\",\"target\":[\"https:\/\/www.justiceinfo.net\/fr\/79803-meilleur-justice-info-2020-2021.html\"]}]},{\"@type\":\"ImageObject\",\"inLanguage\":\"fr-FR\",\"@id\":\"https:\/\/www.justiceinfo.net\/fr\/79803-meilleur-justice-info-2020-2021.html#primaryimage\",\"url\":\"https:\/\/www.justiceinfo.net\/wp-content\/uploads\/JI_bestof_2020-2021.jpg\",\"contentUrl\":\"https:\/\/www.justiceinfo.net\/wp-content\/uploads\/JI_bestof_2020-2021.jpg\",\"width\":1200,\"height\":630,\"caption\":\"Le meilleur de Justice Info (2020-2021)\"},{\"@type\":\"BreadcrumbList\",\"@id\":\"https:\/\/www.justiceinfo.net\/fr\/79803-meilleur-justice-info-2020-2021.html#breadcrumb\",\"itemListElement\":[{\"@type\":\"ListItem\",\"position\":1,\"name\":\"Home\",\"item\":\"https:\/\/www.justiceinfo.net\/fr\"},{\"@type\":\"ListItem\",\"position\":2,\"name\":\"Le meilleur de Justice Info (2020-2021)\"}]},{\"@type\":\"WebSite\",\"@id\":\"https:\/\/www.justiceinfo.net\/fr#website\",\"url\":\"https:\/\/www.justiceinfo.net\/fr\",\"name\":\"JusticeInfo.net\",\"description\":\"La justice doit \u00eatre vue pour \u00eatre rendue\",\"publisher\":{\"@id\":\"https:\/\/www.justiceinfo.net\/fr#organization\"},\"potentialAction\":[{\"@type\":\"SearchAction\",\"target\":{\"@type\":\"EntryPoint\",\"urlTemplate\":\"https:\/\/www.justiceinfo.net\/fr?s={search_term_string}\"},\"query-input\":{\"@type\":\"PropertyValueSpecification\",\"valueRequired\":true,\"valueName\":\"search_term_string\"}}],\"inLanguage\":\"fr-FR\"},{\"@type\":\"Organization\",\"@id\":\"https:\/\/www.justiceinfo.net\/fr#organization\",\"name\":\"Justice Info\",\"url\":\"https:\/\/www.justiceinfo.net\/fr\",\"logo\":{\"@type\":\"ImageObject\",\"inLanguage\":\"fr-FR\",\"@id\":\"https:\/\/www.justiceinfo.net\/fr#\/schema\/logo\/image\/\",\"url\":\"https:\/\/www.justiceinfo.net\/wp-content\/uploads\/justiceinfo_logo-trans_1200x1200px.png\",\"contentUrl\":\"https:\/\/www.justiceinfo.net\/wp-content\/uploads\/justiceinfo_logo-trans_1200x1200px.png\",\"width\":1199,\"height\":1200,\"caption\":\"Justice Info\"},\"image\":{\"@id\":\"https:\/\/www.justiceinfo.net\/fr#\/schema\/logo\/image\/\"},\"sameAs\":[\"https:\/\/www.facebook.com\/JusticeInfo\/\",\"https:\/\/x.com\/justiceinfonet\",\"https:\/\/www.linkedin.com\/company\/justice-info\",\"https:\/\/www.youtube.com\/channel\/UCyCEsARodyuWtkWyhn-e7pA\"]},{\"@type\":\"Person\",\"name\":\"solivri\",\"url\":\"\/fr\/?s=solivri\"}]}<\/script>\n<!-- \/ Yoast SEO Premium plugin. -->","yoast_head_json":{"title":"Le meilleur de Justice Info (2020-2021) - JusticeInfo.net","description":"Justice Info marque une pause durant trois semaines et reprend ses publications le 23 ao\u00fbt. Durant ce temps nous vous proposons une s\u00e9lection de nos meilleurs articles depuis le mois de septembre 2020. Ce choix est d\u2019abord le v\u00f4tre, celui de nos plus gros succ\u00e8s d\u2019audience. Il est compl\u00e9t\u00e9 par les coups de c\u0153ur de la r\u00e9daction. L'occasion pour nous, et pour vous, de revenir sur l\u2019actualit\u00e9 de la plan\u00e8te justice transitionnelle de ces douze derniers mois.","robots":{"index":"index","follow":"follow","max-snippet":"max-snippet:-1","max-image-preview":"max-image-preview:large","max-video-preview":"max-video-preview:-1"},"canonical":"https:\/\/www.justiceinfo.net\/fr\/79803-meilleur-justice-info-2020-2021.html","og_locale":"fr_FR","og_type":"article","og_title":"Le meilleur de Justice Info (2020-2021)","og_description":"Justice Info marque une pause durant trois semaines et reprend ses publications le 23 ao\u00fbt. Durant ce temps nous vous proposons une s\u00e9lection de nos meilleurs articles depuis le mois de septembre 2020. Ce choix est d\u2019abord le v\u00f4tre, celui de nos plus gros succ\u00e8s d\u2019audience. Il est compl\u00e9t\u00e9 par les coups de c\u0153ur de la r\u00e9daction. L'occasion pour nous, et pour vous, de revenir sur l\u2019actualit\u00e9 de la plan\u00e8te justice transitionnelle de ces douze derniers mois.","og_url":"https:\/\/www.justiceinfo.net\/fr\/79803-meilleur-justice-info-2020-2021.html","og_site_name":"JusticeInfo.net","article_publisher":"https:\/\/www.facebook.com\/JusticeInfo\/","article_published_time":"2021-08-02T05:00:00+00:00","article_modified_time":"2021-08-03T08:28:09+00:00","og_image":[{"width":1200,"height":630,"url":"https:\/\/www.justiceinfo.net\/wp-content\/uploads\/JI_bestof_2020-2021.jpg","type":"image\/jpeg"}],"author":"solivri","twitter_card":"summary_large_image","twitter_creator":"@justiceinfonet","twitter_site":"@justiceinfonet","twitter_misc":{"\u00c9crit par":"solivri","Dur\u00e9e de lecture estim\u00e9e":"1 minute"},"schema":{"@context":"https:\/\/schema.org","@graph":[{"@type":"NewsArticle","@id":"https:\/\/www.justiceinfo.net\/fr\/79803-meilleur-justice-info-2020-2021.html#article","isPartOf":{"@id":"https:\/\/www.justiceinfo.net\/fr\/79803-meilleur-justice-info-2020-2021.html"},"author":{"name":"solivri","@id":"https:\/\/www.justiceinfo.net\/fr#\/schema\/person\/6e53cba1629e2e66f3fc1821d3091865"},"headline":"Le meilleur de Justice Info (2020-2021)","datePublished":"2021-08-02T05:00:00+00:00","dateModified":"2021-08-03T08:28:09+00:00","mainEntityOfPage":{"@id":"https:\/\/www.justiceinfo.net\/fr\/79803-meilleur-justice-info-2020-2021.html"},"wordCount":158,"commentCount":0,"publisher":{"@id":"https:\/\/www.justiceinfo.net\/fr#organization"},"image":{"@id":"https:\/\/www.justiceinfo.net\/fr\/79803-meilleur-justice-info-2020-2021.html#primaryimage"},"thumbnailUrl":"https:\/\/www.justiceinfo.net\/wp-content\/uploads\/JI_bestof_2020-2021.jpg","articleSection":["Divers"],"inLanguage":"fr-FR","potentialAction":[{"@type":"CommentAction","name":"Comment","target":["https:\/\/www.justiceinfo.net\/fr\/79803-meilleur-justice-info-2020-2021.html#respond"]}]},{"@type":"WebPage","@id":"https:\/\/www.justiceinfo.net\/fr\/79803-meilleur-justice-info-2020-2021.html","url":"https:\/\/www.justiceinfo.net\/fr\/79803-meilleur-justice-info-2020-2021.html","name":"Le meilleur de Justice Info (2020-2021) - JusticeInfo.net","isPartOf":{"@id":"https:\/\/www.justiceinfo.net\/fr#website"},"primaryImageOfPage":{"@id":"https:\/\/www.justiceinfo.net\/fr\/79803-meilleur-justice-info-2020-2021.html#primaryimage"},"image":{"@id":"https:\/\/www.justiceinfo.net\/fr\/79803-meilleur-justice-info-2020-2021.html#primaryimage"},"thumbnailUrl":"https:\/\/www.justiceinfo.net\/wp-content\/uploads\/JI_bestof_2020-2021.jpg","datePublished":"2021-08-02T05:00:00+00:00","dateModified":"2021-08-03T08:28:09+00:00","description":"Justice Info marque une pause durant trois semaines et reprend ses publications le 23 ao\u00fbt. Durant ce temps nous vous proposons une s\u00e9lection de nos meilleurs articles depuis le mois de septembre 2020. Ce choix est d\u2019abord le v\u00f4tre, celui de nos plus gros succ\u00e8s d\u2019audience. Il est compl\u00e9t\u00e9 par les coups de c\u0153ur de la r\u00e9daction. L'occasion pour nous, et pour vous, de revenir sur l\u2019actualit\u00e9 de la plan\u00e8te justice transitionnelle de ces douze derniers mois.","breadcrumb":{"@id":"https:\/\/www.justiceinfo.net\/fr\/79803-meilleur-justice-info-2020-2021.html#breadcrumb"},"inLanguage":"fr-FR","potentialAction":[{"@type":"ReadAction","target":["https:\/\/www.justiceinfo.net\/fr\/79803-meilleur-justice-info-2020-2021.html"]}]},{"@type":"ImageObject","inLanguage":"fr-FR","@id":"https:\/\/www.justiceinfo.net\/fr\/79803-meilleur-justice-info-2020-2021.html#primaryimage","url":"https:\/\/www.justiceinfo.net\/wp-content\/uploads\/JI_bestof_2020-2021.jpg","contentUrl":"https:\/\/www.justiceinfo.net\/wp-content\/uploads\/JI_bestof_2020-2021.jpg","width":1200,"height":630,"caption":"Le meilleur de Justice Info (2020-2021)"},{"@type":"BreadcrumbList","@id":"https:\/\/www.justiceinfo.net\/fr\/79803-meilleur-justice-info-2020-2021.html#breadcrumb","itemListElement":[{"@type":"ListItem","position":1,"name":"Home","item":"https:\/\/www.justiceinfo.net\/fr"},{"@type":"ListItem","position":2,"name":"Le meilleur de Justice Info (2020-2021)"}]},{"@type":"WebSite","@id":"https:\/\/www.justiceinfo.net\/fr#website","url":"https:\/\/www.justiceinfo.net\/fr","name":"JusticeInfo.net","description":"La justice doit \u00eatre vue pour \u00eatre rendue","publisher":{"@id":"https:\/\/www.justiceinfo.net\/fr#organization"},"potentialAction":[{"@type":"SearchAction","target":{"@type":"EntryPoint","urlTemplate":"https:\/\/www.justiceinfo.net\/fr?s={search_term_string}"},"query-input":{"@type":"PropertyValueSpecification","valueRequired":true,"valueName":"search_term_string"}}],"inLanguage":"fr-FR"},{"@type":"Organization","@id":"https:\/\/www.justiceinfo.net\/fr#organization","name":"Justice Info","url":"https:\/\/www.justiceinfo.net\/fr","logo":{"@type":"ImageObject","inLanguage":"fr-FR","@id":"https:\/\/www.justiceinfo.net\/fr#\/schema\/logo\/image\/","url":"https:\/\/www.justiceinfo.net\/wp-content\/uploads\/justiceinfo_logo-trans_1200x1200px.png","contentUrl":"https:\/\/www.justiceinfo.net\/wp-content\/uploads\/justiceinfo_logo-trans_1200x1200px.png","width":1199,"height":1200,"caption":"Justice Info"},"image":{"@id":"https:\/\/www.justiceinfo.net\/fr#\/schema\/logo\/image\/"},"sameAs":["https:\/\/www.facebook.com\/JusticeInfo\/","https:\/\/x.com\/justiceinfonet","https:\/\/www.linkedin.com\/company\/justice-info","https:\/\/www.youtube.com\/channel\/UCyCEsARodyuWtkWyhn-e7pA"]},{"@type":"Person","name":"solivri","url":"\/fr\/?s=solivri"}]}},"_links":{"self":[{"href":"https:\/\/www.justiceinfo.net\/fr\/wp-json\/wp\/v2\/posts\/79803","targetHints":{"allow":["GET"]}}],"collection":[{"href":"https:\/\/www.justiceinfo.net\/fr\/wp-json\/wp\/v2\/posts"}],"about":[{"href":"https:\/\/www.justiceinfo.net\/fr\/wp-json\/wp\/v2\/types\/post"}],"author":[{"embeddable":true,"href":"https:\/\/www.justiceinfo.net\/fr\/wp-json\/wp\/v2\/users\/64"}],"replies":[{"embeddable":true,"href":"https:\/\/www.justiceinfo.net\/fr\/wp-json\/wp\/v2\/comments?post=79803"}],"version-history":[{"count":41,"href":"https:\/\/www.justiceinfo.net\/fr\/wp-json\/wp\/v2\/posts\/79803\/revisions"}],"predecessor-version":[{"id":80633,"href":"https:\/\/www.justiceinfo.net\/fr\/wp-json\/wp\/v2\/posts\/79803\/revisions\/80633"}],"wp:featuredmedia":[{"embeddable":true,"href":"https:\/\/www.justiceinfo.net\/fr\/wp-json\/wp\/v2\/media\/80408"}],"wp:attachment":[{"href":"https:\/\/www.justiceinfo.net\/fr\/wp-json\/wp\/v2\/media?parent=79803"}],"wp:term":[{"taxonomy":"category","embeddable":true,"href":"https:\/\/www.justiceinfo.net\/fr\/wp-json\/wp\/v2\/categories?post=79803"},{"taxonomy":"post_tag","embeddable":true,"href":"https:\/\/www.justiceinfo.net\/fr\/wp-json\/wp\/v2\/tags?post=79803"},{"taxonomy":"ji_location","embeddable":true,"href":"https:\/\/www.justiceinfo.net\/fr\/wp-json\/wp\/v2\/ji_location?post=79803"}],"curies":[{"name":"wp","href":"https:\/\/api.w.org\/{rel}","templated":true}]}}