{"id":7992,"date":"2007-03-31T18:24:32","date_gmt":"2007-03-31T16:24:32","guid":{"rendered":"https:\/\/www.justiceinfo.net\/7992-grands-lacs-medias-et-justice4789.html"},"modified":"2007-03-31T18:24:32","modified_gmt":"2007-03-31T16:24:32","slug":"grands-lacs-medias-et-justice4789","status":"publish","type":"post","link":"https:\/\/www.justiceinfo.net\/fr\/7992-grands-lacs-medias-et-justice4789.html","title":{"rendered":"Grands Lacs - M\u00e9dias et Justice"},"content":{"rendered":"<p  >Parmi &nbsp;les &nbsp;objectifs &nbsp;assign&eacute;s &nbsp;au projet de l&rsquo;Agence Hirondelle de Presse bas&eacute;e &nbsp;&agrave; &nbsp;Arusha, &nbsp;figure la &nbsp;formation &nbsp;des journalistes de la R&eacute;gion des Grands &nbsp;Lacs &nbsp;dans les domaines de la chronique judiciaire et de la justice internationale.  Dans &nbsp;le &nbsp;cadre &nbsp;de &nbsp;ce projet, la Fondation Hirondelle a lanc&eacute;, au mois de juin &nbsp;2007, &nbsp;un &nbsp;cycle de formation qui a regroup&eacute; &agrave; Bujumbura-Burundi, dix journalistes provenant des pays suivants : Burundi, R&eacute;publique D&eacute;mocratique du &nbsp;Congo, &nbsp;R&eacute;publique Centrafricaine et Rwanda. Dans un deuxi&egrave;me temps, la Fondation &nbsp;Hirondelle &nbsp;pr&eacute;voit d&rsquo;organiser une formation similaire pour des journalistes provenant du Kenya, d&rsquo;Ouganda, du Soudan et de Tanzanie.  Les &nbsp;journalistes &nbsp;participant &nbsp;&agrave; &nbsp;des ateliers de formation produisent des articles &nbsp;de &nbsp;presse, &nbsp;des &nbsp;analyses &nbsp;ou &nbsp;des &nbsp;magazines &nbsp;radio. Une lettre d&rsquo;information &nbsp;&eacute;lectronique reproduisant ces articles est accessible sur ce site. &nbsp;Dans &nbsp;cet &nbsp;espace &nbsp;&laquo; Grands Lacs &ndash; M&eacute;dias et Justice &raquo;, cette lettre permettra &nbsp;de &nbsp;d&eacute;couvrir &nbsp;la &nbsp;diversit&eacute; &nbsp;de &nbsp;leurs &nbsp;regards &nbsp; et &nbsp;de &nbsp;leurs t&eacute;moignages &nbsp;sur &nbsp;un &nbsp;sujet crucial &nbsp;pour &nbsp;la &nbsp;paix, &nbsp;la &nbsp;s&eacute;curit&eacute; &nbsp;et &nbsp;le d&eacute;veloppement de la r&eacute;gion.<\/p>\n<p >Cliquez le titre <a href=\"images\/stories\/formation.pdf\" target=\"_blank\" rel=\"noopener\">Grands Lacs - M&eacute;dias et Justice<\/a>   pour lire la lettre d&#39;information.<\/p>\n","protected":false},"excerpt":{"rendered":"<p>Parmi &nbsp;les &nbsp;objectifs &nbsp;assign&eacute;s &nbsp;au projet de l&rsquo;Agence Hirondelle de Presse bas&eacute;e &nbsp;&agrave; &nbsp;Arusha, &nbsp;figure la &nbsp;formation &nbsp;des journalistes de la R&eacute;gion des Grands &nbsp;Lacs &nbsp;dans les domaines de la chronique judiciaire et de la justice internationale. Dans &nbsp;le &nbsp;cadre &nbsp;de &nbsp;ce projet, la Fondation Hirondelle a lanc&eacute;, au mois de juin &nbsp;2007, &nbsp;un &nbsp;cycle [&hellip;]<\/p>\n","protected":false},"author":64,"featured_media":0,"comment_status":"open","ping_status":"closed","sticky":false,"template":"","format":"standard","meta":{"_acf_changed":false,"footnotes":""},"categories":[554],"tags":[],"ji_location":[],"class_list":["post-7992","post","type-post","status-publish","format-standard","hentry","category-hirondellenews"],"acf":[],"yoast_head":"<!-- This site is optimized with the Yoast SEO Premium plugin v25.3.1 (Yoast SEO v25.3.1) - https:\/\/yoast.com\/wordpress\/plugins\/seo\/ -->\n<title>Grands Lacs - M\u00e9dias et Justice - JusticeInfo.net<\/title>\n<meta name=\"robots\" content=\"index, follow, max-snippet:-1, max-image-preview:large, max-video-preview:-1\" \/>\n<link rel=\"canonical\" href=\"https:\/\/www.justiceinfo.net\/fr\/7992-grands-lacs-medias-et-justice4789.html\" \/>\n<meta property=\"og:locale\" content=\"fr_FR\" \/>\n<meta property=\"og:type\" content=\"article\" \/>\n<meta property=\"og:title\" content=\"Grands Lacs - M\u00e9dias et Justice\" \/>\n<meta property=\"og:description\" content=\"Parmi &nbsp;les &nbsp;objectifs &nbsp;assign&eacute;s &nbsp;au projet de l&rsquo;Agence Hirondelle de Presse bas&eacute;e &nbsp;&agrave; &nbsp;Arusha, &nbsp;figure la &nbsp;formation &nbsp;des journalistes de la R&eacute;gion des Grands &nbsp;Lacs &nbsp;dans les domaines de la chronique judiciaire et de la justice internationale. Dans &nbsp;le &nbsp;cadre &nbsp;de &nbsp;ce projet, la Fondation Hirondelle a lanc&eacute;, au mois de juin &nbsp;2007, &nbsp;un &nbsp;cycle [&hellip;]\" \/>\n<meta property=\"og:url\" content=\"https:\/\/www.justiceinfo.net\/fr\/7992-grands-lacs-medias-et-justice4789.html\" \/>\n<meta property=\"og:site_name\" content=\"JusticeInfo.net\" \/>\n<meta property=\"article:publisher\" content=\"https:\/\/www.facebook.com\/JusticeInfo\/\" \/>\n<meta property=\"article:published_time\" content=\"2007-03-31T16:24:32+00:00\" \/>\n<meta property=\"og:image\" content=\"https:\/\/www.justiceinfo.net\/wp-content\/uploads\/JusticeInfoNet_logo_1200x630px.jpg\" \/>\n\t<meta property=\"og:image:width\" content=\"1200\" \/>\n\t<meta property=\"og:image:height\" content=\"630\" \/>\n\t<meta property=\"og:image:type\" content=\"image\/jpeg\" \/>\n<meta name=\"author\" content=\"solivri\" \/>\n<meta name=\"twitter:card\" content=\"summary_large_image\" \/>\n<meta name=\"twitter:creator\" content=\"@justiceinfonet\" \/>\n<meta name=\"twitter:site\" content=\"@justiceinfonet\" \/>\n<meta name=\"twitter:label1\" content=\"\u00c9crit par\" \/>\n\t<meta name=\"twitter:data1\" content=\"solivri\" \/>\n\t<meta name=\"twitter:label2\" content=\"Dur\u00e9e de lecture estim\u00e9e\" \/>\n\t<meta name=\"twitter:data2\" content=\"1 minute\" \/>\n<script type=\"application\/ld+json\" class=\"yoast-schema-graph\">{\"@context\":\"https:\/\/schema.org\",\"@graph\":[{\"@type\":\"NewsArticle\",\"@id\":\"https:\/\/www.justiceinfo.net\/fr\/7992-grands-lacs-medias-et-justice4789.html#article\",\"isPartOf\":{\"@id\":\"https:\/\/www.justiceinfo.net\/fr\/7992-grands-lacs-medias-et-justice4789.html\"},\"author\":{\"name\":\"solivri\",\"@id\":\"https:\/\/www.justiceinfo.net\/fr#\/schema\/person\/6e53cba1629e2e66f3fc1821d3091865\"},\"headline\":\"Grands Lacs - M\u00e9dias et Justice\",\"datePublished\":\"2007-03-31T16:24:32+00:00\",\"mainEntityOfPage\":{\"@id\":\"https:\/\/www.justiceinfo.net\/fr\/7992-grands-lacs-medias-et-justice4789.html\"},\"wordCount\":295,\"commentCount\":0,\"publisher\":{\"@id\":\"https:\/\/www.justiceinfo.net\/fr#organization\"},\"articleSection\":[\"Hirondelle News\"],\"inLanguage\":\"fr-FR\",\"potentialAction\":[{\"@type\":\"CommentAction\",\"name\":\"Comment\",\"target\":[\"https:\/\/www.justiceinfo.net\/fr\/7992-grands-lacs-medias-et-justice4789.html#respond\"]}]},{\"@type\":\"WebPage\",\"@id\":\"https:\/\/www.justiceinfo.net\/fr\/7992-grands-lacs-medias-et-justice4789.html\",\"url\":\"https:\/\/www.justiceinfo.net\/fr\/7992-grands-lacs-medias-et-justice4789.html\",\"name\":\"Grands Lacs - M\u00e9dias et Justice - JusticeInfo.net\",\"isPartOf\":{\"@id\":\"https:\/\/www.justiceinfo.net\/fr#website\"},\"datePublished\":\"2007-03-31T16:24:32+00:00\",\"breadcrumb\":{\"@id\":\"https:\/\/www.justiceinfo.net\/fr\/7992-grands-lacs-medias-et-justice4789.html#breadcrumb\"},\"inLanguage\":\"fr-FR\",\"potentialAction\":[{\"@type\":\"ReadAction\",\"target\":[\"https:\/\/www.justiceinfo.net\/fr\/7992-grands-lacs-medias-et-justice4789.html\"]}]},{\"@type\":\"BreadcrumbList\",\"@id\":\"https:\/\/www.justiceinfo.net\/fr\/7992-grands-lacs-medias-et-justice4789.html#breadcrumb\",\"itemListElement\":[{\"@type\":\"ListItem\",\"position\":1,\"name\":\"Home\",\"item\":\"https:\/\/www.justiceinfo.net\/fr\"},{\"@type\":\"ListItem\",\"position\":2,\"name\":\"Grands Lacs - M\u00e9dias et Justice\"}]},{\"@type\":\"WebSite\",\"@id\":\"https:\/\/www.justiceinfo.net\/fr#website\",\"url\":\"https:\/\/www.justiceinfo.net\/fr\",\"name\":\"JusticeInfo.net\",\"description\":\"La justice doit \u00eatre vue pour \u00eatre rendue\",\"publisher\":{\"@id\":\"https:\/\/www.justiceinfo.net\/fr#organization\"},\"potentialAction\":[{\"@type\":\"SearchAction\",\"target\":{\"@type\":\"EntryPoint\",\"urlTemplate\":\"https:\/\/www.justiceinfo.net\/fr?s={search_term_string}\"},\"query-input\":{\"@type\":\"PropertyValueSpecification\",\"valueRequired\":true,\"valueName\":\"search_term_string\"}}],\"inLanguage\":\"fr-FR\"},{\"@type\":\"Organization\",\"@id\":\"https:\/\/www.justiceinfo.net\/fr#organization\",\"name\":\"Justice Info\",\"url\":\"https:\/\/www.justiceinfo.net\/fr\",\"logo\":{\"@type\":\"ImageObject\",\"inLanguage\":\"fr-FR\",\"@id\":\"https:\/\/www.justiceinfo.net\/fr#\/schema\/logo\/image\/\",\"url\":\"https:\/\/www.justiceinfo.net\/wp-content\/uploads\/justiceinfo_logo-trans_1200x1200px.png\",\"contentUrl\":\"https:\/\/www.justiceinfo.net\/wp-content\/uploads\/justiceinfo_logo-trans_1200x1200px.png\",\"width\":1199,\"height\":1200,\"caption\":\"Justice Info\"},\"image\":{\"@id\":\"https:\/\/www.justiceinfo.net\/fr#\/schema\/logo\/image\/\"},\"sameAs\":[\"https:\/\/www.facebook.com\/JusticeInfo\/\",\"https:\/\/x.com\/justiceinfonet\",\"https:\/\/www.linkedin.com\/company\/justice-info\",\"https:\/\/www.youtube.com\/channel\/UCyCEsARodyuWtkWyhn-e7pA\"]},{\"@type\":\"Person\",\"name\":\"solivri\",\"url\":\"\/fr\/?s=solivri\"}]}<\/script>\n<!-- \/ Yoast SEO Premium plugin. -->","yoast_head_json":{"title":"Grands Lacs - M\u00e9dias et Justice - JusticeInfo.net","robots":{"index":"index","follow":"follow","max-snippet":"max-snippet:-1","max-image-preview":"max-image-preview:large","max-video-preview":"max-video-preview:-1"},"canonical":"https:\/\/www.justiceinfo.net\/fr\/7992-grands-lacs-medias-et-justice4789.html","og_locale":"fr_FR","og_type":"article","og_title":"Grands Lacs - M\u00e9dias et Justice","og_description":"Parmi &nbsp;les &nbsp;objectifs &nbsp;assign&eacute;s &nbsp;au projet de l&rsquo;Agence Hirondelle de Presse bas&eacute;e &nbsp;&agrave; &nbsp;Arusha, &nbsp;figure la &nbsp;formation &nbsp;des journalistes de la R&eacute;gion des Grands &nbsp;Lacs &nbsp;dans les domaines de la chronique judiciaire et de la justice internationale. Dans &nbsp;le &nbsp;cadre &nbsp;de &nbsp;ce projet, la Fondation Hirondelle a lanc&eacute;, au mois de juin &nbsp;2007, &nbsp;un &nbsp;cycle [&hellip;]","og_url":"https:\/\/www.justiceinfo.net\/fr\/7992-grands-lacs-medias-et-justice4789.html","og_site_name":"JusticeInfo.net","article_publisher":"https:\/\/www.facebook.com\/JusticeInfo\/","article_published_time":"2007-03-31T16:24:32+00:00","og_image":[{"width":1200,"height":630,"url":"https:\/\/www.justiceinfo.net\/wp-content\/uploads\/JusticeInfoNet_logo_1200x630px.jpg","type":"image\/jpeg"}],"author":"solivri","twitter_card":"summary_large_image","twitter_creator":"@justiceinfonet","twitter_site":"@justiceinfonet","twitter_misc":{"\u00c9crit par":"solivri","Dur\u00e9e de lecture estim\u00e9e":"1 minute"},"schema":{"@context":"https:\/\/schema.org","@graph":[{"@type":"NewsArticle","@id":"https:\/\/www.justiceinfo.net\/fr\/7992-grands-lacs-medias-et-justice4789.html#article","isPartOf":{"@id":"https:\/\/www.justiceinfo.net\/fr\/7992-grands-lacs-medias-et-justice4789.html"},"author":{"name":"solivri","@id":"https:\/\/www.justiceinfo.net\/fr#\/schema\/person\/6e53cba1629e2e66f3fc1821d3091865"},"headline":"Grands Lacs - M\u00e9dias et Justice","datePublished":"2007-03-31T16:24:32+00:00","mainEntityOfPage":{"@id":"https:\/\/www.justiceinfo.net\/fr\/7992-grands-lacs-medias-et-justice4789.html"},"wordCount":295,"commentCount":0,"publisher":{"@id":"https:\/\/www.justiceinfo.net\/fr#organization"},"articleSection":["Hirondelle News"],"inLanguage":"fr-FR","potentialAction":[{"@type":"CommentAction","name":"Comment","target":["https:\/\/www.justiceinfo.net\/fr\/7992-grands-lacs-medias-et-justice4789.html#respond"]}]},{"@type":"WebPage","@id":"https:\/\/www.justiceinfo.net\/fr\/7992-grands-lacs-medias-et-justice4789.html","url":"https:\/\/www.justiceinfo.net\/fr\/7992-grands-lacs-medias-et-justice4789.html","name":"Grands Lacs - M\u00e9dias et Justice - JusticeInfo.net","isPartOf":{"@id":"https:\/\/www.justiceinfo.net\/fr#website"},"datePublished":"2007-03-31T16:24:32+00:00","breadcrumb":{"@id":"https:\/\/www.justiceinfo.net\/fr\/7992-grands-lacs-medias-et-justice4789.html#breadcrumb"},"inLanguage":"fr-FR","potentialAction":[{"@type":"ReadAction","target":["https:\/\/www.justiceinfo.net\/fr\/7992-grands-lacs-medias-et-justice4789.html"]}]},{"@type":"BreadcrumbList","@id":"https:\/\/www.justiceinfo.net\/fr\/7992-grands-lacs-medias-et-justice4789.html#breadcrumb","itemListElement":[{"@type":"ListItem","position":1,"name":"Home","item":"https:\/\/www.justiceinfo.net\/fr"},{"@type":"ListItem","position":2,"name":"Grands Lacs - M\u00e9dias et Justice"}]},{"@type":"WebSite","@id":"https:\/\/www.justiceinfo.net\/fr#website","url":"https:\/\/www.justiceinfo.net\/fr","name":"JusticeInfo.net","description":"La justice doit \u00eatre vue pour \u00eatre rendue","publisher":{"@id":"https:\/\/www.justiceinfo.net\/fr#organization"},"potentialAction":[{"@type":"SearchAction","target":{"@type":"EntryPoint","urlTemplate":"https:\/\/www.justiceinfo.net\/fr?s={search_term_string}"},"query-input":{"@type":"PropertyValueSpecification","valueRequired":true,"valueName":"search_term_string"}}],"inLanguage":"fr-FR"},{"@type":"Organization","@id":"https:\/\/www.justiceinfo.net\/fr#organization","name":"Justice Info","url":"https:\/\/www.justiceinfo.net\/fr","logo":{"@type":"ImageObject","inLanguage":"fr-FR","@id":"https:\/\/www.justiceinfo.net\/fr#\/schema\/logo\/image\/","url":"https:\/\/www.justiceinfo.net\/wp-content\/uploads\/justiceinfo_logo-trans_1200x1200px.png","contentUrl":"https:\/\/www.justiceinfo.net\/wp-content\/uploads\/justiceinfo_logo-trans_1200x1200px.png","width":1199,"height":1200,"caption":"Justice Info"},"image":{"@id":"https:\/\/www.justiceinfo.net\/fr#\/schema\/logo\/image\/"},"sameAs":["https:\/\/www.facebook.com\/JusticeInfo\/","https:\/\/x.com\/justiceinfonet","https:\/\/www.linkedin.com\/company\/justice-info","https:\/\/www.youtube.com\/channel\/UCyCEsARodyuWtkWyhn-e7pA"]},{"@type":"Person","name":"solivri","url":"\/fr\/?s=solivri"}]}},"_links":{"self":[{"href":"https:\/\/www.justiceinfo.net\/fr\/wp-json\/wp\/v2\/posts\/7992","targetHints":{"allow":["GET"]}}],"collection":[{"href":"https:\/\/www.justiceinfo.net\/fr\/wp-json\/wp\/v2\/posts"}],"about":[{"href":"https:\/\/www.justiceinfo.net\/fr\/wp-json\/wp\/v2\/types\/post"}],"author":[{"embeddable":true,"href":"https:\/\/www.justiceinfo.net\/fr\/wp-json\/wp\/v2\/users\/64"}],"replies":[{"embeddable":true,"href":"https:\/\/www.justiceinfo.net\/fr\/wp-json\/wp\/v2\/comments?post=7992"}],"version-history":[{"count":0,"href":"https:\/\/www.justiceinfo.net\/fr\/wp-json\/wp\/v2\/posts\/7992\/revisions"}],"wp:attachment":[{"href":"https:\/\/www.justiceinfo.net\/fr\/wp-json\/wp\/v2\/media?parent=7992"}],"wp:term":[{"taxonomy":"category","embeddable":true,"href":"https:\/\/www.justiceinfo.net\/fr\/wp-json\/wp\/v2\/categories?post=7992"},{"taxonomy":"post_tag","embeddable":true,"href":"https:\/\/www.justiceinfo.net\/fr\/wp-json\/wp\/v2\/tags?post=7992"},{"taxonomy":"ji_location","embeddable":true,"href":"https:\/\/www.justiceinfo.net\/fr\/wp-json\/wp\/v2\/ji_location?post=7992"}],"curies":[{"name":"wp","href":"https:\/\/api.w.org\/{rel}","templated":true}]}}