{"id":8026,"date":"2007-07-03T00:00:00","date_gmt":"2007-07-02T22:00:00","guid":{"rendered":"https:\/\/www.justiceinfo.net\/8026-030707-rwandabelgique-rien-de-concret-dans-le-dossier-du-major-ntuyahaga-selon-la-defense4826.html"},"modified":"2007-07-03T00:00:00","modified_gmt":"2007-07-02T22:00:00","slug":"030707-rwandabelgique-rien-de-concret-dans-le-dossier-du-major-ntuyahaga-selon-la-defense4826","status":"publish","type":"post","link":"https:\/\/www.justiceinfo.net\/fr\/8026-030707-rwandabelgique-rien-de-concret-dans-le-dossier-du-major-ntuyahaga-selon-la-defense4826.html","title":{"rendered":"03.07.07 - RWANDA\/BELGIQUE - RIEN DE CONCRET DANS LE DOSSIER DU MAJOR NTUYAHAGA, SELON LA DEFENSE"},"content":{"rendered":"<p>Bruxelles, 3 juillet 2007 (FH) &ndash; &laquo; On vous trompe : tout dans ce dossier rel&egrave;ve d&rsquo;une volont&eacute; d&eacute;lib&eacute;r&eacute;e de trouver un coupable &raquo;, a d&eacute;clar&eacute; aux jur&eacute;s lors de sa plaidoirie, lundi, Me Luc de Temmermann, l&rsquo;avocat de l&rsquo;ex-major rwandais Bernard Ntuyahaga accus&eacute; notamment de la mort de dix Casques bleus belges &agrave; Kigali le 7 avril 1994.&nbsp;&nbsp; <\/p>\n<p><!--more-->Selon l&rsquo;avocat flamand, qui a brandi le risque de &laquo; l&rsquo;erreur judiciaire &raquo;, &laquo; il n&rsquo;y a rien de concret dans le dossier &raquo;. Comme lors de son acte de d&eacute;fense, il a r&eacute;p&eacute;t&eacute; que Bernard Ntuyahaga &laquo; &eacute;tait au mauvais endroit au mauvais moment et qu&rsquo;il n&rsquo;a aucune responsabilit&eacute; &raquo; dans les faits qui lui sont reproch&eacute;s. &nbsp; Dans une plaidoirie parfois d&eacute;cousue, qui a dur&eacute; une journ&eacute;e, il s&rsquo;est pr&eacute;sent&eacute; comme le seul &laquo; &eacute;l&eacute;ment perturbateur &raquo; d&rsquo;un proc&egrave;s &laquo; politique &raquo; : &laquo; C&rsquo;est la politique belge qui est responsable de la mort des Casques bleus &raquo;, a-t-il notamment affirm&eacute;. &nbsp; &nbsp; Le major Ntuyahaga n&rsquo;aurait fait qu&rsquo;aider les soldats onusiens. &laquo; Le 7 avril, Bernard Ntuyahaga a eu le courage de d&eacute;poser 15 Casques bleus devant un poste de la MINUAR, qu&rsquo;il connaissait, dans le camp Kigali &raquo;, a r&eacute;sum&eacute; Me De Temmermann. Le major n&rsquo;aurait ni incit&eacute; les soldats du camp &agrave; tuer les paras, ni re&ccedil;u de mission du colonel Bagosora : &laquo; Ils ne se connaissaient d&rsquo;ailleurs pas &raquo;, a dit l&rsquo;avocat. &nbsp; Le Premier ministre Agathe Uwilingiyimana aurait &eacute;t&eacute; tu&eacute; le m&ecirc;me jour par un sous-lieutenant de la gendarmerie, Ntawilingira, selon Me Innocent Twagiramungu, co-conseil. Le sous-lieutenant n&#39;aurait eu aucune relation avec Bernard Ntuyahaga qui est &eacute;galement accus&eacute; d&rsquo;avoir particip&eacute; &agrave; son assassinat. &nbsp; &laquo; Toute une s&eacute;rie de t&eacute;moins mentent &raquo;, selon Me de Temmermann, qui attribue en retour les contradictions dans les versions successives des faits livr&eacute;es par Ntuyahaga &agrave; de compr&eacute;hensibles fluctuations de m&eacute;moire. &nbsp; Il a notamment mis en doute les t&eacute;moignages cl&eacute;s d&rsquo;Apedo Kodjo, observateur militaire de l&rsquo;ONU au camp Kigali, et de quatre des cinq Casques bleus ghan&eacute;ens qui avaient &eacute;chapp&eacute; in extremis au lynchage et avaient racont&eacute; avoir &eacute;t&eacute; d&eacute;sarm&eacute;s et pris en charge avec les Belges &agrave; la r&eacute;sidence du Premier ministre. &laquo; Je sais prouver que Bernard n&rsquo;&eacute;tait pas chez Agathe &raquo;, a-t-il lanc&eacute; aux jur&eacute;s, faisant allusion &agrave; certains t&eacute;moignages. &nbsp; D&rsquo;apr&egrave;s la version de l&rsquo;accus&eacute;, les soldats onusiens, d&eacute;j&agrave; d&eacute;sarm&eacute;s, se seraient en effet adress&eacute;s &agrave; lui sur un carrefour &agrave; proximit&eacute; de la r&eacute;sidence du Premier ministre dont ils devaient assurer l&rsquo;escorte, pour lui demander des les emmener dans un cantonnement de la force des Nations Unies. &nbsp; Me Innocent Twagiramungu a de son c&ocirc;t&eacute; soulign&eacute; ce qu&rsquo;il estime &ecirc;tre des lacunes de l&rsquo;instruction, qui lui font soup&ccedil;onner une &laquo; manipulation &raquo;. &laquo; On est priv&eacute; de gens importants qui pourraient &ecirc;tre sur le banc des accus&eacute;s et qui pourraient nous &eacute;clairer sur les &eacute;v&eacute;nements &raquo;, a-t-il argu&eacute;. &nbsp; Il s&rsquo;est &eacute;galement interrog&eacute; sur le r&ocirc;le exact de hauts grad&eacute;s de l&rsquo;ancienne arm&eacute;e rwandaise pr&eacute;sents au camp militaire de Kigali pendant le lynchage des Casques bleus et qui &laquo; n&rsquo;ont rien fait &raquo; pour l&rsquo;emp&ecirc;cher, notamment les colonel Joseph Murasampongo et L&eacute;onidas Rusatira, respectivement G1 (personnel) de l&rsquo;Etat-major et commandant de l&rsquo;Ecole sup&eacute;rieure militaire (ESM). Tous deux &eacute;taient venus t&eacute;moigner devant la Cour. &nbsp; Bernard Ntuyahaga, adjoint au G4 (logistique) de l&rsquo;Etat-major, loin d&rsquo;&ecirc;tre un &laquo; super officier &agrave; qui rien ne r&eacute;siste, qui intervient partout o&ugrave; il y a des mauvais coups &raquo;, n&rsquo;&eacute;tait &laquo; rien &raquo;, a continu&eacute; son second co-conseil, Me Bonaventure Mbarushimana. &laquo; Il n&rsquo;avait que deux personnes sous ses ordres : un planton et un secr&eacute;taire. Comment aurait-il pu faire ce dont on l&rsquo;accuse ? &raquo; &nbsp; Pour Me Mbarushimana, Bernard Ntuyahaga n&rsquo;aurait donc pu commander &agrave; des militaires et &agrave; des milices sur des barri&egrave;res dans son quartier de Kiyovu, o&ugrave; il est accus&eacute; d&rsquo;avoir fait assassiner plusieurs familles. &laquo; Il est clair que ces militaires &eacute;taient de la Garde pr&eacute;sidentielle bas&eacute;e non loin et ne pouvaient &ecirc;tre sous les ordres de Ntuyahaga &raquo;, a-t-il estim&eacute;. &nbsp; Aucune responsabilit&eacute; ne lui incomberait non plus dans les massacres de Butare (sud), o&ugrave; il fut nomm&eacute; commandant du camp militaire de Ngoma en juin 1994, &laquo; puisqu&rsquo;il n&rsquo;y commandait aucune unit&eacute; op&eacute;rationnelle &raquo;, selon Me Mbarushimana. &nbsp; Accus&eacute; par les parties civiles et le procureur de n&eacute;gationnisme, Me De Temmermann a assur&eacute; n&rsquo;avoir &laquo; jamais ni&eacute; l&rsquo;existence d&rsquo;un g&eacute;nocide des Tutsis &raquo; mais a estim&eacute; que les &eacute;l&eacute;ments &eacute;tayant la planification du g&eacute;nocide n&rsquo;&eacute;taient qu&rsquo;un &laquo; montage &raquo;. &laquo; L&rsquo;enjeu du d&eacute;bat, c&rsquo;est de savoir comment &eacute;viter que des bobards continuent &agrave; fonctionner &raquo;, a-t-il d&eacute;clar&eacute;. &nbsp; BF\/AT\/GF&nbsp; <\/p>\n<p>&copy; Agence Hirondelle<\/p>\n","protected":false},"excerpt":{"rendered":"<p>Bruxelles, 3 juillet 2007 (FH) &ndash; &laquo; On vous trompe : tout dans ce dossier rel&egrave;ve d&rsquo;une volont&eacute; d&eacute;lib&eacute;r&eacute;e de trouver un coupable &raquo;, a d&eacute;clar&eacute; aux jur&eacute;s lors de sa plaidoirie, lundi, Me Luc de Temmermann, l&rsquo;avocat de l&rsquo;ex-major rwandais Bernard Ntuyahaga accus&eacute; notamment de la mort de dix Casques bleus belges &agrave; Kigali [&hellip;]<\/p>\n","protected":false},"author":59,"featured_media":0,"comment_status":"open","ping_status":"closed","sticky":false,"template":"","format":"standard","meta":{"_acf_changed":false,"footnotes":""},"categories":[554],"tags":[],"ji_location":[],"class_list":["post-8026","post","type-post","status-publish","format-standard","hentry","category-hirondellenews"],"acf":[],"yoast_head":"<!-- This site is optimized with the Yoast SEO Premium plugin v25.3.1 (Yoast SEO v25.3.1) - https:\/\/yoast.com\/wordpress\/plugins\/seo\/ -->\n<title>03.07.07 - RWANDA\/BELGIQUE - RIEN DE CONCRET DANS LE DOSSIER DU MAJOR NTUYAHAGA, SELON LA DEFENSE - JusticeInfo.net<\/title>\n<meta name=\"robots\" content=\"index, follow, max-snippet:-1, max-image-preview:large, max-video-preview:-1\" \/>\n<link rel=\"canonical\" href=\"https:\/\/www.justiceinfo.net\/fr\/8026-030707-rwandabelgique-rien-de-concret-dans-le-dossier-du-major-ntuyahaga-selon-la-defense4826.html\" \/>\n<meta property=\"og:locale\" content=\"fr_FR\" \/>\n<meta property=\"og:type\" content=\"article\" \/>\n<meta property=\"og:title\" content=\"03.07.07 - RWANDA\/BELGIQUE - RIEN DE CONCRET DANS LE DOSSIER DU MAJOR NTUYAHAGA, SELON LA DEFENSE\" \/>\n<meta property=\"og:description\" content=\"Bruxelles, 3 juillet 2007 (FH) &ndash; &laquo; On vous trompe : tout dans ce dossier rel&egrave;ve d&rsquo;une volont&eacute; d&eacute;lib&eacute;r&eacute;e de trouver un coupable &raquo;, a d&eacute;clar&eacute; aux jur&eacute;s lors de sa plaidoirie, lundi, Me Luc de Temmermann, l&rsquo;avocat de l&rsquo;ex-major rwandais Bernard Ntuyahaga accus&eacute; notamment de la mort de dix Casques bleus belges &agrave; Kigali [&hellip;]\" \/>\n<meta property=\"og:url\" content=\"https:\/\/www.justiceinfo.net\/fr\/8026-030707-rwandabelgique-rien-de-concret-dans-le-dossier-du-major-ntuyahaga-selon-la-defense4826.html\" \/>\n<meta property=\"og:site_name\" content=\"JusticeInfo.net\" \/>\n<meta property=\"article:publisher\" content=\"https:\/\/www.facebook.com\/JusticeInfo\/\" \/>\n<meta property=\"article:author\" content=\"https:\/\/www.facebook.com\/rugiririza.ephrem.1\" \/>\n<meta property=\"article:published_time\" content=\"2007-07-02T22:00:00+00:00\" \/>\n<meta property=\"og:image\" content=\"https:\/\/www.justiceinfo.net\/wp-content\/uploads\/JusticeInfoNet_logo_1200x630px.jpg\" \/>\n\t<meta property=\"og:image:width\" content=\"1200\" \/>\n\t<meta property=\"og:image:height\" content=\"630\" \/>\n\t<meta property=\"og:image:type\" content=\"image\/jpeg\" \/>\n<meta name=\"author\" content=\"Ephrem Rugiririza\" \/>\n<meta name=\"twitter:card\" content=\"summary_large_image\" \/>\n<meta name=\"twitter:creator\" content=\"@ER72777667\" \/>\n<meta name=\"twitter:site\" content=\"@justiceinfonet\" \/>\n<meta name=\"twitter:label1\" content=\"\u00c9crit par\" \/>\n\t<meta name=\"twitter:data1\" content=\"Ephrem Rugiririza\" \/>\n\t<meta name=\"twitter:label2\" content=\"Dur\u00e9e de lecture estim\u00e9e\" \/>\n\t<meta name=\"twitter:data2\" content=\"5 minutes\" \/>\n<script type=\"application\/ld+json\" class=\"yoast-schema-graph\">{\"@context\":\"https:\/\/schema.org\",\"@graph\":[{\"@type\":\"NewsArticle\",\"@id\":\"https:\/\/www.justiceinfo.net\/fr\/8026-030707-rwandabelgique-rien-de-concret-dans-le-dossier-du-major-ntuyahaga-selon-la-defense4826.html#article\",\"isPartOf\":{\"@id\":\"https:\/\/www.justiceinfo.net\/fr\/8026-030707-rwandabelgique-rien-de-concret-dans-le-dossier-du-major-ntuyahaga-selon-la-defense4826.html\"},\"author\":{\"name\":\"erugiririza\",\"@id\":\"https:\/\/www.justiceinfo.net\/fr#\/schema\/person\/3c444bdbf3536fdebfdc6b3a06b2fc4a\"},\"headline\":\"03.07.07 - RWANDA\/BELGIQUE - RIEN DE CONCRET DANS LE DOSSIER DU MAJOR NTUYAHAGA, SELON LA DEFENSE\",\"datePublished\":\"2007-07-02T22:00:00+00:00\",\"mainEntityOfPage\":{\"@id\":\"https:\/\/www.justiceinfo.net\/fr\/8026-030707-rwandabelgique-rien-de-concret-dans-le-dossier-du-major-ntuyahaga-selon-la-defense4826.html\"},\"wordCount\":1075,\"commentCount\":0,\"publisher\":{\"@id\":\"https:\/\/www.justiceinfo.net\/fr#organization\"},\"articleSection\":[\"Hirondelle News\"],\"inLanguage\":\"fr-FR\",\"potentialAction\":[{\"@type\":\"CommentAction\",\"name\":\"Comment\",\"target\":[\"https:\/\/www.justiceinfo.net\/fr\/8026-030707-rwandabelgique-rien-de-concret-dans-le-dossier-du-major-ntuyahaga-selon-la-defense4826.html#respond\"]}]},{\"@type\":\"WebPage\",\"@id\":\"https:\/\/www.justiceinfo.net\/fr\/8026-030707-rwandabelgique-rien-de-concret-dans-le-dossier-du-major-ntuyahaga-selon-la-defense4826.html\",\"url\":\"https:\/\/www.justiceinfo.net\/fr\/8026-030707-rwandabelgique-rien-de-concret-dans-le-dossier-du-major-ntuyahaga-selon-la-defense4826.html\",\"name\":\"03.07.07 - RWANDA\/BELGIQUE - RIEN DE CONCRET DANS LE DOSSIER DU MAJOR NTUYAHAGA, SELON LA DEFENSE - JusticeInfo.net\",\"isPartOf\":{\"@id\":\"https:\/\/www.justiceinfo.net\/fr#website\"},\"datePublished\":\"2007-07-02T22:00:00+00:00\",\"breadcrumb\":{\"@id\":\"https:\/\/www.justiceinfo.net\/fr\/8026-030707-rwandabelgique-rien-de-concret-dans-le-dossier-du-major-ntuyahaga-selon-la-defense4826.html#breadcrumb\"},\"inLanguage\":\"fr-FR\",\"potentialAction\":[{\"@type\":\"ReadAction\",\"target\":[\"https:\/\/www.justiceinfo.net\/fr\/8026-030707-rwandabelgique-rien-de-concret-dans-le-dossier-du-major-ntuyahaga-selon-la-defense4826.html\"]}]},{\"@type\":\"BreadcrumbList\",\"@id\":\"https:\/\/www.justiceinfo.net\/fr\/8026-030707-rwandabelgique-rien-de-concret-dans-le-dossier-du-major-ntuyahaga-selon-la-defense4826.html#breadcrumb\",\"itemListElement\":[{\"@type\":\"ListItem\",\"position\":1,\"name\":\"Home\",\"item\":\"https:\/\/www.justiceinfo.net\/fr\"},{\"@type\":\"ListItem\",\"position\":2,\"name\":\"03.07.07 - RWANDA\/BELGIQUE - RIEN DE CONCRET DANS LE DOSSIER DU MAJOR NTUYAHAGA, SELON LA DEFENSE\"}]},{\"@type\":\"WebSite\",\"@id\":\"https:\/\/www.justiceinfo.net\/fr#website\",\"url\":\"https:\/\/www.justiceinfo.net\/fr\",\"name\":\"JusticeInfo.net\",\"description\":\"La justice doit \u00eatre vue pour \u00eatre rendue\",\"publisher\":{\"@id\":\"https:\/\/www.justiceinfo.net\/fr#organization\"},\"potentialAction\":[{\"@type\":\"SearchAction\",\"target\":{\"@type\":\"EntryPoint\",\"urlTemplate\":\"https:\/\/www.justiceinfo.net\/fr?s={search_term_string}\"},\"query-input\":{\"@type\":\"PropertyValueSpecification\",\"valueRequired\":true,\"valueName\":\"search_term_string\"}}],\"inLanguage\":\"fr-FR\"},{\"@type\":\"Organization\",\"@id\":\"https:\/\/www.justiceinfo.net\/fr#organization\",\"name\":\"Justice Info\",\"url\":\"https:\/\/www.justiceinfo.net\/fr\",\"logo\":{\"@type\":\"ImageObject\",\"inLanguage\":\"fr-FR\",\"@id\":\"https:\/\/www.justiceinfo.net\/fr#\/schema\/logo\/image\/\",\"url\":\"https:\/\/www.justiceinfo.net\/wp-content\/uploads\/justiceinfo_logo-trans_1200x1200px.png\",\"contentUrl\":\"https:\/\/www.justiceinfo.net\/wp-content\/uploads\/justiceinfo_logo-trans_1200x1200px.png\",\"width\":1199,\"height\":1200,\"caption\":\"Justice Info\"},\"image\":{\"@id\":\"https:\/\/www.justiceinfo.net\/fr#\/schema\/logo\/image\/\"},\"sameAs\":[\"https:\/\/www.facebook.com\/JusticeInfo\/\",\"https:\/\/x.com\/justiceinfonet\",\"https:\/\/www.linkedin.com\/company\/justice-info\",\"https:\/\/www.youtube.com\/channel\/UCyCEsARodyuWtkWyhn-e7pA\"]},{\"@type\":\"Person\",\"name\":\"Ephrem Rugiririza\",\"sameAs\":[\"https:\/\/www.facebook.com\/rugiririza.ephrem.1\",\"https:\/\/x.com\/ER72777667\"],\"url\":\"https:\/\/www.justiceinfo.net\/fr\/auteur\/erugiririza\"}]}<\/script>\n<!-- \/ Yoast SEO Premium plugin. -->","yoast_head_json":{"title":"03.07.07 - RWANDA\/BELGIQUE - RIEN DE CONCRET DANS LE DOSSIER DU MAJOR NTUYAHAGA, SELON LA DEFENSE - JusticeInfo.net","robots":{"index":"index","follow":"follow","max-snippet":"max-snippet:-1","max-image-preview":"max-image-preview:large","max-video-preview":"max-video-preview:-1"},"canonical":"https:\/\/www.justiceinfo.net\/fr\/8026-030707-rwandabelgique-rien-de-concret-dans-le-dossier-du-major-ntuyahaga-selon-la-defense4826.html","og_locale":"fr_FR","og_type":"article","og_title":"03.07.07 - RWANDA\/BELGIQUE - RIEN DE CONCRET DANS LE DOSSIER DU MAJOR NTUYAHAGA, SELON LA DEFENSE","og_description":"Bruxelles, 3 juillet 2007 (FH) &ndash; &laquo; On vous trompe : tout dans ce dossier rel&egrave;ve d&rsquo;une volont&eacute; d&eacute;lib&eacute;r&eacute;e de trouver un coupable &raquo;, a d&eacute;clar&eacute; aux jur&eacute;s lors de sa plaidoirie, lundi, Me Luc de Temmermann, l&rsquo;avocat de l&rsquo;ex-major rwandais Bernard Ntuyahaga accus&eacute; notamment de la mort de dix Casques bleus belges &agrave; Kigali [&hellip;]","og_url":"https:\/\/www.justiceinfo.net\/fr\/8026-030707-rwandabelgique-rien-de-concret-dans-le-dossier-du-major-ntuyahaga-selon-la-defense4826.html","og_site_name":"JusticeInfo.net","article_publisher":"https:\/\/www.facebook.com\/JusticeInfo\/","article_author":"https:\/\/www.facebook.com\/rugiririza.ephrem.1","article_published_time":"2007-07-02T22:00:00+00:00","og_image":[{"width":1200,"height":630,"url":"https:\/\/www.justiceinfo.net\/wp-content\/uploads\/JusticeInfoNet_logo_1200x630px.jpg","type":"image\/jpeg"}],"author":"Ephrem Rugiririza","twitter_card":"summary_large_image","twitter_creator":"@ER72777667","twitter_site":"@justiceinfonet","twitter_misc":{"\u00c9crit par":"Ephrem Rugiririza","Dur\u00e9e de lecture estim\u00e9e":"5 minutes"},"schema":{"@context":"https:\/\/schema.org","@graph":[{"@type":"NewsArticle","@id":"https:\/\/www.justiceinfo.net\/fr\/8026-030707-rwandabelgique-rien-de-concret-dans-le-dossier-du-major-ntuyahaga-selon-la-defense4826.html#article","isPartOf":{"@id":"https:\/\/www.justiceinfo.net\/fr\/8026-030707-rwandabelgique-rien-de-concret-dans-le-dossier-du-major-ntuyahaga-selon-la-defense4826.html"},"author":{"name":"erugiririza","@id":"https:\/\/www.justiceinfo.net\/fr#\/schema\/person\/3c444bdbf3536fdebfdc6b3a06b2fc4a"},"headline":"03.07.07 - RWANDA\/BELGIQUE - RIEN DE CONCRET DANS LE DOSSIER DU MAJOR NTUYAHAGA, SELON LA DEFENSE","datePublished":"2007-07-02T22:00:00+00:00","mainEntityOfPage":{"@id":"https:\/\/www.justiceinfo.net\/fr\/8026-030707-rwandabelgique-rien-de-concret-dans-le-dossier-du-major-ntuyahaga-selon-la-defense4826.html"},"wordCount":1075,"commentCount":0,"publisher":{"@id":"https:\/\/www.justiceinfo.net\/fr#organization"},"articleSection":["Hirondelle News"],"inLanguage":"fr-FR","potentialAction":[{"@type":"CommentAction","name":"Comment","target":["https:\/\/www.justiceinfo.net\/fr\/8026-030707-rwandabelgique-rien-de-concret-dans-le-dossier-du-major-ntuyahaga-selon-la-defense4826.html#respond"]}]},{"@type":"WebPage","@id":"https:\/\/www.justiceinfo.net\/fr\/8026-030707-rwandabelgique-rien-de-concret-dans-le-dossier-du-major-ntuyahaga-selon-la-defense4826.html","url":"https:\/\/www.justiceinfo.net\/fr\/8026-030707-rwandabelgique-rien-de-concret-dans-le-dossier-du-major-ntuyahaga-selon-la-defense4826.html","name":"03.07.07 - RWANDA\/BELGIQUE - RIEN DE CONCRET DANS LE DOSSIER DU MAJOR NTUYAHAGA, SELON LA DEFENSE - JusticeInfo.net","isPartOf":{"@id":"https:\/\/www.justiceinfo.net\/fr#website"},"datePublished":"2007-07-02T22:00:00+00:00","breadcrumb":{"@id":"https:\/\/www.justiceinfo.net\/fr\/8026-030707-rwandabelgique-rien-de-concret-dans-le-dossier-du-major-ntuyahaga-selon-la-defense4826.html#breadcrumb"},"inLanguage":"fr-FR","potentialAction":[{"@type":"ReadAction","target":["https:\/\/www.justiceinfo.net\/fr\/8026-030707-rwandabelgique-rien-de-concret-dans-le-dossier-du-major-ntuyahaga-selon-la-defense4826.html"]}]},{"@type":"BreadcrumbList","@id":"https:\/\/www.justiceinfo.net\/fr\/8026-030707-rwandabelgique-rien-de-concret-dans-le-dossier-du-major-ntuyahaga-selon-la-defense4826.html#breadcrumb","itemListElement":[{"@type":"ListItem","position":1,"name":"Home","item":"https:\/\/www.justiceinfo.net\/fr"},{"@type":"ListItem","position":2,"name":"03.07.07 - RWANDA\/BELGIQUE - RIEN DE CONCRET DANS LE DOSSIER DU MAJOR NTUYAHAGA, SELON LA DEFENSE"}]},{"@type":"WebSite","@id":"https:\/\/www.justiceinfo.net\/fr#website","url":"https:\/\/www.justiceinfo.net\/fr","name":"JusticeInfo.net","description":"La justice doit \u00eatre vue pour \u00eatre rendue","publisher":{"@id":"https:\/\/www.justiceinfo.net\/fr#organization"},"potentialAction":[{"@type":"SearchAction","target":{"@type":"EntryPoint","urlTemplate":"https:\/\/www.justiceinfo.net\/fr?s={search_term_string}"},"query-input":{"@type":"PropertyValueSpecification","valueRequired":true,"valueName":"search_term_string"}}],"inLanguage":"fr-FR"},{"@type":"Organization","@id":"https:\/\/www.justiceinfo.net\/fr#organization","name":"Justice Info","url":"https:\/\/www.justiceinfo.net\/fr","logo":{"@type":"ImageObject","inLanguage":"fr-FR","@id":"https:\/\/www.justiceinfo.net\/fr#\/schema\/logo\/image\/","url":"https:\/\/www.justiceinfo.net\/wp-content\/uploads\/justiceinfo_logo-trans_1200x1200px.png","contentUrl":"https:\/\/www.justiceinfo.net\/wp-content\/uploads\/justiceinfo_logo-trans_1200x1200px.png","width":1199,"height":1200,"caption":"Justice Info"},"image":{"@id":"https:\/\/www.justiceinfo.net\/fr#\/schema\/logo\/image\/"},"sameAs":["https:\/\/www.facebook.com\/JusticeInfo\/","https:\/\/x.com\/justiceinfonet","https:\/\/www.linkedin.com\/company\/justice-info","https:\/\/www.youtube.com\/channel\/UCyCEsARodyuWtkWyhn-e7pA"]},{"@type":"Person","name":"Ephrem Rugiririza","sameAs":["https:\/\/www.facebook.com\/rugiririza.ephrem.1","https:\/\/x.com\/ER72777667"],"url":"https:\/\/www.justiceinfo.net\/fr\/auteur\/erugiririza"}]}},"_links":{"self":[{"href":"https:\/\/www.justiceinfo.net\/fr\/wp-json\/wp\/v2\/posts\/8026","targetHints":{"allow":["GET"]}}],"collection":[{"href":"https:\/\/www.justiceinfo.net\/fr\/wp-json\/wp\/v2\/posts"}],"about":[{"href":"https:\/\/www.justiceinfo.net\/fr\/wp-json\/wp\/v2\/types\/post"}],"author":[{"embeddable":true,"href":"https:\/\/www.justiceinfo.net\/fr\/wp-json\/wp\/v2\/users\/59"}],"replies":[{"embeddable":true,"href":"https:\/\/www.justiceinfo.net\/fr\/wp-json\/wp\/v2\/comments?post=8026"}],"version-history":[{"count":0,"href":"https:\/\/www.justiceinfo.net\/fr\/wp-json\/wp\/v2\/posts\/8026\/revisions"}],"wp:attachment":[{"href":"https:\/\/www.justiceinfo.net\/fr\/wp-json\/wp\/v2\/media?parent=8026"}],"wp:term":[{"taxonomy":"category","embeddable":true,"href":"https:\/\/www.justiceinfo.net\/fr\/wp-json\/wp\/v2\/categories?post=8026"},{"taxonomy":"post_tag","embeddable":true,"href":"https:\/\/www.justiceinfo.net\/fr\/wp-json\/wp\/v2\/tags?post=8026"},{"taxonomy":"ji_location","embeddable":true,"href":"https:\/\/www.justiceinfo.net\/fr\/wp-json\/wp\/v2\/ji_location?post=8026"}],"curies":[{"name":"wp","href":"https:\/\/api.w.org\/{rel}","templated":true}]}}