{"id":8028,"date":"2007-07-03T00:00:00","date_gmt":"2007-07-02T22:00:00","guid":{"rendered":"https:\/\/www.justiceinfo.net\/8028-030707-rwandajustice-les-travaux-dinteret-general-avant-la-prison-ferme4828.html"},"modified":"2007-07-03T00:00:00","modified_gmt":"2007-07-02T22:00:00","slug":"030707-rwandajustice-les-travaux-dinteret-general-avant-la-prison-ferme4828","status":"publish","type":"post","link":"https:\/\/www.justiceinfo.net\/fr\/8028-030707-rwandajustice-les-travaux-dinteret-general-avant-la-prison-ferme4828.html","title":{"rendered":"03.07.07 - RWANDA\/JUSTICE - LES TRAVAUX D\u2019INTERET GENERAL AVANT LA PRISON FERME"},"content":{"rendered":"<p>&nbsp; Kigali , 3 juillet 2007 (FH)- Le gouvernement rwandais a d&eacute;cid&eacute; que les travaux d&rsquo;int&eacute;r&ecirc;t g&eacute;n&eacute;ral (TIG), peine alternative &agrave; l&rsquo;incarc&eacute;ration, pr&eacute;c&egrave;dent l&rsquo;emprisonnement proprement dit dans l&rsquo;ex&eacute;cution des condamnations prononc&eacute;es par les tribunaux gacacas, a-t-on appris de source officielle mardi.&nbsp;&nbsp;<br \/>\n<!--more-->Juridictions semi -traditionnelles, les gacacas sont charg&eacute;es de juger la plupart des responsables pr&eacute;sum&eacute;s du g&eacute;nocide de 1994 qui a fait, selon Kigali, pr&egrave;s d&rsquo;un million de tu&eacute;s, essentiellement au sein de l&rsquo;ethnie tutsie. &nbsp; Une loi organique de mars dernier pr&eacute;voit, pour certaines cat&eacute;gories de condamn&eacute;s pour g&eacute;nocide, trois phases et modes d&rsquo;ex&eacute;cution de la peine : prison ferme, sursis et TIG. &nbsp; En d&eacute;cidant que les condamn&eacute;s ex&eacute;cutent d&rsquo;abord les TIG, le gouvernement esp&egrave;re &laquo;r&eacute;duire sensiblement le nombre d&#39;entr&eacute;es dans les prisons et normaliser la situation &agrave; l&#39;int&eacute;rieur &raquo; de ces centres de d&eacute;tention, a indiqu&eacute; mardi &agrave; Kigali, Domitille Mukantaganzwa, Secr&eacute;taire ex&eacute;cutive du Service national des juridictions gacacas (SNJG). &nbsp; Mme Mukantaganzwa s&rsquo;exprimait lors d&rsquo;une rencontre avec les organisations &laquo; partenaires du processus gacaca &raquo;. &nbsp; Elle a cependant reconnu, lors de cette r&eacute;union, que &laquo; certaines gens ont du mal &agrave; comprendre qu&rsquo;un condamn&eacute; &agrave; l&rsquo;emprisonnement puisse commencer par les TIG en attendant la prison &raquo;. &nbsp; Face au nombre colossal des accus&eacute;s, environ 800.000 personnes, le gouvernement est oblig&eacute; de faire &laquo; des choix durs &raquo;, selon les termes du ministre de la Justice, Tharcisse Karugarama. &nbsp; Au 22 juin dernier, le pays comptait 98.055 personnes d&eacute;tenues pour g&eacute;nocide, selon le Service des juridictions gacacas. &nbsp; SRE\/ER\/AT&nbsp;&copy; Agence Hirondelle<\/p>\n","protected":false},"excerpt":{"rendered":"<p>&nbsp; Kigali , 3 juillet 2007 (FH)- Le gouvernement rwandais a d&eacute;cid&eacute; que les travaux d&rsquo;int&eacute;r&ecirc;t g&eacute;n&eacute;ral (TIG), peine alternative &agrave; l&rsquo;incarc&eacute;ration, pr&eacute;c&egrave;dent l&rsquo;emprisonnement proprement dit dans l&rsquo;ex&eacute;cution des condamnations prononc&eacute;es par les tribunaux gacacas, a-t-on appris de source officielle mardi.&nbsp;&nbsp;<\/p>\n","protected":false},"author":59,"featured_media":0,"comment_status":"open","ping_status":"closed","sticky":false,"template":"","format":"standard","meta":{"_acf_changed":false,"footnotes":""},"categories":[554],"tags":[],"ji_location":[],"class_list":["post-8028","post","type-post","status-publish","format-standard","hentry","category-hirondellenews"],"acf":[],"yoast_head":"<!-- This site is optimized with the Yoast SEO Premium plugin v25.3.1 (Yoast SEO v25.3.1) - https:\/\/yoast.com\/wordpress\/plugins\/seo\/ -->\n<title>03.07.07 - RWANDA\/JUSTICE - LES TRAVAUX D\u2019INTERET GENERAL AVANT LA PRISON FERME - JusticeInfo.net<\/title>\n<meta name=\"robots\" content=\"index, follow, max-snippet:-1, max-image-preview:large, max-video-preview:-1\" \/>\n<link rel=\"canonical\" href=\"https:\/\/www.justiceinfo.net\/fr\/8028-030707-rwandajustice-les-travaux-dinteret-general-avant-la-prison-ferme4828.html\" \/>\n<meta property=\"og:locale\" content=\"fr_FR\" \/>\n<meta property=\"og:type\" content=\"article\" \/>\n<meta property=\"og:title\" content=\"03.07.07 - RWANDA\/JUSTICE - LES TRAVAUX D\u2019INTERET GENERAL AVANT LA PRISON FERME\" \/>\n<meta property=\"og:description\" content=\"&nbsp; Kigali , 3 juillet 2007 (FH)- Le gouvernement rwandais a d&eacute;cid&eacute; que les travaux d&rsquo;int&eacute;r&ecirc;t g&eacute;n&eacute;ral (TIG), peine alternative &agrave; l&rsquo;incarc&eacute;ration, pr&eacute;c&egrave;dent l&rsquo;emprisonnement proprement dit dans l&rsquo;ex&eacute;cution des condamnations prononc&eacute;es par les tribunaux gacacas, a-t-on appris de source officielle mardi.&nbsp;&nbsp;\" \/>\n<meta property=\"og:url\" content=\"https:\/\/www.justiceinfo.net\/fr\/8028-030707-rwandajustice-les-travaux-dinteret-general-avant-la-prison-ferme4828.html\" \/>\n<meta property=\"og:site_name\" content=\"JusticeInfo.net\" \/>\n<meta property=\"article:publisher\" content=\"https:\/\/www.facebook.com\/JusticeInfo\/\" \/>\n<meta property=\"article:author\" content=\"https:\/\/www.facebook.com\/rugiririza.ephrem.1\" \/>\n<meta property=\"article:published_time\" content=\"2007-07-02T22:00:00+00:00\" \/>\n<meta property=\"og:image\" content=\"https:\/\/www.justiceinfo.net\/wp-content\/uploads\/JusticeInfoNet_logo_1200x630px.jpg\" \/>\n\t<meta property=\"og:image:width\" content=\"1200\" \/>\n\t<meta property=\"og:image:height\" content=\"630\" \/>\n\t<meta property=\"og:image:type\" content=\"image\/jpeg\" \/>\n<meta name=\"author\" content=\"Ephrem Rugiririza\" \/>\n<meta name=\"twitter:card\" content=\"summary_large_image\" \/>\n<meta name=\"twitter:creator\" content=\"@ER72777667\" \/>\n<meta name=\"twitter:site\" content=\"@justiceinfonet\" \/>\n<meta name=\"twitter:label1\" content=\"\u00c9crit par\" \/>\n\t<meta name=\"twitter:data1\" content=\"Ephrem Rugiririza\" \/>\n\t<meta name=\"twitter:label2\" content=\"Dur\u00e9e de lecture estim\u00e9e\" \/>\n\t<meta name=\"twitter:data2\" content=\"2 minutes\" \/>\n<script type=\"application\/ld+json\" class=\"yoast-schema-graph\">{\"@context\":\"https:\/\/schema.org\",\"@graph\":[{\"@type\":\"NewsArticle\",\"@id\":\"https:\/\/www.justiceinfo.net\/fr\/8028-030707-rwandajustice-les-travaux-dinteret-general-avant-la-prison-ferme4828.html#article\",\"isPartOf\":{\"@id\":\"https:\/\/www.justiceinfo.net\/fr\/8028-030707-rwandajustice-les-travaux-dinteret-general-avant-la-prison-ferme4828.html\"},\"author\":{\"name\":\"erugiririza\",\"@id\":\"https:\/\/www.justiceinfo.net\/fr#\/schema\/person\/3c444bdbf3536fdebfdc6b3a06b2fc4a\"},\"headline\":\"03.07.07 - RWANDA\/JUSTICE - LES TRAVAUX D\u2019INTERET GENERAL AVANT LA PRISON FERME\",\"datePublished\":\"2007-07-02T22:00:00+00:00\",\"mainEntityOfPage\":{\"@id\":\"https:\/\/www.justiceinfo.net\/fr\/8028-030707-rwandajustice-les-travaux-dinteret-general-avant-la-prison-ferme4828.html\"},\"wordCount\":368,\"commentCount\":0,\"publisher\":{\"@id\":\"https:\/\/www.justiceinfo.net\/fr#organization\"},\"articleSection\":[\"Hirondelle News\"],\"inLanguage\":\"fr-FR\",\"potentialAction\":[{\"@type\":\"CommentAction\",\"name\":\"Comment\",\"target\":[\"https:\/\/www.justiceinfo.net\/fr\/8028-030707-rwandajustice-les-travaux-dinteret-general-avant-la-prison-ferme4828.html#respond\"]}]},{\"@type\":\"WebPage\",\"@id\":\"https:\/\/www.justiceinfo.net\/fr\/8028-030707-rwandajustice-les-travaux-dinteret-general-avant-la-prison-ferme4828.html\",\"url\":\"https:\/\/www.justiceinfo.net\/fr\/8028-030707-rwandajustice-les-travaux-dinteret-general-avant-la-prison-ferme4828.html\",\"name\":\"03.07.07 - RWANDA\/JUSTICE - LES TRAVAUX D\u2019INTERET GENERAL AVANT LA PRISON FERME - JusticeInfo.net\",\"isPartOf\":{\"@id\":\"https:\/\/www.justiceinfo.net\/fr#website\"},\"datePublished\":\"2007-07-02T22:00:00+00:00\",\"breadcrumb\":{\"@id\":\"https:\/\/www.justiceinfo.net\/fr\/8028-030707-rwandajustice-les-travaux-dinteret-general-avant-la-prison-ferme4828.html#breadcrumb\"},\"inLanguage\":\"fr-FR\",\"potentialAction\":[{\"@type\":\"ReadAction\",\"target\":[\"https:\/\/www.justiceinfo.net\/fr\/8028-030707-rwandajustice-les-travaux-dinteret-general-avant-la-prison-ferme4828.html\"]}]},{\"@type\":\"BreadcrumbList\",\"@id\":\"https:\/\/www.justiceinfo.net\/fr\/8028-030707-rwandajustice-les-travaux-dinteret-general-avant-la-prison-ferme4828.html#breadcrumb\",\"itemListElement\":[{\"@type\":\"ListItem\",\"position\":1,\"name\":\"Home\",\"item\":\"https:\/\/www.justiceinfo.net\/fr\"},{\"@type\":\"ListItem\",\"position\":2,\"name\":\"03.07.07 - RWANDA\/JUSTICE - LES TRAVAUX D\u2019INTERET GENERAL AVANT LA PRISON FERME\"}]},{\"@type\":\"WebSite\",\"@id\":\"https:\/\/www.justiceinfo.net\/fr#website\",\"url\":\"https:\/\/www.justiceinfo.net\/fr\",\"name\":\"JusticeInfo.net\",\"description\":\"La justice doit \u00eatre vue pour \u00eatre rendue\",\"publisher\":{\"@id\":\"https:\/\/www.justiceinfo.net\/fr#organization\"},\"potentialAction\":[{\"@type\":\"SearchAction\",\"target\":{\"@type\":\"EntryPoint\",\"urlTemplate\":\"https:\/\/www.justiceinfo.net\/fr?s={search_term_string}\"},\"query-input\":{\"@type\":\"PropertyValueSpecification\",\"valueRequired\":true,\"valueName\":\"search_term_string\"}}],\"inLanguage\":\"fr-FR\"},{\"@type\":\"Organization\",\"@id\":\"https:\/\/www.justiceinfo.net\/fr#organization\",\"name\":\"Justice Info\",\"url\":\"https:\/\/www.justiceinfo.net\/fr\",\"logo\":{\"@type\":\"ImageObject\",\"inLanguage\":\"fr-FR\",\"@id\":\"https:\/\/www.justiceinfo.net\/fr#\/schema\/logo\/image\/\",\"url\":\"https:\/\/www.justiceinfo.net\/wp-content\/uploads\/justiceinfo_logo-trans_1200x1200px.png\",\"contentUrl\":\"https:\/\/www.justiceinfo.net\/wp-content\/uploads\/justiceinfo_logo-trans_1200x1200px.png\",\"width\":1199,\"height\":1200,\"caption\":\"Justice Info\"},\"image\":{\"@id\":\"https:\/\/www.justiceinfo.net\/fr#\/schema\/logo\/image\/\"},\"sameAs\":[\"https:\/\/www.facebook.com\/JusticeInfo\/\",\"https:\/\/x.com\/justiceinfonet\",\"https:\/\/www.linkedin.com\/company\/justice-info\",\"https:\/\/www.youtube.com\/channel\/UCyCEsARodyuWtkWyhn-e7pA\"]},{\"@type\":\"Person\",\"name\":\"Ephrem Rugiririza\",\"sameAs\":[\"https:\/\/www.facebook.com\/rugiririza.ephrem.1\",\"https:\/\/x.com\/ER72777667\"],\"url\":\"https:\/\/www.justiceinfo.net\/fr\/auteur\/erugiririza\"}]}<\/script>\n<!-- \/ Yoast SEO Premium plugin. -->","yoast_head_json":{"title":"03.07.07 - RWANDA\/JUSTICE - LES TRAVAUX D\u2019INTERET GENERAL AVANT LA PRISON FERME - JusticeInfo.net","robots":{"index":"index","follow":"follow","max-snippet":"max-snippet:-1","max-image-preview":"max-image-preview:large","max-video-preview":"max-video-preview:-1"},"canonical":"https:\/\/www.justiceinfo.net\/fr\/8028-030707-rwandajustice-les-travaux-dinteret-general-avant-la-prison-ferme4828.html","og_locale":"fr_FR","og_type":"article","og_title":"03.07.07 - RWANDA\/JUSTICE - LES TRAVAUX D\u2019INTERET GENERAL AVANT LA PRISON FERME","og_description":"&nbsp; Kigali , 3 juillet 2007 (FH)- Le gouvernement rwandais a d&eacute;cid&eacute; que les travaux d&rsquo;int&eacute;r&ecirc;t g&eacute;n&eacute;ral (TIG), peine alternative &agrave; l&rsquo;incarc&eacute;ration, pr&eacute;c&egrave;dent l&rsquo;emprisonnement proprement dit dans l&rsquo;ex&eacute;cution des condamnations prononc&eacute;es par les tribunaux gacacas, a-t-on appris de source officielle mardi.&nbsp;&nbsp;","og_url":"https:\/\/www.justiceinfo.net\/fr\/8028-030707-rwandajustice-les-travaux-dinteret-general-avant-la-prison-ferme4828.html","og_site_name":"JusticeInfo.net","article_publisher":"https:\/\/www.facebook.com\/JusticeInfo\/","article_author":"https:\/\/www.facebook.com\/rugiririza.ephrem.1","article_published_time":"2007-07-02T22:00:00+00:00","og_image":[{"width":1200,"height":630,"url":"https:\/\/www.justiceinfo.net\/wp-content\/uploads\/JusticeInfoNet_logo_1200x630px.jpg","type":"image\/jpeg"}],"author":"Ephrem Rugiririza","twitter_card":"summary_large_image","twitter_creator":"@ER72777667","twitter_site":"@justiceinfonet","twitter_misc":{"\u00c9crit par":"Ephrem Rugiririza","Dur\u00e9e de lecture estim\u00e9e":"2 minutes"},"schema":{"@context":"https:\/\/schema.org","@graph":[{"@type":"NewsArticle","@id":"https:\/\/www.justiceinfo.net\/fr\/8028-030707-rwandajustice-les-travaux-dinteret-general-avant-la-prison-ferme4828.html#article","isPartOf":{"@id":"https:\/\/www.justiceinfo.net\/fr\/8028-030707-rwandajustice-les-travaux-dinteret-general-avant-la-prison-ferme4828.html"},"author":{"name":"erugiririza","@id":"https:\/\/www.justiceinfo.net\/fr#\/schema\/person\/3c444bdbf3536fdebfdc6b3a06b2fc4a"},"headline":"03.07.07 - RWANDA\/JUSTICE - LES TRAVAUX D\u2019INTERET GENERAL AVANT LA PRISON FERME","datePublished":"2007-07-02T22:00:00+00:00","mainEntityOfPage":{"@id":"https:\/\/www.justiceinfo.net\/fr\/8028-030707-rwandajustice-les-travaux-dinteret-general-avant-la-prison-ferme4828.html"},"wordCount":368,"commentCount":0,"publisher":{"@id":"https:\/\/www.justiceinfo.net\/fr#organization"},"articleSection":["Hirondelle News"],"inLanguage":"fr-FR","potentialAction":[{"@type":"CommentAction","name":"Comment","target":["https:\/\/www.justiceinfo.net\/fr\/8028-030707-rwandajustice-les-travaux-dinteret-general-avant-la-prison-ferme4828.html#respond"]}]},{"@type":"WebPage","@id":"https:\/\/www.justiceinfo.net\/fr\/8028-030707-rwandajustice-les-travaux-dinteret-general-avant-la-prison-ferme4828.html","url":"https:\/\/www.justiceinfo.net\/fr\/8028-030707-rwandajustice-les-travaux-dinteret-general-avant-la-prison-ferme4828.html","name":"03.07.07 - RWANDA\/JUSTICE - LES TRAVAUX D\u2019INTERET GENERAL AVANT LA PRISON FERME - JusticeInfo.net","isPartOf":{"@id":"https:\/\/www.justiceinfo.net\/fr#website"},"datePublished":"2007-07-02T22:00:00+00:00","breadcrumb":{"@id":"https:\/\/www.justiceinfo.net\/fr\/8028-030707-rwandajustice-les-travaux-dinteret-general-avant-la-prison-ferme4828.html#breadcrumb"},"inLanguage":"fr-FR","potentialAction":[{"@type":"ReadAction","target":["https:\/\/www.justiceinfo.net\/fr\/8028-030707-rwandajustice-les-travaux-dinteret-general-avant-la-prison-ferme4828.html"]}]},{"@type":"BreadcrumbList","@id":"https:\/\/www.justiceinfo.net\/fr\/8028-030707-rwandajustice-les-travaux-dinteret-general-avant-la-prison-ferme4828.html#breadcrumb","itemListElement":[{"@type":"ListItem","position":1,"name":"Home","item":"https:\/\/www.justiceinfo.net\/fr"},{"@type":"ListItem","position":2,"name":"03.07.07 - RWANDA\/JUSTICE - LES TRAVAUX D\u2019INTERET GENERAL AVANT LA PRISON FERME"}]},{"@type":"WebSite","@id":"https:\/\/www.justiceinfo.net\/fr#website","url":"https:\/\/www.justiceinfo.net\/fr","name":"JusticeInfo.net","description":"La justice doit \u00eatre vue pour \u00eatre rendue","publisher":{"@id":"https:\/\/www.justiceinfo.net\/fr#organization"},"potentialAction":[{"@type":"SearchAction","target":{"@type":"EntryPoint","urlTemplate":"https:\/\/www.justiceinfo.net\/fr?s={search_term_string}"},"query-input":{"@type":"PropertyValueSpecification","valueRequired":true,"valueName":"search_term_string"}}],"inLanguage":"fr-FR"},{"@type":"Organization","@id":"https:\/\/www.justiceinfo.net\/fr#organization","name":"Justice Info","url":"https:\/\/www.justiceinfo.net\/fr","logo":{"@type":"ImageObject","inLanguage":"fr-FR","@id":"https:\/\/www.justiceinfo.net\/fr#\/schema\/logo\/image\/","url":"https:\/\/www.justiceinfo.net\/wp-content\/uploads\/justiceinfo_logo-trans_1200x1200px.png","contentUrl":"https:\/\/www.justiceinfo.net\/wp-content\/uploads\/justiceinfo_logo-trans_1200x1200px.png","width":1199,"height":1200,"caption":"Justice Info"},"image":{"@id":"https:\/\/www.justiceinfo.net\/fr#\/schema\/logo\/image\/"},"sameAs":["https:\/\/www.facebook.com\/JusticeInfo\/","https:\/\/x.com\/justiceinfonet","https:\/\/www.linkedin.com\/company\/justice-info","https:\/\/www.youtube.com\/channel\/UCyCEsARodyuWtkWyhn-e7pA"]},{"@type":"Person","name":"Ephrem Rugiririza","sameAs":["https:\/\/www.facebook.com\/rugiririza.ephrem.1","https:\/\/x.com\/ER72777667"],"url":"https:\/\/www.justiceinfo.net\/fr\/auteur\/erugiririza"}]}},"_links":{"self":[{"href":"https:\/\/www.justiceinfo.net\/fr\/wp-json\/wp\/v2\/posts\/8028","targetHints":{"allow":["GET"]}}],"collection":[{"href":"https:\/\/www.justiceinfo.net\/fr\/wp-json\/wp\/v2\/posts"}],"about":[{"href":"https:\/\/www.justiceinfo.net\/fr\/wp-json\/wp\/v2\/types\/post"}],"author":[{"embeddable":true,"href":"https:\/\/www.justiceinfo.net\/fr\/wp-json\/wp\/v2\/users\/59"}],"replies":[{"embeddable":true,"href":"https:\/\/www.justiceinfo.net\/fr\/wp-json\/wp\/v2\/comments?post=8028"}],"version-history":[{"count":0,"href":"https:\/\/www.justiceinfo.net\/fr\/wp-json\/wp\/v2\/posts\/8028\/revisions"}],"wp:attachment":[{"href":"https:\/\/www.justiceinfo.net\/fr\/wp-json\/wp\/v2\/media?parent=8028"}],"wp:term":[{"taxonomy":"category","embeddable":true,"href":"https:\/\/www.justiceinfo.net\/fr\/wp-json\/wp\/v2\/categories?post=8028"},{"taxonomy":"post_tag","embeddable":true,"href":"https:\/\/www.justiceinfo.net\/fr\/wp-json\/wp\/v2\/tags?post=8028"},{"taxonomy":"ji_location","embeddable":true,"href":"https:\/\/www.justiceinfo.net\/fr\/wp-json\/wp\/v2\/ji_location?post=8028"}],"curies":[{"name":"wp","href":"https:\/\/api.w.org\/{rel}","templated":true}]}}