{"id":8034,"date":"2007-07-05T00:00:00","date_gmt":"2007-07-04T22:00:00","guid":{"rendered":"https:\/\/www.justiceinfo.net\/8034-050707-tpirrukundo-louverture-de-la-defense-de-labbe-rukundo-reportee-a-lundi-prochain4834.html"},"modified":"2007-07-05T00:00:00","modified_gmt":"2007-07-04T22:00:00","slug":"050707-tpirrukundo-louverture-de-la-defense-de-labbe-rukundo-reportee-a-lundi-prochain4834","status":"publish","type":"post","link":"https:\/\/www.justiceinfo.net\/fr\/8034-050707-tpirrukundo-louverture-de-la-defense-de-labbe-rukundo-reportee-a-lundi-prochain4834.html","title":{"rendered":"05.07.07 - TPIR\/RUKUNDO - L\u2019OUVERTURE DE  LA DEFENSE DE L\u2019ABBE RUKUNDO REPORTEE A LUNDI PROCHAIN"},"content":{"rendered":"<p>Arusha, 5 juillet 2007 (FH) &ndash; La d&eacute;fense de l&rsquo;abb&eacute; Emmanuel Rukundo, qui aurait d&ucirc; d&eacute;buter cette semaine devant le Tribunal p&eacute;nal international pour le Rwanda (TPIR) s&rsquo;ouvrira finalement lundi prochain, apprend-on de source officielle jeudi.&nbsp;&nbsp;<br \/>\n<!--more--><\/p>\n<p>Ce report avait &eacute;t&eacute; demand&eacute; par les avocates du pr&ecirc;tre d&eacute;sormais &nbsp;priv&eacute; des services de leur enqu&ecirc;teur rwandais, Me L&eacute;onidas Nshogoza, d&eacute;tenu depuis le mois dernier dans son pays o&ugrave; il est accus&eacute; d&rsquo;avoir voulu obtenir la r&eacute;tractation d&rsquo;un t&eacute;moin qui avait d&eacute;pos&eacute; contre l&rsquo;homme d&rsquo;&eacute;glise. &nbsp; Convoqu&eacute; par la chambre lundi, dans le cadre d&rsquo;un d&eacute;but d&rsquo;enqu&ecirc;te avant l&rsquo;ouverture de la d&eacute;fense, le t&eacute;moin en question, d&eacute;sign&eacute; par le nom de code BLP, a maintenu ses all&eacute;gations contre Rukundo, indique l&rsquo;ordonnance de report rendue mercredi et dont l&rsquo;agence Hirondelle a obtenu copie jeudi. &nbsp; La chambre ordonne au greffe de mener une enqu&ecirc;te sur les all&eacute;gations de faux-t&eacute;moignage port&eacute;es contre BLP ainsi que sur les circonstances dans lesquelles Me Nshogoza l&rsquo;a rencontr&eacute;, selon cette d&eacute;cision judiciaire. &nbsp; Ni la d&eacute;fense ni l&rsquo;accusation ne peuvent entrer en contact avec le t&eacute;moin BLP, sans l&rsquo;accord pr&eacute;alable des juges, ajoute le texte. &nbsp; Aum&ocirc;nier militaire pendant le g&eacute;nocide de 1994, Rukundo, 48 ans, est poursuivi pour g&eacute;nocide, assassinat et extermination. &nbsp; L&rsquo;homme d&rsquo;&eacute;glise est accus&eacute; d&rsquo;avoir fait tuer dans sa r&eacute;gion natale de Kabgayi (centre) non seulement des fid&egrave;les mais aussi des pr&ecirc;tres tutsis. &nbsp; Cette session qui a du mal &agrave; commencer et au cours de laquelle la d&eacute;fense pr&eacute;voyait de citer 14 t&eacute;moins sur la trentaine pr&eacute;vue, devrait se poursuivre jusqu&rsquo;au 27 juillet, selon le calendrier de la chambre. &nbsp; &nbsp; Le proc&egrave;s de l&rsquo;abb&eacute; Rukundo a d&eacute;but&eacute; le 15 novembre 2006 et le procureur a termin&eacute; la pr&eacute;sentation de ses moyens de preuve le 12 mars dernier apr&egrave;s avoir fait compara&icirc;tre 18 t&eacute;moins. &nbsp; Deux autres pr&ecirc;tres catholiques sont incarc&eacute;r&eacute;s &agrave; la prison des Nations Unies &agrave; Arusha, Hormisdas Nsengimana dont le proc&egrave;s a d&eacute;marr&eacute; le 22 juin dernier et Athanase Seromba condamn&eacute; &agrave; 15 ans de prison en d&eacute;cembre dernier. &nbsp; Le procureur en chef, Hassan Bubacar Jallow, a par ailleurs r&eacute;v&eacute;l&eacute; le mois dernier la mise en accusation de l&rsquo;abb&eacute; Wenceslas Munyeshyaka exil&eacute; en France. &nbsp; ER\/AT\/GF&nbsp;&copy; Agence Hirondelle<\/p>\n","protected":false},"excerpt":{"rendered":"<p>Arusha, 5 juillet 2007 (FH) &ndash; La d&eacute;fense de l&rsquo;abb&eacute; Emmanuel Rukundo, qui aurait d&ucirc; d&eacute;buter cette semaine devant le Tribunal p&eacute;nal international pour le Rwanda (TPIR) s&rsquo;ouvrira finalement lundi prochain, apprend-on de source officielle jeudi.&nbsp;&nbsp;<\/p>\n","protected":false},"author":59,"featured_media":0,"comment_status":"open","ping_status":"closed","sticky":false,"template":"","format":"standard","meta":{"_acf_changed":false,"footnotes":""},"categories":[554],"tags":[],"ji_location":[],"class_list":["post-8034","post","type-post","status-publish","format-standard","hentry","category-hirondellenews"],"acf":[],"yoast_head":"<!-- This site is optimized with the Yoast SEO Premium plugin v25.3.1 (Yoast SEO v25.3.1) - https:\/\/yoast.com\/wordpress\/plugins\/seo\/ -->\n<title>05.07.07 - TPIR\/RUKUNDO - L\u2019OUVERTURE DE LA DEFENSE DE L\u2019ABBE RUKUNDO REPORTEE A LUNDI PROCHAIN - JusticeInfo.net<\/title>\n<meta name=\"robots\" content=\"index, follow, max-snippet:-1, max-image-preview:large, max-video-preview:-1\" \/>\n<link rel=\"canonical\" href=\"https:\/\/www.justiceinfo.net\/fr\/8034-050707-tpirrukundo-louverture-de-la-defense-de-labbe-rukundo-reportee-a-lundi-prochain4834.html\" \/>\n<meta property=\"og:locale\" content=\"fr_FR\" \/>\n<meta property=\"og:type\" content=\"article\" \/>\n<meta property=\"og:title\" content=\"05.07.07 - TPIR\/RUKUNDO - L\u2019OUVERTURE DE LA DEFENSE DE L\u2019ABBE RUKUNDO REPORTEE A LUNDI PROCHAIN\" \/>\n<meta property=\"og:description\" content=\"Arusha, 5 juillet 2007 (FH) &ndash; La d&eacute;fense de l&rsquo;abb&eacute; Emmanuel Rukundo, qui aurait d&ucirc; d&eacute;buter cette semaine devant le Tribunal p&eacute;nal international pour le Rwanda (TPIR) s&rsquo;ouvrira finalement lundi prochain, apprend-on de source officielle jeudi.&nbsp;&nbsp;\" \/>\n<meta property=\"og:url\" content=\"https:\/\/www.justiceinfo.net\/fr\/8034-050707-tpirrukundo-louverture-de-la-defense-de-labbe-rukundo-reportee-a-lundi-prochain4834.html\" \/>\n<meta property=\"og:site_name\" content=\"JusticeInfo.net\" \/>\n<meta property=\"article:publisher\" content=\"https:\/\/www.facebook.com\/JusticeInfo\/\" \/>\n<meta property=\"article:author\" content=\"https:\/\/www.facebook.com\/rugiririza.ephrem.1\" \/>\n<meta property=\"article:published_time\" content=\"2007-07-04T22:00:00+00:00\" \/>\n<meta property=\"og:image\" content=\"https:\/\/www.justiceinfo.net\/wp-content\/uploads\/JusticeInfoNet_logo_1200x630px.jpg\" \/>\n\t<meta property=\"og:image:width\" content=\"1200\" \/>\n\t<meta property=\"og:image:height\" content=\"630\" \/>\n\t<meta property=\"og:image:type\" content=\"image\/jpeg\" \/>\n<meta name=\"author\" content=\"Ephrem Rugiririza\" \/>\n<meta name=\"twitter:card\" content=\"summary_large_image\" \/>\n<meta name=\"twitter:creator\" content=\"@ER72777667\" \/>\n<meta name=\"twitter:site\" content=\"@justiceinfonet\" \/>\n<meta name=\"twitter:label1\" content=\"\u00c9crit par\" \/>\n\t<meta name=\"twitter:data1\" content=\"Ephrem Rugiririza\" \/>\n\t<meta name=\"twitter:label2\" content=\"Dur\u00e9e de lecture estim\u00e9e\" \/>\n\t<meta name=\"twitter:data2\" content=\"3 minutes\" \/>\n<script type=\"application\/ld+json\" class=\"yoast-schema-graph\">{\"@context\":\"https:\/\/schema.org\",\"@graph\":[{\"@type\":\"NewsArticle\",\"@id\":\"https:\/\/www.justiceinfo.net\/fr\/8034-050707-tpirrukundo-louverture-de-la-defense-de-labbe-rukundo-reportee-a-lundi-prochain4834.html#article\",\"isPartOf\":{\"@id\":\"https:\/\/www.justiceinfo.net\/fr\/8034-050707-tpirrukundo-louverture-de-la-defense-de-labbe-rukundo-reportee-a-lundi-prochain4834.html\"},\"author\":{\"name\":\"erugiririza\",\"@id\":\"https:\/\/www.justiceinfo.net\/fr#\/schema\/person\/3c444bdbf3536fdebfdc6b3a06b2fc4a\"},\"headline\":\"05.07.07 - TPIR\/RUKUNDO - L\u2019OUVERTURE DE LA DEFENSE DE L\u2019ABBE RUKUNDO REPORTEE A LUNDI PROCHAIN\",\"datePublished\":\"2007-07-04T22:00:00+00:00\",\"mainEntityOfPage\":{\"@id\":\"https:\/\/www.justiceinfo.net\/fr\/8034-050707-tpirrukundo-louverture-de-la-defense-de-labbe-rukundo-reportee-a-lundi-prochain4834.html\"},\"wordCount\":541,\"commentCount\":0,\"publisher\":{\"@id\":\"https:\/\/www.justiceinfo.net\/fr#organization\"},\"articleSection\":[\"Hirondelle News\"],\"inLanguage\":\"fr-FR\",\"potentialAction\":[{\"@type\":\"CommentAction\",\"name\":\"Comment\",\"target\":[\"https:\/\/www.justiceinfo.net\/fr\/8034-050707-tpirrukundo-louverture-de-la-defense-de-labbe-rukundo-reportee-a-lundi-prochain4834.html#respond\"]}]},{\"@type\":\"WebPage\",\"@id\":\"https:\/\/www.justiceinfo.net\/fr\/8034-050707-tpirrukundo-louverture-de-la-defense-de-labbe-rukundo-reportee-a-lundi-prochain4834.html\",\"url\":\"https:\/\/www.justiceinfo.net\/fr\/8034-050707-tpirrukundo-louverture-de-la-defense-de-labbe-rukundo-reportee-a-lundi-prochain4834.html\",\"name\":\"05.07.07 - TPIR\/RUKUNDO - L\u2019OUVERTURE DE LA DEFENSE DE L\u2019ABBE RUKUNDO REPORTEE A LUNDI PROCHAIN - JusticeInfo.net\",\"isPartOf\":{\"@id\":\"https:\/\/www.justiceinfo.net\/fr#website\"},\"datePublished\":\"2007-07-04T22:00:00+00:00\",\"breadcrumb\":{\"@id\":\"https:\/\/www.justiceinfo.net\/fr\/8034-050707-tpirrukundo-louverture-de-la-defense-de-labbe-rukundo-reportee-a-lundi-prochain4834.html#breadcrumb\"},\"inLanguage\":\"fr-FR\",\"potentialAction\":[{\"@type\":\"ReadAction\",\"target\":[\"https:\/\/www.justiceinfo.net\/fr\/8034-050707-tpirrukundo-louverture-de-la-defense-de-labbe-rukundo-reportee-a-lundi-prochain4834.html\"]}]},{\"@type\":\"BreadcrumbList\",\"@id\":\"https:\/\/www.justiceinfo.net\/fr\/8034-050707-tpirrukundo-louverture-de-la-defense-de-labbe-rukundo-reportee-a-lundi-prochain4834.html#breadcrumb\",\"itemListElement\":[{\"@type\":\"ListItem\",\"position\":1,\"name\":\"Home\",\"item\":\"https:\/\/www.justiceinfo.net\/fr\"},{\"@type\":\"ListItem\",\"position\":2,\"name\":\"05.07.07 - TPIR\/RUKUNDO - L\u2019OUVERTURE DE LA DEFENSE DE L\u2019ABBE RUKUNDO REPORTEE A LUNDI PROCHAIN\"}]},{\"@type\":\"WebSite\",\"@id\":\"https:\/\/www.justiceinfo.net\/fr#website\",\"url\":\"https:\/\/www.justiceinfo.net\/fr\",\"name\":\"JusticeInfo.net\",\"description\":\"La justice doit \u00eatre vue pour \u00eatre rendue\",\"publisher\":{\"@id\":\"https:\/\/www.justiceinfo.net\/fr#organization\"},\"potentialAction\":[{\"@type\":\"SearchAction\",\"target\":{\"@type\":\"EntryPoint\",\"urlTemplate\":\"https:\/\/www.justiceinfo.net\/fr?s={search_term_string}\"},\"query-input\":{\"@type\":\"PropertyValueSpecification\",\"valueRequired\":true,\"valueName\":\"search_term_string\"}}],\"inLanguage\":\"fr-FR\"},{\"@type\":\"Organization\",\"@id\":\"https:\/\/www.justiceinfo.net\/fr#organization\",\"name\":\"Justice Info\",\"url\":\"https:\/\/www.justiceinfo.net\/fr\",\"logo\":{\"@type\":\"ImageObject\",\"inLanguage\":\"fr-FR\",\"@id\":\"https:\/\/www.justiceinfo.net\/fr#\/schema\/logo\/image\/\",\"url\":\"https:\/\/www.justiceinfo.net\/wp-content\/uploads\/justiceinfo_logo-trans_1200x1200px.png\",\"contentUrl\":\"https:\/\/www.justiceinfo.net\/wp-content\/uploads\/justiceinfo_logo-trans_1200x1200px.png\",\"width\":1199,\"height\":1200,\"caption\":\"Justice Info\"},\"image\":{\"@id\":\"https:\/\/www.justiceinfo.net\/fr#\/schema\/logo\/image\/\"},\"sameAs\":[\"https:\/\/www.facebook.com\/JusticeInfo\/\",\"https:\/\/x.com\/justiceinfonet\",\"https:\/\/www.linkedin.com\/company\/justice-info\",\"https:\/\/www.youtube.com\/channel\/UCyCEsARodyuWtkWyhn-e7pA\"]},{\"@type\":\"Person\",\"name\":\"Ephrem Rugiririza\",\"sameAs\":[\"https:\/\/www.facebook.com\/rugiririza.ephrem.1\",\"https:\/\/x.com\/ER72777667\"],\"url\":\"https:\/\/www.justiceinfo.net\/fr\/auteur\/erugiririza\"}]}<\/script>\n<!-- \/ Yoast SEO Premium plugin. -->","yoast_head_json":{"title":"05.07.07 - TPIR\/RUKUNDO - L\u2019OUVERTURE DE LA DEFENSE DE L\u2019ABBE RUKUNDO REPORTEE A LUNDI PROCHAIN - JusticeInfo.net","robots":{"index":"index","follow":"follow","max-snippet":"max-snippet:-1","max-image-preview":"max-image-preview:large","max-video-preview":"max-video-preview:-1"},"canonical":"https:\/\/www.justiceinfo.net\/fr\/8034-050707-tpirrukundo-louverture-de-la-defense-de-labbe-rukundo-reportee-a-lundi-prochain4834.html","og_locale":"fr_FR","og_type":"article","og_title":"05.07.07 - TPIR\/RUKUNDO - L\u2019OUVERTURE DE LA DEFENSE DE L\u2019ABBE RUKUNDO REPORTEE A LUNDI PROCHAIN","og_description":"Arusha, 5 juillet 2007 (FH) &ndash; La d&eacute;fense de l&rsquo;abb&eacute; Emmanuel Rukundo, qui aurait d&ucirc; d&eacute;buter cette semaine devant le Tribunal p&eacute;nal international pour le Rwanda (TPIR) s&rsquo;ouvrira finalement lundi prochain, apprend-on de source officielle jeudi.&nbsp;&nbsp;","og_url":"https:\/\/www.justiceinfo.net\/fr\/8034-050707-tpirrukundo-louverture-de-la-defense-de-labbe-rukundo-reportee-a-lundi-prochain4834.html","og_site_name":"JusticeInfo.net","article_publisher":"https:\/\/www.facebook.com\/JusticeInfo\/","article_author":"https:\/\/www.facebook.com\/rugiririza.ephrem.1","article_published_time":"2007-07-04T22:00:00+00:00","og_image":[{"width":1200,"height":630,"url":"https:\/\/www.justiceinfo.net\/wp-content\/uploads\/JusticeInfoNet_logo_1200x630px.jpg","type":"image\/jpeg"}],"author":"Ephrem Rugiririza","twitter_card":"summary_large_image","twitter_creator":"@ER72777667","twitter_site":"@justiceinfonet","twitter_misc":{"\u00c9crit par":"Ephrem Rugiririza","Dur\u00e9e de lecture estim\u00e9e":"3 minutes"},"schema":{"@context":"https:\/\/schema.org","@graph":[{"@type":"NewsArticle","@id":"https:\/\/www.justiceinfo.net\/fr\/8034-050707-tpirrukundo-louverture-de-la-defense-de-labbe-rukundo-reportee-a-lundi-prochain4834.html#article","isPartOf":{"@id":"https:\/\/www.justiceinfo.net\/fr\/8034-050707-tpirrukundo-louverture-de-la-defense-de-labbe-rukundo-reportee-a-lundi-prochain4834.html"},"author":{"name":"erugiririza","@id":"https:\/\/www.justiceinfo.net\/fr#\/schema\/person\/3c444bdbf3536fdebfdc6b3a06b2fc4a"},"headline":"05.07.07 - TPIR\/RUKUNDO - L\u2019OUVERTURE DE LA DEFENSE DE L\u2019ABBE RUKUNDO REPORTEE A LUNDI PROCHAIN","datePublished":"2007-07-04T22:00:00+00:00","mainEntityOfPage":{"@id":"https:\/\/www.justiceinfo.net\/fr\/8034-050707-tpirrukundo-louverture-de-la-defense-de-labbe-rukundo-reportee-a-lundi-prochain4834.html"},"wordCount":541,"commentCount":0,"publisher":{"@id":"https:\/\/www.justiceinfo.net\/fr#organization"},"articleSection":["Hirondelle News"],"inLanguage":"fr-FR","potentialAction":[{"@type":"CommentAction","name":"Comment","target":["https:\/\/www.justiceinfo.net\/fr\/8034-050707-tpirrukundo-louverture-de-la-defense-de-labbe-rukundo-reportee-a-lundi-prochain4834.html#respond"]}]},{"@type":"WebPage","@id":"https:\/\/www.justiceinfo.net\/fr\/8034-050707-tpirrukundo-louverture-de-la-defense-de-labbe-rukundo-reportee-a-lundi-prochain4834.html","url":"https:\/\/www.justiceinfo.net\/fr\/8034-050707-tpirrukundo-louverture-de-la-defense-de-labbe-rukundo-reportee-a-lundi-prochain4834.html","name":"05.07.07 - TPIR\/RUKUNDO - L\u2019OUVERTURE DE LA DEFENSE DE L\u2019ABBE RUKUNDO REPORTEE A LUNDI PROCHAIN - JusticeInfo.net","isPartOf":{"@id":"https:\/\/www.justiceinfo.net\/fr#website"},"datePublished":"2007-07-04T22:00:00+00:00","breadcrumb":{"@id":"https:\/\/www.justiceinfo.net\/fr\/8034-050707-tpirrukundo-louverture-de-la-defense-de-labbe-rukundo-reportee-a-lundi-prochain4834.html#breadcrumb"},"inLanguage":"fr-FR","potentialAction":[{"@type":"ReadAction","target":["https:\/\/www.justiceinfo.net\/fr\/8034-050707-tpirrukundo-louverture-de-la-defense-de-labbe-rukundo-reportee-a-lundi-prochain4834.html"]}]},{"@type":"BreadcrumbList","@id":"https:\/\/www.justiceinfo.net\/fr\/8034-050707-tpirrukundo-louverture-de-la-defense-de-labbe-rukundo-reportee-a-lundi-prochain4834.html#breadcrumb","itemListElement":[{"@type":"ListItem","position":1,"name":"Home","item":"https:\/\/www.justiceinfo.net\/fr"},{"@type":"ListItem","position":2,"name":"05.07.07 - TPIR\/RUKUNDO - L\u2019OUVERTURE DE LA DEFENSE DE L\u2019ABBE RUKUNDO REPORTEE A LUNDI PROCHAIN"}]},{"@type":"WebSite","@id":"https:\/\/www.justiceinfo.net\/fr#website","url":"https:\/\/www.justiceinfo.net\/fr","name":"JusticeInfo.net","description":"La justice doit \u00eatre vue pour \u00eatre rendue","publisher":{"@id":"https:\/\/www.justiceinfo.net\/fr#organization"},"potentialAction":[{"@type":"SearchAction","target":{"@type":"EntryPoint","urlTemplate":"https:\/\/www.justiceinfo.net\/fr?s={search_term_string}"},"query-input":{"@type":"PropertyValueSpecification","valueRequired":true,"valueName":"search_term_string"}}],"inLanguage":"fr-FR"},{"@type":"Organization","@id":"https:\/\/www.justiceinfo.net\/fr#organization","name":"Justice Info","url":"https:\/\/www.justiceinfo.net\/fr","logo":{"@type":"ImageObject","inLanguage":"fr-FR","@id":"https:\/\/www.justiceinfo.net\/fr#\/schema\/logo\/image\/","url":"https:\/\/www.justiceinfo.net\/wp-content\/uploads\/justiceinfo_logo-trans_1200x1200px.png","contentUrl":"https:\/\/www.justiceinfo.net\/wp-content\/uploads\/justiceinfo_logo-trans_1200x1200px.png","width":1199,"height":1200,"caption":"Justice Info"},"image":{"@id":"https:\/\/www.justiceinfo.net\/fr#\/schema\/logo\/image\/"},"sameAs":["https:\/\/www.facebook.com\/JusticeInfo\/","https:\/\/x.com\/justiceinfonet","https:\/\/www.linkedin.com\/company\/justice-info","https:\/\/www.youtube.com\/channel\/UCyCEsARodyuWtkWyhn-e7pA"]},{"@type":"Person","name":"Ephrem Rugiririza","sameAs":["https:\/\/www.facebook.com\/rugiririza.ephrem.1","https:\/\/x.com\/ER72777667"],"url":"https:\/\/www.justiceinfo.net\/fr\/auteur\/erugiririza"}]}},"_links":{"self":[{"href":"https:\/\/www.justiceinfo.net\/fr\/wp-json\/wp\/v2\/posts\/8034","targetHints":{"allow":["GET"]}}],"collection":[{"href":"https:\/\/www.justiceinfo.net\/fr\/wp-json\/wp\/v2\/posts"}],"about":[{"href":"https:\/\/www.justiceinfo.net\/fr\/wp-json\/wp\/v2\/types\/post"}],"author":[{"embeddable":true,"href":"https:\/\/www.justiceinfo.net\/fr\/wp-json\/wp\/v2\/users\/59"}],"replies":[{"embeddable":true,"href":"https:\/\/www.justiceinfo.net\/fr\/wp-json\/wp\/v2\/comments?post=8034"}],"version-history":[{"count":0,"href":"https:\/\/www.justiceinfo.net\/fr\/wp-json\/wp\/v2\/posts\/8034\/revisions"}],"wp:attachment":[{"href":"https:\/\/www.justiceinfo.net\/fr\/wp-json\/wp\/v2\/media?parent=8034"}],"wp:term":[{"taxonomy":"category","embeddable":true,"href":"https:\/\/www.justiceinfo.net\/fr\/wp-json\/wp\/v2\/categories?post=8034"},{"taxonomy":"post_tag","embeddable":true,"href":"https:\/\/www.justiceinfo.net\/fr\/wp-json\/wp\/v2\/tags?post=8034"},{"taxonomy":"ji_location","embeddable":true,"href":"https:\/\/www.justiceinfo.net\/fr\/wp-json\/wp\/v2\/ji_location?post=8034"}],"curies":[{"name":"wp","href":"https:\/\/api.w.org\/{rel}","templated":true}]}}