{"id":8038,"date":"2007-07-06T00:00:00","date_gmt":"2007-07-05T22:00:00","guid":{"rendered":"https:\/\/www.justiceinfo.net\/8038-060707-rwandajustice-lutte-contre-le-sida-dans-les-camps-de-condamnes-pour-genocide4838.html"},"modified":"2007-07-06T00:00:00","modified_gmt":"2007-07-05T22:00:00","slug":"060707-rwandajustice-lutte-contre-le-sida-dans-les-camps-de-condamnes-pour-genocide4838","status":"publish","type":"post","link":"https:\/\/www.justiceinfo.net\/fr\/8038-060707-rwandajustice-lutte-contre-le-sida-dans-les-camps-de-condamnes-pour-genocide4838.html","title":{"rendered":"06.07.07 - RWANDA\/JUSTICE - LUTTE CONTRE LE SIDA DANS LES CAMPS DE CONDAMNES POUR GENOCIDE"},"content":{"rendered":"<p>&nbsp; Arusha, 6 juillet 2007 (FH) - Dans les camps d&rsquo;ex&eacute;cution de travaux d&rsquo;int&eacute;r&ecirc;t g&eacute;n&eacute;ral (TIG), peine alternative &agrave; l&rsquo;emprisonnement pour certaines cat&eacute;gories de personnes condamn&eacute;es pour leur r&ocirc;le dans le g&eacute;nocide de 1994 au Rwanda, la lutte conte le SIDA est une des priorit&eacute;s.&nbsp;&nbsp;<br \/>\n<!--more-->Les &laquo; tigistes &raquo; sont encourag&eacute;s &agrave; proc&eacute;der au test de d&eacute;pistage volontaire et ceux qui sont test&eacute;s s&eacute;ropositifs re&ccedil;oivent gratuitement les anti-r&eacute;troviraux, indique un rapport du Secr&eacute;tariat ex&eacute;cutif des TIG. &nbsp; Selon ce texte, 86 tigistes sont actuellement sous traitement. &nbsp; Selon la Commission nationale de lutte contre le SIDA (CNLS), le taux de s&eacute;ropr&eacute;valence sur l&rsquo;ensemble du Rwanda est de &nbsp;3% au niveau national; cette pr&eacute;valence est de 7,7% en milieu urbain et 2,2% en milieu rural &nbsp; Les travaux dans les camps de TIG comprennent actuellement la construction de maisons pour rescap&eacute;s du g&eacute;nocide les plus d&eacute;munis et autres sans abris, l&rsquo;am&eacute;nagement de terrasses radicales pour lutter contre l&rsquo;&eacute;rosion ainsi que la taille de pierres pour le pavage des routes. &nbsp; Dans un proche avenir, les condamn&eacute;s pourront &eacute;galement ex&eacute;cuter des travaux de drainage des marais et de protection de l&rsquo;environnement, indique ce rapport. &nbsp; Ces camps sont aussi un cadre d&rsquo;&eacute;ducation civique, d&rsquo;alphab&eacute;tisation et d&rsquo;apprentissage de m&eacute;tiers. &nbsp; Le rapport fait ainsi &eacute;tat de 280 condamn&eacute;s qui y ont appris &agrave; lire et &agrave; &eacute;crire, 701 form&eacute;s &agrave; la taille des pierres, 915 qui ont appris les techniques li&eacute;es aux terrasses radicales et de 175 qui ont appris la ma&ccedil;onnerie. &nbsp; Les TIG constituent, selon ce document, &laquo; une forme de r&eacute;pression renfor&ccedil;ant le processus d&rsquo;unit&eacute; et de r&eacute;conciliation nationale, tout en contribuant au d&eacute;veloppement socio-&eacute;conomique du pays.&raquo; &nbsp; L&rsquo;ex&eacute;cution des TIG ne va cependant pas sans probl&egrave;mes. Ainsi, note le rapport, 20 condamn&eacute;s ayant fui les camps ont &eacute;t&eacute; rattrap&eacute;s et r&eacute;incarc&eacute;r&eacute;s. &nbsp; ER\/AT\/GF &nbsp; &copy; Agence Hirondelle<\/p>\n","protected":false},"excerpt":{"rendered":"<p>&nbsp; Arusha, 6 juillet 2007 (FH) - Dans les camps d&rsquo;ex&eacute;cution de travaux d&rsquo;int&eacute;r&ecirc;t g&eacute;n&eacute;ral (TIG), peine alternative &agrave; l&rsquo;emprisonnement pour certaines cat&eacute;gories de personnes condamn&eacute;es pour leur r&ocirc;le dans le g&eacute;nocide de 1994 au Rwanda, la lutte conte le SIDA est une des priorit&eacute;s.&nbsp;&nbsp;<\/p>\n","protected":false},"author":59,"featured_media":0,"comment_status":"open","ping_status":"closed","sticky":false,"template":"","format":"standard","meta":{"_acf_changed":false,"footnotes":""},"categories":[554],"tags":[],"ji_location":[],"class_list":["post-8038","post","type-post","status-publish","format-standard","hentry","category-hirondellenews"],"acf":[],"yoast_head":"<!-- This site is optimized with the Yoast SEO Premium plugin v25.3.1 (Yoast SEO v25.3.1) - https:\/\/yoast.com\/wordpress\/plugins\/seo\/ -->\n<title>06.07.07 - RWANDA\/JUSTICE - LUTTE CONTRE LE SIDA DANS LES CAMPS DE CONDAMNES POUR GENOCIDE - JusticeInfo.net<\/title>\n<meta name=\"robots\" content=\"index, follow, max-snippet:-1, max-image-preview:large, max-video-preview:-1\" \/>\n<link rel=\"canonical\" href=\"https:\/\/www.justiceinfo.net\/fr\/8038-060707-rwandajustice-lutte-contre-le-sida-dans-les-camps-de-condamnes-pour-genocide4838.html\" \/>\n<meta property=\"og:locale\" content=\"fr_FR\" \/>\n<meta property=\"og:type\" content=\"article\" \/>\n<meta property=\"og:title\" content=\"06.07.07 - RWANDA\/JUSTICE - LUTTE CONTRE LE SIDA DANS LES CAMPS DE CONDAMNES POUR GENOCIDE\" \/>\n<meta property=\"og:description\" content=\"&nbsp; Arusha, 6 juillet 2007 (FH) - Dans les camps d&rsquo;ex&eacute;cution de travaux d&rsquo;int&eacute;r&ecirc;t g&eacute;n&eacute;ral (TIG), peine alternative &agrave; l&rsquo;emprisonnement pour certaines cat&eacute;gories de personnes condamn&eacute;es pour leur r&ocirc;le dans le g&eacute;nocide de 1994 au Rwanda, la lutte conte le SIDA est une des priorit&eacute;s.&nbsp;&nbsp;\" \/>\n<meta property=\"og:url\" content=\"https:\/\/www.justiceinfo.net\/fr\/8038-060707-rwandajustice-lutte-contre-le-sida-dans-les-camps-de-condamnes-pour-genocide4838.html\" \/>\n<meta property=\"og:site_name\" content=\"JusticeInfo.net\" \/>\n<meta property=\"article:publisher\" content=\"https:\/\/www.facebook.com\/JusticeInfo\/\" \/>\n<meta property=\"article:author\" content=\"https:\/\/www.facebook.com\/rugiririza.ephrem.1\" \/>\n<meta property=\"article:published_time\" content=\"2007-07-05T22:00:00+00:00\" \/>\n<meta property=\"og:image\" content=\"https:\/\/www.justiceinfo.net\/wp-content\/uploads\/JusticeInfoNet_logo_1200x630px.jpg\" \/>\n\t<meta property=\"og:image:width\" content=\"1200\" \/>\n\t<meta property=\"og:image:height\" content=\"630\" \/>\n\t<meta property=\"og:image:type\" content=\"image\/jpeg\" \/>\n<meta name=\"author\" content=\"Ephrem Rugiririza\" \/>\n<meta name=\"twitter:card\" content=\"summary_large_image\" \/>\n<meta name=\"twitter:creator\" content=\"@ER72777667\" \/>\n<meta name=\"twitter:site\" content=\"@justiceinfonet\" \/>\n<meta name=\"twitter:label1\" content=\"\u00c9crit par\" \/>\n\t<meta name=\"twitter:data1\" content=\"Ephrem Rugiririza\" \/>\n\t<meta name=\"twitter:label2\" content=\"Dur\u00e9e de lecture estim\u00e9e\" \/>\n\t<meta name=\"twitter:data2\" content=\"2 minutes\" \/>\n<script type=\"application\/ld+json\" class=\"yoast-schema-graph\">{\"@context\":\"https:\/\/schema.org\",\"@graph\":[{\"@type\":\"NewsArticle\",\"@id\":\"https:\/\/www.justiceinfo.net\/fr\/8038-060707-rwandajustice-lutte-contre-le-sida-dans-les-camps-de-condamnes-pour-genocide4838.html#article\",\"isPartOf\":{\"@id\":\"https:\/\/www.justiceinfo.net\/fr\/8038-060707-rwandajustice-lutte-contre-le-sida-dans-les-camps-de-condamnes-pour-genocide4838.html\"},\"author\":{\"name\":\"erugiririza\",\"@id\":\"https:\/\/www.justiceinfo.net\/fr#\/schema\/person\/3c444bdbf3536fdebfdc6b3a06b2fc4a\"},\"headline\":\"06.07.07 - RWANDA\/JUSTICE - LUTTE CONTRE LE SIDA DANS LES CAMPS DE CONDAMNES POUR GENOCIDE\",\"datePublished\":\"2007-07-05T22:00:00+00:00\",\"mainEntityOfPage\":{\"@id\":\"https:\/\/www.justiceinfo.net\/fr\/8038-060707-rwandajustice-lutte-contre-le-sida-dans-les-camps-de-condamnes-pour-genocide4838.html\"},\"wordCount\":441,\"commentCount\":0,\"publisher\":{\"@id\":\"https:\/\/www.justiceinfo.net\/fr#organization\"},\"articleSection\":[\"Hirondelle News\"],\"inLanguage\":\"fr-FR\",\"potentialAction\":[{\"@type\":\"CommentAction\",\"name\":\"Comment\",\"target\":[\"https:\/\/www.justiceinfo.net\/fr\/8038-060707-rwandajustice-lutte-contre-le-sida-dans-les-camps-de-condamnes-pour-genocide4838.html#respond\"]}]},{\"@type\":\"WebPage\",\"@id\":\"https:\/\/www.justiceinfo.net\/fr\/8038-060707-rwandajustice-lutte-contre-le-sida-dans-les-camps-de-condamnes-pour-genocide4838.html\",\"url\":\"https:\/\/www.justiceinfo.net\/fr\/8038-060707-rwandajustice-lutte-contre-le-sida-dans-les-camps-de-condamnes-pour-genocide4838.html\",\"name\":\"06.07.07 - RWANDA\/JUSTICE - LUTTE CONTRE LE SIDA DANS LES CAMPS DE CONDAMNES POUR GENOCIDE - JusticeInfo.net\",\"isPartOf\":{\"@id\":\"https:\/\/www.justiceinfo.net\/fr#website\"},\"datePublished\":\"2007-07-05T22:00:00+00:00\",\"breadcrumb\":{\"@id\":\"https:\/\/www.justiceinfo.net\/fr\/8038-060707-rwandajustice-lutte-contre-le-sida-dans-les-camps-de-condamnes-pour-genocide4838.html#breadcrumb\"},\"inLanguage\":\"fr-FR\",\"potentialAction\":[{\"@type\":\"ReadAction\",\"target\":[\"https:\/\/www.justiceinfo.net\/fr\/8038-060707-rwandajustice-lutte-contre-le-sida-dans-les-camps-de-condamnes-pour-genocide4838.html\"]}]},{\"@type\":\"BreadcrumbList\",\"@id\":\"https:\/\/www.justiceinfo.net\/fr\/8038-060707-rwandajustice-lutte-contre-le-sida-dans-les-camps-de-condamnes-pour-genocide4838.html#breadcrumb\",\"itemListElement\":[{\"@type\":\"ListItem\",\"position\":1,\"name\":\"Home\",\"item\":\"https:\/\/www.justiceinfo.net\/fr\"},{\"@type\":\"ListItem\",\"position\":2,\"name\":\"06.07.07 - RWANDA\/JUSTICE - LUTTE CONTRE LE SIDA DANS LES CAMPS DE CONDAMNES POUR GENOCIDE\"}]},{\"@type\":\"WebSite\",\"@id\":\"https:\/\/www.justiceinfo.net\/fr#website\",\"url\":\"https:\/\/www.justiceinfo.net\/fr\",\"name\":\"JusticeInfo.net\",\"description\":\"La justice doit \u00eatre vue pour \u00eatre rendue\",\"publisher\":{\"@id\":\"https:\/\/www.justiceinfo.net\/fr#organization\"},\"potentialAction\":[{\"@type\":\"SearchAction\",\"target\":{\"@type\":\"EntryPoint\",\"urlTemplate\":\"https:\/\/www.justiceinfo.net\/fr?s={search_term_string}\"},\"query-input\":{\"@type\":\"PropertyValueSpecification\",\"valueRequired\":true,\"valueName\":\"search_term_string\"}}],\"inLanguage\":\"fr-FR\"},{\"@type\":\"Organization\",\"@id\":\"https:\/\/www.justiceinfo.net\/fr#organization\",\"name\":\"Justice Info\",\"url\":\"https:\/\/www.justiceinfo.net\/fr\",\"logo\":{\"@type\":\"ImageObject\",\"inLanguage\":\"fr-FR\",\"@id\":\"https:\/\/www.justiceinfo.net\/fr#\/schema\/logo\/image\/\",\"url\":\"https:\/\/www.justiceinfo.net\/wp-content\/uploads\/justiceinfo_logo-trans_1200x1200px.png\",\"contentUrl\":\"https:\/\/www.justiceinfo.net\/wp-content\/uploads\/justiceinfo_logo-trans_1200x1200px.png\",\"width\":1199,\"height\":1200,\"caption\":\"Justice Info\"},\"image\":{\"@id\":\"https:\/\/www.justiceinfo.net\/fr#\/schema\/logo\/image\/\"},\"sameAs\":[\"https:\/\/www.facebook.com\/JusticeInfo\/\",\"https:\/\/x.com\/justiceinfonet\",\"https:\/\/www.linkedin.com\/company\/justice-info\",\"https:\/\/www.youtube.com\/channel\/UCyCEsARodyuWtkWyhn-e7pA\"]},{\"@type\":\"Person\",\"name\":\"Ephrem Rugiririza\",\"sameAs\":[\"https:\/\/www.facebook.com\/rugiririza.ephrem.1\",\"https:\/\/x.com\/ER72777667\"],\"url\":\"https:\/\/www.justiceinfo.net\/fr\/auteur\/erugiririza\"}]}<\/script>\n<!-- \/ Yoast SEO Premium plugin. -->","yoast_head_json":{"title":"06.07.07 - RWANDA\/JUSTICE - LUTTE CONTRE LE SIDA DANS LES CAMPS DE CONDAMNES POUR GENOCIDE - JusticeInfo.net","robots":{"index":"index","follow":"follow","max-snippet":"max-snippet:-1","max-image-preview":"max-image-preview:large","max-video-preview":"max-video-preview:-1"},"canonical":"https:\/\/www.justiceinfo.net\/fr\/8038-060707-rwandajustice-lutte-contre-le-sida-dans-les-camps-de-condamnes-pour-genocide4838.html","og_locale":"fr_FR","og_type":"article","og_title":"06.07.07 - RWANDA\/JUSTICE - LUTTE CONTRE LE SIDA DANS LES CAMPS DE CONDAMNES POUR GENOCIDE","og_description":"&nbsp; Arusha, 6 juillet 2007 (FH) - Dans les camps d&rsquo;ex&eacute;cution de travaux d&rsquo;int&eacute;r&ecirc;t g&eacute;n&eacute;ral (TIG), peine alternative &agrave; l&rsquo;emprisonnement pour certaines cat&eacute;gories de personnes condamn&eacute;es pour leur r&ocirc;le dans le g&eacute;nocide de 1994 au Rwanda, la lutte conte le SIDA est une des priorit&eacute;s.&nbsp;&nbsp;","og_url":"https:\/\/www.justiceinfo.net\/fr\/8038-060707-rwandajustice-lutte-contre-le-sida-dans-les-camps-de-condamnes-pour-genocide4838.html","og_site_name":"JusticeInfo.net","article_publisher":"https:\/\/www.facebook.com\/JusticeInfo\/","article_author":"https:\/\/www.facebook.com\/rugiririza.ephrem.1","article_published_time":"2007-07-05T22:00:00+00:00","og_image":[{"width":1200,"height":630,"url":"https:\/\/www.justiceinfo.net\/wp-content\/uploads\/JusticeInfoNet_logo_1200x630px.jpg","type":"image\/jpeg"}],"author":"Ephrem Rugiririza","twitter_card":"summary_large_image","twitter_creator":"@ER72777667","twitter_site":"@justiceinfonet","twitter_misc":{"\u00c9crit par":"Ephrem Rugiririza","Dur\u00e9e de lecture estim\u00e9e":"2 minutes"},"schema":{"@context":"https:\/\/schema.org","@graph":[{"@type":"NewsArticle","@id":"https:\/\/www.justiceinfo.net\/fr\/8038-060707-rwandajustice-lutte-contre-le-sida-dans-les-camps-de-condamnes-pour-genocide4838.html#article","isPartOf":{"@id":"https:\/\/www.justiceinfo.net\/fr\/8038-060707-rwandajustice-lutte-contre-le-sida-dans-les-camps-de-condamnes-pour-genocide4838.html"},"author":{"name":"erugiririza","@id":"https:\/\/www.justiceinfo.net\/fr#\/schema\/person\/3c444bdbf3536fdebfdc6b3a06b2fc4a"},"headline":"06.07.07 - RWANDA\/JUSTICE - LUTTE CONTRE LE SIDA DANS LES CAMPS DE CONDAMNES POUR GENOCIDE","datePublished":"2007-07-05T22:00:00+00:00","mainEntityOfPage":{"@id":"https:\/\/www.justiceinfo.net\/fr\/8038-060707-rwandajustice-lutte-contre-le-sida-dans-les-camps-de-condamnes-pour-genocide4838.html"},"wordCount":441,"commentCount":0,"publisher":{"@id":"https:\/\/www.justiceinfo.net\/fr#organization"},"articleSection":["Hirondelle News"],"inLanguage":"fr-FR","potentialAction":[{"@type":"CommentAction","name":"Comment","target":["https:\/\/www.justiceinfo.net\/fr\/8038-060707-rwandajustice-lutte-contre-le-sida-dans-les-camps-de-condamnes-pour-genocide4838.html#respond"]}]},{"@type":"WebPage","@id":"https:\/\/www.justiceinfo.net\/fr\/8038-060707-rwandajustice-lutte-contre-le-sida-dans-les-camps-de-condamnes-pour-genocide4838.html","url":"https:\/\/www.justiceinfo.net\/fr\/8038-060707-rwandajustice-lutte-contre-le-sida-dans-les-camps-de-condamnes-pour-genocide4838.html","name":"06.07.07 - RWANDA\/JUSTICE - LUTTE CONTRE LE SIDA DANS LES CAMPS DE CONDAMNES POUR GENOCIDE - JusticeInfo.net","isPartOf":{"@id":"https:\/\/www.justiceinfo.net\/fr#website"},"datePublished":"2007-07-05T22:00:00+00:00","breadcrumb":{"@id":"https:\/\/www.justiceinfo.net\/fr\/8038-060707-rwandajustice-lutte-contre-le-sida-dans-les-camps-de-condamnes-pour-genocide4838.html#breadcrumb"},"inLanguage":"fr-FR","potentialAction":[{"@type":"ReadAction","target":["https:\/\/www.justiceinfo.net\/fr\/8038-060707-rwandajustice-lutte-contre-le-sida-dans-les-camps-de-condamnes-pour-genocide4838.html"]}]},{"@type":"BreadcrumbList","@id":"https:\/\/www.justiceinfo.net\/fr\/8038-060707-rwandajustice-lutte-contre-le-sida-dans-les-camps-de-condamnes-pour-genocide4838.html#breadcrumb","itemListElement":[{"@type":"ListItem","position":1,"name":"Home","item":"https:\/\/www.justiceinfo.net\/fr"},{"@type":"ListItem","position":2,"name":"06.07.07 - RWANDA\/JUSTICE - LUTTE CONTRE LE SIDA DANS LES CAMPS DE CONDAMNES POUR GENOCIDE"}]},{"@type":"WebSite","@id":"https:\/\/www.justiceinfo.net\/fr#website","url":"https:\/\/www.justiceinfo.net\/fr","name":"JusticeInfo.net","description":"La justice doit \u00eatre vue pour \u00eatre rendue","publisher":{"@id":"https:\/\/www.justiceinfo.net\/fr#organization"},"potentialAction":[{"@type":"SearchAction","target":{"@type":"EntryPoint","urlTemplate":"https:\/\/www.justiceinfo.net\/fr?s={search_term_string}"},"query-input":{"@type":"PropertyValueSpecification","valueRequired":true,"valueName":"search_term_string"}}],"inLanguage":"fr-FR"},{"@type":"Organization","@id":"https:\/\/www.justiceinfo.net\/fr#organization","name":"Justice Info","url":"https:\/\/www.justiceinfo.net\/fr","logo":{"@type":"ImageObject","inLanguage":"fr-FR","@id":"https:\/\/www.justiceinfo.net\/fr#\/schema\/logo\/image\/","url":"https:\/\/www.justiceinfo.net\/wp-content\/uploads\/justiceinfo_logo-trans_1200x1200px.png","contentUrl":"https:\/\/www.justiceinfo.net\/wp-content\/uploads\/justiceinfo_logo-trans_1200x1200px.png","width":1199,"height":1200,"caption":"Justice Info"},"image":{"@id":"https:\/\/www.justiceinfo.net\/fr#\/schema\/logo\/image\/"},"sameAs":["https:\/\/www.facebook.com\/JusticeInfo\/","https:\/\/x.com\/justiceinfonet","https:\/\/www.linkedin.com\/company\/justice-info","https:\/\/www.youtube.com\/channel\/UCyCEsARodyuWtkWyhn-e7pA"]},{"@type":"Person","name":"Ephrem Rugiririza","sameAs":["https:\/\/www.facebook.com\/rugiririza.ephrem.1","https:\/\/x.com\/ER72777667"],"url":"https:\/\/www.justiceinfo.net\/fr\/auteur\/erugiririza"}]}},"_links":{"self":[{"href":"https:\/\/www.justiceinfo.net\/fr\/wp-json\/wp\/v2\/posts\/8038","targetHints":{"allow":["GET"]}}],"collection":[{"href":"https:\/\/www.justiceinfo.net\/fr\/wp-json\/wp\/v2\/posts"}],"about":[{"href":"https:\/\/www.justiceinfo.net\/fr\/wp-json\/wp\/v2\/types\/post"}],"author":[{"embeddable":true,"href":"https:\/\/www.justiceinfo.net\/fr\/wp-json\/wp\/v2\/users\/59"}],"replies":[{"embeddable":true,"href":"https:\/\/www.justiceinfo.net\/fr\/wp-json\/wp\/v2\/comments?post=8038"}],"version-history":[{"count":0,"href":"https:\/\/www.justiceinfo.net\/fr\/wp-json\/wp\/v2\/posts\/8038\/revisions"}],"wp:attachment":[{"href":"https:\/\/www.justiceinfo.net\/fr\/wp-json\/wp\/v2\/media?parent=8038"}],"wp:term":[{"taxonomy":"category","embeddable":true,"href":"https:\/\/www.justiceinfo.net\/fr\/wp-json\/wp\/v2\/categories?post=8038"},{"taxonomy":"post_tag","embeddable":true,"href":"https:\/\/www.justiceinfo.net\/fr\/wp-json\/wp\/v2\/tags?post=8038"},{"taxonomy":"ji_location","embeddable":true,"href":"https:\/\/www.justiceinfo.net\/fr\/wp-json\/wp\/v2\/ji_location?post=8038"}],"curies":[{"name":"wp","href":"https:\/\/api.w.org\/{rel}","templated":true}]}}