{"id":8063,"date":"2007-07-12T00:00:00","date_gmt":"2007-07-11T22:00:00","guid":{"rendered":"https:\/\/www.justiceinfo.net\/8063-120707-tpirrukundo-labbe-rukundo-netait-pas-un-extremiste-temoin4863.html"},"modified":"2007-07-12T00:00:00","modified_gmt":"2007-07-11T22:00:00","slug":"120707-tpirrukundo-labbe-rukundo-netait-pas-un-extremiste-temoin4863","status":"publish","type":"post","link":"https:\/\/www.justiceinfo.net\/fr\/8063-120707-tpirrukundo-labbe-rukundo-netait-pas-un-extremiste-temoin4863.html","title":{"rendered":"12.07.07 - TPIR\/RUKUNDO - L\u2019ABBE RUKUNDO N\u2019ETAIT PAS UN EXTREMISTE (TEMOIN)"},"content":{"rendered":"<p>Arusha, 12 juillet 2007 (FH)-L&rsquo;abb&eacute; Emmanuel Rukundo, accus&eacute; de g&eacute;nocide, n&rsquo;&eacute;tait pas un extr&eacute;miste, a affirm&eacute; un t&eacute;moin de la d&eacute;fense jeudi devant le Tribunal international pour le Rwanda (TPIR). <\/p>\n<p>&nbsp;<\/p>\n<p>&nbsp;<\/p>\n<p><!--more-->&nbsp; <\/p>\n<p>Le procureur all&egrave;gue que Rukundo, 48 ans, ordonn&eacute; pr&ecirc;tre en juillet 1991, &eacute;tait &laquo; un extr&eacute;miste notoire &raquo; depuis sa jeunesse. <\/p>\n<p>&nbsp;<\/p>\n<p>Le t&eacute;moin, qui a &eacute;tudi&eacute; avec Rukundo au grand s&eacute;minaire de Nyakibanda, a affirm&eacute; que cette all&eacute;gation est fausse. &laquo; Non. Qui peut dire cela?. C&rsquo;est non &raquo;, a d&eacute;clar&eacute; le t&eacute;moin qui a d&eacute;pos&eacute; sous anonymat pour des raisons de s&eacute;curit&eacute;. Il r&eacute;pondait aux questions de l&rsquo;avocate du pr&ecirc;tre, Me Aicha Cond&eacute; (France). <\/p>\n<p>&nbsp;<\/p>\n<p>L&rsquo;acte d&rsquo;accusation indique qu&rsquo;en octobre 1990, Rukundo, alors &eacute;tudiant au Grand s&eacute;minaire de Nyakibanda &agrave; Butare (sud), &laquo; a cr&eacute;&eacute; un groupe d&rsquo;extr&eacute;mistes aux fins de mobiliser des fonds pour soutenir les Forces arm&eacute;es rwandaises (FAR) dans leur lutte contre le FPR (r&eacute;bellion &agrave; dominante tutsie). Il a jur&eacute; &agrave; l&rsquo;&eacute;poque de prendre le maquis si le FPR gagnait la guerre.&raquo;. <\/p>\n<p>&nbsp;<\/p>\n<p>Le document ajoute que Rukundo &laquo; ha&iuml;ssait les Tutsis. Il se battait contre ses coll&egrave;gues tutsis du Petit s&eacute;minaire de Kabgayi (centre) depuis 1973 environ&raquo;. Il aurait par ailleurs d&eacute;clar&eacute; que &laquo; le Grand s&eacute;minaire de Nyakibanda &eacute;tait un fief tutsi et qu&rsquo;il lui &eacute;tait difficile de vivre dans ce milieu comme Hutu et futur pr&ecirc;tre. &raquo; <\/p>\n<p>&nbsp;<\/p>\n<p>Le t&eacute;moin a rapport&eacute; que Rukundo &eacute;tait parmi les s&eacute;minaristes qui vivaient en harmonie avec tout le monde, sans distinction d&rsquo;ethnies. <\/p>\n<p>&nbsp;<\/p>\n<p>Rukundo est devenu aum&ocirc;nier militaire, peu de temps apr&egrave;s son ordination. Le procureur affirme que les aum&ocirc;niers militaires &eacute;taient recrut&eacute;s parmi les pr&ecirc;tres extr&eacute;mistes. <\/p>\n<p>&nbsp;<\/p>\n<p>Le t&eacute;moin a indiqu&eacute; qu&rsquo;il connaissait tous les aum&ocirc;niers militaires du pays et a donn&eacute; les noms de certains d&rsquo;entre eux. <\/p>\n<p>&nbsp;<\/p>\n<p>&laquo; Personne ne vous dira que ces hommes &eacute;taient des extr&eacute;mistes. Ils vivaient avec tout le monde sans regarder les ethnies comme la plupart des Rwandais le font malheureusement &raquo;, s&rsquo;est-il expliqu&eacute;. <\/p>\n<p>&nbsp;<\/p>\n<p>Arr&ecirc;t&eacute; en juillet 2001 en Suisse, Rukundo est accus&eacute; de massacres de Tutsis au centre du Rwanda. Il plaide non coupable. Son proc&egrave;s a commenc&eacute; le 15 novembre 2006. Il cite des t&eacute;moins &agrave; d&eacute;charge depuis le 9 juillet. <\/p>\n<p>&nbsp;<\/p>\n<p>AT\/GF <\/p>\n<p>&nbsp;<\/p>\n<p>&copy; Agence Hirondelle<\/p>\n","protected":false},"excerpt":{"rendered":"<p>Arusha, 12 juillet 2007 (FH)-L&rsquo;abb&eacute; Emmanuel Rukundo, accus&eacute; de g&eacute;nocide, n&rsquo;&eacute;tait pas un extr&eacute;miste, a affirm&eacute; un t&eacute;moin de la d&eacute;fense jeudi devant le Tribunal international pour le Rwanda (TPIR). &nbsp; &nbsp;<\/p>\n","protected":false},"author":64,"featured_media":0,"comment_status":"open","ping_status":"closed","sticky":false,"template":"","format":"standard","meta":{"_acf_changed":false,"footnotes":""},"categories":[554],"tags":[],"ji_location":[],"class_list":["post-8063","post","type-post","status-publish","format-standard","hentry","category-hirondellenews"],"acf":[],"yoast_head":"<!-- This site is optimized with the Yoast SEO Premium plugin v25.3.1 (Yoast SEO v25.3.1) - https:\/\/yoast.com\/wordpress\/plugins\/seo\/ -->\n<title>12.07.07 - TPIR\/RUKUNDO - L\u2019ABBE RUKUNDO N\u2019ETAIT PAS UN EXTREMISTE (TEMOIN) - JusticeInfo.net<\/title>\n<meta name=\"robots\" content=\"index, follow, max-snippet:-1, max-image-preview:large, max-video-preview:-1\" \/>\n<link rel=\"canonical\" href=\"https:\/\/www.justiceinfo.net\/fr\/8063-120707-tpirrukundo-labbe-rukundo-netait-pas-un-extremiste-temoin4863.html\" \/>\n<meta property=\"og:locale\" content=\"fr_FR\" \/>\n<meta property=\"og:type\" content=\"article\" \/>\n<meta property=\"og:title\" content=\"12.07.07 - TPIR\/RUKUNDO - L\u2019ABBE RUKUNDO N\u2019ETAIT PAS UN EXTREMISTE (TEMOIN)\" \/>\n<meta property=\"og:description\" content=\"Arusha, 12 juillet 2007 (FH)-L&rsquo;abb&eacute; Emmanuel Rukundo, accus&eacute; de g&eacute;nocide, n&rsquo;&eacute;tait pas un extr&eacute;miste, a affirm&eacute; un t&eacute;moin de la d&eacute;fense jeudi devant le Tribunal international pour le Rwanda (TPIR). &nbsp; &nbsp;\" \/>\n<meta property=\"og:url\" content=\"https:\/\/www.justiceinfo.net\/fr\/8063-120707-tpirrukundo-labbe-rukundo-netait-pas-un-extremiste-temoin4863.html\" \/>\n<meta property=\"og:site_name\" content=\"JusticeInfo.net\" \/>\n<meta property=\"article:publisher\" content=\"https:\/\/www.facebook.com\/JusticeInfo\/\" \/>\n<meta property=\"article:published_time\" content=\"2007-07-11T22:00:00+00:00\" \/>\n<meta property=\"og:image\" content=\"https:\/\/www.justiceinfo.net\/wp-content\/uploads\/JusticeInfoNet_logo_1200x630px.jpg\" \/>\n\t<meta property=\"og:image:width\" content=\"1200\" \/>\n\t<meta property=\"og:image:height\" content=\"630\" \/>\n\t<meta property=\"og:image:type\" content=\"image\/jpeg\" \/>\n<meta name=\"author\" content=\"solivri\" \/>\n<meta name=\"twitter:card\" content=\"summary_large_image\" \/>\n<meta name=\"twitter:creator\" content=\"@justiceinfonet\" \/>\n<meta name=\"twitter:site\" content=\"@justiceinfonet\" \/>\n<meta name=\"twitter:label1\" content=\"\u00c9crit par\" \/>\n\t<meta name=\"twitter:data1\" content=\"solivri\" \/>\n\t<meta name=\"twitter:label2\" content=\"Dur\u00e9e de lecture estim\u00e9e\" \/>\n\t<meta name=\"twitter:data2\" content=\"3 minutes\" \/>\n<script type=\"application\/ld+json\" class=\"yoast-schema-graph\">{\"@context\":\"https:\/\/schema.org\",\"@graph\":[{\"@type\":\"NewsArticle\",\"@id\":\"https:\/\/www.justiceinfo.net\/fr\/8063-120707-tpirrukundo-labbe-rukundo-netait-pas-un-extremiste-temoin4863.html#article\",\"isPartOf\":{\"@id\":\"https:\/\/www.justiceinfo.net\/fr\/8063-120707-tpirrukundo-labbe-rukundo-netait-pas-un-extremiste-temoin4863.html\"},\"author\":{\"name\":\"solivri\",\"@id\":\"https:\/\/www.justiceinfo.net\/fr#\/schema\/person\/6e53cba1629e2e66f3fc1821d3091865\"},\"headline\":\"12.07.07 - TPIR\/RUKUNDO - L\u2019ABBE RUKUNDO N\u2019ETAIT PAS UN EXTREMISTE (TEMOIN)\",\"datePublished\":\"2007-07-11T22:00:00+00:00\",\"mainEntityOfPage\":{\"@id\":\"https:\/\/www.justiceinfo.net\/fr\/8063-120707-tpirrukundo-labbe-rukundo-netait-pas-un-extremiste-temoin4863.html\"},\"wordCount\":525,\"commentCount\":0,\"publisher\":{\"@id\":\"https:\/\/www.justiceinfo.net\/fr#organization\"},\"articleSection\":[\"Hirondelle News\"],\"inLanguage\":\"fr-FR\",\"potentialAction\":[{\"@type\":\"CommentAction\",\"name\":\"Comment\",\"target\":[\"https:\/\/www.justiceinfo.net\/fr\/8063-120707-tpirrukundo-labbe-rukundo-netait-pas-un-extremiste-temoin4863.html#respond\"]}]},{\"@type\":\"WebPage\",\"@id\":\"https:\/\/www.justiceinfo.net\/fr\/8063-120707-tpirrukundo-labbe-rukundo-netait-pas-un-extremiste-temoin4863.html\",\"url\":\"https:\/\/www.justiceinfo.net\/fr\/8063-120707-tpirrukundo-labbe-rukundo-netait-pas-un-extremiste-temoin4863.html\",\"name\":\"12.07.07 - TPIR\/RUKUNDO - L\u2019ABBE RUKUNDO N\u2019ETAIT PAS UN EXTREMISTE (TEMOIN) - JusticeInfo.net\",\"isPartOf\":{\"@id\":\"https:\/\/www.justiceinfo.net\/fr#website\"},\"datePublished\":\"2007-07-11T22:00:00+00:00\",\"breadcrumb\":{\"@id\":\"https:\/\/www.justiceinfo.net\/fr\/8063-120707-tpirrukundo-labbe-rukundo-netait-pas-un-extremiste-temoin4863.html#breadcrumb\"},\"inLanguage\":\"fr-FR\",\"potentialAction\":[{\"@type\":\"ReadAction\",\"target\":[\"https:\/\/www.justiceinfo.net\/fr\/8063-120707-tpirrukundo-labbe-rukundo-netait-pas-un-extremiste-temoin4863.html\"]}]},{\"@type\":\"BreadcrumbList\",\"@id\":\"https:\/\/www.justiceinfo.net\/fr\/8063-120707-tpirrukundo-labbe-rukundo-netait-pas-un-extremiste-temoin4863.html#breadcrumb\",\"itemListElement\":[{\"@type\":\"ListItem\",\"position\":1,\"name\":\"Home\",\"item\":\"https:\/\/www.justiceinfo.net\/fr\"},{\"@type\":\"ListItem\",\"position\":2,\"name\":\"12.07.07 - TPIR\/RUKUNDO - L\u2019ABBE RUKUNDO N\u2019ETAIT PAS UN EXTREMISTE (TEMOIN)\"}]},{\"@type\":\"WebSite\",\"@id\":\"https:\/\/www.justiceinfo.net\/fr#website\",\"url\":\"https:\/\/www.justiceinfo.net\/fr\",\"name\":\"JusticeInfo.net\",\"description\":\"La justice doit \u00eatre vue pour \u00eatre rendue\",\"publisher\":{\"@id\":\"https:\/\/www.justiceinfo.net\/fr#organization\"},\"potentialAction\":[{\"@type\":\"SearchAction\",\"target\":{\"@type\":\"EntryPoint\",\"urlTemplate\":\"https:\/\/www.justiceinfo.net\/fr?s={search_term_string}\"},\"query-input\":{\"@type\":\"PropertyValueSpecification\",\"valueRequired\":true,\"valueName\":\"search_term_string\"}}],\"inLanguage\":\"fr-FR\"},{\"@type\":\"Organization\",\"@id\":\"https:\/\/www.justiceinfo.net\/fr#organization\",\"name\":\"Justice Info\",\"url\":\"https:\/\/www.justiceinfo.net\/fr\",\"logo\":{\"@type\":\"ImageObject\",\"inLanguage\":\"fr-FR\",\"@id\":\"https:\/\/www.justiceinfo.net\/fr#\/schema\/logo\/image\/\",\"url\":\"https:\/\/www.justiceinfo.net\/wp-content\/uploads\/justiceinfo_logo-trans_1200x1200px.png\",\"contentUrl\":\"https:\/\/www.justiceinfo.net\/wp-content\/uploads\/justiceinfo_logo-trans_1200x1200px.png\",\"width\":1199,\"height\":1200,\"caption\":\"Justice Info\"},\"image\":{\"@id\":\"https:\/\/www.justiceinfo.net\/fr#\/schema\/logo\/image\/\"},\"sameAs\":[\"https:\/\/www.facebook.com\/JusticeInfo\/\",\"https:\/\/x.com\/justiceinfonet\",\"https:\/\/www.linkedin.com\/company\/justice-info\",\"https:\/\/www.youtube.com\/channel\/UCyCEsARodyuWtkWyhn-e7pA\"]},{\"@type\":\"Person\",\"name\":\"solivri\",\"url\":\"\/fr\/?s=solivri\"}]}<\/script>\n<!-- \/ Yoast SEO Premium plugin. -->","yoast_head_json":{"title":"12.07.07 - TPIR\/RUKUNDO - L\u2019ABBE RUKUNDO N\u2019ETAIT PAS UN EXTREMISTE (TEMOIN) - JusticeInfo.net","robots":{"index":"index","follow":"follow","max-snippet":"max-snippet:-1","max-image-preview":"max-image-preview:large","max-video-preview":"max-video-preview:-1"},"canonical":"https:\/\/www.justiceinfo.net\/fr\/8063-120707-tpirrukundo-labbe-rukundo-netait-pas-un-extremiste-temoin4863.html","og_locale":"fr_FR","og_type":"article","og_title":"12.07.07 - TPIR\/RUKUNDO - L\u2019ABBE RUKUNDO N\u2019ETAIT PAS UN EXTREMISTE (TEMOIN)","og_description":"Arusha, 12 juillet 2007 (FH)-L&rsquo;abb&eacute; Emmanuel Rukundo, accus&eacute; de g&eacute;nocide, n&rsquo;&eacute;tait pas un extr&eacute;miste, a affirm&eacute; un t&eacute;moin de la d&eacute;fense jeudi devant le Tribunal international pour le Rwanda (TPIR). &nbsp; &nbsp;","og_url":"https:\/\/www.justiceinfo.net\/fr\/8063-120707-tpirrukundo-labbe-rukundo-netait-pas-un-extremiste-temoin4863.html","og_site_name":"JusticeInfo.net","article_publisher":"https:\/\/www.facebook.com\/JusticeInfo\/","article_published_time":"2007-07-11T22:00:00+00:00","og_image":[{"width":1200,"height":630,"url":"https:\/\/www.justiceinfo.net\/wp-content\/uploads\/JusticeInfoNet_logo_1200x630px.jpg","type":"image\/jpeg"}],"author":"solivri","twitter_card":"summary_large_image","twitter_creator":"@justiceinfonet","twitter_site":"@justiceinfonet","twitter_misc":{"\u00c9crit par":"solivri","Dur\u00e9e de lecture estim\u00e9e":"3 minutes"},"schema":{"@context":"https:\/\/schema.org","@graph":[{"@type":"NewsArticle","@id":"https:\/\/www.justiceinfo.net\/fr\/8063-120707-tpirrukundo-labbe-rukundo-netait-pas-un-extremiste-temoin4863.html#article","isPartOf":{"@id":"https:\/\/www.justiceinfo.net\/fr\/8063-120707-tpirrukundo-labbe-rukundo-netait-pas-un-extremiste-temoin4863.html"},"author":{"name":"solivri","@id":"https:\/\/www.justiceinfo.net\/fr#\/schema\/person\/6e53cba1629e2e66f3fc1821d3091865"},"headline":"12.07.07 - TPIR\/RUKUNDO - L\u2019ABBE RUKUNDO N\u2019ETAIT PAS UN EXTREMISTE (TEMOIN)","datePublished":"2007-07-11T22:00:00+00:00","mainEntityOfPage":{"@id":"https:\/\/www.justiceinfo.net\/fr\/8063-120707-tpirrukundo-labbe-rukundo-netait-pas-un-extremiste-temoin4863.html"},"wordCount":525,"commentCount":0,"publisher":{"@id":"https:\/\/www.justiceinfo.net\/fr#organization"},"articleSection":["Hirondelle News"],"inLanguage":"fr-FR","potentialAction":[{"@type":"CommentAction","name":"Comment","target":["https:\/\/www.justiceinfo.net\/fr\/8063-120707-tpirrukundo-labbe-rukundo-netait-pas-un-extremiste-temoin4863.html#respond"]}]},{"@type":"WebPage","@id":"https:\/\/www.justiceinfo.net\/fr\/8063-120707-tpirrukundo-labbe-rukundo-netait-pas-un-extremiste-temoin4863.html","url":"https:\/\/www.justiceinfo.net\/fr\/8063-120707-tpirrukundo-labbe-rukundo-netait-pas-un-extremiste-temoin4863.html","name":"12.07.07 - TPIR\/RUKUNDO - L\u2019ABBE RUKUNDO N\u2019ETAIT PAS UN EXTREMISTE (TEMOIN) - JusticeInfo.net","isPartOf":{"@id":"https:\/\/www.justiceinfo.net\/fr#website"},"datePublished":"2007-07-11T22:00:00+00:00","breadcrumb":{"@id":"https:\/\/www.justiceinfo.net\/fr\/8063-120707-tpirrukundo-labbe-rukundo-netait-pas-un-extremiste-temoin4863.html#breadcrumb"},"inLanguage":"fr-FR","potentialAction":[{"@type":"ReadAction","target":["https:\/\/www.justiceinfo.net\/fr\/8063-120707-tpirrukundo-labbe-rukundo-netait-pas-un-extremiste-temoin4863.html"]}]},{"@type":"BreadcrumbList","@id":"https:\/\/www.justiceinfo.net\/fr\/8063-120707-tpirrukundo-labbe-rukundo-netait-pas-un-extremiste-temoin4863.html#breadcrumb","itemListElement":[{"@type":"ListItem","position":1,"name":"Home","item":"https:\/\/www.justiceinfo.net\/fr"},{"@type":"ListItem","position":2,"name":"12.07.07 - TPIR\/RUKUNDO - L\u2019ABBE RUKUNDO N\u2019ETAIT PAS UN EXTREMISTE (TEMOIN)"}]},{"@type":"WebSite","@id":"https:\/\/www.justiceinfo.net\/fr#website","url":"https:\/\/www.justiceinfo.net\/fr","name":"JusticeInfo.net","description":"La justice doit \u00eatre vue pour \u00eatre rendue","publisher":{"@id":"https:\/\/www.justiceinfo.net\/fr#organization"},"potentialAction":[{"@type":"SearchAction","target":{"@type":"EntryPoint","urlTemplate":"https:\/\/www.justiceinfo.net\/fr?s={search_term_string}"},"query-input":{"@type":"PropertyValueSpecification","valueRequired":true,"valueName":"search_term_string"}}],"inLanguage":"fr-FR"},{"@type":"Organization","@id":"https:\/\/www.justiceinfo.net\/fr#organization","name":"Justice Info","url":"https:\/\/www.justiceinfo.net\/fr","logo":{"@type":"ImageObject","inLanguage":"fr-FR","@id":"https:\/\/www.justiceinfo.net\/fr#\/schema\/logo\/image\/","url":"https:\/\/www.justiceinfo.net\/wp-content\/uploads\/justiceinfo_logo-trans_1200x1200px.png","contentUrl":"https:\/\/www.justiceinfo.net\/wp-content\/uploads\/justiceinfo_logo-trans_1200x1200px.png","width":1199,"height":1200,"caption":"Justice Info"},"image":{"@id":"https:\/\/www.justiceinfo.net\/fr#\/schema\/logo\/image\/"},"sameAs":["https:\/\/www.facebook.com\/JusticeInfo\/","https:\/\/x.com\/justiceinfonet","https:\/\/www.linkedin.com\/company\/justice-info","https:\/\/www.youtube.com\/channel\/UCyCEsARodyuWtkWyhn-e7pA"]},{"@type":"Person","name":"solivri","url":"\/fr\/?s=solivri"}]}},"_links":{"self":[{"href":"https:\/\/www.justiceinfo.net\/fr\/wp-json\/wp\/v2\/posts\/8063","targetHints":{"allow":["GET"]}}],"collection":[{"href":"https:\/\/www.justiceinfo.net\/fr\/wp-json\/wp\/v2\/posts"}],"about":[{"href":"https:\/\/www.justiceinfo.net\/fr\/wp-json\/wp\/v2\/types\/post"}],"author":[{"embeddable":true,"href":"https:\/\/www.justiceinfo.net\/fr\/wp-json\/wp\/v2\/users\/64"}],"replies":[{"embeddable":true,"href":"https:\/\/www.justiceinfo.net\/fr\/wp-json\/wp\/v2\/comments?post=8063"}],"version-history":[{"count":0,"href":"https:\/\/www.justiceinfo.net\/fr\/wp-json\/wp\/v2\/posts\/8063\/revisions"}],"wp:attachment":[{"href":"https:\/\/www.justiceinfo.net\/fr\/wp-json\/wp\/v2\/media?parent=8063"}],"wp:term":[{"taxonomy":"category","embeddable":true,"href":"https:\/\/www.justiceinfo.net\/fr\/wp-json\/wp\/v2\/categories?post=8063"},{"taxonomy":"post_tag","embeddable":true,"href":"https:\/\/www.justiceinfo.net\/fr\/wp-json\/wp\/v2\/tags?post=8063"},{"taxonomy":"ji_location","embeddable":true,"href":"https:\/\/www.justiceinfo.net\/fr\/wp-json\/wp\/v2\/ji_location?post=8063"}],"curies":[{"name":"wp","href":"https:\/\/api.w.org\/{rel}","templated":true}]}}