{"id":8077,"date":"2007-07-20T00:00:00","date_gmt":"2007-07-19T22:00:00","guid":{"rendered":"https:\/\/www.justiceinfo.net\/8077-200707-rwandajustice-les-peines-accessoires-a-la-peine-de-mort-seront-maintenues4877.html"},"modified":"2007-07-20T00:00:00","modified_gmt":"2007-07-19T22:00:00","slug":"200707-rwandajustice-les-peines-accessoires-a-la-peine-de-mort-seront-maintenues4877","status":"publish","type":"post","link":"https:\/\/www.justiceinfo.net\/fr\/8077-200707-rwandajustice-les-peines-accessoires-a-la-peine-de-mort-seront-maintenues4877.html","title":{"rendered":"20.07.07 - RWANDA\/JUSTICE - LES PEINES ACCESSOIRES A LA PEINE DE MORT SERONT MAINTENUES"},"content":{"rendered":"<p>Kigali, 20 juillet 2007- L&rsquo;abolition tr&egrave;s attendue de la peine de mort au Rwanda n&rsquo;entra&icirc;nera pas la suppression des peines accessoires &agrave; celle-ci, selon un texte en instance de promulgation. <\/p>\n<p>&nbsp;<\/p>\n<p><!--more--><\/p>\n<p>Le code p&eacute;nal rwandais stipule que la peine de mort ainsi que la condamnation &agrave; la prison &agrave; vie &laquo; entra&icirc;nent de plein droit la d&eacute;gradation civique perp&eacute;tuelle et totale &raquo;. <\/p>\n<p>&nbsp;<\/p>\n<p>La d&eacute;gradation civique inclut notamment l&rsquo;exclusion de toutes fonctions, emplois et offices publics y compris au sein de la police et de l&rsquo;arm&eacute;e. <\/p>\n<p>&nbsp;<\/p>\n<p>Elle implique &eacute;galement la privation du droit de vote ou d&rsquo;&eacute;ligibilit&eacute; ou encore l&rsquo;incapacit&eacute; d&rsquo;&ecirc;tre expert, t&eacute;moin dans les actes et d&eacute;poser en justice autrement que pour donner des renseignements. <\/p>\n<p>&nbsp;<\/p>\n<p>La peine de mort sera remplac&eacute;e par la r&eacute;clusion criminelle &agrave; perp&eacute;tuit&eacute; dans tous les textes en vigueur au Rwanda d&egrave;s la promulgation du nouveau texte. <\/p>\n<p>&nbsp;<\/p>\n<p>Il est pr&eacute;vu par ailleurs que ne seront pas mis en cause le droit de l&#39;exercice de l&#39;action civile par la victime ni le paiement des dommages et int&eacute;r&ecirc;ts d&eacute;cid&eacute;s par les tribunaux. <\/p>\n<p>&nbsp;<\/p>\n<p>L&rsquo;article 6 de ce texte, qui en compte 11, pr&eacute;cise que les condamn&eacute;s &agrave; la prison &agrave; vie notamment pour g&eacute;nocide ou crime contre l&#39;humanit&eacute; ne pourront en aucun cas b&eacute;n&eacute;ficier de la lib&eacute;ration conditionnelle ou de la r&eacute;habilitation. <\/p>\n<p>&nbsp;<\/p>\n<p>Tombent &eacute;galement sous cette cat&eacute;gorie les condamn&eacute;s pour assassinat ou meurtre avec torture, terrorisme, trafic de drogue, viol des mineurs ou s&eacute;vices sexuelles ainsi que pour atteinte &agrave; la s&eacute;curit&eacute; de l&rsquo;Etat. <\/p>\n<p>&laquo; Le Rwanda s&#39;inscrit dans le nouvel ordre mondial o&ugrave; la peine de mort doit &ecirc;tre per&ccedil;ue comme une atteinte aux libert&eacute;s fondamentales de la personne humaine &raquo;, a comment&eacute; un s&eacute;nateur. <\/p>\n<p>&nbsp;<\/p>\n<p>&quot;M&ecirc;me si l&#39;application de la peine capitale n&#39;est pas une cause inhibitive des actes d&#39;homicides, il est &agrave; craindre que son abolition augmente le taux de criminalit&eacute; &raquo;, a pour sa part estim&eacute; Gatsimbazi, journaliste au p&eacute;riodique Umusingi. <\/p>\n<p>&nbsp;<\/p>\n<p>&quot;L&#39;abolition de la peine capitale est une bonne chose, mais si du moins cela &eacute;manait de la volont&eacute; des Rwandais et non des seuls politiciens ; ce serait un pas vers l&#39;unit&eacute; et la r&eacute;conciliation&quot;, a, de son c&ocirc;t&eacute;, d&eacute;clar&eacute; F&eacute;lix, un condamn&eacute; pour g&eacute;nocide qui s&rsquo;appr&ecirc;te &agrave; accomplir les travaux d&rsquo;int&eacute;r&ecirc;t g&eacute;n&eacute;ral, comme alternative &agrave; la peine d&rsquo;emprisonnement &agrave; temps. <\/p>\n<p>Autour de 600 personnes condamn&eacute;es &agrave; la peine capitale verront bient&ocirc;t leurs peines commu&eacute;es en prison &agrave; vie. <\/p>\n<p>&nbsp;<\/p>\n<p>SRE\/AT\/GF<\/p>\n<p>&nbsp;<\/p>\n<p>&copy; Agence Hirondelle <\/p>\n","protected":false},"excerpt":{"rendered":"<p>Kigali, 20 juillet 2007- L&rsquo;abolition tr&egrave;s attendue de la peine de mort au Rwanda n&rsquo;entra&icirc;nera pas la suppression des peines accessoires &agrave; celle-ci, selon un texte en instance de promulgation. &nbsp;<\/p>\n","protected":false},"author":64,"featured_media":0,"comment_status":"open","ping_status":"closed","sticky":false,"template":"","format":"standard","meta":{"_acf_changed":false,"footnotes":""},"categories":[554],"tags":[],"ji_location":[],"class_list":["post-8077","post","type-post","status-publish","format-standard","hentry","category-hirondellenews"],"acf":[],"yoast_head":"<!-- This site is optimized with the Yoast SEO Premium plugin v25.3.1 (Yoast SEO v25.3.1) - https:\/\/yoast.com\/wordpress\/plugins\/seo\/ -->\n<title>20.07.07 - RWANDA\/JUSTICE - LES PEINES ACCESSOIRES A LA PEINE DE MORT SERONT MAINTENUES - JusticeInfo.net<\/title>\n<meta name=\"robots\" content=\"index, follow, max-snippet:-1, max-image-preview:large, max-video-preview:-1\" \/>\n<link rel=\"canonical\" href=\"https:\/\/www.justiceinfo.net\/fr\/8077-200707-rwandajustice-les-peines-accessoires-a-la-peine-de-mort-seront-maintenues4877.html\" \/>\n<meta property=\"og:locale\" content=\"fr_FR\" \/>\n<meta property=\"og:type\" content=\"article\" \/>\n<meta property=\"og:title\" content=\"20.07.07 - RWANDA\/JUSTICE - LES PEINES ACCESSOIRES A LA PEINE DE MORT SERONT MAINTENUES\" \/>\n<meta property=\"og:description\" content=\"Kigali, 20 juillet 2007- L&rsquo;abolition tr&egrave;s attendue de la peine de mort au Rwanda n&rsquo;entra&icirc;nera pas la suppression des peines accessoires &agrave; celle-ci, selon un texte en instance de promulgation. &nbsp;\" \/>\n<meta property=\"og:url\" content=\"https:\/\/www.justiceinfo.net\/fr\/8077-200707-rwandajustice-les-peines-accessoires-a-la-peine-de-mort-seront-maintenues4877.html\" \/>\n<meta property=\"og:site_name\" content=\"JusticeInfo.net\" \/>\n<meta property=\"article:publisher\" content=\"https:\/\/www.facebook.com\/JusticeInfo\/\" \/>\n<meta property=\"article:published_time\" content=\"2007-07-19T22:00:00+00:00\" \/>\n<meta property=\"og:image\" content=\"https:\/\/www.justiceinfo.net\/wp-content\/uploads\/JusticeInfoNet_logo_1200x630px.jpg\" \/>\n\t<meta property=\"og:image:width\" content=\"1200\" \/>\n\t<meta property=\"og:image:height\" content=\"630\" \/>\n\t<meta property=\"og:image:type\" content=\"image\/jpeg\" \/>\n<meta name=\"author\" content=\"solivri\" \/>\n<meta name=\"twitter:card\" content=\"summary_large_image\" \/>\n<meta name=\"twitter:creator\" content=\"@justiceinfonet\" \/>\n<meta name=\"twitter:site\" content=\"@justiceinfonet\" \/>\n<meta name=\"twitter:label1\" content=\"\u00c9crit par\" \/>\n\t<meta name=\"twitter:data1\" content=\"solivri\" \/>\n\t<meta name=\"twitter:label2\" content=\"Dur\u00e9e de lecture estim\u00e9e\" \/>\n\t<meta name=\"twitter:data2\" content=\"3 minutes\" \/>\n<script type=\"application\/ld+json\" class=\"yoast-schema-graph\">{\"@context\":\"https:\/\/schema.org\",\"@graph\":[{\"@type\":\"NewsArticle\",\"@id\":\"https:\/\/www.justiceinfo.net\/fr\/8077-200707-rwandajustice-les-peines-accessoires-a-la-peine-de-mort-seront-maintenues4877.html#article\",\"isPartOf\":{\"@id\":\"https:\/\/www.justiceinfo.net\/fr\/8077-200707-rwandajustice-les-peines-accessoires-a-la-peine-de-mort-seront-maintenues4877.html\"},\"author\":{\"name\":\"solivri\",\"@id\":\"https:\/\/www.justiceinfo.net\/fr#\/schema\/person\/6e53cba1629e2e66f3fc1821d3091865\"},\"headline\":\"20.07.07 - RWANDA\/JUSTICE - LES PEINES ACCESSOIRES A LA PEINE DE MORT SERONT MAINTENUES\",\"datePublished\":\"2007-07-19T22:00:00+00:00\",\"mainEntityOfPage\":{\"@id\":\"https:\/\/www.justiceinfo.net\/fr\/8077-200707-rwandajustice-les-peines-accessoires-a-la-peine-de-mort-seront-maintenues4877.html\"},\"wordCount\":571,\"commentCount\":0,\"publisher\":{\"@id\":\"https:\/\/www.justiceinfo.net\/fr#organization\"},\"articleSection\":[\"Hirondelle News\"],\"inLanguage\":\"fr-FR\",\"potentialAction\":[{\"@type\":\"CommentAction\",\"name\":\"Comment\",\"target\":[\"https:\/\/www.justiceinfo.net\/fr\/8077-200707-rwandajustice-les-peines-accessoires-a-la-peine-de-mort-seront-maintenues4877.html#respond\"]}]},{\"@type\":\"WebPage\",\"@id\":\"https:\/\/www.justiceinfo.net\/fr\/8077-200707-rwandajustice-les-peines-accessoires-a-la-peine-de-mort-seront-maintenues4877.html\",\"url\":\"https:\/\/www.justiceinfo.net\/fr\/8077-200707-rwandajustice-les-peines-accessoires-a-la-peine-de-mort-seront-maintenues4877.html\",\"name\":\"20.07.07 - RWANDA\/JUSTICE - LES PEINES ACCESSOIRES A LA PEINE DE MORT SERONT MAINTENUES - JusticeInfo.net\",\"isPartOf\":{\"@id\":\"https:\/\/www.justiceinfo.net\/fr#website\"},\"datePublished\":\"2007-07-19T22:00:00+00:00\",\"breadcrumb\":{\"@id\":\"https:\/\/www.justiceinfo.net\/fr\/8077-200707-rwandajustice-les-peines-accessoires-a-la-peine-de-mort-seront-maintenues4877.html#breadcrumb\"},\"inLanguage\":\"fr-FR\",\"potentialAction\":[{\"@type\":\"ReadAction\",\"target\":[\"https:\/\/www.justiceinfo.net\/fr\/8077-200707-rwandajustice-les-peines-accessoires-a-la-peine-de-mort-seront-maintenues4877.html\"]}]},{\"@type\":\"BreadcrumbList\",\"@id\":\"https:\/\/www.justiceinfo.net\/fr\/8077-200707-rwandajustice-les-peines-accessoires-a-la-peine-de-mort-seront-maintenues4877.html#breadcrumb\",\"itemListElement\":[{\"@type\":\"ListItem\",\"position\":1,\"name\":\"Home\",\"item\":\"https:\/\/www.justiceinfo.net\/fr\"},{\"@type\":\"ListItem\",\"position\":2,\"name\":\"20.07.07 - RWANDA\/JUSTICE - LES PEINES ACCESSOIRES A LA PEINE DE MORT SERONT MAINTENUES\"}]},{\"@type\":\"WebSite\",\"@id\":\"https:\/\/www.justiceinfo.net\/fr#website\",\"url\":\"https:\/\/www.justiceinfo.net\/fr\",\"name\":\"JusticeInfo.net\",\"description\":\"La justice doit \u00eatre vue pour \u00eatre rendue\",\"publisher\":{\"@id\":\"https:\/\/www.justiceinfo.net\/fr#organization\"},\"potentialAction\":[{\"@type\":\"SearchAction\",\"target\":{\"@type\":\"EntryPoint\",\"urlTemplate\":\"https:\/\/www.justiceinfo.net\/fr?s={search_term_string}\"},\"query-input\":{\"@type\":\"PropertyValueSpecification\",\"valueRequired\":true,\"valueName\":\"search_term_string\"}}],\"inLanguage\":\"fr-FR\"},{\"@type\":\"Organization\",\"@id\":\"https:\/\/www.justiceinfo.net\/fr#organization\",\"name\":\"Justice Info\",\"url\":\"https:\/\/www.justiceinfo.net\/fr\",\"logo\":{\"@type\":\"ImageObject\",\"inLanguage\":\"fr-FR\",\"@id\":\"https:\/\/www.justiceinfo.net\/fr#\/schema\/logo\/image\/\",\"url\":\"https:\/\/www.justiceinfo.net\/wp-content\/uploads\/justiceinfo_logo-trans_1200x1200px.png\",\"contentUrl\":\"https:\/\/www.justiceinfo.net\/wp-content\/uploads\/justiceinfo_logo-trans_1200x1200px.png\",\"width\":1199,\"height\":1200,\"caption\":\"Justice Info\"},\"image\":{\"@id\":\"https:\/\/www.justiceinfo.net\/fr#\/schema\/logo\/image\/\"},\"sameAs\":[\"https:\/\/www.facebook.com\/JusticeInfo\/\",\"https:\/\/x.com\/justiceinfonet\",\"https:\/\/www.linkedin.com\/company\/justice-info\",\"https:\/\/www.youtube.com\/channel\/UCyCEsARodyuWtkWyhn-e7pA\"]},{\"@type\":\"Person\",\"name\":\"solivri\",\"url\":\"\/fr\/?s=solivri\"}]}<\/script>\n<!-- \/ Yoast SEO Premium plugin. -->","yoast_head_json":{"title":"20.07.07 - RWANDA\/JUSTICE - LES PEINES ACCESSOIRES A LA PEINE DE MORT SERONT MAINTENUES - JusticeInfo.net","robots":{"index":"index","follow":"follow","max-snippet":"max-snippet:-1","max-image-preview":"max-image-preview:large","max-video-preview":"max-video-preview:-1"},"canonical":"https:\/\/www.justiceinfo.net\/fr\/8077-200707-rwandajustice-les-peines-accessoires-a-la-peine-de-mort-seront-maintenues4877.html","og_locale":"fr_FR","og_type":"article","og_title":"20.07.07 - RWANDA\/JUSTICE - LES PEINES ACCESSOIRES A LA PEINE DE MORT SERONT MAINTENUES","og_description":"Kigali, 20 juillet 2007- L&rsquo;abolition tr&egrave;s attendue de la peine de mort au Rwanda n&rsquo;entra&icirc;nera pas la suppression des peines accessoires &agrave; celle-ci, selon un texte en instance de promulgation. &nbsp;","og_url":"https:\/\/www.justiceinfo.net\/fr\/8077-200707-rwandajustice-les-peines-accessoires-a-la-peine-de-mort-seront-maintenues4877.html","og_site_name":"JusticeInfo.net","article_publisher":"https:\/\/www.facebook.com\/JusticeInfo\/","article_published_time":"2007-07-19T22:00:00+00:00","og_image":[{"width":1200,"height":630,"url":"https:\/\/www.justiceinfo.net\/wp-content\/uploads\/JusticeInfoNet_logo_1200x630px.jpg","type":"image\/jpeg"}],"author":"solivri","twitter_card":"summary_large_image","twitter_creator":"@justiceinfonet","twitter_site":"@justiceinfonet","twitter_misc":{"\u00c9crit par":"solivri","Dur\u00e9e de lecture estim\u00e9e":"3 minutes"},"schema":{"@context":"https:\/\/schema.org","@graph":[{"@type":"NewsArticle","@id":"https:\/\/www.justiceinfo.net\/fr\/8077-200707-rwandajustice-les-peines-accessoires-a-la-peine-de-mort-seront-maintenues4877.html#article","isPartOf":{"@id":"https:\/\/www.justiceinfo.net\/fr\/8077-200707-rwandajustice-les-peines-accessoires-a-la-peine-de-mort-seront-maintenues4877.html"},"author":{"name":"solivri","@id":"https:\/\/www.justiceinfo.net\/fr#\/schema\/person\/6e53cba1629e2e66f3fc1821d3091865"},"headline":"20.07.07 - RWANDA\/JUSTICE - LES PEINES ACCESSOIRES A LA PEINE DE MORT SERONT MAINTENUES","datePublished":"2007-07-19T22:00:00+00:00","mainEntityOfPage":{"@id":"https:\/\/www.justiceinfo.net\/fr\/8077-200707-rwandajustice-les-peines-accessoires-a-la-peine-de-mort-seront-maintenues4877.html"},"wordCount":571,"commentCount":0,"publisher":{"@id":"https:\/\/www.justiceinfo.net\/fr#organization"},"articleSection":["Hirondelle News"],"inLanguage":"fr-FR","potentialAction":[{"@type":"CommentAction","name":"Comment","target":["https:\/\/www.justiceinfo.net\/fr\/8077-200707-rwandajustice-les-peines-accessoires-a-la-peine-de-mort-seront-maintenues4877.html#respond"]}]},{"@type":"WebPage","@id":"https:\/\/www.justiceinfo.net\/fr\/8077-200707-rwandajustice-les-peines-accessoires-a-la-peine-de-mort-seront-maintenues4877.html","url":"https:\/\/www.justiceinfo.net\/fr\/8077-200707-rwandajustice-les-peines-accessoires-a-la-peine-de-mort-seront-maintenues4877.html","name":"20.07.07 - RWANDA\/JUSTICE - LES PEINES ACCESSOIRES A LA PEINE DE MORT SERONT MAINTENUES - JusticeInfo.net","isPartOf":{"@id":"https:\/\/www.justiceinfo.net\/fr#website"},"datePublished":"2007-07-19T22:00:00+00:00","breadcrumb":{"@id":"https:\/\/www.justiceinfo.net\/fr\/8077-200707-rwandajustice-les-peines-accessoires-a-la-peine-de-mort-seront-maintenues4877.html#breadcrumb"},"inLanguage":"fr-FR","potentialAction":[{"@type":"ReadAction","target":["https:\/\/www.justiceinfo.net\/fr\/8077-200707-rwandajustice-les-peines-accessoires-a-la-peine-de-mort-seront-maintenues4877.html"]}]},{"@type":"BreadcrumbList","@id":"https:\/\/www.justiceinfo.net\/fr\/8077-200707-rwandajustice-les-peines-accessoires-a-la-peine-de-mort-seront-maintenues4877.html#breadcrumb","itemListElement":[{"@type":"ListItem","position":1,"name":"Home","item":"https:\/\/www.justiceinfo.net\/fr"},{"@type":"ListItem","position":2,"name":"20.07.07 - RWANDA\/JUSTICE - LES PEINES ACCESSOIRES A LA PEINE DE MORT SERONT MAINTENUES"}]},{"@type":"WebSite","@id":"https:\/\/www.justiceinfo.net\/fr#website","url":"https:\/\/www.justiceinfo.net\/fr","name":"JusticeInfo.net","description":"La justice doit \u00eatre vue pour \u00eatre rendue","publisher":{"@id":"https:\/\/www.justiceinfo.net\/fr#organization"},"potentialAction":[{"@type":"SearchAction","target":{"@type":"EntryPoint","urlTemplate":"https:\/\/www.justiceinfo.net\/fr?s={search_term_string}"},"query-input":{"@type":"PropertyValueSpecification","valueRequired":true,"valueName":"search_term_string"}}],"inLanguage":"fr-FR"},{"@type":"Organization","@id":"https:\/\/www.justiceinfo.net\/fr#organization","name":"Justice Info","url":"https:\/\/www.justiceinfo.net\/fr","logo":{"@type":"ImageObject","inLanguage":"fr-FR","@id":"https:\/\/www.justiceinfo.net\/fr#\/schema\/logo\/image\/","url":"https:\/\/www.justiceinfo.net\/wp-content\/uploads\/justiceinfo_logo-trans_1200x1200px.png","contentUrl":"https:\/\/www.justiceinfo.net\/wp-content\/uploads\/justiceinfo_logo-trans_1200x1200px.png","width":1199,"height":1200,"caption":"Justice Info"},"image":{"@id":"https:\/\/www.justiceinfo.net\/fr#\/schema\/logo\/image\/"},"sameAs":["https:\/\/www.facebook.com\/JusticeInfo\/","https:\/\/x.com\/justiceinfonet","https:\/\/www.linkedin.com\/company\/justice-info","https:\/\/www.youtube.com\/channel\/UCyCEsARodyuWtkWyhn-e7pA"]},{"@type":"Person","name":"solivri","url":"\/fr\/?s=solivri"}]}},"_links":{"self":[{"href":"https:\/\/www.justiceinfo.net\/fr\/wp-json\/wp\/v2\/posts\/8077","targetHints":{"allow":["GET"]}}],"collection":[{"href":"https:\/\/www.justiceinfo.net\/fr\/wp-json\/wp\/v2\/posts"}],"about":[{"href":"https:\/\/www.justiceinfo.net\/fr\/wp-json\/wp\/v2\/types\/post"}],"author":[{"embeddable":true,"href":"https:\/\/www.justiceinfo.net\/fr\/wp-json\/wp\/v2\/users\/64"}],"replies":[{"embeddable":true,"href":"https:\/\/www.justiceinfo.net\/fr\/wp-json\/wp\/v2\/comments?post=8077"}],"version-history":[{"count":0,"href":"https:\/\/www.justiceinfo.net\/fr\/wp-json\/wp\/v2\/posts\/8077\/revisions"}],"wp:attachment":[{"href":"https:\/\/www.justiceinfo.net\/fr\/wp-json\/wp\/v2\/media?parent=8077"}],"wp:term":[{"taxonomy":"category","embeddable":true,"href":"https:\/\/www.justiceinfo.net\/fr\/wp-json\/wp\/v2\/categories?post=8077"},{"taxonomy":"post_tag","embeddable":true,"href":"https:\/\/www.justiceinfo.net\/fr\/wp-json\/wp\/v2\/tags?post=8077"},{"taxonomy":"ji_location","embeddable":true,"href":"https:\/\/www.justiceinfo.net\/fr\/wp-json\/wp\/v2\/ji_location?post=8077"}],"curies":[{"name":"wp","href":"https:\/\/api.w.org\/{rel}","templated":true}]}}