{"id":8110,"date":"2007-07-31T00:00:00","date_gmt":"2007-07-30T22:00:00","guid":{"rendered":"https:\/\/www.justiceinfo.net\/8110-kigali-demande-a-paris-dextrader-des-suspects-de-genocide4910.html"},"modified":"2007-07-31T00:00:00","modified_gmt":"2007-07-30T22:00:00","slug":"kigali-demande-a-paris-dextrader-des-suspects-de-genocide4910","status":"publish","type":"post","link":"https:\/\/www.justiceinfo.net\/fr\/8110-kigali-demande-a-paris-dextrader-des-suspects-de-genocide4910.html","title":{"rendered":"KIGALI DEMANDE A PARIS D\u2019EXTRADER DES SUSPECTS DE GENOCIDE"},"content":{"rendered":"<p>&nbsp;Arusha, 31 juillet 2007 (FH - RWANDA\/FRANCE) - Kigali demande &agrave; Paris d&rsquo;extrader des suspects de g&eacute;nocide qui r&eacute;sideraient dans l&rsquo;Hexagone, a d&eacute;clar&eacute; mardi &agrave; l&rsquo;AFP la secr&eacute;taire d&rsquo;Etat rwandaise &agrave; la coop&eacute;ration r&eacute;gionale, Rosemary Museminari.<br \/>\n<!--more-->La responsable rwandaise a notamment pos&eacute; comme pr&eacute;alable au r&eacute;tablissement des relations diplomatiques entre les deux pays rompues en novembre 2006 &quot;l&#39;extradition vers le Rwanda&quot; des pr&eacute;sum&eacute;s g&eacute;nocidaires exil&eacute;s en France. Elle a par ailleurs exig&eacute; &laquo; d&rsquo;abord que toutes les questions &agrave; l&#39;origine de la rupture soient pr&eacute;alablement r&eacute;solues&raquo;. Kigali a rompu unilat&eacute;ralement ses relations avec Paris &agrave; la suite de mandats d&#39;arr&ecirc;t &eacute;mis contre neuf personnalit&eacute;s proches du pr&eacute;sident Paul Kagame dans l&#39;enqu&ecirc;te fran&ccedil;aise sur l&#39;attentat, le 6 avril 1994, contre le chef de l&#39;Etat rwandais de l&#39;&eacute;poque, Juv&eacute;nal Habyarimana. Cet assassinat avait d&eacute;clench&eacute; le g&eacute;nocide qui a fait, selon Kigali, un million de morts essentiellement des membres de la minorit&eacute; tutsie. Le gouvernement qui s&rsquo;est install&eacute; &agrave; Kigali en juillet 1994 a toujours accus&eacute; Paris d&rsquo;avoir soutenu militairement et politiquement les responsables du g&eacute;nocide. La France rejette ses all&eacute;gations. Le ministre des affaires &eacute;trang&egrave;res, Bernard Kouchner, se rendra &agrave; Kigali prochainement sur invitation des autorit&eacute;s rwandaises, a d&eacute;clar&eacute; Rosemary Museminari cit&eacute;e par l&rsquo;AFP. Il devrait discuter avec ses interlocuteurs rwandais de toutes les questions, y compris celles qui f&acirc;chent, selon une source fran&ccedil;aise qui a requis l&rsquo;anonymat. L&rsquo;Organisation de d&eacute;fense des droits de l&rsquo;homme bas&eacute;e &agrave; Londres, African Rights, a publi&eacute; le 24 juillet dernier, une liste de Rwandais suspect&eacute;s de g&eacute;nocide par leur gouvernement qui vivraient en France. Cette liste a &eacute;t&eacute; publi&eacute;e au lendemain de l&rsquo;arrestation par Paris, &agrave; la demande du Tribunal p&eacute;nal international pour le Rwanda (TPIR), de l&rsquo;ancien pr&eacute;fet Laurent Bucyibaruta et de l&rsquo;abb&eacute; Wenceslas Munyeshyaka. La liste d&rsquo;African Rights mentionne notamment Dominique Ntawurikuriryayo, ancien sous-pr&eacute;fet de Gisagara (sud), d&eacute;j&agrave; mis en accusation par le TPIR. L&rsquo;organisation cite par ailleurs le Dr Sosth&egrave;ne Munyemana, ancien m&eacute;decin &agrave; l&rsquo;h&ocirc;pital universitaire de Butare (sud) ainsi que Fran&ccedil;ois Ndayisenga, ancien professeur &agrave; l&rsquo;universit&eacute; &agrave; Butare. African Rights appelle les autorit&eacute;s fran&ccedil;aises &agrave; les traduire devant la justice. La France a d&eacute;j&agrave; remis deux personnes au TPIR, l&rsquo;ancien ministre de l&rsquo;enseignement sup&eacute;rieur et de la recherche scientifique, Jean de Dieu Kamuhanda, ainsi que l&rsquo;ancien commandant du bataillon de reconnaissance, une unit&eacute; d&rsquo;&eacute;lite de l&rsquo;ancienne arm&eacute;e rwandaise, le major Fran&ccedil;ois-Xavier Nzuwonemeye. AT\/GF &copy; Agence Hirondelle<\/p>\n","protected":false},"excerpt":{"rendered":"<p>&nbsp;Arusha, 31 juillet 2007 (FH - RWANDA\/FRANCE) - Kigali demande &agrave; Paris d&rsquo;extrader des suspects de g&eacute;nocide qui r&eacute;sideraient dans l&rsquo;Hexagone, a d&eacute;clar&eacute; mardi &agrave; l&rsquo;AFP la secr&eacute;taire d&rsquo;Etat rwandaise &agrave; la coop&eacute;ration r&eacute;gionale, Rosemary Museminari.<\/p>\n","protected":false},"author":64,"featured_media":0,"comment_status":"open","ping_status":"closed","sticky":false,"template":"","format":"standard","meta":{"_acf_changed":false,"footnotes":""},"categories":[554],"tags":[],"ji_location":[],"class_list":["post-8110","post","type-post","status-publish","format-standard","hentry","category-hirondellenews"],"acf":[],"yoast_head":"<!-- This site is optimized with the Yoast SEO Premium plugin v25.3.1 (Yoast SEO v25.3.1) - https:\/\/yoast.com\/wordpress\/plugins\/seo\/ -->\n<title>KIGALI DEMANDE A PARIS D\u2019EXTRADER DES SUSPECTS DE GENOCIDE - JusticeInfo.net<\/title>\n<meta name=\"robots\" content=\"index, follow, max-snippet:-1, max-image-preview:large, max-video-preview:-1\" \/>\n<link rel=\"canonical\" href=\"https:\/\/www.justiceinfo.net\/fr\/8110-kigali-demande-a-paris-dextrader-des-suspects-de-genocide4910.html\" \/>\n<meta property=\"og:locale\" content=\"fr_FR\" \/>\n<meta property=\"og:type\" content=\"article\" \/>\n<meta property=\"og:title\" content=\"KIGALI DEMANDE A PARIS D\u2019EXTRADER DES SUSPECTS DE GENOCIDE\" \/>\n<meta property=\"og:description\" content=\"&nbsp;Arusha, 31 juillet 2007 (FH - RWANDA\/FRANCE) - Kigali demande &agrave; Paris d&rsquo;extrader des suspects de g&eacute;nocide qui r&eacute;sideraient dans l&rsquo;Hexagone, a d&eacute;clar&eacute; mardi &agrave; l&rsquo;AFP la secr&eacute;taire d&rsquo;Etat rwandaise &agrave; la coop&eacute;ration r&eacute;gionale, Rosemary Museminari.\" \/>\n<meta property=\"og:url\" content=\"https:\/\/www.justiceinfo.net\/fr\/8110-kigali-demande-a-paris-dextrader-des-suspects-de-genocide4910.html\" \/>\n<meta property=\"og:site_name\" content=\"JusticeInfo.net\" \/>\n<meta property=\"article:publisher\" content=\"https:\/\/www.facebook.com\/JusticeInfo\/\" \/>\n<meta property=\"article:published_time\" content=\"2007-07-30T22:00:00+00:00\" \/>\n<meta property=\"og:image\" content=\"https:\/\/www.justiceinfo.net\/wp-content\/uploads\/JusticeInfoNet_logo_1200x630px.jpg\" \/>\n\t<meta property=\"og:image:width\" content=\"1200\" \/>\n\t<meta property=\"og:image:height\" content=\"630\" \/>\n\t<meta property=\"og:image:type\" content=\"image\/jpeg\" \/>\n<meta name=\"author\" content=\"solivri\" \/>\n<meta name=\"twitter:card\" content=\"summary_large_image\" \/>\n<meta name=\"twitter:creator\" content=\"@justiceinfonet\" \/>\n<meta name=\"twitter:site\" content=\"@justiceinfonet\" \/>\n<meta name=\"twitter:label1\" content=\"\u00c9crit par\" \/>\n\t<meta name=\"twitter:data1\" content=\"solivri\" \/>\n\t<meta name=\"twitter:label2\" content=\"Dur\u00e9e de lecture estim\u00e9e\" \/>\n\t<meta name=\"twitter:data2\" content=\"3 minutes\" \/>\n<script type=\"application\/ld+json\" class=\"yoast-schema-graph\">{\"@context\":\"https:\/\/schema.org\",\"@graph\":[{\"@type\":\"NewsArticle\",\"@id\":\"https:\/\/www.justiceinfo.net\/fr\/8110-kigali-demande-a-paris-dextrader-des-suspects-de-genocide4910.html#article\",\"isPartOf\":{\"@id\":\"https:\/\/www.justiceinfo.net\/fr\/8110-kigali-demande-a-paris-dextrader-des-suspects-de-genocide4910.html\"},\"author\":{\"name\":\"solivri\",\"@id\":\"https:\/\/www.justiceinfo.net\/fr#\/schema\/person\/6e53cba1629e2e66f3fc1821d3091865\"},\"headline\":\"KIGALI DEMANDE A PARIS D\u2019EXTRADER DES SUSPECTS DE GENOCIDE\",\"datePublished\":\"2007-07-30T22:00:00+00:00\",\"mainEntityOfPage\":{\"@id\":\"https:\/\/www.justiceinfo.net\/fr\/8110-kigali-demande-a-paris-dextrader-des-suspects-de-genocide4910.html\"},\"wordCount\":576,\"commentCount\":0,\"publisher\":{\"@id\":\"https:\/\/www.justiceinfo.net\/fr#organization\"},\"articleSection\":[\"Hirondelle News\"],\"inLanguage\":\"fr-FR\",\"potentialAction\":[{\"@type\":\"CommentAction\",\"name\":\"Comment\",\"target\":[\"https:\/\/www.justiceinfo.net\/fr\/8110-kigali-demande-a-paris-dextrader-des-suspects-de-genocide4910.html#respond\"]}]},{\"@type\":\"WebPage\",\"@id\":\"https:\/\/www.justiceinfo.net\/fr\/8110-kigali-demande-a-paris-dextrader-des-suspects-de-genocide4910.html\",\"url\":\"https:\/\/www.justiceinfo.net\/fr\/8110-kigali-demande-a-paris-dextrader-des-suspects-de-genocide4910.html\",\"name\":\"KIGALI DEMANDE A PARIS D\u2019EXTRADER DES SUSPECTS DE GENOCIDE - JusticeInfo.net\",\"isPartOf\":{\"@id\":\"https:\/\/www.justiceinfo.net\/fr#website\"},\"datePublished\":\"2007-07-30T22:00:00+00:00\",\"breadcrumb\":{\"@id\":\"https:\/\/www.justiceinfo.net\/fr\/8110-kigali-demande-a-paris-dextrader-des-suspects-de-genocide4910.html#breadcrumb\"},\"inLanguage\":\"fr-FR\",\"potentialAction\":[{\"@type\":\"ReadAction\",\"target\":[\"https:\/\/www.justiceinfo.net\/fr\/8110-kigali-demande-a-paris-dextrader-des-suspects-de-genocide4910.html\"]}]},{\"@type\":\"BreadcrumbList\",\"@id\":\"https:\/\/www.justiceinfo.net\/fr\/8110-kigali-demande-a-paris-dextrader-des-suspects-de-genocide4910.html#breadcrumb\",\"itemListElement\":[{\"@type\":\"ListItem\",\"position\":1,\"name\":\"Home\",\"item\":\"https:\/\/www.justiceinfo.net\/fr\"},{\"@type\":\"ListItem\",\"position\":2,\"name\":\"KIGALI DEMANDE A PARIS D\u2019EXTRADER DES SUSPECTS DE GENOCIDE\"}]},{\"@type\":\"WebSite\",\"@id\":\"https:\/\/www.justiceinfo.net\/fr#website\",\"url\":\"https:\/\/www.justiceinfo.net\/fr\",\"name\":\"JusticeInfo.net\",\"description\":\"La justice doit \u00eatre vue pour \u00eatre rendue\",\"publisher\":{\"@id\":\"https:\/\/www.justiceinfo.net\/fr#organization\"},\"potentialAction\":[{\"@type\":\"SearchAction\",\"target\":{\"@type\":\"EntryPoint\",\"urlTemplate\":\"https:\/\/www.justiceinfo.net\/fr?s={search_term_string}\"},\"query-input\":{\"@type\":\"PropertyValueSpecification\",\"valueRequired\":true,\"valueName\":\"search_term_string\"}}],\"inLanguage\":\"fr-FR\"},{\"@type\":\"Organization\",\"@id\":\"https:\/\/www.justiceinfo.net\/fr#organization\",\"name\":\"Justice Info\",\"url\":\"https:\/\/www.justiceinfo.net\/fr\",\"logo\":{\"@type\":\"ImageObject\",\"inLanguage\":\"fr-FR\",\"@id\":\"https:\/\/www.justiceinfo.net\/fr#\/schema\/logo\/image\/\",\"url\":\"https:\/\/www.justiceinfo.net\/wp-content\/uploads\/justiceinfo_logo-trans_1200x1200px.png\",\"contentUrl\":\"https:\/\/www.justiceinfo.net\/wp-content\/uploads\/justiceinfo_logo-trans_1200x1200px.png\",\"width\":1199,\"height\":1200,\"caption\":\"Justice Info\"},\"image\":{\"@id\":\"https:\/\/www.justiceinfo.net\/fr#\/schema\/logo\/image\/\"},\"sameAs\":[\"https:\/\/www.facebook.com\/JusticeInfo\/\",\"https:\/\/x.com\/justiceinfonet\",\"https:\/\/www.linkedin.com\/company\/justice-info\",\"https:\/\/www.youtube.com\/channel\/UCyCEsARodyuWtkWyhn-e7pA\"]},{\"@type\":\"Person\",\"name\":\"solivri\",\"url\":\"\/fr\/?s=solivri\"}]}<\/script>\n<!-- \/ Yoast SEO Premium plugin. -->","yoast_head_json":{"title":"KIGALI DEMANDE A PARIS D\u2019EXTRADER DES SUSPECTS DE GENOCIDE - JusticeInfo.net","robots":{"index":"index","follow":"follow","max-snippet":"max-snippet:-1","max-image-preview":"max-image-preview:large","max-video-preview":"max-video-preview:-1"},"canonical":"https:\/\/www.justiceinfo.net\/fr\/8110-kigali-demande-a-paris-dextrader-des-suspects-de-genocide4910.html","og_locale":"fr_FR","og_type":"article","og_title":"KIGALI DEMANDE A PARIS D\u2019EXTRADER DES SUSPECTS DE GENOCIDE","og_description":"&nbsp;Arusha, 31 juillet 2007 (FH - RWANDA\/FRANCE) - Kigali demande &agrave; Paris d&rsquo;extrader des suspects de g&eacute;nocide qui r&eacute;sideraient dans l&rsquo;Hexagone, a d&eacute;clar&eacute; mardi &agrave; l&rsquo;AFP la secr&eacute;taire d&rsquo;Etat rwandaise &agrave; la coop&eacute;ration r&eacute;gionale, Rosemary Museminari.","og_url":"https:\/\/www.justiceinfo.net\/fr\/8110-kigali-demande-a-paris-dextrader-des-suspects-de-genocide4910.html","og_site_name":"JusticeInfo.net","article_publisher":"https:\/\/www.facebook.com\/JusticeInfo\/","article_published_time":"2007-07-30T22:00:00+00:00","og_image":[{"width":1200,"height":630,"url":"https:\/\/www.justiceinfo.net\/wp-content\/uploads\/JusticeInfoNet_logo_1200x630px.jpg","type":"image\/jpeg"}],"author":"solivri","twitter_card":"summary_large_image","twitter_creator":"@justiceinfonet","twitter_site":"@justiceinfonet","twitter_misc":{"\u00c9crit par":"solivri","Dur\u00e9e de lecture estim\u00e9e":"3 minutes"},"schema":{"@context":"https:\/\/schema.org","@graph":[{"@type":"NewsArticle","@id":"https:\/\/www.justiceinfo.net\/fr\/8110-kigali-demande-a-paris-dextrader-des-suspects-de-genocide4910.html#article","isPartOf":{"@id":"https:\/\/www.justiceinfo.net\/fr\/8110-kigali-demande-a-paris-dextrader-des-suspects-de-genocide4910.html"},"author":{"name":"solivri","@id":"https:\/\/www.justiceinfo.net\/fr#\/schema\/person\/6e53cba1629e2e66f3fc1821d3091865"},"headline":"KIGALI DEMANDE A PARIS D\u2019EXTRADER DES SUSPECTS DE GENOCIDE","datePublished":"2007-07-30T22:00:00+00:00","mainEntityOfPage":{"@id":"https:\/\/www.justiceinfo.net\/fr\/8110-kigali-demande-a-paris-dextrader-des-suspects-de-genocide4910.html"},"wordCount":576,"commentCount":0,"publisher":{"@id":"https:\/\/www.justiceinfo.net\/fr#organization"},"articleSection":["Hirondelle News"],"inLanguage":"fr-FR","potentialAction":[{"@type":"CommentAction","name":"Comment","target":["https:\/\/www.justiceinfo.net\/fr\/8110-kigali-demande-a-paris-dextrader-des-suspects-de-genocide4910.html#respond"]}]},{"@type":"WebPage","@id":"https:\/\/www.justiceinfo.net\/fr\/8110-kigali-demande-a-paris-dextrader-des-suspects-de-genocide4910.html","url":"https:\/\/www.justiceinfo.net\/fr\/8110-kigali-demande-a-paris-dextrader-des-suspects-de-genocide4910.html","name":"KIGALI DEMANDE A PARIS D\u2019EXTRADER DES SUSPECTS DE GENOCIDE - JusticeInfo.net","isPartOf":{"@id":"https:\/\/www.justiceinfo.net\/fr#website"},"datePublished":"2007-07-30T22:00:00+00:00","breadcrumb":{"@id":"https:\/\/www.justiceinfo.net\/fr\/8110-kigali-demande-a-paris-dextrader-des-suspects-de-genocide4910.html#breadcrumb"},"inLanguage":"fr-FR","potentialAction":[{"@type":"ReadAction","target":["https:\/\/www.justiceinfo.net\/fr\/8110-kigali-demande-a-paris-dextrader-des-suspects-de-genocide4910.html"]}]},{"@type":"BreadcrumbList","@id":"https:\/\/www.justiceinfo.net\/fr\/8110-kigali-demande-a-paris-dextrader-des-suspects-de-genocide4910.html#breadcrumb","itemListElement":[{"@type":"ListItem","position":1,"name":"Home","item":"https:\/\/www.justiceinfo.net\/fr"},{"@type":"ListItem","position":2,"name":"KIGALI DEMANDE A PARIS D\u2019EXTRADER DES SUSPECTS DE GENOCIDE"}]},{"@type":"WebSite","@id":"https:\/\/www.justiceinfo.net\/fr#website","url":"https:\/\/www.justiceinfo.net\/fr","name":"JusticeInfo.net","description":"La justice doit \u00eatre vue pour \u00eatre rendue","publisher":{"@id":"https:\/\/www.justiceinfo.net\/fr#organization"},"potentialAction":[{"@type":"SearchAction","target":{"@type":"EntryPoint","urlTemplate":"https:\/\/www.justiceinfo.net\/fr?s={search_term_string}"},"query-input":{"@type":"PropertyValueSpecification","valueRequired":true,"valueName":"search_term_string"}}],"inLanguage":"fr-FR"},{"@type":"Organization","@id":"https:\/\/www.justiceinfo.net\/fr#organization","name":"Justice Info","url":"https:\/\/www.justiceinfo.net\/fr","logo":{"@type":"ImageObject","inLanguage":"fr-FR","@id":"https:\/\/www.justiceinfo.net\/fr#\/schema\/logo\/image\/","url":"https:\/\/www.justiceinfo.net\/wp-content\/uploads\/justiceinfo_logo-trans_1200x1200px.png","contentUrl":"https:\/\/www.justiceinfo.net\/wp-content\/uploads\/justiceinfo_logo-trans_1200x1200px.png","width":1199,"height":1200,"caption":"Justice Info"},"image":{"@id":"https:\/\/www.justiceinfo.net\/fr#\/schema\/logo\/image\/"},"sameAs":["https:\/\/www.facebook.com\/JusticeInfo\/","https:\/\/x.com\/justiceinfonet","https:\/\/www.linkedin.com\/company\/justice-info","https:\/\/www.youtube.com\/channel\/UCyCEsARodyuWtkWyhn-e7pA"]},{"@type":"Person","name":"solivri","url":"\/fr\/?s=solivri"}]}},"_links":{"self":[{"href":"https:\/\/www.justiceinfo.net\/fr\/wp-json\/wp\/v2\/posts\/8110","targetHints":{"allow":["GET"]}}],"collection":[{"href":"https:\/\/www.justiceinfo.net\/fr\/wp-json\/wp\/v2\/posts"}],"about":[{"href":"https:\/\/www.justiceinfo.net\/fr\/wp-json\/wp\/v2\/types\/post"}],"author":[{"embeddable":true,"href":"https:\/\/www.justiceinfo.net\/fr\/wp-json\/wp\/v2\/users\/64"}],"replies":[{"embeddable":true,"href":"https:\/\/www.justiceinfo.net\/fr\/wp-json\/wp\/v2\/comments?post=8110"}],"version-history":[{"count":0,"href":"https:\/\/www.justiceinfo.net\/fr\/wp-json\/wp\/v2\/posts\/8110\/revisions"}],"wp:attachment":[{"href":"https:\/\/www.justiceinfo.net\/fr\/wp-json\/wp\/v2\/media?parent=8110"}],"wp:term":[{"taxonomy":"category","embeddable":true,"href":"https:\/\/www.justiceinfo.net\/fr\/wp-json\/wp\/v2\/categories?post=8110"},{"taxonomy":"post_tag","embeddable":true,"href":"https:\/\/www.justiceinfo.net\/fr\/wp-json\/wp\/v2\/tags?post=8110"},{"taxonomy":"ji_location","embeddable":true,"href":"https:\/\/www.justiceinfo.net\/fr\/wp-json\/wp\/v2\/ji_location?post=8110"}],"curies":[{"name":"wp","href":"https:\/\/api.w.org\/{rel}","templated":true}]}}