{"id":8134,"date":"2007-08-09T00:00:00","date_gmt":"2007-08-08T22:00:00","guid":{"rendered":"https:\/\/www.justiceinfo.net\/8134-090807-rwandajustice-verdict-samedi-en-appel-pour-un-celebre-activiste-des-droits-de-lhomme4934.html"},"modified":"2007-08-09T00:00:00","modified_gmt":"2007-08-08T22:00:00","slug":"090807-rwandajustice-verdict-samedi-en-appel-pour-un-celebre-activiste-des-droits-de-lhomme4934","status":"publish","type":"post","link":"https:\/\/www.justiceinfo.net\/fr\/8134-090807-rwandajustice-verdict-samedi-en-appel-pour-un-celebre-activiste-des-droits-de-lhomme4934.html","title":{"rendered":"09.08.07 - RWANDA\/JUSTICE - VERDICT SAMEDI EN APPEL POUR UN CELEBRE ACTIVISTE DES DROITS DE L\u2019HOMME"},"content":{"rendered":"<p>Arusha, 9 ao&ucirc;t 2007 (FH) - Un c&eacute;l&egrave;bre activiste rwandais des droits de l&rsquo;homme, Fran&ccedil;ois-Xavier Byuma, condamn&eacute; &agrave; 19 ans de prison pour participation au g&eacute;nocide de 1994, entendra samedi son verdict en appel, apprend-on jeudi de source associative locale.<br \/>\n<!--more--><\/p>\n<p>Le militant des droits de l&rsquo;homme a d&eacute;j&agrave; comparu trois fois devant la juridiction semi- traditionnelle gacaca d&rsquo;appel du secteur Biryogo, dans la ville de Kigali. A l&rsquo;issue de la derni&egrave;re audience, le 4 ao&ucirc;t, la chambre a fix&eacute; &agrave; samedi prochain la cl&ocirc;ture des auditions et le jugement en appel, selon la Ligue rwandaise pour la protection et la d&eacute;fense des droits de l&rsquo;homme (LIPRODHOR), une organisation dont Byuma est membre. Le 4 ao&ucirc;t, six t&eacute;moins &agrave; d&eacute;charge ont unanimement d&eacute;clar&eacute; que l&rsquo;appelant n&rsquo;avait jou&eacute; aucun r&ocirc;le dans les attaques ni dans les tueries perp&eacute;tr&eacute;es dans le secteur de Biryogo d&rsquo;avril &agrave; juillet 1994. Les juges ont par ailleurs re&ccedil;u le t&eacute;moignage &eacute;crit de Pascal Mutuyeyezu, l&rsquo;ancien chauffeur de l&rsquo;ex-conseiller de secteur Biryogo pendant le g&eacute;nocide, Amri Karekezi. Le texte de Mutuyeyezu r&eacute;fute toutes les accusations port&eacute;es contre Byuma par une rescap&eacute;e d&eacute;nomm&eacute;e Batamuliza, all&eacute;gations &agrave; l&rsquo;origine de la condamnation en premi&egrave;re instance. Le chauffeur d&eacute;clare que Byuma n&rsquo;a jamais conduit la femme au bureau de secteur, ni t&eacute;l&eacute;phon&eacute; &agrave; Amri Karekezi depuis cette structure administrative pour lui demander s&rsquo;il connaissait Batamuliza. Mutuyeyezu qui soutient, dans sa lettre, qu&rsquo;il conduisait le conseiller &agrave; temps plein, affirme que les cl&eacute;s du bureau de secteur &eacute;taient gard&eacute;es par Karekezi et que Byuma n&rsquo;aurait donc pas pu acc&eacute;der au t&eacute;l&eacute;phone du bureau.&nbsp;&nbsp;<\/p>\n<p>Les juges d&rsquo;appel ont d&eacute;cid&eacute; d&rsquo;entendre Mutuyeyezu samedi prochain avant de statuer le jour m&ecirc;me. Un nouveau t&eacute;moin &agrave; charge qui n&rsquo;avait pas d&eacute;pos&eacute; en premi&egrave;re instance sera &eacute;galement entendu. Byuma avait &eacute;t&eacute; condamn&eacute; au premier degr&eacute; &agrave; 19 ans d&rsquo;emprisonnement le 27 mai dernier apr&egrave;s avoir &eacute;t&eacute; reconnu coupable, entre autres, d&rsquo;avoir inflig&eacute; des coups &agrave; Batamuliza et de l&rsquo;avoir enlev&eacute;e avec l&rsquo;intention de la tuer. Ce jugement avait &eacute;t&eacute; critiqu&eacute; par des associations locales et internationales des droits de l&rsquo;homme.&nbsp;&nbsp;<\/p>\n<p>Selon ces organisations, un diff&eacute;rend opposerait en effet le d&eacute;fenseur des droits de l&rsquo;homme au pr&eacute;sident de la juridiction gacaca de premi&egrave;re instance de Biryogo, Sudi Imanzi, que Byuma a accus&eacute;, dans un rapport, d&rsquo;avoir viol&eacute; une fille. Inspir&eacute;es de la tradition rwandaise, les juridictions gacacas (prononcer gatchatcha), anim&eacute;es par des juges non professionnels, d&eacute;sign&eacute;s sur la base du seul crit&egrave;re de l&rsquo;int&eacute;grit&eacute; morale, sont charg&eacute;es de juger la plupart des responsables pr&eacute;sum&eacute;s du g&eacute;nocide de 1994. ER\/AT\/GF &copy; Agence Hirondelle<\/p>\n","protected":false},"excerpt":{"rendered":"<p>Arusha, 9 ao&ucirc;t 2007 (FH) - Un c&eacute;l&egrave;bre activiste rwandais des droits de l&rsquo;homme, Fran&ccedil;ois-Xavier Byuma, condamn&eacute; &agrave; 19 ans de prison pour participation au g&eacute;nocide de 1994, entendra samedi son verdict en appel, apprend-on jeudi de source associative locale.<\/p>\n","protected":false},"author":64,"featured_media":0,"comment_status":"open","ping_status":"closed","sticky":false,"template":"","format":"standard","meta":{"_acf_changed":false,"footnotes":""},"categories":[554],"tags":[],"ji_location":[],"class_list":["post-8134","post","type-post","status-publish","format-standard","hentry","category-hirondellenews"],"acf":[],"yoast_head":"<!-- This site is optimized with the Yoast SEO Premium plugin v25.3.1 (Yoast SEO v25.3.1) - https:\/\/yoast.com\/wordpress\/plugins\/seo\/ -->\n<title>09.08.07 - RWANDA\/JUSTICE - VERDICT SAMEDI EN APPEL POUR UN CELEBRE ACTIVISTE DES DROITS DE L\u2019HOMME - JusticeInfo.net<\/title>\n<meta name=\"robots\" content=\"index, follow, max-snippet:-1, max-image-preview:large, max-video-preview:-1\" \/>\n<link rel=\"canonical\" href=\"https:\/\/www.justiceinfo.net\/fr\/8134-090807-rwandajustice-verdict-samedi-en-appel-pour-un-celebre-activiste-des-droits-de-lhomme4934.html\" \/>\n<meta property=\"og:locale\" content=\"fr_FR\" \/>\n<meta property=\"og:type\" content=\"article\" \/>\n<meta property=\"og:title\" content=\"09.08.07 - RWANDA\/JUSTICE - VERDICT SAMEDI EN APPEL POUR UN CELEBRE ACTIVISTE DES DROITS DE L\u2019HOMME\" \/>\n<meta property=\"og:description\" content=\"Arusha, 9 ao&ucirc;t 2007 (FH) - Un c&eacute;l&egrave;bre activiste rwandais des droits de l&rsquo;homme, Fran&ccedil;ois-Xavier Byuma, condamn&eacute; &agrave; 19 ans de prison pour participation au g&eacute;nocide de 1994, entendra samedi son verdict en appel, apprend-on jeudi de source associative locale.\" \/>\n<meta property=\"og:url\" content=\"https:\/\/www.justiceinfo.net\/fr\/8134-090807-rwandajustice-verdict-samedi-en-appel-pour-un-celebre-activiste-des-droits-de-lhomme4934.html\" \/>\n<meta property=\"og:site_name\" content=\"JusticeInfo.net\" \/>\n<meta property=\"article:publisher\" content=\"https:\/\/www.facebook.com\/JusticeInfo\/\" \/>\n<meta property=\"article:published_time\" content=\"2007-08-08T22:00:00+00:00\" \/>\n<meta property=\"og:image\" content=\"https:\/\/www.justiceinfo.net\/wp-content\/uploads\/JusticeInfoNet_logo_1200x630px.jpg\" \/>\n\t<meta property=\"og:image:width\" content=\"1200\" \/>\n\t<meta property=\"og:image:height\" content=\"630\" \/>\n\t<meta property=\"og:image:type\" content=\"image\/jpeg\" \/>\n<meta name=\"author\" content=\"solivri\" \/>\n<meta name=\"twitter:card\" content=\"summary_large_image\" \/>\n<meta name=\"twitter:creator\" content=\"@justiceinfonet\" \/>\n<meta name=\"twitter:site\" content=\"@justiceinfonet\" \/>\n<meta name=\"twitter:label1\" content=\"\u00c9crit par\" \/>\n\t<meta name=\"twitter:data1\" content=\"solivri\" \/>\n\t<meta name=\"twitter:label2\" content=\"Dur\u00e9e de lecture estim\u00e9e\" \/>\n\t<meta name=\"twitter:data2\" content=\"3 minutes\" \/>\n<script type=\"application\/ld+json\" class=\"yoast-schema-graph\">{\"@context\":\"https:\/\/schema.org\",\"@graph\":[{\"@type\":\"NewsArticle\",\"@id\":\"https:\/\/www.justiceinfo.net\/fr\/8134-090807-rwandajustice-verdict-samedi-en-appel-pour-un-celebre-activiste-des-droits-de-lhomme4934.html#article\",\"isPartOf\":{\"@id\":\"https:\/\/www.justiceinfo.net\/fr\/8134-090807-rwandajustice-verdict-samedi-en-appel-pour-un-celebre-activiste-des-droits-de-lhomme4934.html\"},\"author\":{\"name\":\"solivri\",\"@id\":\"https:\/\/www.justiceinfo.net\/fr#\/schema\/person\/6e53cba1629e2e66f3fc1821d3091865\"},\"headline\":\"09.08.07 - RWANDA\/JUSTICE - VERDICT SAMEDI EN APPEL POUR UN CELEBRE ACTIVISTE DES DROITS DE L\u2019HOMME\",\"datePublished\":\"2007-08-08T22:00:00+00:00\",\"mainEntityOfPage\":{\"@id\":\"https:\/\/www.justiceinfo.net\/fr\/8134-090807-rwandajustice-verdict-samedi-en-appel-pour-un-celebre-activiste-des-droits-de-lhomme4934.html\"},\"wordCount\":624,\"commentCount\":0,\"publisher\":{\"@id\":\"https:\/\/www.justiceinfo.net\/fr#organization\"},\"articleSection\":[\"Hirondelle News\"],\"inLanguage\":\"fr-FR\",\"potentialAction\":[{\"@type\":\"CommentAction\",\"name\":\"Comment\",\"target\":[\"https:\/\/www.justiceinfo.net\/fr\/8134-090807-rwandajustice-verdict-samedi-en-appel-pour-un-celebre-activiste-des-droits-de-lhomme4934.html#respond\"]}]},{\"@type\":\"WebPage\",\"@id\":\"https:\/\/www.justiceinfo.net\/fr\/8134-090807-rwandajustice-verdict-samedi-en-appel-pour-un-celebre-activiste-des-droits-de-lhomme4934.html\",\"url\":\"https:\/\/www.justiceinfo.net\/fr\/8134-090807-rwandajustice-verdict-samedi-en-appel-pour-un-celebre-activiste-des-droits-de-lhomme4934.html\",\"name\":\"09.08.07 - RWANDA\/JUSTICE - VERDICT SAMEDI EN APPEL POUR UN CELEBRE ACTIVISTE DES DROITS DE L\u2019HOMME - JusticeInfo.net\",\"isPartOf\":{\"@id\":\"https:\/\/www.justiceinfo.net\/fr#website\"},\"datePublished\":\"2007-08-08T22:00:00+00:00\",\"breadcrumb\":{\"@id\":\"https:\/\/www.justiceinfo.net\/fr\/8134-090807-rwandajustice-verdict-samedi-en-appel-pour-un-celebre-activiste-des-droits-de-lhomme4934.html#breadcrumb\"},\"inLanguage\":\"fr-FR\",\"potentialAction\":[{\"@type\":\"ReadAction\",\"target\":[\"https:\/\/www.justiceinfo.net\/fr\/8134-090807-rwandajustice-verdict-samedi-en-appel-pour-un-celebre-activiste-des-droits-de-lhomme4934.html\"]}]},{\"@type\":\"BreadcrumbList\",\"@id\":\"https:\/\/www.justiceinfo.net\/fr\/8134-090807-rwandajustice-verdict-samedi-en-appel-pour-un-celebre-activiste-des-droits-de-lhomme4934.html#breadcrumb\",\"itemListElement\":[{\"@type\":\"ListItem\",\"position\":1,\"name\":\"Home\",\"item\":\"https:\/\/www.justiceinfo.net\/fr\"},{\"@type\":\"ListItem\",\"position\":2,\"name\":\"09.08.07 - RWANDA\/JUSTICE - VERDICT SAMEDI EN APPEL POUR UN CELEBRE ACTIVISTE DES DROITS DE L\u2019HOMME\"}]},{\"@type\":\"WebSite\",\"@id\":\"https:\/\/www.justiceinfo.net\/fr#website\",\"url\":\"https:\/\/www.justiceinfo.net\/fr\",\"name\":\"JusticeInfo.net\",\"description\":\"La justice doit \u00eatre vue pour \u00eatre rendue\",\"publisher\":{\"@id\":\"https:\/\/www.justiceinfo.net\/fr#organization\"},\"potentialAction\":[{\"@type\":\"SearchAction\",\"target\":{\"@type\":\"EntryPoint\",\"urlTemplate\":\"https:\/\/www.justiceinfo.net\/fr?s={search_term_string}\"},\"query-input\":{\"@type\":\"PropertyValueSpecification\",\"valueRequired\":true,\"valueName\":\"search_term_string\"}}],\"inLanguage\":\"fr-FR\"},{\"@type\":\"Organization\",\"@id\":\"https:\/\/www.justiceinfo.net\/fr#organization\",\"name\":\"Justice Info\",\"url\":\"https:\/\/www.justiceinfo.net\/fr\",\"logo\":{\"@type\":\"ImageObject\",\"inLanguage\":\"fr-FR\",\"@id\":\"https:\/\/www.justiceinfo.net\/fr#\/schema\/logo\/image\/\",\"url\":\"https:\/\/www.justiceinfo.net\/wp-content\/uploads\/justiceinfo_logo-trans_1200x1200px.png\",\"contentUrl\":\"https:\/\/www.justiceinfo.net\/wp-content\/uploads\/justiceinfo_logo-trans_1200x1200px.png\",\"width\":1199,\"height\":1200,\"caption\":\"Justice Info\"},\"image\":{\"@id\":\"https:\/\/www.justiceinfo.net\/fr#\/schema\/logo\/image\/\"},\"sameAs\":[\"https:\/\/www.facebook.com\/JusticeInfo\/\",\"https:\/\/x.com\/justiceinfonet\",\"https:\/\/www.linkedin.com\/company\/justice-info\",\"https:\/\/www.youtube.com\/channel\/UCyCEsARodyuWtkWyhn-e7pA\"]},{\"@type\":\"Person\",\"name\":\"solivri\",\"url\":\"\/fr\/?s=solivri\"}]}<\/script>\n<!-- \/ Yoast SEO Premium plugin. -->","yoast_head_json":{"title":"09.08.07 - RWANDA\/JUSTICE - VERDICT SAMEDI EN APPEL POUR UN CELEBRE ACTIVISTE DES DROITS DE L\u2019HOMME - JusticeInfo.net","robots":{"index":"index","follow":"follow","max-snippet":"max-snippet:-1","max-image-preview":"max-image-preview:large","max-video-preview":"max-video-preview:-1"},"canonical":"https:\/\/www.justiceinfo.net\/fr\/8134-090807-rwandajustice-verdict-samedi-en-appel-pour-un-celebre-activiste-des-droits-de-lhomme4934.html","og_locale":"fr_FR","og_type":"article","og_title":"09.08.07 - RWANDA\/JUSTICE - VERDICT SAMEDI EN APPEL POUR UN CELEBRE ACTIVISTE DES DROITS DE L\u2019HOMME","og_description":"Arusha, 9 ao&ucirc;t 2007 (FH) - Un c&eacute;l&egrave;bre activiste rwandais des droits de l&rsquo;homme, Fran&ccedil;ois-Xavier Byuma, condamn&eacute; &agrave; 19 ans de prison pour participation au g&eacute;nocide de 1994, entendra samedi son verdict en appel, apprend-on jeudi de source associative locale.","og_url":"https:\/\/www.justiceinfo.net\/fr\/8134-090807-rwandajustice-verdict-samedi-en-appel-pour-un-celebre-activiste-des-droits-de-lhomme4934.html","og_site_name":"JusticeInfo.net","article_publisher":"https:\/\/www.facebook.com\/JusticeInfo\/","article_published_time":"2007-08-08T22:00:00+00:00","og_image":[{"width":1200,"height":630,"url":"https:\/\/www.justiceinfo.net\/wp-content\/uploads\/JusticeInfoNet_logo_1200x630px.jpg","type":"image\/jpeg"}],"author":"solivri","twitter_card":"summary_large_image","twitter_creator":"@justiceinfonet","twitter_site":"@justiceinfonet","twitter_misc":{"\u00c9crit par":"solivri","Dur\u00e9e de lecture estim\u00e9e":"3 minutes"},"schema":{"@context":"https:\/\/schema.org","@graph":[{"@type":"NewsArticle","@id":"https:\/\/www.justiceinfo.net\/fr\/8134-090807-rwandajustice-verdict-samedi-en-appel-pour-un-celebre-activiste-des-droits-de-lhomme4934.html#article","isPartOf":{"@id":"https:\/\/www.justiceinfo.net\/fr\/8134-090807-rwandajustice-verdict-samedi-en-appel-pour-un-celebre-activiste-des-droits-de-lhomme4934.html"},"author":{"name":"solivri","@id":"https:\/\/www.justiceinfo.net\/fr#\/schema\/person\/6e53cba1629e2e66f3fc1821d3091865"},"headline":"09.08.07 - RWANDA\/JUSTICE - VERDICT SAMEDI EN APPEL POUR UN CELEBRE ACTIVISTE DES DROITS DE L\u2019HOMME","datePublished":"2007-08-08T22:00:00+00:00","mainEntityOfPage":{"@id":"https:\/\/www.justiceinfo.net\/fr\/8134-090807-rwandajustice-verdict-samedi-en-appel-pour-un-celebre-activiste-des-droits-de-lhomme4934.html"},"wordCount":624,"commentCount":0,"publisher":{"@id":"https:\/\/www.justiceinfo.net\/fr#organization"},"articleSection":["Hirondelle News"],"inLanguage":"fr-FR","potentialAction":[{"@type":"CommentAction","name":"Comment","target":["https:\/\/www.justiceinfo.net\/fr\/8134-090807-rwandajustice-verdict-samedi-en-appel-pour-un-celebre-activiste-des-droits-de-lhomme4934.html#respond"]}]},{"@type":"WebPage","@id":"https:\/\/www.justiceinfo.net\/fr\/8134-090807-rwandajustice-verdict-samedi-en-appel-pour-un-celebre-activiste-des-droits-de-lhomme4934.html","url":"https:\/\/www.justiceinfo.net\/fr\/8134-090807-rwandajustice-verdict-samedi-en-appel-pour-un-celebre-activiste-des-droits-de-lhomme4934.html","name":"09.08.07 - RWANDA\/JUSTICE - VERDICT SAMEDI EN APPEL POUR UN CELEBRE ACTIVISTE DES DROITS DE L\u2019HOMME - JusticeInfo.net","isPartOf":{"@id":"https:\/\/www.justiceinfo.net\/fr#website"},"datePublished":"2007-08-08T22:00:00+00:00","breadcrumb":{"@id":"https:\/\/www.justiceinfo.net\/fr\/8134-090807-rwandajustice-verdict-samedi-en-appel-pour-un-celebre-activiste-des-droits-de-lhomme4934.html#breadcrumb"},"inLanguage":"fr-FR","potentialAction":[{"@type":"ReadAction","target":["https:\/\/www.justiceinfo.net\/fr\/8134-090807-rwandajustice-verdict-samedi-en-appel-pour-un-celebre-activiste-des-droits-de-lhomme4934.html"]}]},{"@type":"BreadcrumbList","@id":"https:\/\/www.justiceinfo.net\/fr\/8134-090807-rwandajustice-verdict-samedi-en-appel-pour-un-celebre-activiste-des-droits-de-lhomme4934.html#breadcrumb","itemListElement":[{"@type":"ListItem","position":1,"name":"Home","item":"https:\/\/www.justiceinfo.net\/fr"},{"@type":"ListItem","position":2,"name":"09.08.07 - RWANDA\/JUSTICE - VERDICT SAMEDI EN APPEL POUR UN CELEBRE ACTIVISTE DES DROITS DE L\u2019HOMME"}]},{"@type":"WebSite","@id":"https:\/\/www.justiceinfo.net\/fr#website","url":"https:\/\/www.justiceinfo.net\/fr","name":"JusticeInfo.net","description":"La justice doit \u00eatre vue pour \u00eatre rendue","publisher":{"@id":"https:\/\/www.justiceinfo.net\/fr#organization"},"potentialAction":[{"@type":"SearchAction","target":{"@type":"EntryPoint","urlTemplate":"https:\/\/www.justiceinfo.net\/fr?s={search_term_string}"},"query-input":{"@type":"PropertyValueSpecification","valueRequired":true,"valueName":"search_term_string"}}],"inLanguage":"fr-FR"},{"@type":"Organization","@id":"https:\/\/www.justiceinfo.net\/fr#organization","name":"Justice Info","url":"https:\/\/www.justiceinfo.net\/fr","logo":{"@type":"ImageObject","inLanguage":"fr-FR","@id":"https:\/\/www.justiceinfo.net\/fr#\/schema\/logo\/image\/","url":"https:\/\/www.justiceinfo.net\/wp-content\/uploads\/justiceinfo_logo-trans_1200x1200px.png","contentUrl":"https:\/\/www.justiceinfo.net\/wp-content\/uploads\/justiceinfo_logo-trans_1200x1200px.png","width":1199,"height":1200,"caption":"Justice Info"},"image":{"@id":"https:\/\/www.justiceinfo.net\/fr#\/schema\/logo\/image\/"},"sameAs":["https:\/\/www.facebook.com\/JusticeInfo\/","https:\/\/x.com\/justiceinfonet","https:\/\/www.linkedin.com\/company\/justice-info","https:\/\/www.youtube.com\/channel\/UCyCEsARodyuWtkWyhn-e7pA"]},{"@type":"Person","name":"solivri","url":"\/fr\/?s=solivri"}]}},"_links":{"self":[{"href":"https:\/\/www.justiceinfo.net\/fr\/wp-json\/wp\/v2\/posts\/8134","targetHints":{"allow":["GET"]}}],"collection":[{"href":"https:\/\/www.justiceinfo.net\/fr\/wp-json\/wp\/v2\/posts"}],"about":[{"href":"https:\/\/www.justiceinfo.net\/fr\/wp-json\/wp\/v2\/types\/post"}],"author":[{"embeddable":true,"href":"https:\/\/www.justiceinfo.net\/fr\/wp-json\/wp\/v2\/users\/64"}],"replies":[{"embeddable":true,"href":"https:\/\/www.justiceinfo.net\/fr\/wp-json\/wp\/v2\/comments?post=8134"}],"version-history":[{"count":0,"href":"https:\/\/www.justiceinfo.net\/fr\/wp-json\/wp\/v2\/posts\/8134\/revisions"}],"wp:attachment":[{"href":"https:\/\/www.justiceinfo.net\/fr\/wp-json\/wp\/v2\/media?parent=8134"}],"wp:term":[{"taxonomy":"category","embeddable":true,"href":"https:\/\/www.justiceinfo.net\/fr\/wp-json\/wp\/v2\/categories?post=8134"},{"taxonomy":"post_tag","embeddable":true,"href":"https:\/\/www.justiceinfo.net\/fr\/wp-json\/wp\/v2\/tags?post=8134"},{"taxonomy":"ji_location","embeddable":true,"href":"https:\/\/www.justiceinfo.net\/fr\/wp-json\/wp\/v2\/ji_location?post=8134"}],"curies":[{"name":"wp","href":"https:\/\/api.w.org\/{rel}","templated":true}]}}