{"id":81361,"date":"2021-08-31T12:39:44","date_gmt":"2021-08-31T10:39:44","guid":{"rendered":"https:\/\/www.justiceinfo.net\/?p=81361"},"modified":"2024-01-29T17:09:56","modified_gmt":"2024-01-29T16:09:56","slug":"restitution-bronzes-benin-tous-pays-nord-concernes","status":"publish","type":"post","link":"https:\/\/www.justiceinfo.net\/fr\/81361-restitution-bronzes-benin-tous-pays-nord-concernes.html","title":{"rendered":"Restitution des 'bronzes du B\u00e9nin' : \u00ab Tous les pays du Nord sont concern\u00e9s \u00bb"},"content":{"rendered":"\n<p><strong><strong><strong>Il y a quelques mois, l'Allemagne a annonc\u00e9 qu\u2019elle allait restituer au Nigeria des centaines d'objets d'art inestimables pill\u00e9s \u00e0 l'\u00e9poque coloniale, commun\u00e9ment appel\u00e9s \u00ab&nbsp;bronzes du B\u00e9nin&nbsp;\u00bb. Le professeur J\u00fcrgen Zimmerer, sp\u00e9cialiste de l\u2019histoire coloniale allemande, explique pourquoi (presque) tout reste \u00e0 faire.<\/strong><\/strong><\/strong><\/p>\n\n\n\n<!--more-->\n\n\n<div class=\"content-question-itw\">\n<p>Que sont les bronzes du B\u00e9nin et pourquoi sont-ils si importants ?<\/p>\n<\/div>\n\n\n<p>Les bronzes du B\u00e9nin - ou plut\u00f4t les objets du B\u00e9nin, car ils ne sont pas tous en m\u00e9tal, certains sont en ivoire ou en bois - sont des objets originaires du royaume du B\u00e9nin, situ\u00e9 dans l'actuel Nigeria. Lorsque l'Empire britannique a envahi le royaume en 1897, des milliers de ces objets ont \u00e9t\u00e9 pill\u00e9s, en partie pour payer les frais de l'exp\u00e9dition militaire.<\/p>\n\n\n\n<p>Ils ont ensuite \u00e9t\u00e9 vendus aux ench\u00e8res, \u00e0 Londres et ailleurs, et ils sont rapidement devenus des pi\u00e8ces centrales des collections de nombreux mus\u00e9es du Nord. En raison de leur grande valeur artistique, ils ont chang\u00e9 la fa\u00e7on dont les Europ\u00e9ens voyaient l'art africain. Ils ne pouvaient plus pr\u00e9tendre qu'il n'y avait pas d'art en Afrique mais seulement de l'artisanat, comme le voulait le vieux st\u00e9r\u00e9otype colonial raciste. N\u00e9anmoins, les Europ\u00e9ens, et plus tard les \u00c9tats-Unis, n'ont eu aucun probl\u00e8me \u00e0 garder le butin.<\/p>\n\n\n<div class=\"content-question-itw\">\n<p>Pourquoi font-ils parler d'eux aujourd'hui ?<\/p>\n<\/div>\n\n\n<p>Presque apr\u00e8s le pillage, des demandes de restitution de ces objets ont \u00e9t\u00e9 formul\u00e9es par le Nigeria et d'autres \u00c9tats africains. Ils n'ont donc jamais \u00e9t\u00e9 totalement oubli\u00e9s, sauf peut-\u00eatre par la presse internationale. Aujourd'hui, alors que l'int\u00e9r\u00eat pour la question du pillage colonial s\u2019intensifie, l'attention se porte \u00e9galement sur eux. <a href=\"https:\/\/www.lemonde.fr\/afrique\/article\/2017\/11\/29\/le-discours-de-ouagadougou-d-emmanuel-macron_5222245_3212.html\">L'annonce faite par le pr\u00e9sident fran\u00e7ais Emmanuel Macron en 2017 \u00e0 Ouagadougou<\/a>, expliquant qu\u2019il allait restituer le butin colonial des mus\u00e9es fran\u00e7ais \u2013&nbsp;ainsi que sa commande d\u2019un rapport r\u00e9volutionnaire \u00e0 l'universitaire et \u00e9crivain s\u00e9n\u00e9galais Felwine Sarr et \u00e0 l'historienne de l'art fran\u00e7aise B\u00e9n\u00e9dicte Savoy \u2013 sont venus soutenir sa d\u00e9cision, et ont \u00e9t\u00e9 au c\u0153ur de ce changement d'int\u00e9r\u00eat.<\/p>\n\n\n\n<figure class=\"wp-block-embed is-type-video is-provider-youtube wp-block-embed-youtube wp-embed-aspect-16-9 wp-has-aspect-ratio\"><div class=\"wp-block-embed__wrapper\">\n<iframe loading=\"lazy\" title=\"Felwine Sarr : \u00ab La restitution des \u0153uvres africaines n\u2019est pas un geste du prince \u00bb\" width=\"500\" height=\"281\" src=\"https:\/\/www.youtube.com\/embed\/18wFECHruKM?feature=oembed\" frameborder=\"0\" allow=\"accelerometer; autoplay; clipboard-write; encrypted-media; gyroscope; picture-in-picture; web-share\" referrerpolicy=\"strict-origin-when-cross-origin\" allowfullscreen><\/iframe>\n<\/div><\/figure>\n\n\n\n<p>Il en va de m\u00eame pour l'ouverture prochaine du Forum Humboldt \u00e0 Berlin (qui a finalement ouvert ses portes le 20 juillet 2021), l'un des plus grands mus\u00e9es du monde. Il abrite les collections des anciens mus\u00e9es ethnologiques de Berlin, et plus de 200 bronzes du B\u00e9nin devaient y \u00eatre expos\u00e9s. Toutefois, des activistes et des universitaires, qui ont voulu souligner le probl\u00e8me du pillage colonial, ont arr\u00eat\u00e9 le projet pour le moment, en partie en raison de l'int\u00e9r\u00eat de la presse internationale.<\/p>\n\n\n\n<p>En Allemagne, cette situation est concomitante de la tentative de traiter la question du premier g\u00e9nocide du 20e si\u00e8cle, commis contre les peuples indig\u00e8nes Herero et Nama dans ce qui \u00e9tait alors le Sud-Ouest africain allemand, aujourd'hui la Namibie. Celle-ci a \u00e9galement attir\u00e9 l'attention sur la question du colonialisme et de ses h\u00e9ritages.<\/p>\n\n\n<div class=\"content-question-itw\">\n<p>Comment l'Allemagne a-t-elle g\u00e9r\u00e9 cette restitution ?<\/p>\n<\/div>\n\n\n<p>Mal, tr\u00e8s mal, pour \u00eatre honn\u00eate. Au d\u00e9part, les responsables de la politique (culturelle) et de nombreux mus\u00e9es n'\u00e9taient pas du tout conscients du \"probl\u00e8me\" du butin colonial. Lorsque la pression est mont\u00e9e, ils ont minimis\u00e9 la critique, ridiculis\u00e9 les critiques, puis les ont attaqu\u00e9s et diffam\u00e9s. Le moment le plus bas, jusqu'\u00e0 pr\u00e9sent, a \u00e9t\u00e9 lorsque l'un des premiers directeurs fondateurs du Humboldt Forum, l'historien de l'art Horst Bredekamp, a accus\u00e9 les critiques postcoloniaux d'\u00eatre antis\u00e9mites. Tout cela pour prot\u00e9ger \u00e0 la fois les collections et la tradition de l'\u00e9rudition occidentale qui leur sont li\u00e9es contre l'all\u00e9gation - justifi\u00e9e \u00e0 mon avis - d'avoir ignor\u00e9 les traits racistes de leur histoire. <\/p>\n\n\n\n<p>Ce n'est qu'apr\u00e8s les <a href=\"https:\/\/www.youtube.com\/watch?v=maBPlU4Txdw\">pressions de la soci\u00e9t\u00e9 civile allemande<\/a> et de la presse internationale que le gouvernement et les mus\u00e9es ont conc\u00e9d\u00e9 que certains - le <a href=\"https:\/\/www.bundesregierung.de\/breg-de\/bundesregierung\/staatsministerin-fuer-kultur-und-medien\/aktuelles\/benin-bronzen-1899336\">communiqu\u00e9 officiel<\/a> parle d'un \"nombre substantiel\" - bronzes du B\u00e9nin devaient \u00eatre restitu\u00e9s.<\/p>\n\n\n<div class=\"content-question-itw\">\n<p>O\u00f9 se trouve le reste des bronzes ?<\/p>\n<\/div>\n\n\n<p>Ils sont r\u00e9partis dans tout l\u2019h\u00e9misph\u00e8re Nord. M\u00eame si l'Allemagne devait restituer tous les objets b\u00e9ninois se trouvant \u00e0 Berlin, cela ne repr\u00e9senterait gu\u00e8re plus de 10 % de ce qui a \u00e9t\u00e9 pill\u00e9. Il est certain que d'autres mus\u00e9es suivront, voire joueront les premiers r\u00f4les dans les restitutions, comme les mus\u00e9es des villes allemandes de Stuttgart ou de Cologne. Cependant, d'autres grands mus\u00e9es en dehors de l'Allemagne tardent \u00e0 suivre. Le colonialisme \u00e9tait un projet europ\u00e9en, tout comme le pillage de l'art. Toute l'Europe, tous les pays du Nord, sont donc impliqu\u00e9s et doivent s'attaquer \u00e0 ce probl\u00e8me. De nombreux bronzes du B\u00e9nin se trouvent par exemple aux \u00c9tats-Unis.<\/p>\n\n\n\n<p>La collection la plus importante, qui compte jusqu'\u00e0 800 objets, se trouve au British Museum de Londres, qui, apparemment avec le soutien du gouvernement, a cat\u00e9goriquement <a href=\"https:\/\/www.theguardian.com\/world\/2021\/mar\/26\/regional-museums-break-ranks-with-uk-government-on-return-of-benin-bronzes\">rejet\u00e9&nbsp;la n\u00e9cessit\u00e9 d'une restitution<\/a>. Cette question est li\u00e9e \u00e0 un d\u00e9bat plus large sur la responsabilit\u00e9 du colonialisme en tant que crime contre l'humanit\u00e9. Dans les pays du Nord, nous sommes d\u00e9sormais pr\u00eats \u00e0 admettre que le colonialisme a donn\u00e9 lieu \u00e0 des actes de violence, mais nous devons comprendre que le colonialisme en lui-m\u00eame \u00e9tait (et est) une violence. Nous devons d\u00e9coloniser et avancer vers une position de justice sociale mondiale, surtout si l'humanit\u00e9 veut avoir une chance de survivre \u00e0 la crise climatique.<\/p>\n\n\n<div class=\"content-question-itw\">\n<p>Que va-t-il se passer apr\u00e8s leur arriv\u00e9e au Nigeria ?<\/p>\n<\/div>\n\n\n<p>U<a href=\"https:\/\/www.adjaye.com\/work\/edo-museum-of-west-african-art\/\">n mus\u00e9e d'art ouest-africain est en construction \u00e0 Benin City<\/a>, dans l'\u00c9tat d'Edo, au sud du Nigeria, qui devrait accueillir des bronzes du B\u00e9nin. La mani\u00e8re dont les \u0153uvres d'art restitu\u00e9es sont r\u00e9parties entre le Nigeria en tant qu'\u00c9tat-nation, l'\u00c9tat d'Edo en tant qu'entit\u00e9 f\u00e9d\u00e9rale et le roi Oba - en tant qu'h\u00e9ritier de l'ancien royaume et repr\u00e9sentant du peuple d'Edo - fait encore l'objet de <a href=\"https:\/\/www.bbc.com\/news\/world-africa-57914111\">discussions<\/a>. Mais franchement, cela ne concerne pas les Europ\u00e9ens. Ce que les propri\u00e9taires l\u00e9gitimes font de leur art est leur d\u00e9cision, et cela ne doit pas retarder la restitution.<\/p><img loading=\"lazy\" decoding=\"async\" src=\"https:\/\/counter.theconversation.com\/content\/167419\/count.gif?distributor=republish-lightbox-advanced\" alt=\"The Conversation\" width=\"1\" height=\"1\" style=\"border: none !important; box-shadow: none !important; margin: 0 !important; max-height: 1px !important; max-width: 1px !important; min-height: 1px !important; min-width: 1px !important; opacity: 0 !important; outline: none !important; padding: 0 !important; text-shadow: none !important\" \/>\n\n\n\n<div style=\"height:1px\" aria-hidden=\"true\" class=\"wp-block-spacer\"><\/div>\n\n\n\n<hr class=\"wp-block-separator has-text-color has-background is-style-wide\" style=\"background-color:#dddddd;color:#dddddd\"\/>\n\n\n\n<div style=\"height:10px\" aria-hidden=\"true\" class=\"wp-block-spacer\"><\/div>\n\n\n\n<p><em><em>Cet article, traduit en fran\u00e7ais par Justice Info, est republi\u00e9 \u00e0 partir de<\/em> <a href=\"https:\/\/theconversation.com\">The Conversation<\/a> <em>sous licence Creative Commons<\/em><\/em>.<em> Il a \u00e9t\u00e9 l\u00e9g\u00e8rement modifi\u00e9 par Justice Info. Lire <a href=\"https:\/\/theconversation.com\/germany-is-returning-nigerias-looted-benin-bronzes-why-its-not-nearly-enough-165349\">l'article original<\/a>.<\/em><\/p>\n\n\n<div class=\"content-encadre\">\n<div id=\"attachment_81326\" style=\"width: 210px\" class=\"wp-caption alignleft\"><img loading=\"lazy\" decoding=\"async\" aria-describedby=\"caption-attachment-81326\" class=\" wp-image-81326\" src=\"https:\/\/www.justiceinfo.net\/wp-content\/uploads\/Jurgen-Zimmerer_@Kevin-Fuchs.jpg\" alt=\"J\u00fcrgen Zimmerer\" width=\"200\" height=\"200\" srcset=\"https:\/\/www.justiceinfo.net\/wp-content\/uploads\/Jurgen-Zimmerer_@Kevin-Fuchs.jpg 500w, https:\/\/www.justiceinfo.net\/wp-content\/uploads\/Jurgen-Zimmerer_@Kevin-Fuchs-150x150.jpg 150w\" sizes=\"auto, (max-width: 200px) 100vw, 200px\" \/><p id=\"caption-attachment-81326\" class=\"wp-caption-text\">\u00a9 Kevin Fuchs<\/p><\/div><p><\/p>\n<p><strong>JURGEN ZIMMERER<\/strong><\/p>\n<p>J\u00fcrgen Zimmerer est professeur d'histoire \u00e0 l'universit\u00e9 de Hambourg, en Allemagne, et pr\u00e9sident de l'International Network of Genocide Scholars (INoGS). Ses recherches portent sur le colonialisme allemand, le g\u00e9nocide, le colonialisme et l'Holocauste, ainsi que la violence environnementale. Il est l'auteur et l'\u00e9diteur de plusieurs livres et articles universitaires sur le colonialisme et le g\u00e9nocide.<\/p>\n<\/div>\n\n\n<p><\/p>\n","protected":false},"excerpt":{"rendered":"<p>Il y a quelques mois, l'Allemagne a annonc\u00e9 qu\u2019elle allait restituer au Nigeria des centaines d'objets d'art inestimables pill\u00e9s \u00e0 l'\u00e9poque coloniale, commun\u00e9ment appel\u00e9s \u00ab&nbsp;bronzes du B\u00e9nin&nbsp;\u00bb. Le professeur J\u00fcrgen Zimmerer, sp\u00e9cialiste de l\u2019histoire coloniale allemande, explique pourquoi (presque) tout reste \u00e0 faire.<\/p>\n","protected":false},"author":64,"featured_media":81338,"comment_status":"closed","ping_status":"closed","sticky":false,"template":"","format":"standard","meta":{"_acf_changed":false,"footnotes":""},"categories":[550],"tags":[2646,2891],"ji_location":[2238,2382],"class_list":["post-81361","post","type-post","status-publish","format-standard","has-post-thumbnail","hentry","category-reparations","tag-colonisation","tag-restitutions","ji_location-allemagne","ji_location-nigeria"],"acf":[],"yoast_head":"<!-- This site is optimized with the Yoast SEO Premium plugin v25.3.1 (Yoast SEO v25.3.1) - https:\/\/yoast.com\/wordpress\/plugins\/seo\/ -->\n<title>Restitution des &#039;bronzes du B\u00e9nin&#039; : \u00ab Tous les pays du Nord sont concern\u00e9s \u00bb - JusticeInfo.net<\/title>\n<meta name=\"description\" content=\"Il y a quelques mois, l&#039;Allemagne a annonc\u00e9 qu\u2019elle allait restituer au Nigeria des centaines d&#039;objets d&#039;art inestimables pill\u00e9s \u00e0 l&#039;\u00e9poque coloniale, commun\u00e9ment appel\u00e9s \u00ab bronzes du B\u00e9nin \u00bb. Le professeur J\u00fcrgen Zimmerer, sp\u00e9cialiste de l\u2019histoire coloniale allemande, explique pourquoi (presque) tout reste \u00e0 faire.\" \/>\n<meta name=\"robots\" content=\"index, follow, max-snippet:-1, max-image-preview:large, max-video-preview:-1\" \/>\n<link rel=\"canonical\" href=\"https:\/\/www.justiceinfo.net\/fr\/81361-restitution-bronzes-benin-tous-pays-nord-concernes.html\" \/>\n<meta property=\"og:locale\" content=\"fr_FR\" \/>\n<meta property=\"og:type\" content=\"article\" \/>\n<meta property=\"og:title\" content=\"Restitution des &#039;bronzes du B\u00e9nin&#039; : \u00ab Tous les pays du Nord sont concern\u00e9s \u00bb\" \/>\n<meta property=\"og:description\" content=\"Il y a quelques mois, l&#039;Allemagne a annonc\u00e9 qu\u2019elle allait restituer au Nigeria des centaines d&#039;objets d&#039;art inestimables pill\u00e9s \u00e0 l&#039;\u00e9poque coloniale, commun\u00e9ment appel\u00e9s \u00ab bronzes du B\u00e9nin \u00bb. Le professeur J\u00fcrgen Zimmerer, sp\u00e9cialiste de l\u2019histoire coloniale allemande, explique pourquoi (presque) tout reste \u00e0 faire.\" \/>\n<meta property=\"og:url\" content=\"https:\/\/www.justiceinfo.net\/fr\/81361-restitution-bronzes-benin-tous-pays-nord-concernes.html\" \/>\n<meta property=\"og:site_name\" content=\"JusticeInfo.net\" \/>\n<meta property=\"article:publisher\" content=\"https:\/\/www.facebook.com\/JusticeInfo\/\" \/>\n<meta property=\"article:published_time\" content=\"2021-08-31T10:39:44+00:00\" \/>\n<meta property=\"article:modified_time\" content=\"2024-01-29T16:09:56+00:00\" \/>\n<meta property=\"og:image\" content=\"https:\/\/www.justiceinfo.net\/wp-content\/uploads\/Nigeria_Oba-king-head-benin-bronze-Neil-Curtis_@Kalyan-Veera-University-of-Aberdeen-AFP.jpg\" \/>\n\t<meta property=\"og:image:width\" content=\"1200\" \/>\n\t<meta property=\"og:image:height\" content=\"797\" \/>\n\t<meta property=\"og:image:type\" content=\"image\/jpeg\" \/>\n<meta name=\"author\" content=\"The Conversation France\" \/>\n<meta name=\"twitter:card\" content=\"summary_large_image\" \/>\n<meta name=\"twitter:creator\" content=\"@justiceinfonet\" \/>\n<meta name=\"twitter:site\" content=\"@justiceinfonet\" \/>\n<meta name=\"twitter:label1\" content=\"\u00c9crit par\" \/>\n\t<meta name=\"twitter:data1\" content=\"The Conversation France\" \/>\n\t<meta name=\"twitter:label2\" content=\"Dur\u00e9e de lecture estim\u00e9e\" \/>\n\t<meta name=\"twitter:data2\" content=\"6 minutes\" \/>\n<script type=\"application\/ld+json\" class=\"yoast-schema-graph\">{\"@context\":\"https:\/\/schema.org\",\"@graph\":[{\"@type\":\"NewsArticle\",\"@id\":\"https:\/\/www.justiceinfo.net\/fr\/81361-restitution-bronzes-benin-tous-pays-nord-concernes.html#article\",\"isPartOf\":{\"@id\":\"https:\/\/www.justiceinfo.net\/fr\/81361-restitution-bronzes-benin-tous-pays-nord-concernes.html\"},\"author\":{\"name\":\"solivri\",\"@id\":\"https:\/\/www.justiceinfo.net\/fr#\/schema\/person\/6e53cba1629e2e66f3fc1821d3091865\"},\"headline\":\"Restitution des 'bronzes du B\u00e9nin' : \u00ab Tous les pays du Nord sont concern\u00e9s \u00bb\",\"datePublished\":\"2021-08-31T10:39:44+00:00\",\"dateModified\":\"2024-01-29T16:09:56+00:00\",\"mainEntityOfPage\":{\"@id\":\"https:\/\/www.justiceinfo.net\/fr\/81361-restitution-bronzes-benin-tous-pays-nord-concernes.html\"},\"wordCount\":1238,\"publisher\":{\"@id\":\"https:\/\/www.justiceinfo.net\/fr#organization\"},\"image\":{\"@id\":\"https:\/\/www.justiceinfo.net\/fr\/81361-restitution-bronzes-benin-tous-pays-nord-concernes.html#primaryimage\"},\"thumbnailUrl\":\"https:\/\/www.justiceinfo.net\/wp-content\/uploads\/Nigeria_Oba-king-head-benin-bronze-Neil-Curtis_@Kalyan-Veera-University-of-Aberdeen-AFP.jpg\",\"keywords\":[\"colonisation\",\"restitutions\"],\"articleSection\":[\"R\u00e9parations\"],\"inLanguage\":\"fr-FR\"},{\"@type\":\"WebPage\",\"@id\":\"https:\/\/www.justiceinfo.net\/fr\/81361-restitution-bronzes-benin-tous-pays-nord-concernes.html\",\"url\":\"https:\/\/www.justiceinfo.net\/fr\/81361-restitution-bronzes-benin-tous-pays-nord-concernes.html\",\"name\":\"Restitution des 'bronzes du B\u00e9nin' : \u00ab Tous les pays du Nord sont concern\u00e9s \u00bb - JusticeInfo.net\",\"isPartOf\":{\"@id\":\"https:\/\/www.justiceinfo.net\/fr#website\"},\"primaryImageOfPage\":{\"@id\":\"https:\/\/www.justiceinfo.net\/fr\/81361-restitution-bronzes-benin-tous-pays-nord-concernes.html#primaryimage\"},\"image\":{\"@id\":\"https:\/\/www.justiceinfo.net\/fr\/81361-restitution-bronzes-benin-tous-pays-nord-concernes.html#primaryimage\"},\"thumbnailUrl\":\"https:\/\/www.justiceinfo.net\/wp-content\/uploads\/Nigeria_Oba-king-head-benin-bronze-Neil-Curtis_@Kalyan-Veera-University-of-Aberdeen-AFP.jpg\",\"datePublished\":\"2021-08-31T10:39:44+00:00\",\"dateModified\":\"2024-01-29T16:09:56+00:00\",\"description\":\"Il y a quelques mois, l'Allemagne a annonc\u00e9 qu\u2019elle allait restituer au Nigeria des centaines d'objets d'art inestimables pill\u00e9s \u00e0 l'\u00e9poque coloniale, commun\u00e9ment appel\u00e9s \u00ab bronzes du B\u00e9nin \u00bb. Le professeur J\u00fcrgen Zimmerer, sp\u00e9cialiste de l\u2019histoire coloniale allemande, explique pourquoi (presque) tout reste \u00e0 faire.\",\"breadcrumb\":{\"@id\":\"https:\/\/www.justiceinfo.net\/fr\/81361-restitution-bronzes-benin-tous-pays-nord-concernes.html#breadcrumb\"},\"inLanguage\":\"fr-FR\",\"potentialAction\":[{\"@type\":\"ReadAction\",\"target\":[\"https:\/\/www.justiceinfo.net\/fr\/81361-restitution-bronzes-benin-tous-pays-nord-concernes.html\"]}]},{\"@type\":\"ImageObject\",\"inLanguage\":\"fr-FR\",\"@id\":\"https:\/\/www.justiceinfo.net\/fr\/81361-restitution-bronzes-benin-tous-pays-nord-concernes.html#primaryimage\",\"url\":\"https:\/\/www.justiceinfo.net\/wp-content\/uploads\/Nigeria_Oba-king-head-benin-bronze-Neil-Curtis_@Kalyan-Veera-University-of-Aberdeen-AFP.jpg\",\"contentUrl\":\"https:\/\/www.justiceinfo.net\/wp-content\/uploads\/Nigeria_Oba-king-head-benin-bronze-Neil-Curtis_@Kalyan-Veera-University-of-Aberdeen-AFP.jpg\",\"width\":1200,\"height\":797,\"caption\":\"Photo prise en mars 2021 \u00e0 l'universit\u00e9 d'Aberdeen, en \u00c9cosse, d'un bronze du roi Oba du B\u00e9nin, pr\u00e9sent\u00e9 par un responsable des collections sp\u00e9ciales. Le bronze, qui doit \u00eatre restitu\u00e9 au Nigeria, avait \u00e9t\u00e9 acquis aux ench\u00e8res par l'universit\u00e9 \u00e9cossaise en 1957. \u00a9 Kalyan Veera \/ University of Aberdeen \/ AFP\"},{\"@type\":\"BreadcrumbList\",\"@id\":\"https:\/\/www.justiceinfo.net\/fr\/81361-restitution-bronzes-benin-tous-pays-nord-concernes.html#breadcrumb\",\"itemListElement\":[{\"@type\":\"ListItem\",\"position\":1,\"name\":\"Home\",\"item\":\"https:\/\/www.justiceinfo.net\/fr\"},{\"@type\":\"ListItem\",\"position\":2,\"name\":\"Restitution des 'bronzes du B\u00e9nin' : \u00ab Tous les pays du Nord sont concern\u00e9s \u00bb\"}]},{\"@type\":\"WebSite\",\"@id\":\"https:\/\/www.justiceinfo.net\/fr#website\",\"url\":\"https:\/\/www.justiceinfo.net\/fr\",\"name\":\"JusticeInfo.net\",\"description\":\"La justice doit \u00eatre vue pour \u00eatre rendue\",\"publisher\":{\"@id\":\"https:\/\/www.justiceinfo.net\/fr#organization\"},\"potentialAction\":[{\"@type\":\"SearchAction\",\"target\":{\"@type\":\"EntryPoint\",\"urlTemplate\":\"https:\/\/www.justiceinfo.net\/fr?s={search_term_string}\"},\"query-input\":{\"@type\":\"PropertyValueSpecification\",\"valueRequired\":true,\"valueName\":\"search_term_string\"}}],\"inLanguage\":\"fr-FR\"},{\"@type\":\"Organization\",\"@id\":\"https:\/\/www.justiceinfo.net\/fr#organization\",\"name\":\"Justice Info\",\"url\":\"https:\/\/www.justiceinfo.net\/fr\",\"logo\":{\"@type\":\"ImageObject\",\"inLanguage\":\"fr-FR\",\"@id\":\"https:\/\/www.justiceinfo.net\/fr#\/schema\/logo\/image\/\",\"url\":\"https:\/\/www.justiceinfo.net\/wp-content\/uploads\/justiceinfo_logo-trans_1200x1200px.png\",\"contentUrl\":\"https:\/\/www.justiceinfo.net\/wp-content\/uploads\/justiceinfo_logo-trans_1200x1200px.png\",\"width\":1199,\"height\":1200,\"caption\":\"Justice Info\"},\"image\":{\"@id\":\"https:\/\/www.justiceinfo.net\/fr#\/schema\/logo\/image\/\"},\"sameAs\":[\"https:\/\/www.facebook.com\/JusticeInfo\/\",\"https:\/\/x.com\/justiceinfonet\",\"https:\/\/www.linkedin.com\/company\/justice-info\",\"https:\/\/www.youtube.com\/channel\/UCyCEsARodyuWtkWyhn-e7pA\"]},{\"@type\":\"Person\",\"name\":\"The Conversation France\",\"url\":\"\/fr\/?s=The Conversation France\"}]}<\/script>\n<!-- \/ Yoast SEO Premium plugin. -->","yoast_head_json":{"title":"Restitution des 'bronzes du B\u00e9nin' : \u00ab Tous les pays du Nord sont concern\u00e9s \u00bb - JusticeInfo.net","description":"Il y a quelques mois, l'Allemagne a annonc\u00e9 qu\u2019elle allait restituer au Nigeria des centaines d'objets d'art inestimables pill\u00e9s \u00e0 l'\u00e9poque coloniale, commun\u00e9ment appel\u00e9s \u00ab bronzes du B\u00e9nin \u00bb. Le professeur J\u00fcrgen Zimmerer, sp\u00e9cialiste de l\u2019histoire coloniale allemande, explique pourquoi (presque) tout reste \u00e0 faire.","robots":{"index":"index","follow":"follow","max-snippet":"max-snippet:-1","max-image-preview":"max-image-preview:large","max-video-preview":"max-video-preview:-1"},"canonical":"https:\/\/www.justiceinfo.net\/fr\/81361-restitution-bronzes-benin-tous-pays-nord-concernes.html","og_locale":"fr_FR","og_type":"article","og_title":"Restitution des 'bronzes du B\u00e9nin' : \u00ab Tous les pays du Nord sont concern\u00e9s \u00bb","og_description":"Il y a quelques mois, l'Allemagne a annonc\u00e9 qu\u2019elle allait restituer au Nigeria des centaines d'objets d'art inestimables pill\u00e9s \u00e0 l'\u00e9poque coloniale, commun\u00e9ment appel\u00e9s \u00ab bronzes du B\u00e9nin \u00bb. Le professeur J\u00fcrgen Zimmerer, sp\u00e9cialiste de l\u2019histoire coloniale allemande, explique pourquoi (presque) tout reste \u00e0 faire.","og_url":"https:\/\/www.justiceinfo.net\/fr\/81361-restitution-bronzes-benin-tous-pays-nord-concernes.html","og_site_name":"JusticeInfo.net","article_publisher":"https:\/\/www.facebook.com\/JusticeInfo\/","article_published_time":"2021-08-31T10:39:44+00:00","article_modified_time":"2024-01-29T16:09:56+00:00","og_image":[{"width":1200,"height":797,"url":"https:\/\/www.justiceinfo.net\/wp-content\/uploads\/Nigeria_Oba-king-head-benin-bronze-Neil-Curtis_@Kalyan-Veera-University-of-Aberdeen-AFP.jpg","type":"image\/jpeg"}],"author":"The Conversation France","twitter_card":"summary_large_image","twitter_creator":"@justiceinfonet","twitter_site":"@justiceinfonet","twitter_misc":{"\u00c9crit par":"The Conversation France","Dur\u00e9e de lecture estim\u00e9e":"6 minutes"},"schema":{"@context":"https:\/\/schema.org","@graph":[{"@type":"NewsArticle","@id":"https:\/\/www.justiceinfo.net\/fr\/81361-restitution-bronzes-benin-tous-pays-nord-concernes.html#article","isPartOf":{"@id":"https:\/\/www.justiceinfo.net\/fr\/81361-restitution-bronzes-benin-tous-pays-nord-concernes.html"},"author":{"name":"solivri","@id":"https:\/\/www.justiceinfo.net\/fr#\/schema\/person\/6e53cba1629e2e66f3fc1821d3091865"},"headline":"Restitution des 'bronzes du B\u00e9nin' : \u00ab Tous les pays du Nord sont concern\u00e9s \u00bb","datePublished":"2021-08-31T10:39:44+00:00","dateModified":"2024-01-29T16:09:56+00:00","mainEntityOfPage":{"@id":"https:\/\/www.justiceinfo.net\/fr\/81361-restitution-bronzes-benin-tous-pays-nord-concernes.html"},"wordCount":1238,"publisher":{"@id":"https:\/\/www.justiceinfo.net\/fr#organization"},"image":{"@id":"https:\/\/www.justiceinfo.net\/fr\/81361-restitution-bronzes-benin-tous-pays-nord-concernes.html#primaryimage"},"thumbnailUrl":"https:\/\/www.justiceinfo.net\/wp-content\/uploads\/Nigeria_Oba-king-head-benin-bronze-Neil-Curtis_@Kalyan-Veera-University-of-Aberdeen-AFP.jpg","keywords":["colonisation","restitutions"],"articleSection":["R\u00e9parations"],"inLanguage":"fr-FR"},{"@type":"WebPage","@id":"https:\/\/www.justiceinfo.net\/fr\/81361-restitution-bronzes-benin-tous-pays-nord-concernes.html","url":"https:\/\/www.justiceinfo.net\/fr\/81361-restitution-bronzes-benin-tous-pays-nord-concernes.html","name":"Restitution des 'bronzes du B\u00e9nin' : \u00ab Tous les pays du Nord sont concern\u00e9s \u00bb - JusticeInfo.net","isPartOf":{"@id":"https:\/\/www.justiceinfo.net\/fr#website"},"primaryImageOfPage":{"@id":"https:\/\/www.justiceinfo.net\/fr\/81361-restitution-bronzes-benin-tous-pays-nord-concernes.html#primaryimage"},"image":{"@id":"https:\/\/www.justiceinfo.net\/fr\/81361-restitution-bronzes-benin-tous-pays-nord-concernes.html#primaryimage"},"thumbnailUrl":"https:\/\/www.justiceinfo.net\/wp-content\/uploads\/Nigeria_Oba-king-head-benin-bronze-Neil-Curtis_@Kalyan-Veera-University-of-Aberdeen-AFP.jpg","datePublished":"2021-08-31T10:39:44+00:00","dateModified":"2024-01-29T16:09:56+00:00","description":"Il y a quelques mois, l'Allemagne a annonc\u00e9 qu\u2019elle allait restituer au Nigeria des centaines d'objets d'art inestimables pill\u00e9s \u00e0 l'\u00e9poque coloniale, commun\u00e9ment appel\u00e9s \u00ab bronzes du B\u00e9nin \u00bb. Le professeur J\u00fcrgen Zimmerer, sp\u00e9cialiste de l\u2019histoire coloniale allemande, explique pourquoi (presque) tout reste \u00e0 faire.","breadcrumb":{"@id":"https:\/\/www.justiceinfo.net\/fr\/81361-restitution-bronzes-benin-tous-pays-nord-concernes.html#breadcrumb"},"inLanguage":"fr-FR","potentialAction":[{"@type":"ReadAction","target":["https:\/\/www.justiceinfo.net\/fr\/81361-restitution-bronzes-benin-tous-pays-nord-concernes.html"]}]},{"@type":"ImageObject","inLanguage":"fr-FR","@id":"https:\/\/www.justiceinfo.net\/fr\/81361-restitution-bronzes-benin-tous-pays-nord-concernes.html#primaryimage","url":"https:\/\/www.justiceinfo.net\/wp-content\/uploads\/Nigeria_Oba-king-head-benin-bronze-Neil-Curtis_@Kalyan-Veera-University-of-Aberdeen-AFP.jpg","contentUrl":"https:\/\/www.justiceinfo.net\/wp-content\/uploads\/Nigeria_Oba-king-head-benin-bronze-Neil-Curtis_@Kalyan-Veera-University-of-Aberdeen-AFP.jpg","width":1200,"height":797,"caption":"Photo prise en mars 2021 \u00e0 l'universit\u00e9 d'Aberdeen, en \u00c9cosse, d'un bronze du roi Oba du B\u00e9nin, pr\u00e9sent\u00e9 par un responsable des collections sp\u00e9ciales. Le bronze, qui doit \u00eatre restitu\u00e9 au Nigeria, avait \u00e9t\u00e9 acquis aux ench\u00e8res par l'universit\u00e9 \u00e9cossaise en 1957. \u00a9 Kalyan Veera \/ University of Aberdeen \/ AFP"},{"@type":"BreadcrumbList","@id":"https:\/\/www.justiceinfo.net\/fr\/81361-restitution-bronzes-benin-tous-pays-nord-concernes.html#breadcrumb","itemListElement":[{"@type":"ListItem","position":1,"name":"Home","item":"https:\/\/www.justiceinfo.net\/fr"},{"@type":"ListItem","position":2,"name":"Restitution des 'bronzes du B\u00e9nin' : \u00ab Tous les pays du Nord sont concern\u00e9s \u00bb"}]},{"@type":"WebSite","@id":"https:\/\/www.justiceinfo.net\/fr#website","url":"https:\/\/www.justiceinfo.net\/fr","name":"JusticeInfo.net","description":"La justice doit \u00eatre vue pour \u00eatre rendue","publisher":{"@id":"https:\/\/www.justiceinfo.net\/fr#organization"},"potentialAction":[{"@type":"SearchAction","target":{"@type":"EntryPoint","urlTemplate":"https:\/\/www.justiceinfo.net\/fr?s={search_term_string}"},"query-input":{"@type":"PropertyValueSpecification","valueRequired":true,"valueName":"search_term_string"}}],"inLanguage":"fr-FR"},{"@type":"Organization","@id":"https:\/\/www.justiceinfo.net\/fr#organization","name":"Justice Info","url":"https:\/\/www.justiceinfo.net\/fr","logo":{"@type":"ImageObject","inLanguage":"fr-FR","@id":"https:\/\/www.justiceinfo.net\/fr#\/schema\/logo\/image\/","url":"https:\/\/www.justiceinfo.net\/wp-content\/uploads\/justiceinfo_logo-trans_1200x1200px.png","contentUrl":"https:\/\/www.justiceinfo.net\/wp-content\/uploads\/justiceinfo_logo-trans_1200x1200px.png","width":1199,"height":1200,"caption":"Justice Info"},"image":{"@id":"https:\/\/www.justiceinfo.net\/fr#\/schema\/logo\/image\/"},"sameAs":["https:\/\/www.facebook.com\/JusticeInfo\/","https:\/\/x.com\/justiceinfonet","https:\/\/www.linkedin.com\/company\/justice-info","https:\/\/www.youtube.com\/channel\/UCyCEsARodyuWtkWyhn-e7pA"]},{"@type":"Person","name":"The Conversation France","url":"\/fr\/?s=The Conversation France"}]}},"_links":{"self":[{"href":"https:\/\/www.justiceinfo.net\/fr\/wp-json\/wp\/v2\/posts\/81361","targetHints":{"allow":["GET"]}}],"collection":[{"href":"https:\/\/www.justiceinfo.net\/fr\/wp-json\/wp\/v2\/posts"}],"about":[{"href":"https:\/\/www.justiceinfo.net\/fr\/wp-json\/wp\/v2\/types\/post"}],"author":[{"embeddable":true,"href":"https:\/\/www.justiceinfo.net\/fr\/wp-json\/wp\/v2\/users\/64"}],"replies":[{"embeddable":true,"href":"https:\/\/www.justiceinfo.net\/fr\/wp-json\/wp\/v2\/comments?post=81361"}],"version-history":[{"count":10,"href":"https:\/\/www.justiceinfo.net\/fr\/wp-json\/wp\/v2\/posts\/81361\/revisions"}],"predecessor-version":[{"id":82262,"href":"https:\/\/www.justiceinfo.net\/fr\/wp-json\/wp\/v2\/posts\/81361\/revisions\/82262"}],"wp:featuredmedia":[{"embeddable":true,"href":"https:\/\/www.justiceinfo.net\/fr\/wp-json\/wp\/v2\/media\/81338"}],"wp:attachment":[{"href":"https:\/\/www.justiceinfo.net\/fr\/wp-json\/wp\/v2\/media?parent=81361"}],"wp:term":[{"taxonomy":"category","embeddable":true,"href":"https:\/\/www.justiceinfo.net\/fr\/wp-json\/wp\/v2\/categories?post=81361"},{"taxonomy":"post_tag","embeddable":true,"href":"https:\/\/www.justiceinfo.net\/fr\/wp-json\/wp\/v2\/tags?post=81361"},{"taxonomy":"ji_location","embeddable":true,"href":"https:\/\/www.justiceinfo.net\/fr\/wp-json\/wp\/v2\/ji_location?post=81361"}],"curies":[{"name":"wp","href":"https:\/\/api.w.org\/{rel}","templated":true}]}}