{"id":8266,"date":"2007-09-11T00:00:00","date_gmt":"2007-09-10T22:00:00","guid":{"rendered":"https:\/\/www.justiceinfo.net\/8266-110907-rwandabelgique-ntuyahaga-condamne-a-de-fortes-indemnisations5066.html"},"modified":"2007-09-11T00:00:00","modified_gmt":"2007-09-10T22:00:00","slug":"110907-rwandabelgique-ntuyahaga-condamne-a-de-fortes-indemnisations5066","status":"publish","type":"post","link":"https:\/\/www.justiceinfo.net\/fr\/8266-110907-rwandabelgique-ntuyahaga-condamne-a-de-fortes-indemnisations5066.html","title":{"rendered":"11.09.07 - RWANDA\/BELGIQUE - NTUYAHAGA CONDAMNE A DE FORTES INDEMNISATIONS"},"content":{"rendered":"<p>Bruxelles, 11 septembre 2007 (FH) &ndash; La Cour d&rsquo;assises, dans un arr&ecirc;t rendu mardi matin, a reconnu un total de 540 000 euros (406 millions de francs rwandais) d&rsquo;indemnit&eacute;s &agrave; 21 parties civiles rwandaises pr&eacute;sentes au proc&egrave;s de l&rsquo;ex-major rwandais Bernard Ntuyahaga. Des indemnit&eacute;s qui devraient rester symboliques.<br \/>\n<!--more-->Bernard Ntuyahaga a &eacute;t&eacute; condamn&eacute; le 5 juillet dernier &agrave; 20 ans de r&eacute;clusion pour l&rsquo;assassinat de dix Casques bleus belges &agrave; Kigali, le 7 avril 1994, ainsi que pour les assassinats de plusieurs familles rwandaises et d&rsquo;un &laquo; nombre ind&eacute;termin&eacute; de personnes &raquo;, selon les termes de l&rsquo;acte d&rsquo;accusation, entre le 6 avril et le 6 juin &agrave; Kigali. <\/p>\n<p>164 personnes, en comptant les membres des familles des paras belges, &eacute;taient repr&eacute;sent&eacute;es en tant que parties civiles &agrave; ce proc&egrave;s. <\/p>\n<p>Les juges, de m&ecirc;me que lors du deuxi&egrave;me &laquo; proc&egrave;s Rwanda &raquo; de 2005, ont estim&eacute; que le droit rwandais devait s&rsquo;appliquer pour le calcul des int&eacute;r&ecirc;ts civils. <\/p>\n<p>Des dispositions similaires aux codes civils belges et rwandais &eacute;tablissent, a argument&eacute; la pr&eacute;sidente Karin G&eacute;rard, que le cadre juridique de la responsabilit&eacute; civile est la loi du pays o&ugrave; se sont d&eacute;roul&eacute;s les faits. <\/p>\n<p>Une jurisprudence rwandaise fixe des montants d&rsquo;indemnisation allant de 500 000 &agrave; 5 000 000 de francs rwandais selon le lien familial entre la victime et le plaignant. Les montants en euros sont calcul&eacute;s selon le taux de change en vigueur en 1994. <\/p>\n<p>Contre toute attente, la Cour a largement re&ccedil;u les constitutions de parties civiles rentrant dans la cat&eacute;gorie du &laquo; nombre ind&eacute;termin&eacute; de personnes &raquo; assassin&eacute;es &agrave; Kigali, sans qu&rsquo;un lien de causalit&eacute; entre ces victimes et les agissements de Bernard Ntuyahaga ait toujours d&ucirc; &ecirc;tre prouv&eacute;. Etablir le lieu (Kigali) et la date (entre le 6 avril et le 6 juin) de la mort d&rsquo;un proche a, semble-t-il, paru suffisant &agrave; la Cour. <\/p>\n<p>A rebours de cette ouverture, les magistrats, se basant sur les conditions exig&eacute;es par le droit rwandais, ont &eacute;t&eacute; stricts sur les pi&egrave;ces &agrave; produire : ainsi nombre de ces parties civiles ont-elles &eacute;t&eacute; finalement d&eacute;bout&eacute;es par manque, selon les juges, de documents attestant d&rsquo;un lien de parent&eacute; avec les victimes, absence de l&rsquo;acte de d&eacute;c&egrave;s, ou encore &agrave; cause d&rsquo;actes de d&eacute;c&egrave;s ne pr&eacute;cisant pas o&ugrave; celui-ci a eu lieu. <\/p>\n<p>Dans le m&ecirc;me sens, l&rsquo;Etat belge, qui demandait un euro provisionnel pour dommages mat&eacute;riels au titre de l&rsquo;argent (2 412 525 francs belges) d&eacute;j&agrave; vers&eacute; en 1994 &agrave; chaque famille des Casques bleus, &laquo; n&rsquo;est pas fond&eacute; &agrave; agir car il n&rsquo;a produit aucune pi&egrave;ce &eacute;tablissant le versement de cette somme aux int&eacute;ress&eacute;s &raquo;, est-il dit dans l&rsquo;arr&ecirc;t. <\/p>\n<p>Les familles belges se sont vu pour leur part reconna&icirc;tre des indemnit&eacute;s d&rsquo;un total de pr&egrave;s de 90 000 euros, &eacute;galement calcul&eacute;es selon la jurisprudence rwandaise. <\/p>\n<p>Si l&rsquo;Etat rwandais s&rsquo;est vu reconna&icirc;tre un euro provisionnel pour dommage moral en raison des &laquo; crimes de guerre &raquo; commis par Ntuyahaga qui ont &laquo; port&eacute; atteinte &agrave; son honneur et &agrave; sa consid&eacute;ration face &agrave; la communaut&eacute; internationale &raquo;, les juges ont estim&eacute; manquer d&rsquo;&eacute;l&eacute;ments pour &eacute;valuer les dommages mat&eacute;riels. L&rsquo;Etat rwandais, par son conseil Me Serge Moureaux, avait notamment soulign&eacute; la cr&eacute;ation d&rsquo;un fonds d&rsquo;assistance aux victimes. La Cour a d&eacute;cid&eacute; de surseoir &agrave; cette &eacute;valuation. <\/p>\n<p>Elle surseoit aussi &agrave; la demande de Me Luc de Temmerman, avocat de Bernard Ntuyahaga, afin que l&rsquo;Etat rwandais garantisse le versement aux victimes des indemnit&eacute;s. Me De Temmerman avait en effet estim&eacute; que le Rwanda devrait garantir ces sommes car il &eacute;tait l&rsquo;employeur de son client, militaire au moment des faits. <\/p>\n<p>Mais il s&rsquo;agit d&rsquo;une action civile devant une juridiction p&eacute;nale, ont estim&eacute; les juges qui attendent davantage &laquo; d&rsquo;explications &raquo; sur le fondement de cette demande. <\/p>\n<p>Des avocats estiment qu&rsquo;il s&rsquo;agirait l&agrave; d&rsquo;un moyen pour les parties civiles rwandaises de toucher de l&rsquo;argent, les conditions pour pr&eacute;tendre au fonds belge d&rsquo;indemnisation des victimes des actes intentionnels de violence n&rsquo;&eacute;tant pas remplies dans ce genre d&rsquo;affaires. <\/p>\n<p>En 2005, en effet, des indemnit&eacute;s avaient &eacute;t&eacute; reconnues. Mais aucune somme n&rsquo;a jamais pu &ecirc;tre vers&eacute;e aux proches des victimes rwandaises, due &agrave; l&rsquo;insolvabilit&eacute; des condamn&eacute;s que ne pallie aucun dispositif d&rsquo;indemnisation. Lors du premier &laquo; proc&egrave;s Rwanda &raquo; de 2001, la Cour n&rsquo;avait pas statu&eacute; sur les int&eacute;r&ecirc;ts civils. <\/p>\n<p>Ces indemnit&eacute;s resteront &eacute;galement symboliques pour les familles belges, dont certaines ont d&eacute;j&agrave; &eacute;t&eacute; indemnis&eacute;es dans le cadre d&rsquo;autres proc&eacute;dures. <\/p>\n<p>Le proc&egrave;s de Bernard Ntuyahaga, qui s&rsquo;est ouvert le 19 avril dernier et a dur&eacute; 11 semaines, &eacute;tait le troisi&egrave;me en lien avec le g&eacute;nocide rwandais pour lequel la Belgique appliquait sa loi dite de &laquo; comp&eacute;tence universelle &raquo;. <\/p>\n<p>BF\/PB\/GF<br \/>\n&copy; Agence Hirondelle<\/p>\n","protected":false},"excerpt":{"rendered":"<p>Bruxelles, 11 septembre 2007 (FH) &ndash; La Cour d&rsquo;assises, dans un arr&ecirc;t rendu mardi matin, a reconnu un total de 540 000 euros (406 millions de francs rwandais) d&rsquo;indemnit&eacute;s &agrave; 21 parties civiles rwandaises pr&eacute;sentes au proc&egrave;s de l&rsquo;ex-major rwandais Bernard Ntuyahaga. Des indemnit&eacute;s qui devraient rester symboliques.<\/p>\n","protected":false},"author":64,"featured_media":0,"comment_status":"open","ping_status":"closed","sticky":false,"template":"","format":"standard","meta":{"_acf_changed":false,"footnotes":""},"categories":[554],"tags":[],"ji_location":[],"class_list":["post-8266","post","type-post","status-publish","format-standard","hentry","category-hirondellenews"],"acf":[],"yoast_head":"<!-- This site is optimized with the Yoast SEO Premium plugin v25.3.1 (Yoast SEO v25.3.1) - https:\/\/yoast.com\/wordpress\/plugins\/seo\/ -->\n<title>11.09.07 - RWANDA\/BELGIQUE - NTUYAHAGA CONDAMNE A DE FORTES INDEMNISATIONS - JusticeInfo.net<\/title>\n<meta name=\"robots\" content=\"index, follow, max-snippet:-1, max-image-preview:large, max-video-preview:-1\" \/>\n<link rel=\"canonical\" href=\"https:\/\/www.justiceinfo.net\/fr\/8266-110907-rwandabelgique-ntuyahaga-condamne-a-de-fortes-indemnisations5066.html\" \/>\n<meta property=\"og:locale\" content=\"fr_FR\" \/>\n<meta property=\"og:type\" content=\"article\" \/>\n<meta property=\"og:title\" content=\"11.09.07 - RWANDA\/BELGIQUE - NTUYAHAGA CONDAMNE A DE FORTES INDEMNISATIONS\" \/>\n<meta property=\"og:description\" content=\"Bruxelles, 11 septembre 2007 (FH) &ndash; La Cour d&rsquo;assises, dans un arr&ecirc;t rendu mardi matin, a reconnu un total de 540 000 euros (406 millions de francs rwandais) d&rsquo;indemnit&eacute;s &agrave; 21 parties civiles rwandaises pr&eacute;sentes au proc&egrave;s de l&rsquo;ex-major rwandais Bernard Ntuyahaga. Des indemnit&eacute;s qui devraient rester symboliques.\" \/>\n<meta property=\"og:url\" content=\"https:\/\/www.justiceinfo.net\/fr\/8266-110907-rwandabelgique-ntuyahaga-condamne-a-de-fortes-indemnisations5066.html\" \/>\n<meta property=\"og:site_name\" content=\"JusticeInfo.net\" \/>\n<meta property=\"article:publisher\" content=\"https:\/\/www.facebook.com\/JusticeInfo\/\" \/>\n<meta property=\"article:published_time\" content=\"2007-09-10T22:00:00+00:00\" \/>\n<meta property=\"og:image\" content=\"https:\/\/www.justiceinfo.net\/wp-content\/uploads\/JusticeInfoNet_logo_1200x630px.jpg\" \/>\n\t<meta property=\"og:image:width\" content=\"1200\" \/>\n\t<meta property=\"og:image:height\" content=\"630\" \/>\n\t<meta property=\"og:image:type\" content=\"image\/jpeg\" \/>\n<meta name=\"author\" content=\"solivri\" \/>\n<meta name=\"twitter:card\" content=\"summary_large_image\" \/>\n<meta name=\"twitter:creator\" content=\"@justiceinfonet\" \/>\n<meta name=\"twitter:site\" content=\"@justiceinfonet\" \/>\n<meta name=\"twitter:label1\" content=\"\u00c9crit par\" \/>\n\t<meta name=\"twitter:data1\" content=\"solivri\" \/>\n\t<meta name=\"twitter:label2\" content=\"Dur\u00e9e de lecture estim\u00e9e\" \/>\n\t<meta name=\"twitter:data2\" content=\"5 minutes\" \/>\n<script type=\"application\/ld+json\" class=\"yoast-schema-graph\">{\"@context\":\"https:\/\/schema.org\",\"@graph\":[{\"@type\":\"NewsArticle\",\"@id\":\"https:\/\/www.justiceinfo.net\/fr\/8266-110907-rwandabelgique-ntuyahaga-condamne-a-de-fortes-indemnisations5066.html#article\",\"isPartOf\":{\"@id\":\"https:\/\/www.justiceinfo.net\/fr\/8266-110907-rwandabelgique-ntuyahaga-condamne-a-de-fortes-indemnisations5066.html\"},\"author\":{\"name\":\"solivri\",\"@id\":\"https:\/\/www.justiceinfo.net\/fr#\/schema\/person\/6e53cba1629e2e66f3fc1821d3091865\"},\"headline\":\"11.09.07 - RWANDA\/BELGIQUE - NTUYAHAGA CONDAMNE A DE FORTES INDEMNISATIONS\",\"datePublished\":\"2007-09-10T22:00:00+00:00\",\"mainEntityOfPage\":{\"@id\":\"https:\/\/www.justiceinfo.net\/fr\/8266-110907-rwandabelgique-ntuyahaga-condamne-a-de-fortes-indemnisations5066.html\"},\"wordCount\":1024,\"commentCount\":0,\"publisher\":{\"@id\":\"https:\/\/www.justiceinfo.net\/fr#organization\"},\"articleSection\":[\"Hirondelle News\"],\"inLanguage\":\"fr-FR\",\"potentialAction\":[{\"@type\":\"CommentAction\",\"name\":\"Comment\",\"target\":[\"https:\/\/www.justiceinfo.net\/fr\/8266-110907-rwandabelgique-ntuyahaga-condamne-a-de-fortes-indemnisations5066.html#respond\"]}]},{\"@type\":\"WebPage\",\"@id\":\"https:\/\/www.justiceinfo.net\/fr\/8266-110907-rwandabelgique-ntuyahaga-condamne-a-de-fortes-indemnisations5066.html\",\"url\":\"https:\/\/www.justiceinfo.net\/fr\/8266-110907-rwandabelgique-ntuyahaga-condamne-a-de-fortes-indemnisations5066.html\",\"name\":\"11.09.07 - RWANDA\/BELGIQUE - NTUYAHAGA CONDAMNE A DE FORTES INDEMNISATIONS - JusticeInfo.net\",\"isPartOf\":{\"@id\":\"https:\/\/www.justiceinfo.net\/fr#website\"},\"datePublished\":\"2007-09-10T22:00:00+00:00\",\"breadcrumb\":{\"@id\":\"https:\/\/www.justiceinfo.net\/fr\/8266-110907-rwandabelgique-ntuyahaga-condamne-a-de-fortes-indemnisations5066.html#breadcrumb\"},\"inLanguage\":\"fr-FR\",\"potentialAction\":[{\"@type\":\"ReadAction\",\"target\":[\"https:\/\/www.justiceinfo.net\/fr\/8266-110907-rwandabelgique-ntuyahaga-condamne-a-de-fortes-indemnisations5066.html\"]}]},{\"@type\":\"BreadcrumbList\",\"@id\":\"https:\/\/www.justiceinfo.net\/fr\/8266-110907-rwandabelgique-ntuyahaga-condamne-a-de-fortes-indemnisations5066.html#breadcrumb\",\"itemListElement\":[{\"@type\":\"ListItem\",\"position\":1,\"name\":\"Home\",\"item\":\"https:\/\/www.justiceinfo.net\/fr\"},{\"@type\":\"ListItem\",\"position\":2,\"name\":\"11.09.07 - RWANDA\/BELGIQUE - NTUYAHAGA CONDAMNE A DE FORTES INDEMNISATIONS\"}]},{\"@type\":\"WebSite\",\"@id\":\"https:\/\/www.justiceinfo.net\/fr#website\",\"url\":\"https:\/\/www.justiceinfo.net\/fr\",\"name\":\"JusticeInfo.net\",\"description\":\"La justice doit \u00eatre vue pour \u00eatre rendue\",\"publisher\":{\"@id\":\"https:\/\/www.justiceinfo.net\/fr#organization\"},\"potentialAction\":[{\"@type\":\"SearchAction\",\"target\":{\"@type\":\"EntryPoint\",\"urlTemplate\":\"https:\/\/www.justiceinfo.net\/fr?s={search_term_string}\"},\"query-input\":{\"@type\":\"PropertyValueSpecification\",\"valueRequired\":true,\"valueName\":\"search_term_string\"}}],\"inLanguage\":\"fr-FR\"},{\"@type\":\"Organization\",\"@id\":\"https:\/\/www.justiceinfo.net\/fr#organization\",\"name\":\"Justice Info\",\"url\":\"https:\/\/www.justiceinfo.net\/fr\",\"logo\":{\"@type\":\"ImageObject\",\"inLanguage\":\"fr-FR\",\"@id\":\"https:\/\/www.justiceinfo.net\/fr#\/schema\/logo\/image\/\",\"url\":\"https:\/\/www.justiceinfo.net\/wp-content\/uploads\/justiceinfo_logo-trans_1200x1200px.png\",\"contentUrl\":\"https:\/\/www.justiceinfo.net\/wp-content\/uploads\/justiceinfo_logo-trans_1200x1200px.png\",\"width\":1199,\"height\":1200,\"caption\":\"Justice Info\"},\"image\":{\"@id\":\"https:\/\/www.justiceinfo.net\/fr#\/schema\/logo\/image\/\"},\"sameAs\":[\"https:\/\/www.facebook.com\/JusticeInfo\/\",\"https:\/\/x.com\/justiceinfonet\",\"https:\/\/www.linkedin.com\/company\/justice-info\",\"https:\/\/www.youtube.com\/channel\/UCyCEsARodyuWtkWyhn-e7pA\"]},{\"@type\":\"Person\",\"name\":\"solivri\",\"url\":\"\/fr\/?s=solivri\"}]}<\/script>\n<!-- \/ Yoast SEO Premium plugin. -->","yoast_head_json":{"title":"11.09.07 - RWANDA\/BELGIQUE - NTUYAHAGA CONDAMNE A DE FORTES INDEMNISATIONS - JusticeInfo.net","robots":{"index":"index","follow":"follow","max-snippet":"max-snippet:-1","max-image-preview":"max-image-preview:large","max-video-preview":"max-video-preview:-1"},"canonical":"https:\/\/www.justiceinfo.net\/fr\/8266-110907-rwandabelgique-ntuyahaga-condamne-a-de-fortes-indemnisations5066.html","og_locale":"fr_FR","og_type":"article","og_title":"11.09.07 - RWANDA\/BELGIQUE - NTUYAHAGA CONDAMNE A DE FORTES INDEMNISATIONS","og_description":"Bruxelles, 11 septembre 2007 (FH) &ndash; La Cour d&rsquo;assises, dans un arr&ecirc;t rendu mardi matin, a reconnu un total de 540 000 euros (406 millions de francs rwandais) d&rsquo;indemnit&eacute;s &agrave; 21 parties civiles rwandaises pr&eacute;sentes au proc&egrave;s de l&rsquo;ex-major rwandais Bernard Ntuyahaga. Des indemnit&eacute;s qui devraient rester symboliques.","og_url":"https:\/\/www.justiceinfo.net\/fr\/8266-110907-rwandabelgique-ntuyahaga-condamne-a-de-fortes-indemnisations5066.html","og_site_name":"JusticeInfo.net","article_publisher":"https:\/\/www.facebook.com\/JusticeInfo\/","article_published_time":"2007-09-10T22:00:00+00:00","og_image":[{"width":1200,"height":630,"url":"https:\/\/www.justiceinfo.net\/wp-content\/uploads\/JusticeInfoNet_logo_1200x630px.jpg","type":"image\/jpeg"}],"author":"solivri","twitter_card":"summary_large_image","twitter_creator":"@justiceinfonet","twitter_site":"@justiceinfonet","twitter_misc":{"\u00c9crit par":"solivri","Dur\u00e9e de lecture estim\u00e9e":"5 minutes"},"schema":{"@context":"https:\/\/schema.org","@graph":[{"@type":"NewsArticle","@id":"https:\/\/www.justiceinfo.net\/fr\/8266-110907-rwandabelgique-ntuyahaga-condamne-a-de-fortes-indemnisations5066.html#article","isPartOf":{"@id":"https:\/\/www.justiceinfo.net\/fr\/8266-110907-rwandabelgique-ntuyahaga-condamne-a-de-fortes-indemnisations5066.html"},"author":{"name":"solivri","@id":"https:\/\/www.justiceinfo.net\/fr#\/schema\/person\/6e53cba1629e2e66f3fc1821d3091865"},"headline":"11.09.07 - RWANDA\/BELGIQUE - NTUYAHAGA CONDAMNE A DE FORTES INDEMNISATIONS","datePublished":"2007-09-10T22:00:00+00:00","mainEntityOfPage":{"@id":"https:\/\/www.justiceinfo.net\/fr\/8266-110907-rwandabelgique-ntuyahaga-condamne-a-de-fortes-indemnisations5066.html"},"wordCount":1024,"commentCount":0,"publisher":{"@id":"https:\/\/www.justiceinfo.net\/fr#organization"},"articleSection":["Hirondelle News"],"inLanguage":"fr-FR","potentialAction":[{"@type":"CommentAction","name":"Comment","target":["https:\/\/www.justiceinfo.net\/fr\/8266-110907-rwandabelgique-ntuyahaga-condamne-a-de-fortes-indemnisations5066.html#respond"]}]},{"@type":"WebPage","@id":"https:\/\/www.justiceinfo.net\/fr\/8266-110907-rwandabelgique-ntuyahaga-condamne-a-de-fortes-indemnisations5066.html","url":"https:\/\/www.justiceinfo.net\/fr\/8266-110907-rwandabelgique-ntuyahaga-condamne-a-de-fortes-indemnisations5066.html","name":"11.09.07 - RWANDA\/BELGIQUE - NTUYAHAGA CONDAMNE A DE FORTES INDEMNISATIONS - JusticeInfo.net","isPartOf":{"@id":"https:\/\/www.justiceinfo.net\/fr#website"},"datePublished":"2007-09-10T22:00:00+00:00","breadcrumb":{"@id":"https:\/\/www.justiceinfo.net\/fr\/8266-110907-rwandabelgique-ntuyahaga-condamne-a-de-fortes-indemnisations5066.html#breadcrumb"},"inLanguage":"fr-FR","potentialAction":[{"@type":"ReadAction","target":["https:\/\/www.justiceinfo.net\/fr\/8266-110907-rwandabelgique-ntuyahaga-condamne-a-de-fortes-indemnisations5066.html"]}]},{"@type":"BreadcrumbList","@id":"https:\/\/www.justiceinfo.net\/fr\/8266-110907-rwandabelgique-ntuyahaga-condamne-a-de-fortes-indemnisations5066.html#breadcrumb","itemListElement":[{"@type":"ListItem","position":1,"name":"Home","item":"https:\/\/www.justiceinfo.net\/fr"},{"@type":"ListItem","position":2,"name":"11.09.07 - RWANDA\/BELGIQUE - NTUYAHAGA CONDAMNE A DE FORTES INDEMNISATIONS"}]},{"@type":"WebSite","@id":"https:\/\/www.justiceinfo.net\/fr#website","url":"https:\/\/www.justiceinfo.net\/fr","name":"JusticeInfo.net","description":"La justice doit \u00eatre vue pour \u00eatre rendue","publisher":{"@id":"https:\/\/www.justiceinfo.net\/fr#organization"},"potentialAction":[{"@type":"SearchAction","target":{"@type":"EntryPoint","urlTemplate":"https:\/\/www.justiceinfo.net\/fr?s={search_term_string}"},"query-input":{"@type":"PropertyValueSpecification","valueRequired":true,"valueName":"search_term_string"}}],"inLanguage":"fr-FR"},{"@type":"Organization","@id":"https:\/\/www.justiceinfo.net\/fr#organization","name":"Justice Info","url":"https:\/\/www.justiceinfo.net\/fr","logo":{"@type":"ImageObject","inLanguage":"fr-FR","@id":"https:\/\/www.justiceinfo.net\/fr#\/schema\/logo\/image\/","url":"https:\/\/www.justiceinfo.net\/wp-content\/uploads\/justiceinfo_logo-trans_1200x1200px.png","contentUrl":"https:\/\/www.justiceinfo.net\/wp-content\/uploads\/justiceinfo_logo-trans_1200x1200px.png","width":1199,"height":1200,"caption":"Justice Info"},"image":{"@id":"https:\/\/www.justiceinfo.net\/fr#\/schema\/logo\/image\/"},"sameAs":["https:\/\/www.facebook.com\/JusticeInfo\/","https:\/\/x.com\/justiceinfonet","https:\/\/www.linkedin.com\/company\/justice-info","https:\/\/www.youtube.com\/channel\/UCyCEsARodyuWtkWyhn-e7pA"]},{"@type":"Person","name":"solivri","url":"\/fr\/?s=solivri"}]}},"_links":{"self":[{"href":"https:\/\/www.justiceinfo.net\/fr\/wp-json\/wp\/v2\/posts\/8266","targetHints":{"allow":["GET"]}}],"collection":[{"href":"https:\/\/www.justiceinfo.net\/fr\/wp-json\/wp\/v2\/posts"}],"about":[{"href":"https:\/\/www.justiceinfo.net\/fr\/wp-json\/wp\/v2\/types\/post"}],"author":[{"embeddable":true,"href":"https:\/\/www.justiceinfo.net\/fr\/wp-json\/wp\/v2\/users\/64"}],"replies":[{"embeddable":true,"href":"https:\/\/www.justiceinfo.net\/fr\/wp-json\/wp\/v2\/comments?post=8266"}],"version-history":[{"count":0,"href":"https:\/\/www.justiceinfo.net\/fr\/wp-json\/wp\/v2\/posts\/8266\/revisions"}],"wp:attachment":[{"href":"https:\/\/www.justiceinfo.net\/fr\/wp-json\/wp\/v2\/media?parent=8266"}],"wp:term":[{"taxonomy":"category","embeddable":true,"href":"https:\/\/www.justiceinfo.net\/fr\/wp-json\/wp\/v2\/categories?post=8266"},{"taxonomy":"post_tag","embeddable":true,"href":"https:\/\/www.justiceinfo.net\/fr\/wp-json\/wp\/v2\/tags?post=8266"},{"taxonomy":"ji_location","embeddable":true,"href":"https:\/\/www.justiceinfo.net\/fr\/wp-json\/wp\/v2\/ji_location?post=8266"}],"curies":[{"name":"wp","href":"https:\/\/api.w.org\/{rel}","templated":true}]}}