{"id":8302,"date":"2007-09-18T00:00:00","date_gmt":"2007-09-17T22:00:00","guid":{"rendered":"https:\/\/www.justiceinfo.net\/8302-180907-tpirbutare-reytjens-revient-au-tpir-a-la-demande-de-la-defense5102.html"},"modified":"2007-09-18T00:00:00","modified_gmt":"2007-09-17T22:00:00","slug":"180907-tpirbutare-reytjens-revient-au-tpir-a-la-demande-de-la-defense5102","status":"publish","type":"post","link":"https:\/\/www.justiceinfo.net\/fr\/8302-180907-tpirbutare-reytjens-revient-au-tpir-a-la-demande-de-la-defense5102.html","title":{"rendered":"18.09.07 - TPIR\/BUTARE - REYTJENS REVIENT AU TPIR A LA DEMANDE DE LA DEFENSE"},"content":{"rendered":"<p>Arusha, 18 septembre 2007 (FH) - Le professeur Filip Reyntjens, un historien belge sp&eacute;cialiste du Rwanda qui avait annonc&eacute; en 2005 son intention de ne plus collaborer avec le procureur du Tribunal p&eacute;nal international pour le Rwanda (TPIR) tant qu&rsquo;il n&rsquo;aurait pas mis en cause des &eacute;l&eacute;ments du FPR, a commenc&eacute; mardi &agrave; t&eacute;moigner en faveur d&rsquo;un accus&eacute; du TPIR.<br \/>\n<!--more-->Ce t&eacute;moignage pour la d&eacute;fense de Joseph Kanyabashi, l&rsquo;ancien maire de Ngoma, devrait durer deux semaines. Kanyabashi est jug&eacute; avec cinq autres personnes dans le proc&egrave;s de Butare qui a commenc&eacute; en juin 2001. Il plaide non coupable. Le t&eacute;moignage de Reyntjens en &eacute;tait encore en d&eacute;but d&rsquo;apr&egrave;s midi, avant ajournement &agrave; mercredi, au d&eacute;bat sur les qualifications du t&eacute;moin. <\/p>\n<p>L&rsquo;historien belge, t&eacute;moin expert dans plusieurs proc&egrave;s du TPIR, auteur de plusieurs ouvrages sur le Rwanda et sur le g&eacute;nocide de 1994, avait le 11 janvier 2005 annonc&eacute; qu&rsquo;il ne collaborerait plus avec les services du procureur tant qu&rsquo;ils n&rsquo;auraient mis en accusation des membres du Front patriotique rwandais (FPR), l&rsquo;ex-r&eacute;bellion, au pouvoir depuis dix ans &agrave; Kigali. <\/p>\n<p>Dans une lettre adress&eacute;e au procureur, il avait alors &eacute;crit que l&rsquo;&eacute;chec du TPIR &agrave; poursuivre ceux qui ont commis des crimes de guerre ou contre l&rsquo;humanit&eacute; &eacute;quivalait &agrave; &laquo;reconna&icirc;tre la justice des vainqueurs&raquo;, et faisait courir au TPIR le risque de &laquo;devenir une partie du probl&egrave;me plut&ocirc;t que de la solution&raquo;.<\/p>\n<p>Il avait alors rappel&eacute; que des enqu&ecirc;tes sp&eacute;ciales avaient rassembl&eacute; des &laquo;preuves concordantes de nombreux massacres commis par le FPR en 1994&raquo;. Ces crimes, &eacute;crivait-il, &laquo;rentrent dans le cadre du mandat du TPIR, ils sont bien document&eacute;s, des t&eacute;moignages et des preuves mat&eacute;rielles existent et l&rsquo;identit&eacute; des suspects du FPR est connue&raquo;. En ne poursuivant pas le FPR, ajoutait l&rsquo;historien, le TPIR manque &agrave; l&rsquo;un de ses objectifs qui est de &laquo;contribuer &agrave; la r&eacute;conciliation nationale, &agrave; la restauration et au maintien de la paix&raquo;. <\/p>\n<p>Dans un livre paru r&eacute;cemment, la porte parole de Carla Del Ponte, ancien procureur du TPIR affirme que ces enqu&ecirc;tes sp&eacute;ciales ont &eacute;t&eacute; abandonn&eacute;es en 2003 sur pression des Etats-Unis. L&rsquo;actuel procureur M. Hassan Jallow r&eacute;plique, quand il est interrog&eacute; &agrave; ce sujet, que les r&eacute;sultats de ces enqu&ecirc;tes sont en cours d&rsquo;examen. <\/p>\n<p>PB\/ER\/GF<br \/>\n&copy; Agence Hirondelle<\/p>\n","protected":false},"excerpt":{"rendered":"<p>Arusha, 18 septembre 2007 (FH) - Le professeur Filip Reyntjens, un historien belge sp&eacute;cialiste du Rwanda qui avait annonc&eacute; en 2005 son intention de ne plus collaborer avec le procureur du Tribunal p&eacute;nal international pour le Rwanda (TPIR) tant qu&rsquo;il n&rsquo;aurait pas mis en cause des &eacute;l&eacute;ments du FPR, a commenc&eacute; mardi &agrave; t&eacute;moigner en [&hellip;]<\/p>\n","protected":false},"author":64,"featured_media":0,"comment_status":"open","ping_status":"closed","sticky":false,"template":"","format":"standard","meta":{"_acf_changed":false,"footnotes":""},"categories":[554],"tags":[],"ji_location":[],"class_list":["post-8302","post","type-post","status-publish","format-standard","hentry","category-hirondellenews"],"acf":[],"yoast_head":"<!-- This site is optimized with the Yoast SEO Premium plugin v25.3.1 (Yoast SEO v25.3.1) - https:\/\/yoast.com\/wordpress\/plugins\/seo\/ -->\n<title>18.09.07 - TPIR\/BUTARE - REYTJENS REVIENT AU TPIR A LA DEMANDE DE LA DEFENSE - JusticeInfo.net<\/title>\n<meta name=\"robots\" content=\"index, follow, max-snippet:-1, max-image-preview:large, max-video-preview:-1\" \/>\n<link rel=\"canonical\" href=\"https:\/\/www.justiceinfo.net\/fr\/8302-180907-tpirbutare-reytjens-revient-au-tpir-a-la-demande-de-la-defense5102.html\" \/>\n<meta property=\"og:locale\" content=\"fr_FR\" \/>\n<meta property=\"og:type\" content=\"article\" \/>\n<meta property=\"og:title\" content=\"18.09.07 - TPIR\/BUTARE - REYTJENS REVIENT AU TPIR A LA DEMANDE DE LA DEFENSE\" \/>\n<meta property=\"og:description\" content=\"Arusha, 18 septembre 2007 (FH) - Le professeur Filip Reyntjens, un historien belge sp&eacute;cialiste du Rwanda qui avait annonc&eacute; en 2005 son intention de ne plus collaborer avec le procureur du Tribunal p&eacute;nal international pour le Rwanda (TPIR) tant qu&rsquo;il n&rsquo;aurait pas mis en cause des &eacute;l&eacute;ments du FPR, a commenc&eacute; mardi &agrave; t&eacute;moigner en [&hellip;]\" \/>\n<meta property=\"og:url\" content=\"https:\/\/www.justiceinfo.net\/fr\/8302-180907-tpirbutare-reytjens-revient-au-tpir-a-la-demande-de-la-defense5102.html\" \/>\n<meta property=\"og:site_name\" content=\"JusticeInfo.net\" \/>\n<meta property=\"article:publisher\" content=\"https:\/\/www.facebook.com\/JusticeInfo\/\" \/>\n<meta property=\"article:published_time\" content=\"2007-09-17T22:00:00+00:00\" \/>\n<meta property=\"og:image\" content=\"https:\/\/www.justiceinfo.net\/wp-content\/uploads\/JusticeInfoNet_logo_1200x630px.jpg\" \/>\n\t<meta property=\"og:image:width\" content=\"1200\" \/>\n\t<meta property=\"og:image:height\" content=\"630\" \/>\n\t<meta property=\"og:image:type\" content=\"image\/jpeg\" \/>\n<meta name=\"author\" content=\"solivri\" \/>\n<meta name=\"twitter:card\" content=\"summary_large_image\" \/>\n<meta name=\"twitter:creator\" content=\"@justiceinfonet\" \/>\n<meta name=\"twitter:site\" content=\"@justiceinfonet\" \/>\n<meta name=\"twitter:label1\" content=\"\u00c9crit par\" \/>\n\t<meta name=\"twitter:data1\" content=\"solivri\" \/>\n\t<meta name=\"twitter:label2\" content=\"Dur\u00e9e de lecture estim\u00e9e\" \/>\n\t<meta name=\"twitter:data2\" content=\"2 minutes\" \/>\n<script type=\"application\/ld+json\" class=\"yoast-schema-graph\">{\"@context\":\"https:\/\/schema.org\",\"@graph\":[{\"@type\":\"NewsArticle\",\"@id\":\"https:\/\/www.justiceinfo.net\/fr\/8302-180907-tpirbutare-reytjens-revient-au-tpir-a-la-demande-de-la-defense5102.html#article\",\"isPartOf\":{\"@id\":\"https:\/\/www.justiceinfo.net\/fr\/8302-180907-tpirbutare-reytjens-revient-au-tpir-a-la-demande-de-la-defense5102.html\"},\"author\":{\"name\":\"solivri\",\"@id\":\"https:\/\/www.justiceinfo.net\/fr#\/schema\/person\/6e53cba1629e2e66f3fc1821d3091865\"},\"headline\":\"18.09.07 - TPIR\/BUTARE - REYTJENS REVIENT AU TPIR A LA DEMANDE DE LA DEFENSE\",\"datePublished\":\"2007-09-17T22:00:00+00:00\",\"mainEntityOfPage\":{\"@id\":\"https:\/\/www.justiceinfo.net\/fr\/8302-180907-tpirbutare-reytjens-revient-au-tpir-a-la-demande-de-la-defense5102.html\"},\"wordCount\":508,\"commentCount\":0,\"publisher\":{\"@id\":\"https:\/\/www.justiceinfo.net\/fr#organization\"},\"articleSection\":[\"Hirondelle News\"],\"inLanguage\":\"fr-FR\",\"potentialAction\":[{\"@type\":\"CommentAction\",\"name\":\"Comment\",\"target\":[\"https:\/\/www.justiceinfo.net\/fr\/8302-180907-tpirbutare-reytjens-revient-au-tpir-a-la-demande-de-la-defense5102.html#respond\"]}]},{\"@type\":\"WebPage\",\"@id\":\"https:\/\/www.justiceinfo.net\/fr\/8302-180907-tpirbutare-reytjens-revient-au-tpir-a-la-demande-de-la-defense5102.html\",\"url\":\"https:\/\/www.justiceinfo.net\/fr\/8302-180907-tpirbutare-reytjens-revient-au-tpir-a-la-demande-de-la-defense5102.html\",\"name\":\"18.09.07 - TPIR\/BUTARE - REYTJENS REVIENT AU TPIR A LA DEMANDE DE LA DEFENSE - JusticeInfo.net\",\"isPartOf\":{\"@id\":\"https:\/\/www.justiceinfo.net\/fr#website\"},\"datePublished\":\"2007-09-17T22:00:00+00:00\",\"breadcrumb\":{\"@id\":\"https:\/\/www.justiceinfo.net\/fr\/8302-180907-tpirbutare-reytjens-revient-au-tpir-a-la-demande-de-la-defense5102.html#breadcrumb\"},\"inLanguage\":\"fr-FR\",\"potentialAction\":[{\"@type\":\"ReadAction\",\"target\":[\"https:\/\/www.justiceinfo.net\/fr\/8302-180907-tpirbutare-reytjens-revient-au-tpir-a-la-demande-de-la-defense5102.html\"]}]},{\"@type\":\"BreadcrumbList\",\"@id\":\"https:\/\/www.justiceinfo.net\/fr\/8302-180907-tpirbutare-reytjens-revient-au-tpir-a-la-demande-de-la-defense5102.html#breadcrumb\",\"itemListElement\":[{\"@type\":\"ListItem\",\"position\":1,\"name\":\"Home\",\"item\":\"https:\/\/www.justiceinfo.net\/fr\"},{\"@type\":\"ListItem\",\"position\":2,\"name\":\"18.09.07 - TPIR\/BUTARE - REYTJENS REVIENT AU TPIR A LA DEMANDE DE LA DEFENSE\"}]},{\"@type\":\"WebSite\",\"@id\":\"https:\/\/www.justiceinfo.net\/fr#website\",\"url\":\"https:\/\/www.justiceinfo.net\/fr\",\"name\":\"JusticeInfo.net\",\"description\":\"La justice doit \u00eatre vue pour \u00eatre rendue\",\"publisher\":{\"@id\":\"https:\/\/www.justiceinfo.net\/fr#organization\"},\"potentialAction\":[{\"@type\":\"SearchAction\",\"target\":{\"@type\":\"EntryPoint\",\"urlTemplate\":\"https:\/\/www.justiceinfo.net\/fr?s={search_term_string}\"},\"query-input\":{\"@type\":\"PropertyValueSpecification\",\"valueRequired\":true,\"valueName\":\"search_term_string\"}}],\"inLanguage\":\"fr-FR\"},{\"@type\":\"Organization\",\"@id\":\"https:\/\/www.justiceinfo.net\/fr#organization\",\"name\":\"Justice Info\",\"url\":\"https:\/\/www.justiceinfo.net\/fr\",\"logo\":{\"@type\":\"ImageObject\",\"inLanguage\":\"fr-FR\",\"@id\":\"https:\/\/www.justiceinfo.net\/fr#\/schema\/logo\/image\/\",\"url\":\"https:\/\/www.justiceinfo.net\/wp-content\/uploads\/justiceinfo_logo-trans_1200x1200px.png\",\"contentUrl\":\"https:\/\/www.justiceinfo.net\/wp-content\/uploads\/justiceinfo_logo-trans_1200x1200px.png\",\"width\":1199,\"height\":1200,\"caption\":\"Justice Info\"},\"image\":{\"@id\":\"https:\/\/www.justiceinfo.net\/fr#\/schema\/logo\/image\/\"},\"sameAs\":[\"https:\/\/www.facebook.com\/JusticeInfo\/\",\"https:\/\/x.com\/justiceinfonet\",\"https:\/\/www.linkedin.com\/company\/justice-info\",\"https:\/\/www.youtube.com\/channel\/UCyCEsARodyuWtkWyhn-e7pA\"]},{\"@type\":\"Person\",\"name\":\"solivri\",\"url\":\"\/fr\/?s=solivri\"}]}<\/script>\n<!-- \/ Yoast SEO Premium plugin. -->","yoast_head_json":{"title":"18.09.07 - TPIR\/BUTARE - REYTJENS REVIENT AU TPIR A LA DEMANDE DE LA DEFENSE - JusticeInfo.net","robots":{"index":"index","follow":"follow","max-snippet":"max-snippet:-1","max-image-preview":"max-image-preview:large","max-video-preview":"max-video-preview:-1"},"canonical":"https:\/\/www.justiceinfo.net\/fr\/8302-180907-tpirbutare-reytjens-revient-au-tpir-a-la-demande-de-la-defense5102.html","og_locale":"fr_FR","og_type":"article","og_title":"18.09.07 - TPIR\/BUTARE - REYTJENS REVIENT AU TPIR A LA DEMANDE DE LA DEFENSE","og_description":"Arusha, 18 septembre 2007 (FH) - Le professeur Filip Reyntjens, un historien belge sp&eacute;cialiste du Rwanda qui avait annonc&eacute; en 2005 son intention de ne plus collaborer avec le procureur du Tribunal p&eacute;nal international pour le Rwanda (TPIR) tant qu&rsquo;il n&rsquo;aurait pas mis en cause des &eacute;l&eacute;ments du FPR, a commenc&eacute; mardi &agrave; t&eacute;moigner en [&hellip;]","og_url":"https:\/\/www.justiceinfo.net\/fr\/8302-180907-tpirbutare-reytjens-revient-au-tpir-a-la-demande-de-la-defense5102.html","og_site_name":"JusticeInfo.net","article_publisher":"https:\/\/www.facebook.com\/JusticeInfo\/","article_published_time":"2007-09-17T22:00:00+00:00","og_image":[{"width":1200,"height":630,"url":"https:\/\/www.justiceinfo.net\/wp-content\/uploads\/JusticeInfoNet_logo_1200x630px.jpg","type":"image\/jpeg"}],"author":"solivri","twitter_card":"summary_large_image","twitter_creator":"@justiceinfonet","twitter_site":"@justiceinfonet","twitter_misc":{"\u00c9crit par":"solivri","Dur\u00e9e de lecture estim\u00e9e":"2 minutes"},"schema":{"@context":"https:\/\/schema.org","@graph":[{"@type":"NewsArticle","@id":"https:\/\/www.justiceinfo.net\/fr\/8302-180907-tpirbutare-reytjens-revient-au-tpir-a-la-demande-de-la-defense5102.html#article","isPartOf":{"@id":"https:\/\/www.justiceinfo.net\/fr\/8302-180907-tpirbutare-reytjens-revient-au-tpir-a-la-demande-de-la-defense5102.html"},"author":{"name":"solivri","@id":"https:\/\/www.justiceinfo.net\/fr#\/schema\/person\/6e53cba1629e2e66f3fc1821d3091865"},"headline":"18.09.07 - TPIR\/BUTARE - REYTJENS REVIENT AU TPIR A LA DEMANDE DE LA DEFENSE","datePublished":"2007-09-17T22:00:00+00:00","mainEntityOfPage":{"@id":"https:\/\/www.justiceinfo.net\/fr\/8302-180907-tpirbutare-reytjens-revient-au-tpir-a-la-demande-de-la-defense5102.html"},"wordCount":508,"commentCount":0,"publisher":{"@id":"https:\/\/www.justiceinfo.net\/fr#organization"},"articleSection":["Hirondelle News"],"inLanguage":"fr-FR","potentialAction":[{"@type":"CommentAction","name":"Comment","target":["https:\/\/www.justiceinfo.net\/fr\/8302-180907-tpirbutare-reytjens-revient-au-tpir-a-la-demande-de-la-defense5102.html#respond"]}]},{"@type":"WebPage","@id":"https:\/\/www.justiceinfo.net\/fr\/8302-180907-tpirbutare-reytjens-revient-au-tpir-a-la-demande-de-la-defense5102.html","url":"https:\/\/www.justiceinfo.net\/fr\/8302-180907-tpirbutare-reytjens-revient-au-tpir-a-la-demande-de-la-defense5102.html","name":"18.09.07 - TPIR\/BUTARE - REYTJENS REVIENT AU TPIR A LA DEMANDE DE LA DEFENSE - JusticeInfo.net","isPartOf":{"@id":"https:\/\/www.justiceinfo.net\/fr#website"},"datePublished":"2007-09-17T22:00:00+00:00","breadcrumb":{"@id":"https:\/\/www.justiceinfo.net\/fr\/8302-180907-tpirbutare-reytjens-revient-au-tpir-a-la-demande-de-la-defense5102.html#breadcrumb"},"inLanguage":"fr-FR","potentialAction":[{"@type":"ReadAction","target":["https:\/\/www.justiceinfo.net\/fr\/8302-180907-tpirbutare-reytjens-revient-au-tpir-a-la-demande-de-la-defense5102.html"]}]},{"@type":"BreadcrumbList","@id":"https:\/\/www.justiceinfo.net\/fr\/8302-180907-tpirbutare-reytjens-revient-au-tpir-a-la-demande-de-la-defense5102.html#breadcrumb","itemListElement":[{"@type":"ListItem","position":1,"name":"Home","item":"https:\/\/www.justiceinfo.net\/fr"},{"@type":"ListItem","position":2,"name":"18.09.07 - TPIR\/BUTARE - REYTJENS REVIENT AU TPIR A LA DEMANDE DE LA DEFENSE"}]},{"@type":"WebSite","@id":"https:\/\/www.justiceinfo.net\/fr#website","url":"https:\/\/www.justiceinfo.net\/fr","name":"JusticeInfo.net","description":"La justice doit \u00eatre vue pour \u00eatre rendue","publisher":{"@id":"https:\/\/www.justiceinfo.net\/fr#organization"},"potentialAction":[{"@type":"SearchAction","target":{"@type":"EntryPoint","urlTemplate":"https:\/\/www.justiceinfo.net\/fr?s={search_term_string}"},"query-input":{"@type":"PropertyValueSpecification","valueRequired":true,"valueName":"search_term_string"}}],"inLanguage":"fr-FR"},{"@type":"Organization","@id":"https:\/\/www.justiceinfo.net\/fr#organization","name":"Justice Info","url":"https:\/\/www.justiceinfo.net\/fr","logo":{"@type":"ImageObject","inLanguage":"fr-FR","@id":"https:\/\/www.justiceinfo.net\/fr#\/schema\/logo\/image\/","url":"https:\/\/www.justiceinfo.net\/wp-content\/uploads\/justiceinfo_logo-trans_1200x1200px.png","contentUrl":"https:\/\/www.justiceinfo.net\/wp-content\/uploads\/justiceinfo_logo-trans_1200x1200px.png","width":1199,"height":1200,"caption":"Justice Info"},"image":{"@id":"https:\/\/www.justiceinfo.net\/fr#\/schema\/logo\/image\/"},"sameAs":["https:\/\/www.facebook.com\/JusticeInfo\/","https:\/\/x.com\/justiceinfonet","https:\/\/www.linkedin.com\/company\/justice-info","https:\/\/www.youtube.com\/channel\/UCyCEsARodyuWtkWyhn-e7pA"]},{"@type":"Person","name":"solivri","url":"\/fr\/?s=solivri"}]}},"_links":{"self":[{"href":"https:\/\/www.justiceinfo.net\/fr\/wp-json\/wp\/v2\/posts\/8302","targetHints":{"allow":["GET"]}}],"collection":[{"href":"https:\/\/www.justiceinfo.net\/fr\/wp-json\/wp\/v2\/posts"}],"about":[{"href":"https:\/\/www.justiceinfo.net\/fr\/wp-json\/wp\/v2\/types\/post"}],"author":[{"embeddable":true,"href":"https:\/\/www.justiceinfo.net\/fr\/wp-json\/wp\/v2\/users\/64"}],"replies":[{"embeddable":true,"href":"https:\/\/www.justiceinfo.net\/fr\/wp-json\/wp\/v2\/comments?post=8302"}],"version-history":[{"count":0,"href":"https:\/\/www.justiceinfo.net\/fr\/wp-json\/wp\/v2\/posts\/8302\/revisions"}],"wp:attachment":[{"href":"https:\/\/www.justiceinfo.net\/fr\/wp-json\/wp\/v2\/media?parent=8302"}],"wp:term":[{"taxonomy":"category","embeddable":true,"href":"https:\/\/www.justiceinfo.net\/fr\/wp-json\/wp\/v2\/categories?post=8302"},{"taxonomy":"post_tag","embeddable":true,"href":"https:\/\/www.justiceinfo.net\/fr\/wp-json\/wp\/v2\/tags?post=8302"},{"taxonomy":"ji_location","embeddable":true,"href":"https:\/\/www.justiceinfo.net\/fr\/wp-json\/wp\/v2\/ji_location?post=8302"}],"curies":[{"name":"wp","href":"https:\/\/api.w.org\/{rel}","templated":true}]}}