{"id":8318,"date":"2007-09-22T00:00:00","date_gmt":"2007-09-21T22:00:00","guid":{"rendered":"https:\/\/www.justiceinfo.net\/8318-220907-burundijustice-prochaine-consultation-au-burundi-sur-la-justice-transitionnelle5119.html"},"modified":"2007-09-22T00:00:00","modified_gmt":"2007-09-21T22:00:00","slug":"220907-burundijustice-prochaine-consultation-au-burundi-sur-la-justice-transitionnelle5119","status":"publish","type":"post","link":"https:\/\/www.justiceinfo.net\/fr\/8318-220907-burundijustice-prochaine-consultation-au-burundi-sur-la-justice-transitionnelle5119.html","title":{"rendered":"22.09.07 - BURUNDI\/JUSTICE - PROCHAINE CONSULTATION AU BURUNDI SUR LA JUSTICE TRANSITIONNELLE"},"content":{"rendered":"<p>Bujumbura, 22 septembre 2007 (FH) - Une consultation populaire sur la mise en place de m&eacute;canismes de justice transitionnelle et d&rsquo;un tribunal sp&eacute;cial au Burundi se d&eacute;roulera prochainement, a affirm&eacute; &agrave; l&rsquo;agence Hirondelle le pr&eacute;sident de la Commission V&eacute;rit&eacute; R&eacute;conciliation (CVR), M. Festus Ntanyungu.<br \/>\n<!--more-->&laquo; Nous sommes dans les pr&eacute;paratifs, je ne saurais vous donner le calendrier pr&eacute;cis pour l'instant, mais le lancement aura lieu bient&ocirc;t &raquo;, a assur&eacute; Ntanyungu. La CVR est pr&eacute;vue par l'Accord d'Arusha (Tanzanie) d'ao&ucirc;t 2000. Elle aurait th&eacute;oriquement du &ecirc;tre mise en place en 2001. <\/p>\n<p>Cet accord pr&eacute;voit diverses mesures d&rsquo;ordre politique et juridique, mais aussi relatives &agrave; la r&eacute;conciliation. Dans ce cadre, une Commission internationale d'enqu&ecirc;te judiciaire (CIEJ) doit enqu&ecirc;ter et &eacute;tablir les faits, avant de d&eacute;cider si ces faits tombent sous la qualification de g&eacute;nocide, de crimes de guerre ou de crimes contre l'humanit&eacute;. En ce cas, leurs auteurs seront traduits devant un Tribunal sp&eacute;cial (TS). La CVR est quant &agrave; elle charg&eacute;e de qualifier les autres crimes commis depuis 1962. <\/p>\n<p>Apr&egrave;s la visite au Burundi en mai dernier de Louise Arbour, Commissaire de l'ONU aux droits de l'homme, la consultation de la population avait &eacute;t&eacute; annonc&eacute;e pour ce mois de septembre. Cette consultation devait aussi porter sur l'opportunit&eacute; et l 'existence du TS. <\/p>\n<p>Ancien ministre de la fonction publique, M. Ntanyungu a &eacute;t&eacute; nomm&eacute; pr&eacute;sident de la CVR le 10 ao&ucirc;t dernier. Son vice pr&eacute;sident est Fran&ccedil;oise Ngendahayo, ancienne ministre des droits de l'homme et ex collaboratrice du greffier au Tribunal p&eacute;nal international pour le Rwanda (TPIR). <\/p>\n<p>Selon le pr&eacute;sident de la CVR, ce retard n&rsquo;est pas du &agrave; la crise qui pr&eacute;vaut au sein de l'Assembl&eacute;e nationale. Pour Ntanyungu la raison est plus ancienne. &laquo; Les probl&egrave;mes li&eacute;s au fonctionnement de la CVR ne datent pas d'aujourd'hui car l'Accord d'Arusha pr&eacute;voit que ce m&eacute;canisme devait d&eacute;marrer avec la premi&egrave;re ann&eacute;e de la transition (qui a commenc&eacute; en novembre 2001) &raquo;, a-t-il dit avant de rappeler que le processus devait &ecirc;tre d&eacute;j&agrave; fonctionnel pendant les &eacute;lections de 2005. &laquo;Il faut de la patience, ce sont des probl&egrave;mes qui durent depuis longtemps mais qui sont en passe de trouver une solution &raquo;, a-t-il insist&eacute;. <\/p>\n<p>Pour sa part, Jean Marie Ngendahayo, ancien ministre des affaires &eacute;trang&egrave;res et ex-haut cadre du parti au pouvoir, aujourd'hui d&eacute;missionnaire, regrette lui aussi que le gouvernement n'ait pas initi&eacute; la campagne d'explication &agrave; temps : &laquo; Les autorit&eacute;s auraient du adopter une attitude pro-active depuis longtemps&raquo;, a-t-il soulign&eacute; lors d'un entretien avec l&rsquo;agence Hirondelle. <\/p>\n<p>Depuis l'Accord d'Arusha et les accords de cessez-le-feu ayant conduit aux &eacute;lections d&eacute;mocratiques de 2005, les autorit&eacute;s burundaises ont affich&eacute; une attitude plut&ocirc;t ambigu&euml; vis &agrave; vis de l'existence et du fonctionnement des deux m&eacute;canismes de justice transitionnelle, tendant plut&ocirc;t &agrave; privil&eacute;gier la confession et le pardon. Une position diff&eacute;rente de celle de l'ONU. <\/p>\n<p>Au cours de sa visite au Burundi en mai dernier, Louise Arbour a lev&eacute; la confusion en d&eacute;clarant que &laquo; du point de vue de l'ONU, l'existence de la CVR et du TS ne sont plus une question &agrave; discuter &raquo;, mais que des consultations &eacute;taient toujours en cours sur l'interaction entre les deux. Elle a sans &eacute;quivoque affirm&eacute; que &laquo; le procureur du TS doit &ecirc;tre ind&eacute;pendant &raquo;. Le g&eacute;nocide, les crimes de guerre et les crimes contre l'humanit&eacute; &eacute;tant des crimes &laquo; imprescriptibles &raquo;, ils sont par cons&eacute;quent &laquo; in-amnistiables &raquo; a-t-elle insist&eacute;. <\/p>\n<p>GA\/PB\/GF<br \/>\n&copy; Agence Hirondelle<\/p>\n","protected":false},"excerpt":{"rendered":"<p>Bujumbura, 22 septembre 2007 (FH) - Une consultation populaire sur la mise en place de m&eacute;canismes de justice transitionnelle et d&rsquo;un tribunal sp&eacute;cial au Burundi se d&eacute;roulera prochainement, a affirm&eacute; &agrave; l&rsquo;agence Hirondelle le pr&eacute;sident de la Commission V&eacute;rit&eacute; R&eacute;conciliation (CVR), M. Festus Ntanyungu.<\/p>\n","protected":false},"author":64,"featured_media":0,"comment_status":"open","ping_status":"closed","sticky":false,"template":"","format":"standard","meta":{"_acf_changed":false,"footnotes":""},"categories":[554],"tags":[],"ji_location":[],"class_list":["post-8318","post","type-post","status-publish","format-standard","hentry","category-hirondellenews"],"acf":[],"yoast_head":"<!-- This site is optimized with the Yoast SEO Premium plugin v25.3.1 (Yoast SEO v25.3.1) - https:\/\/yoast.com\/wordpress\/plugins\/seo\/ -->\n<title>22.09.07 - BURUNDI\/JUSTICE - PROCHAINE CONSULTATION AU BURUNDI SUR LA JUSTICE TRANSITIONNELLE - JusticeInfo.net<\/title>\n<meta name=\"robots\" content=\"index, follow, max-snippet:-1, max-image-preview:large, max-video-preview:-1\" \/>\n<link rel=\"canonical\" href=\"https:\/\/www.justiceinfo.net\/fr\/8318-220907-burundijustice-prochaine-consultation-au-burundi-sur-la-justice-transitionnelle5119.html\" \/>\n<meta property=\"og:locale\" content=\"fr_FR\" \/>\n<meta property=\"og:type\" content=\"article\" \/>\n<meta property=\"og:title\" content=\"22.09.07 - BURUNDI\/JUSTICE - PROCHAINE CONSULTATION AU BURUNDI SUR LA JUSTICE TRANSITIONNELLE\" \/>\n<meta property=\"og:description\" content=\"Bujumbura, 22 septembre 2007 (FH) - Une consultation populaire sur la mise en place de m&eacute;canismes de justice transitionnelle et d&rsquo;un tribunal sp&eacute;cial au Burundi se d&eacute;roulera prochainement, a affirm&eacute; &agrave; l&rsquo;agence Hirondelle le pr&eacute;sident de la Commission V&eacute;rit&eacute; R&eacute;conciliation (CVR), M. Festus Ntanyungu.\" \/>\n<meta property=\"og:url\" content=\"https:\/\/www.justiceinfo.net\/fr\/8318-220907-burundijustice-prochaine-consultation-au-burundi-sur-la-justice-transitionnelle5119.html\" \/>\n<meta property=\"og:site_name\" content=\"JusticeInfo.net\" \/>\n<meta property=\"article:publisher\" content=\"https:\/\/www.facebook.com\/JusticeInfo\/\" \/>\n<meta property=\"article:published_time\" content=\"2007-09-21T22:00:00+00:00\" \/>\n<meta property=\"og:image\" content=\"https:\/\/www.justiceinfo.net\/wp-content\/uploads\/JusticeInfoNet_logo_1200x630px.jpg\" \/>\n\t<meta property=\"og:image:width\" content=\"1200\" \/>\n\t<meta property=\"og:image:height\" content=\"630\" \/>\n\t<meta property=\"og:image:type\" content=\"image\/jpeg\" \/>\n<meta name=\"author\" content=\"solivri\" \/>\n<meta name=\"twitter:card\" content=\"summary_large_image\" \/>\n<meta name=\"twitter:creator\" content=\"@justiceinfonet\" \/>\n<meta name=\"twitter:site\" content=\"@justiceinfonet\" \/>\n<meta name=\"twitter:label1\" content=\"\u00c9crit par\" \/>\n\t<meta name=\"twitter:data1\" content=\"solivri\" \/>\n\t<meta name=\"twitter:label2\" content=\"Dur\u00e9e de lecture estim\u00e9e\" \/>\n\t<meta name=\"twitter:data2\" content=\"4 minutes\" \/>\n<script type=\"application\/ld+json\" class=\"yoast-schema-graph\">{\"@context\":\"https:\/\/schema.org\",\"@graph\":[{\"@type\":\"NewsArticle\",\"@id\":\"https:\/\/www.justiceinfo.net\/fr\/8318-220907-burundijustice-prochaine-consultation-au-burundi-sur-la-justice-transitionnelle5119.html#article\",\"isPartOf\":{\"@id\":\"https:\/\/www.justiceinfo.net\/fr\/8318-220907-burundijustice-prochaine-consultation-au-burundi-sur-la-justice-transitionnelle5119.html\"},\"author\":{\"name\":\"solivri\",\"@id\":\"https:\/\/www.justiceinfo.net\/fr#\/schema\/person\/6e53cba1629e2e66f3fc1821d3091865\"},\"headline\":\"22.09.07 - BURUNDI\/JUSTICE - PROCHAINE CONSULTATION AU BURUNDI SUR LA JUSTICE TRANSITIONNELLE\",\"datePublished\":\"2007-09-21T22:00:00+00:00\",\"mainEntityOfPage\":{\"@id\":\"https:\/\/www.justiceinfo.net\/fr\/8318-220907-burundijustice-prochaine-consultation-au-burundi-sur-la-justice-transitionnelle5119.html\"},\"wordCount\":748,\"commentCount\":0,\"publisher\":{\"@id\":\"https:\/\/www.justiceinfo.net\/fr#organization\"},\"articleSection\":[\"Hirondelle News\"],\"inLanguage\":\"fr-FR\",\"potentialAction\":[{\"@type\":\"CommentAction\",\"name\":\"Comment\",\"target\":[\"https:\/\/www.justiceinfo.net\/fr\/8318-220907-burundijustice-prochaine-consultation-au-burundi-sur-la-justice-transitionnelle5119.html#respond\"]}]},{\"@type\":\"WebPage\",\"@id\":\"https:\/\/www.justiceinfo.net\/fr\/8318-220907-burundijustice-prochaine-consultation-au-burundi-sur-la-justice-transitionnelle5119.html\",\"url\":\"https:\/\/www.justiceinfo.net\/fr\/8318-220907-burundijustice-prochaine-consultation-au-burundi-sur-la-justice-transitionnelle5119.html\",\"name\":\"22.09.07 - BURUNDI\/JUSTICE - PROCHAINE CONSULTATION AU BURUNDI SUR LA JUSTICE TRANSITIONNELLE - JusticeInfo.net\",\"isPartOf\":{\"@id\":\"https:\/\/www.justiceinfo.net\/fr#website\"},\"datePublished\":\"2007-09-21T22:00:00+00:00\",\"breadcrumb\":{\"@id\":\"https:\/\/www.justiceinfo.net\/fr\/8318-220907-burundijustice-prochaine-consultation-au-burundi-sur-la-justice-transitionnelle5119.html#breadcrumb\"},\"inLanguage\":\"fr-FR\",\"potentialAction\":[{\"@type\":\"ReadAction\",\"target\":[\"https:\/\/www.justiceinfo.net\/fr\/8318-220907-burundijustice-prochaine-consultation-au-burundi-sur-la-justice-transitionnelle5119.html\"]}]},{\"@type\":\"BreadcrumbList\",\"@id\":\"https:\/\/www.justiceinfo.net\/fr\/8318-220907-burundijustice-prochaine-consultation-au-burundi-sur-la-justice-transitionnelle5119.html#breadcrumb\",\"itemListElement\":[{\"@type\":\"ListItem\",\"position\":1,\"name\":\"Home\",\"item\":\"https:\/\/www.justiceinfo.net\/fr\"},{\"@type\":\"ListItem\",\"position\":2,\"name\":\"22.09.07 - BURUNDI\/JUSTICE - PROCHAINE CONSULTATION AU BURUNDI SUR LA JUSTICE TRANSITIONNELLE\"}]},{\"@type\":\"WebSite\",\"@id\":\"https:\/\/www.justiceinfo.net\/fr#website\",\"url\":\"https:\/\/www.justiceinfo.net\/fr\",\"name\":\"JusticeInfo.net\",\"description\":\"La justice doit \u00eatre vue pour \u00eatre rendue\",\"publisher\":{\"@id\":\"https:\/\/www.justiceinfo.net\/fr#organization\"},\"potentialAction\":[{\"@type\":\"SearchAction\",\"target\":{\"@type\":\"EntryPoint\",\"urlTemplate\":\"https:\/\/www.justiceinfo.net\/fr?s={search_term_string}\"},\"query-input\":{\"@type\":\"PropertyValueSpecification\",\"valueRequired\":true,\"valueName\":\"search_term_string\"}}],\"inLanguage\":\"fr-FR\"},{\"@type\":\"Organization\",\"@id\":\"https:\/\/www.justiceinfo.net\/fr#organization\",\"name\":\"Justice Info\",\"url\":\"https:\/\/www.justiceinfo.net\/fr\",\"logo\":{\"@type\":\"ImageObject\",\"inLanguage\":\"fr-FR\",\"@id\":\"https:\/\/www.justiceinfo.net\/fr#\/schema\/logo\/image\/\",\"url\":\"https:\/\/www.justiceinfo.net\/wp-content\/uploads\/justiceinfo_logo-trans_1200x1200px.png\",\"contentUrl\":\"https:\/\/www.justiceinfo.net\/wp-content\/uploads\/justiceinfo_logo-trans_1200x1200px.png\",\"width\":1199,\"height\":1200,\"caption\":\"Justice Info\"},\"image\":{\"@id\":\"https:\/\/www.justiceinfo.net\/fr#\/schema\/logo\/image\/\"},\"sameAs\":[\"https:\/\/www.facebook.com\/JusticeInfo\/\",\"https:\/\/x.com\/justiceinfonet\",\"https:\/\/www.linkedin.com\/company\/justice-info\",\"https:\/\/www.youtube.com\/channel\/UCyCEsARodyuWtkWyhn-e7pA\"]},{\"@type\":\"Person\",\"name\":\"solivri\",\"url\":\"\/fr\/?s=solivri\"}]}<\/script>\n<!-- \/ Yoast SEO Premium plugin. -->","yoast_head_json":{"title":"22.09.07 - BURUNDI\/JUSTICE - PROCHAINE CONSULTATION AU BURUNDI SUR LA JUSTICE TRANSITIONNELLE - JusticeInfo.net","robots":{"index":"index","follow":"follow","max-snippet":"max-snippet:-1","max-image-preview":"max-image-preview:large","max-video-preview":"max-video-preview:-1"},"canonical":"https:\/\/www.justiceinfo.net\/fr\/8318-220907-burundijustice-prochaine-consultation-au-burundi-sur-la-justice-transitionnelle5119.html","og_locale":"fr_FR","og_type":"article","og_title":"22.09.07 - BURUNDI\/JUSTICE - PROCHAINE CONSULTATION AU BURUNDI SUR LA JUSTICE TRANSITIONNELLE","og_description":"Bujumbura, 22 septembre 2007 (FH) - Une consultation populaire sur la mise en place de m&eacute;canismes de justice transitionnelle et d&rsquo;un tribunal sp&eacute;cial au Burundi se d&eacute;roulera prochainement, a affirm&eacute; &agrave; l&rsquo;agence Hirondelle le pr&eacute;sident de la Commission V&eacute;rit&eacute; R&eacute;conciliation (CVR), M. Festus Ntanyungu.","og_url":"https:\/\/www.justiceinfo.net\/fr\/8318-220907-burundijustice-prochaine-consultation-au-burundi-sur-la-justice-transitionnelle5119.html","og_site_name":"JusticeInfo.net","article_publisher":"https:\/\/www.facebook.com\/JusticeInfo\/","article_published_time":"2007-09-21T22:00:00+00:00","og_image":[{"width":1200,"height":630,"url":"https:\/\/www.justiceinfo.net\/wp-content\/uploads\/JusticeInfoNet_logo_1200x630px.jpg","type":"image\/jpeg"}],"author":"solivri","twitter_card":"summary_large_image","twitter_creator":"@justiceinfonet","twitter_site":"@justiceinfonet","twitter_misc":{"\u00c9crit par":"solivri","Dur\u00e9e de lecture estim\u00e9e":"4 minutes"},"schema":{"@context":"https:\/\/schema.org","@graph":[{"@type":"NewsArticle","@id":"https:\/\/www.justiceinfo.net\/fr\/8318-220907-burundijustice-prochaine-consultation-au-burundi-sur-la-justice-transitionnelle5119.html#article","isPartOf":{"@id":"https:\/\/www.justiceinfo.net\/fr\/8318-220907-burundijustice-prochaine-consultation-au-burundi-sur-la-justice-transitionnelle5119.html"},"author":{"name":"solivri","@id":"https:\/\/www.justiceinfo.net\/fr#\/schema\/person\/6e53cba1629e2e66f3fc1821d3091865"},"headline":"22.09.07 - BURUNDI\/JUSTICE - PROCHAINE CONSULTATION AU BURUNDI SUR LA JUSTICE TRANSITIONNELLE","datePublished":"2007-09-21T22:00:00+00:00","mainEntityOfPage":{"@id":"https:\/\/www.justiceinfo.net\/fr\/8318-220907-burundijustice-prochaine-consultation-au-burundi-sur-la-justice-transitionnelle5119.html"},"wordCount":748,"commentCount":0,"publisher":{"@id":"https:\/\/www.justiceinfo.net\/fr#organization"},"articleSection":["Hirondelle News"],"inLanguage":"fr-FR","potentialAction":[{"@type":"CommentAction","name":"Comment","target":["https:\/\/www.justiceinfo.net\/fr\/8318-220907-burundijustice-prochaine-consultation-au-burundi-sur-la-justice-transitionnelle5119.html#respond"]}]},{"@type":"WebPage","@id":"https:\/\/www.justiceinfo.net\/fr\/8318-220907-burundijustice-prochaine-consultation-au-burundi-sur-la-justice-transitionnelle5119.html","url":"https:\/\/www.justiceinfo.net\/fr\/8318-220907-burundijustice-prochaine-consultation-au-burundi-sur-la-justice-transitionnelle5119.html","name":"22.09.07 - BURUNDI\/JUSTICE - PROCHAINE CONSULTATION AU BURUNDI SUR LA JUSTICE TRANSITIONNELLE - JusticeInfo.net","isPartOf":{"@id":"https:\/\/www.justiceinfo.net\/fr#website"},"datePublished":"2007-09-21T22:00:00+00:00","breadcrumb":{"@id":"https:\/\/www.justiceinfo.net\/fr\/8318-220907-burundijustice-prochaine-consultation-au-burundi-sur-la-justice-transitionnelle5119.html#breadcrumb"},"inLanguage":"fr-FR","potentialAction":[{"@type":"ReadAction","target":["https:\/\/www.justiceinfo.net\/fr\/8318-220907-burundijustice-prochaine-consultation-au-burundi-sur-la-justice-transitionnelle5119.html"]}]},{"@type":"BreadcrumbList","@id":"https:\/\/www.justiceinfo.net\/fr\/8318-220907-burundijustice-prochaine-consultation-au-burundi-sur-la-justice-transitionnelle5119.html#breadcrumb","itemListElement":[{"@type":"ListItem","position":1,"name":"Home","item":"https:\/\/www.justiceinfo.net\/fr"},{"@type":"ListItem","position":2,"name":"22.09.07 - BURUNDI\/JUSTICE - PROCHAINE CONSULTATION AU BURUNDI SUR LA JUSTICE TRANSITIONNELLE"}]},{"@type":"WebSite","@id":"https:\/\/www.justiceinfo.net\/fr#website","url":"https:\/\/www.justiceinfo.net\/fr","name":"JusticeInfo.net","description":"La justice doit \u00eatre vue pour \u00eatre rendue","publisher":{"@id":"https:\/\/www.justiceinfo.net\/fr#organization"},"potentialAction":[{"@type":"SearchAction","target":{"@type":"EntryPoint","urlTemplate":"https:\/\/www.justiceinfo.net\/fr?s={search_term_string}"},"query-input":{"@type":"PropertyValueSpecification","valueRequired":true,"valueName":"search_term_string"}}],"inLanguage":"fr-FR"},{"@type":"Organization","@id":"https:\/\/www.justiceinfo.net\/fr#organization","name":"Justice Info","url":"https:\/\/www.justiceinfo.net\/fr","logo":{"@type":"ImageObject","inLanguage":"fr-FR","@id":"https:\/\/www.justiceinfo.net\/fr#\/schema\/logo\/image\/","url":"https:\/\/www.justiceinfo.net\/wp-content\/uploads\/justiceinfo_logo-trans_1200x1200px.png","contentUrl":"https:\/\/www.justiceinfo.net\/wp-content\/uploads\/justiceinfo_logo-trans_1200x1200px.png","width":1199,"height":1200,"caption":"Justice Info"},"image":{"@id":"https:\/\/www.justiceinfo.net\/fr#\/schema\/logo\/image\/"},"sameAs":["https:\/\/www.facebook.com\/JusticeInfo\/","https:\/\/x.com\/justiceinfonet","https:\/\/www.linkedin.com\/company\/justice-info","https:\/\/www.youtube.com\/channel\/UCyCEsARodyuWtkWyhn-e7pA"]},{"@type":"Person","name":"solivri","url":"\/fr\/?s=solivri"}]}},"_links":{"self":[{"href":"https:\/\/www.justiceinfo.net\/fr\/wp-json\/wp\/v2\/posts\/8318","targetHints":{"allow":["GET"]}}],"collection":[{"href":"https:\/\/www.justiceinfo.net\/fr\/wp-json\/wp\/v2\/posts"}],"about":[{"href":"https:\/\/www.justiceinfo.net\/fr\/wp-json\/wp\/v2\/types\/post"}],"author":[{"embeddable":true,"href":"https:\/\/www.justiceinfo.net\/fr\/wp-json\/wp\/v2\/users\/64"}],"replies":[{"embeddable":true,"href":"https:\/\/www.justiceinfo.net\/fr\/wp-json\/wp\/v2\/comments?post=8318"}],"version-history":[{"count":0,"href":"https:\/\/www.justiceinfo.net\/fr\/wp-json\/wp\/v2\/posts\/8318\/revisions"}],"wp:attachment":[{"href":"https:\/\/www.justiceinfo.net\/fr\/wp-json\/wp\/v2\/media?parent=8318"}],"wp:term":[{"taxonomy":"category","embeddable":true,"href":"https:\/\/www.justiceinfo.net\/fr\/wp-json\/wp\/v2\/categories?post=8318"},{"taxonomy":"post_tag","embeddable":true,"href":"https:\/\/www.justiceinfo.net\/fr\/wp-json\/wp\/v2\/tags?post=8318"},{"taxonomy":"ji_location","embeddable":true,"href":"https:\/\/www.justiceinfo.net\/fr\/wp-json\/wp\/v2\/ji_location?post=8318"}],"curies":[{"name":"wp","href":"https:\/\/api.w.org\/{rel}","templated":true}]}}