{"id":8328,"date":"2007-09-25T00:00:00","date_gmt":"2007-09-24T22:00:00","guid":{"rendered":"https:\/\/www.justiceinfo.net\/8328-250907-rwandagb-debut-dune-procedure-a-londres-en-vue-de-lextradition-de-quatre-rwandais5129.html"},"modified":"2007-09-25T00:00:00","modified_gmt":"2007-09-24T22:00:00","slug":"250907-rwandagb-debut-dune-procedure-a-londres-en-vue-de-lextradition-de-quatre-rwandais5129","status":"publish","type":"post","link":"https:\/\/www.justiceinfo.net\/fr\/8328-250907-rwandagb-debut-dune-procedure-a-londres-en-vue-de-lextradition-de-quatre-rwandais5129.html","title":{"rendered":"25.09.07 - RWANDA\/GB - DEBUT D'UNE PROCEDURE A LONDRES EN VUE DE L\u2019EXTRADITION DE QUATRE RWANDAIS"},"content":{"rendered":"<p>Arusha, 25 septembre 2007 (FH) &ndash; Une proc&eacute;dure visant &agrave; l&rsquo;extradition de quatre rwandais recherch&eacute;s par la justice de leur pays pour leur r&ocirc;le pr&eacute;sum&eacute; dans le g&eacute;nocide de 1994 a d&eacute;but&eacute; lundi &agrave; Londres et doit durer jusqu'&agrave; vendredi.<br \/>\n<!--more-->Arr&ecirc;t&eacute;s le 28 d&eacute;cembre 2006 en Grande Bretagne, Emmanuel Nteziryayo, ancien maire de Mudasomwa, Vincent Bajinya, ancien responsable interahamwe, Celestin Ugirashebuja, ancien maire de Kigoma, et Charles Munyaneza, ancien maire de Kinyamakara, nient toute responsabilit&eacute;. Ils habitaient respectivement, selon le quotidien britannique Guardian, &agrave; Manchester, Islington au nord de Londres, &agrave; Walton on the naze dans le Sussex et &agrave; Bedford. <\/p>\n<p>Bajinya, m&eacute;decin de formation, avait r&eacute;ussi &agrave; obtenir la nationalit&eacute; britannique, sous le nom de Vincent Brown. Selon le Guardian, il est class&eacute; dans la premi&egrave;re cat&eacute;gorie des personnes recherch&eacute;es par le Rwanda pour leur participation au g&eacute;nocide. Il aurait particip&eacute; comme membre du MRND a un meeting en 1993, avant de devenir responsable de milice et d'organiser des barrages dans le quartier de Rugenge &agrave; Kigali. <\/p>\n<p>L&rsquo;audience, qui a d&eacute;but&eacute; lundi, se poursuivra jusqu&rsquo;&agrave; vendredi. Selon l&rsquo;AFP, le Procureur g&eacute;n&eacute;ral du Rwanda, Martin Ngoga, a salu&eacute; l&rsquo;ouverture de cette proc&eacute;dure et &eacute;mis l&rsquo;espoir qu&rsquo;elle aboutira &agrave; l&rsquo;extradition des quatre accus&eacute;s. &laquo;Cela constitue un signe de bonne volont&eacute;. Il y a sans doute un espoir que tous ces g&eacute;nocidaires pr&eacute;sum&eacute;s (r&eacute;fugi&eacute;s) en Europe ne tarderont pas &agrave; &ecirc;tre appr&eacute;hend&eacute;s &raquo;, a dit le magistrat rwandais &agrave; l&rsquo;AFP. <\/p>\n<p>Leurs arrestations &eacute;taient intervenues trois semaines apr&egrave;s la visite &agrave; Londres du pr&eacute;sident rwandais Paul Kagame. Un accord sp&eacute;cial avait alors &eacute;t&eacute; sign&eacute; dans ce but entre les deux pays. <\/p>\n<p>Le g&eacute;nocide de 1994 au Rwanda a fait, selon Kigali, environ un million de tu&eacute;s, essentiellement parmi l&rsquo;ethnie tutsie <\/p>\n<p>ER\/PB\/GF<br \/>\n&copy; Agence Hirondelle<\/p>\n","protected":false},"excerpt":{"rendered":"<p>Arusha, 25 septembre 2007 (FH) &ndash; Une proc&eacute;dure visant &agrave; l&rsquo;extradition de quatre rwandais recherch&eacute;s par la justice de leur pays pour leur r&ocirc;le pr&eacute;sum&eacute; dans le g&eacute;nocide de 1994 a d&eacute;but&eacute; lundi &agrave; Londres et doit durer jusqu'&agrave; vendredi.<\/p>\n","protected":false},"author":64,"featured_media":0,"comment_status":"open","ping_status":"closed","sticky":false,"template":"","format":"standard","meta":{"_acf_changed":false,"footnotes":""},"categories":[554],"tags":[],"ji_location":[],"class_list":["post-8328","post","type-post","status-publish","format-standard","hentry","category-hirondellenews"],"acf":[],"yoast_head":"<!-- This site is optimized with the Yoast SEO Premium plugin v25.3.1 (Yoast SEO v25.3.1) - https:\/\/yoast.com\/wordpress\/plugins\/seo\/ -->\n<title>25.09.07 - RWANDA\/GB - DEBUT D&#039;UNE PROCEDURE A LONDRES EN VUE DE L\u2019EXTRADITION DE QUATRE RWANDAIS - JusticeInfo.net<\/title>\n<meta name=\"robots\" content=\"index, follow, max-snippet:-1, max-image-preview:large, max-video-preview:-1\" \/>\n<link rel=\"canonical\" href=\"https:\/\/www.justiceinfo.net\/fr\/8328-250907-rwandagb-debut-dune-procedure-a-londres-en-vue-de-lextradition-de-quatre-rwandais5129.html\" \/>\n<meta property=\"og:locale\" content=\"fr_FR\" \/>\n<meta property=\"og:type\" content=\"article\" \/>\n<meta property=\"og:title\" content=\"25.09.07 - RWANDA\/GB - DEBUT D&#039;UNE PROCEDURE A LONDRES EN VUE DE L\u2019EXTRADITION DE QUATRE RWANDAIS\" \/>\n<meta property=\"og:description\" content=\"Arusha, 25 septembre 2007 (FH) &ndash; Une proc&eacute;dure visant &agrave; l&rsquo;extradition de quatre rwandais recherch&eacute;s par la justice de leur pays pour leur r&ocirc;le pr&eacute;sum&eacute; dans le g&eacute;nocide de 1994 a d&eacute;but&eacute; lundi &agrave; Londres et doit durer jusqu&#039;&agrave; vendredi.\" \/>\n<meta property=\"og:url\" content=\"https:\/\/www.justiceinfo.net\/fr\/8328-250907-rwandagb-debut-dune-procedure-a-londres-en-vue-de-lextradition-de-quatre-rwandais5129.html\" \/>\n<meta property=\"og:site_name\" content=\"JusticeInfo.net\" \/>\n<meta property=\"article:publisher\" content=\"https:\/\/www.facebook.com\/JusticeInfo\/\" \/>\n<meta property=\"article:published_time\" content=\"2007-09-24T22:00:00+00:00\" \/>\n<meta property=\"og:image\" content=\"https:\/\/www.justiceinfo.net\/wp-content\/uploads\/JusticeInfoNet_logo_1200x630px.jpg\" \/>\n\t<meta property=\"og:image:width\" content=\"1200\" \/>\n\t<meta property=\"og:image:height\" content=\"630\" \/>\n\t<meta property=\"og:image:type\" content=\"image\/jpeg\" \/>\n<meta name=\"author\" content=\"solivri\" \/>\n<meta name=\"twitter:card\" content=\"summary_large_image\" \/>\n<meta name=\"twitter:creator\" content=\"@justiceinfonet\" \/>\n<meta name=\"twitter:site\" content=\"@justiceinfonet\" \/>\n<meta name=\"twitter:label1\" content=\"\u00c9crit par\" \/>\n\t<meta name=\"twitter:data1\" content=\"solivri\" \/>\n\t<meta name=\"twitter:label2\" content=\"Dur\u00e9e de lecture estim\u00e9e\" \/>\n\t<meta name=\"twitter:data2\" content=\"2 minutes\" \/>\n<script type=\"application\/ld+json\" class=\"yoast-schema-graph\">{\"@context\":\"https:\/\/schema.org\",\"@graph\":[{\"@type\":\"NewsArticle\",\"@id\":\"https:\/\/www.justiceinfo.net\/fr\/8328-250907-rwandagb-debut-dune-procedure-a-londres-en-vue-de-lextradition-de-quatre-rwandais5129.html#article\",\"isPartOf\":{\"@id\":\"https:\/\/www.justiceinfo.net\/fr\/8328-250907-rwandagb-debut-dune-procedure-a-londres-en-vue-de-lextradition-de-quatre-rwandais5129.html\"},\"author\":{\"name\":\"solivri\",\"@id\":\"https:\/\/www.justiceinfo.net\/fr#\/schema\/person\/6e53cba1629e2e66f3fc1821d3091865\"},\"headline\":\"25.09.07 - RWANDA\/GB - DEBUT D'UNE PROCEDURE A LONDRES EN VUE DE L\u2019EXTRADITION DE QUATRE RWANDAIS\",\"datePublished\":\"2007-09-24T22:00:00+00:00\",\"mainEntityOfPage\":{\"@id\":\"https:\/\/www.justiceinfo.net\/fr\/8328-250907-rwandagb-debut-dune-procedure-a-londres-en-vue-de-lextradition-de-quatre-rwandais5129.html\"},\"wordCount\":406,\"commentCount\":0,\"publisher\":{\"@id\":\"https:\/\/www.justiceinfo.net\/fr#organization\"},\"articleSection\":[\"Hirondelle News\"],\"inLanguage\":\"fr-FR\",\"potentialAction\":[{\"@type\":\"CommentAction\",\"name\":\"Comment\",\"target\":[\"https:\/\/www.justiceinfo.net\/fr\/8328-250907-rwandagb-debut-dune-procedure-a-londres-en-vue-de-lextradition-de-quatre-rwandais5129.html#respond\"]}]},{\"@type\":\"WebPage\",\"@id\":\"https:\/\/www.justiceinfo.net\/fr\/8328-250907-rwandagb-debut-dune-procedure-a-londres-en-vue-de-lextradition-de-quatre-rwandais5129.html\",\"url\":\"https:\/\/www.justiceinfo.net\/fr\/8328-250907-rwandagb-debut-dune-procedure-a-londres-en-vue-de-lextradition-de-quatre-rwandais5129.html\",\"name\":\"25.09.07 - RWANDA\/GB - DEBUT D'UNE PROCEDURE A LONDRES EN VUE DE L\u2019EXTRADITION DE QUATRE RWANDAIS - JusticeInfo.net\",\"isPartOf\":{\"@id\":\"https:\/\/www.justiceinfo.net\/fr#website\"},\"datePublished\":\"2007-09-24T22:00:00+00:00\",\"breadcrumb\":{\"@id\":\"https:\/\/www.justiceinfo.net\/fr\/8328-250907-rwandagb-debut-dune-procedure-a-londres-en-vue-de-lextradition-de-quatre-rwandais5129.html#breadcrumb\"},\"inLanguage\":\"fr-FR\",\"potentialAction\":[{\"@type\":\"ReadAction\",\"target\":[\"https:\/\/www.justiceinfo.net\/fr\/8328-250907-rwandagb-debut-dune-procedure-a-londres-en-vue-de-lextradition-de-quatre-rwandais5129.html\"]}]},{\"@type\":\"BreadcrumbList\",\"@id\":\"https:\/\/www.justiceinfo.net\/fr\/8328-250907-rwandagb-debut-dune-procedure-a-londres-en-vue-de-lextradition-de-quatre-rwandais5129.html#breadcrumb\",\"itemListElement\":[{\"@type\":\"ListItem\",\"position\":1,\"name\":\"Home\",\"item\":\"https:\/\/www.justiceinfo.net\/fr\"},{\"@type\":\"ListItem\",\"position\":2,\"name\":\"25.09.07 - RWANDA\/GB - DEBUT D'UNE PROCEDURE A LONDRES EN VUE DE L\u2019EXTRADITION DE QUATRE RWANDAIS\"}]},{\"@type\":\"WebSite\",\"@id\":\"https:\/\/www.justiceinfo.net\/fr#website\",\"url\":\"https:\/\/www.justiceinfo.net\/fr\",\"name\":\"JusticeInfo.net\",\"description\":\"La justice doit \u00eatre vue pour \u00eatre rendue\",\"publisher\":{\"@id\":\"https:\/\/www.justiceinfo.net\/fr#organization\"},\"potentialAction\":[{\"@type\":\"SearchAction\",\"target\":{\"@type\":\"EntryPoint\",\"urlTemplate\":\"https:\/\/www.justiceinfo.net\/fr?s={search_term_string}\"},\"query-input\":{\"@type\":\"PropertyValueSpecification\",\"valueRequired\":true,\"valueName\":\"search_term_string\"}}],\"inLanguage\":\"fr-FR\"},{\"@type\":\"Organization\",\"@id\":\"https:\/\/www.justiceinfo.net\/fr#organization\",\"name\":\"Justice Info\",\"url\":\"https:\/\/www.justiceinfo.net\/fr\",\"logo\":{\"@type\":\"ImageObject\",\"inLanguage\":\"fr-FR\",\"@id\":\"https:\/\/www.justiceinfo.net\/fr#\/schema\/logo\/image\/\",\"url\":\"https:\/\/www.justiceinfo.net\/wp-content\/uploads\/justiceinfo_logo-trans_1200x1200px.png\",\"contentUrl\":\"https:\/\/www.justiceinfo.net\/wp-content\/uploads\/justiceinfo_logo-trans_1200x1200px.png\",\"width\":1199,\"height\":1200,\"caption\":\"Justice Info\"},\"image\":{\"@id\":\"https:\/\/www.justiceinfo.net\/fr#\/schema\/logo\/image\/\"},\"sameAs\":[\"https:\/\/www.facebook.com\/JusticeInfo\/\",\"https:\/\/x.com\/justiceinfonet\",\"https:\/\/www.linkedin.com\/company\/justice-info\",\"https:\/\/www.youtube.com\/channel\/UCyCEsARodyuWtkWyhn-e7pA\"]},{\"@type\":\"Person\",\"name\":\"solivri\",\"url\":\"\/fr\/?s=solivri\"}]}<\/script>\n<!-- \/ Yoast SEO Premium plugin. -->","yoast_head_json":{"title":"25.09.07 - RWANDA\/GB - DEBUT D'UNE PROCEDURE A LONDRES EN VUE DE L\u2019EXTRADITION DE QUATRE RWANDAIS - JusticeInfo.net","robots":{"index":"index","follow":"follow","max-snippet":"max-snippet:-1","max-image-preview":"max-image-preview:large","max-video-preview":"max-video-preview:-1"},"canonical":"https:\/\/www.justiceinfo.net\/fr\/8328-250907-rwandagb-debut-dune-procedure-a-londres-en-vue-de-lextradition-de-quatre-rwandais5129.html","og_locale":"fr_FR","og_type":"article","og_title":"25.09.07 - RWANDA\/GB - DEBUT D'UNE PROCEDURE A LONDRES EN VUE DE L\u2019EXTRADITION DE QUATRE RWANDAIS","og_description":"Arusha, 25 septembre 2007 (FH) &ndash; Une proc&eacute;dure visant &agrave; l&rsquo;extradition de quatre rwandais recherch&eacute;s par la justice de leur pays pour leur r&ocirc;le pr&eacute;sum&eacute; dans le g&eacute;nocide de 1994 a d&eacute;but&eacute; lundi &agrave; Londres et doit durer jusqu'&agrave; vendredi.","og_url":"https:\/\/www.justiceinfo.net\/fr\/8328-250907-rwandagb-debut-dune-procedure-a-londres-en-vue-de-lextradition-de-quatre-rwandais5129.html","og_site_name":"JusticeInfo.net","article_publisher":"https:\/\/www.facebook.com\/JusticeInfo\/","article_published_time":"2007-09-24T22:00:00+00:00","og_image":[{"width":1200,"height":630,"url":"https:\/\/www.justiceinfo.net\/wp-content\/uploads\/JusticeInfoNet_logo_1200x630px.jpg","type":"image\/jpeg"}],"author":"solivri","twitter_card":"summary_large_image","twitter_creator":"@justiceinfonet","twitter_site":"@justiceinfonet","twitter_misc":{"\u00c9crit par":"solivri","Dur\u00e9e de lecture estim\u00e9e":"2 minutes"},"schema":{"@context":"https:\/\/schema.org","@graph":[{"@type":"NewsArticle","@id":"https:\/\/www.justiceinfo.net\/fr\/8328-250907-rwandagb-debut-dune-procedure-a-londres-en-vue-de-lextradition-de-quatre-rwandais5129.html#article","isPartOf":{"@id":"https:\/\/www.justiceinfo.net\/fr\/8328-250907-rwandagb-debut-dune-procedure-a-londres-en-vue-de-lextradition-de-quatre-rwandais5129.html"},"author":{"name":"solivri","@id":"https:\/\/www.justiceinfo.net\/fr#\/schema\/person\/6e53cba1629e2e66f3fc1821d3091865"},"headline":"25.09.07 - RWANDA\/GB - DEBUT D'UNE PROCEDURE A LONDRES EN VUE DE L\u2019EXTRADITION DE QUATRE RWANDAIS","datePublished":"2007-09-24T22:00:00+00:00","mainEntityOfPage":{"@id":"https:\/\/www.justiceinfo.net\/fr\/8328-250907-rwandagb-debut-dune-procedure-a-londres-en-vue-de-lextradition-de-quatre-rwandais5129.html"},"wordCount":406,"commentCount":0,"publisher":{"@id":"https:\/\/www.justiceinfo.net\/fr#organization"},"articleSection":["Hirondelle News"],"inLanguage":"fr-FR","potentialAction":[{"@type":"CommentAction","name":"Comment","target":["https:\/\/www.justiceinfo.net\/fr\/8328-250907-rwandagb-debut-dune-procedure-a-londres-en-vue-de-lextradition-de-quatre-rwandais5129.html#respond"]}]},{"@type":"WebPage","@id":"https:\/\/www.justiceinfo.net\/fr\/8328-250907-rwandagb-debut-dune-procedure-a-londres-en-vue-de-lextradition-de-quatre-rwandais5129.html","url":"https:\/\/www.justiceinfo.net\/fr\/8328-250907-rwandagb-debut-dune-procedure-a-londres-en-vue-de-lextradition-de-quatre-rwandais5129.html","name":"25.09.07 - RWANDA\/GB - DEBUT D'UNE PROCEDURE A LONDRES EN VUE DE L\u2019EXTRADITION DE QUATRE RWANDAIS - JusticeInfo.net","isPartOf":{"@id":"https:\/\/www.justiceinfo.net\/fr#website"},"datePublished":"2007-09-24T22:00:00+00:00","breadcrumb":{"@id":"https:\/\/www.justiceinfo.net\/fr\/8328-250907-rwandagb-debut-dune-procedure-a-londres-en-vue-de-lextradition-de-quatre-rwandais5129.html#breadcrumb"},"inLanguage":"fr-FR","potentialAction":[{"@type":"ReadAction","target":["https:\/\/www.justiceinfo.net\/fr\/8328-250907-rwandagb-debut-dune-procedure-a-londres-en-vue-de-lextradition-de-quatre-rwandais5129.html"]}]},{"@type":"BreadcrumbList","@id":"https:\/\/www.justiceinfo.net\/fr\/8328-250907-rwandagb-debut-dune-procedure-a-londres-en-vue-de-lextradition-de-quatre-rwandais5129.html#breadcrumb","itemListElement":[{"@type":"ListItem","position":1,"name":"Home","item":"https:\/\/www.justiceinfo.net\/fr"},{"@type":"ListItem","position":2,"name":"25.09.07 - RWANDA\/GB - DEBUT D'UNE PROCEDURE A LONDRES EN VUE DE L\u2019EXTRADITION DE QUATRE RWANDAIS"}]},{"@type":"WebSite","@id":"https:\/\/www.justiceinfo.net\/fr#website","url":"https:\/\/www.justiceinfo.net\/fr","name":"JusticeInfo.net","description":"La justice doit \u00eatre vue pour \u00eatre rendue","publisher":{"@id":"https:\/\/www.justiceinfo.net\/fr#organization"},"potentialAction":[{"@type":"SearchAction","target":{"@type":"EntryPoint","urlTemplate":"https:\/\/www.justiceinfo.net\/fr?s={search_term_string}"},"query-input":{"@type":"PropertyValueSpecification","valueRequired":true,"valueName":"search_term_string"}}],"inLanguage":"fr-FR"},{"@type":"Organization","@id":"https:\/\/www.justiceinfo.net\/fr#organization","name":"Justice Info","url":"https:\/\/www.justiceinfo.net\/fr","logo":{"@type":"ImageObject","inLanguage":"fr-FR","@id":"https:\/\/www.justiceinfo.net\/fr#\/schema\/logo\/image\/","url":"https:\/\/www.justiceinfo.net\/wp-content\/uploads\/justiceinfo_logo-trans_1200x1200px.png","contentUrl":"https:\/\/www.justiceinfo.net\/wp-content\/uploads\/justiceinfo_logo-trans_1200x1200px.png","width":1199,"height":1200,"caption":"Justice Info"},"image":{"@id":"https:\/\/www.justiceinfo.net\/fr#\/schema\/logo\/image\/"},"sameAs":["https:\/\/www.facebook.com\/JusticeInfo\/","https:\/\/x.com\/justiceinfonet","https:\/\/www.linkedin.com\/company\/justice-info","https:\/\/www.youtube.com\/channel\/UCyCEsARodyuWtkWyhn-e7pA"]},{"@type":"Person","name":"solivri","url":"\/fr\/?s=solivri"}]}},"_links":{"self":[{"href":"https:\/\/www.justiceinfo.net\/fr\/wp-json\/wp\/v2\/posts\/8328","targetHints":{"allow":["GET"]}}],"collection":[{"href":"https:\/\/www.justiceinfo.net\/fr\/wp-json\/wp\/v2\/posts"}],"about":[{"href":"https:\/\/www.justiceinfo.net\/fr\/wp-json\/wp\/v2\/types\/post"}],"author":[{"embeddable":true,"href":"https:\/\/www.justiceinfo.net\/fr\/wp-json\/wp\/v2\/users\/64"}],"replies":[{"embeddable":true,"href":"https:\/\/www.justiceinfo.net\/fr\/wp-json\/wp\/v2\/comments?post=8328"}],"version-history":[{"count":0,"href":"https:\/\/www.justiceinfo.net\/fr\/wp-json\/wp\/v2\/posts\/8328\/revisions"}],"wp:attachment":[{"href":"https:\/\/www.justiceinfo.net\/fr\/wp-json\/wp\/v2\/media?parent=8328"}],"wp:term":[{"taxonomy":"category","embeddable":true,"href":"https:\/\/www.justiceinfo.net\/fr\/wp-json\/wp\/v2\/categories?post=8328"},{"taxonomy":"post_tag","embeddable":true,"href":"https:\/\/www.justiceinfo.net\/fr\/wp-json\/wp\/v2\/tags?post=8328"},{"taxonomy":"ji_location","embeddable":true,"href":"https:\/\/www.justiceinfo.net\/fr\/wp-json\/wp\/v2\/ji_location?post=8328"}],"curies":[{"name":"wp","href":"https:\/\/api.w.org\/{rel}","templated":true}]}}