{"id":8330,"date":"2007-09-25T00:00:00","date_gmt":"2007-09-24T22:00:00","guid":{"rendered":"https:\/\/www.justiceinfo.net\/8330-250907-tpirbikindi-bikindi-na-jamais-ete-mis-en-cause-dans-les-gacacas-temoin5131.html"},"modified":"2007-09-25T00:00:00","modified_gmt":"2007-09-24T22:00:00","slug":"250907-tpirbikindi-bikindi-na-jamais-ete-mis-en-cause-dans-les-gacacas-temoin5131","status":"publish","type":"post","link":"https:\/\/www.justiceinfo.net\/fr\/8330-250907-tpirbikindi-bikindi-na-jamais-ete-mis-en-cause-dans-les-gacacas-temoin5131.html","title":{"rendered":"25.09.07 - TPIR\/BIKINDI - BIKINDI N'A JAMAIS ETE MIS EN CAUSE DANS LES GACACAS (TEMOIN)"},"content":{"rendered":"<p>Arusha, 25 septembre 2007 (FH)- Le musicien Simon Bikindi n&rsquo;a jamais &eacute;t&eacute; mis en cause devant les juridictions Gacacas, a affirm&eacute; un t&eacute;moin mardi devant le Tribunal p&eacute;nal international pour le Rwanda (TPIR).<br \/>\n<!--more-->Poursuivi pour g&eacute;nocide et crimes contre l&rsquo;humanit&eacute; par le TPIR, Bikindi, 53 ans, pr&eacute;sente sa d&eacute;fense depuis lundi. <\/p>\n<p>Mardi, un t&eacute;moin &agrave; d&eacute;charge a affirm&eacute; avoir assist&eacute; en janvier dernier aux d&eacute;bats dans un tribunal Gacaca &agrave; Rugerero (nord du Rwanda) aux cours desquels le cas d&rsquo;une victime dont la mise &agrave; mort est attribu&eacute;e &agrave; Bikindi par le procureur du TPIR avait &eacute;t&eacute; &eacute;voqu&eacute;. <\/p>\n<p>Le t&eacute;moin a rapport&eacute; que devant le tribunal Gacaca, c&rsquo;est un certain Kabulimbo qui avait &eacute;t&eacute; cit&eacute; comme &eacute;tant l&rsquo;auteur de ce crime. <\/p>\n<p>L&rsquo;acte d&rsquo;accusation contre Bikindi indique qu&rsquo;au d&eacute;but de juillet 1994, deux miliciens sous ses ordres ont tu&eacute; une femme tutsie nomm&eacute;e Ancilla ainsi que son enfant de quatre ans, et les ont enterr&eacute;s dans une fosse peu profonde. &laquo; Simon Bikindi a d&eacute;clar&eacute; qu&rsquo;elle (Ancilla) faisait partie des gens qui attaquaient les Hutus et devait &ecirc;tre emmen&eacute;e (c'est-&agrave;-dire tu&eacute;e) &raquo;, ajoute le document. <\/p>\n<p>Bikindi plaide non coupable. Le procureur a cit&eacute; 17 t&eacute;moins dans cette affaire. <\/p>\n<p>Le t&eacute;moin &agrave; d&eacute;charge a affirm&eacute; que les accusations contre Bikindi &eacute;taient mensong&egrave;res. Selon lui, la plupart des t&eacute;moins &agrave; charge sont des condamn&eacute;s &laquo; qui disent ce qui leur passe par la t&ecirc;te &raquo;. <\/p>\n<p>Il a par ailleurs qualifi&eacute; l&rsquo;affaire Bikindi en cours devant le TPIR depuis le 18 septembre 2006 de &laquo; proc&egrave;s politique &raquo;. <\/p>\n<p>Le t&eacute;moin a d&eacute;charge a avanc&eacute; que devant les Gacacas o&ugrave; les t&eacute;moins savent qu&rsquo;ils peuvent &agrave; tout moment &ecirc;tre contredits par l&rsquo;assistance, &laquo; je n&rsquo;ai jamais entendu parler de lui dans le cadre des tueries &raquo;. <\/p>\n<p>&laquo; On n&rsquo;a jamais parl&eacute; de Bikindi hormis le fait qu&rsquo;il &eacute;tait un musicien de renom. A part ce fait de notori&eacute;t&eacute; publique, au Rwanda je n&rsquo;ai jamais entendu parler de lui dans le cadre des massacres ou dans un autre cadre &raquo;, a-t-il conclu. <\/p>\n<p>AT\/PB\/GF<br \/>\n&copy; Agence Hirondelle<\/p>\n","protected":false},"excerpt":{"rendered":"<p>Arusha, 25 septembre 2007 (FH)- Le musicien Simon Bikindi n&rsquo;a jamais &eacute;t&eacute; mis en cause devant les juridictions Gacacas, a affirm&eacute; un t&eacute;moin mardi devant le Tribunal p&eacute;nal international pour le Rwanda (TPIR).<\/p>\n","protected":false},"author":64,"featured_media":0,"comment_status":"open","ping_status":"closed","sticky":false,"template":"","format":"standard","meta":{"_acf_changed":false,"footnotes":""},"categories":[554],"tags":[],"ji_location":[],"class_list":["post-8330","post","type-post","status-publish","format-standard","hentry","category-hirondellenews"],"acf":[],"yoast_head":"<!-- This site is optimized with the Yoast SEO Premium plugin v25.3.1 (Yoast SEO v25.3.1) - https:\/\/yoast.com\/wordpress\/plugins\/seo\/ -->\n<title>25.09.07 - TPIR\/BIKINDI - BIKINDI N&#039;A JAMAIS ETE MIS EN CAUSE DANS LES GACACAS (TEMOIN) - JusticeInfo.net<\/title>\n<meta name=\"robots\" content=\"index, follow, max-snippet:-1, max-image-preview:large, max-video-preview:-1\" \/>\n<link rel=\"canonical\" href=\"https:\/\/www.justiceinfo.net\/fr\/8330-250907-tpirbikindi-bikindi-na-jamais-ete-mis-en-cause-dans-les-gacacas-temoin5131.html\" \/>\n<meta property=\"og:locale\" content=\"fr_FR\" \/>\n<meta property=\"og:type\" content=\"article\" \/>\n<meta property=\"og:title\" content=\"25.09.07 - TPIR\/BIKINDI - BIKINDI N&#039;A JAMAIS ETE MIS EN CAUSE DANS LES GACACAS (TEMOIN)\" \/>\n<meta property=\"og:description\" content=\"Arusha, 25 septembre 2007 (FH)- Le musicien Simon Bikindi n&rsquo;a jamais &eacute;t&eacute; mis en cause devant les juridictions Gacacas, a affirm&eacute; un t&eacute;moin mardi devant le Tribunal p&eacute;nal international pour le Rwanda (TPIR).\" \/>\n<meta property=\"og:url\" content=\"https:\/\/www.justiceinfo.net\/fr\/8330-250907-tpirbikindi-bikindi-na-jamais-ete-mis-en-cause-dans-les-gacacas-temoin5131.html\" \/>\n<meta property=\"og:site_name\" content=\"JusticeInfo.net\" \/>\n<meta property=\"article:publisher\" content=\"https:\/\/www.facebook.com\/JusticeInfo\/\" \/>\n<meta property=\"article:published_time\" content=\"2007-09-24T22:00:00+00:00\" \/>\n<meta property=\"og:image\" content=\"https:\/\/www.justiceinfo.net\/wp-content\/uploads\/JusticeInfoNet_logo_1200x630px.jpg\" \/>\n\t<meta property=\"og:image:width\" content=\"1200\" \/>\n\t<meta property=\"og:image:height\" content=\"630\" \/>\n\t<meta property=\"og:image:type\" content=\"image\/jpeg\" \/>\n<meta name=\"author\" content=\"solivri\" \/>\n<meta name=\"twitter:card\" content=\"summary_large_image\" \/>\n<meta name=\"twitter:creator\" content=\"@justiceinfonet\" \/>\n<meta name=\"twitter:site\" content=\"@justiceinfonet\" \/>\n<meta name=\"twitter:label1\" content=\"\u00c9crit par\" \/>\n\t<meta name=\"twitter:data1\" content=\"solivri\" \/>\n\t<meta name=\"twitter:label2\" content=\"Dur\u00e9e de lecture estim\u00e9e\" \/>\n\t<meta name=\"twitter:data2\" content=\"2 minutes\" \/>\n<script type=\"application\/ld+json\" class=\"yoast-schema-graph\">{\"@context\":\"https:\/\/schema.org\",\"@graph\":[{\"@type\":\"NewsArticle\",\"@id\":\"https:\/\/www.justiceinfo.net\/fr\/8330-250907-tpirbikindi-bikindi-na-jamais-ete-mis-en-cause-dans-les-gacacas-temoin5131.html#article\",\"isPartOf\":{\"@id\":\"https:\/\/www.justiceinfo.net\/fr\/8330-250907-tpirbikindi-bikindi-na-jamais-ete-mis-en-cause-dans-les-gacacas-temoin5131.html\"},\"author\":{\"name\":\"solivri\",\"@id\":\"https:\/\/www.justiceinfo.net\/fr#\/schema\/person\/6e53cba1629e2e66f3fc1821d3091865\"},\"headline\":\"25.09.07 - TPIR\/BIKINDI - BIKINDI N'A JAMAIS ETE MIS EN CAUSE DANS LES GACACAS (TEMOIN)\",\"datePublished\":\"2007-09-24T22:00:00+00:00\",\"mainEntityOfPage\":{\"@id\":\"https:\/\/www.justiceinfo.net\/fr\/8330-250907-tpirbikindi-bikindi-na-jamais-ete-mis-en-cause-dans-les-gacacas-temoin5131.html\"},\"wordCount\":471,\"commentCount\":0,\"publisher\":{\"@id\":\"https:\/\/www.justiceinfo.net\/fr#organization\"},\"articleSection\":[\"Hirondelle News\"],\"inLanguage\":\"fr-FR\",\"potentialAction\":[{\"@type\":\"CommentAction\",\"name\":\"Comment\",\"target\":[\"https:\/\/www.justiceinfo.net\/fr\/8330-250907-tpirbikindi-bikindi-na-jamais-ete-mis-en-cause-dans-les-gacacas-temoin5131.html#respond\"]}]},{\"@type\":\"WebPage\",\"@id\":\"https:\/\/www.justiceinfo.net\/fr\/8330-250907-tpirbikindi-bikindi-na-jamais-ete-mis-en-cause-dans-les-gacacas-temoin5131.html\",\"url\":\"https:\/\/www.justiceinfo.net\/fr\/8330-250907-tpirbikindi-bikindi-na-jamais-ete-mis-en-cause-dans-les-gacacas-temoin5131.html\",\"name\":\"25.09.07 - TPIR\/BIKINDI - BIKINDI N'A JAMAIS ETE MIS EN CAUSE DANS LES GACACAS (TEMOIN) - JusticeInfo.net\",\"isPartOf\":{\"@id\":\"https:\/\/www.justiceinfo.net\/fr#website\"},\"datePublished\":\"2007-09-24T22:00:00+00:00\",\"breadcrumb\":{\"@id\":\"https:\/\/www.justiceinfo.net\/fr\/8330-250907-tpirbikindi-bikindi-na-jamais-ete-mis-en-cause-dans-les-gacacas-temoin5131.html#breadcrumb\"},\"inLanguage\":\"fr-FR\",\"potentialAction\":[{\"@type\":\"ReadAction\",\"target\":[\"https:\/\/www.justiceinfo.net\/fr\/8330-250907-tpirbikindi-bikindi-na-jamais-ete-mis-en-cause-dans-les-gacacas-temoin5131.html\"]}]},{\"@type\":\"BreadcrumbList\",\"@id\":\"https:\/\/www.justiceinfo.net\/fr\/8330-250907-tpirbikindi-bikindi-na-jamais-ete-mis-en-cause-dans-les-gacacas-temoin5131.html#breadcrumb\",\"itemListElement\":[{\"@type\":\"ListItem\",\"position\":1,\"name\":\"Home\",\"item\":\"https:\/\/www.justiceinfo.net\/fr\"},{\"@type\":\"ListItem\",\"position\":2,\"name\":\"25.09.07 - TPIR\/BIKINDI - BIKINDI N'A JAMAIS ETE MIS EN CAUSE DANS LES GACACAS (TEMOIN)\"}]},{\"@type\":\"WebSite\",\"@id\":\"https:\/\/www.justiceinfo.net\/fr#website\",\"url\":\"https:\/\/www.justiceinfo.net\/fr\",\"name\":\"JusticeInfo.net\",\"description\":\"La justice doit \u00eatre vue pour \u00eatre rendue\",\"publisher\":{\"@id\":\"https:\/\/www.justiceinfo.net\/fr#organization\"},\"potentialAction\":[{\"@type\":\"SearchAction\",\"target\":{\"@type\":\"EntryPoint\",\"urlTemplate\":\"https:\/\/www.justiceinfo.net\/fr?s={search_term_string}\"},\"query-input\":{\"@type\":\"PropertyValueSpecification\",\"valueRequired\":true,\"valueName\":\"search_term_string\"}}],\"inLanguage\":\"fr-FR\"},{\"@type\":\"Organization\",\"@id\":\"https:\/\/www.justiceinfo.net\/fr#organization\",\"name\":\"Justice Info\",\"url\":\"https:\/\/www.justiceinfo.net\/fr\",\"logo\":{\"@type\":\"ImageObject\",\"inLanguage\":\"fr-FR\",\"@id\":\"https:\/\/www.justiceinfo.net\/fr#\/schema\/logo\/image\/\",\"url\":\"https:\/\/www.justiceinfo.net\/wp-content\/uploads\/justiceinfo_logo-trans_1200x1200px.png\",\"contentUrl\":\"https:\/\/www.justiceinfo.net\/wp-content\/uploads\/justiceinfo_logo-trans_1200x1200px.png\",\"width\":1199,\"height\":1200,\"caption\":\"Justice Info\"},\"image\":{\"@id\":\"https:\/\/www.justiceinfo.net\/fr#\/schema\/logo\/image\/\"},\"sameAs\":[\"https:\/\/www.facebook.com\/JusticeInfo\/\",\"https:\/\/x.com\/justiceinfonet\",\"https:\/\/www.linkedin.com\/company\/justice-info\",\"https:\/\/www.youtube.com\/channel\/UCyCEsARodyuWtkWyhn-e7pA\"]},{\"@type\":\"Person\",\"name\":\"solivri\",\"url\":\"\/fr\/?s=solivri\"}]}<\/script>\n<!-- \/ Yoast SEO Premium plugin. -->","yoast_head_json":{"title":"25.09.07 - TPIR\/BIKINDI - BIKINDI N'A JAMAIS ETE MIS EN CAUSE DANS LES GACACAS (TEMOIN) - JusticeInfo.net","robots":{"index":"index","follow":"follow","max-snippet":"max-snippet:-1","max-image-preview":"max-image-preview:large","max-video-preview":"max-video-preview:-1"},"canonical":"https:\/\/www.justiceinfo.net\/fr\/8330-250907-tpirbikindi-bikindi-na-jamais-ete-mis-en-cause-dans-les-gacacas-temoin5131.html","og_locale":"fr_FR","og_type":"article","og_title":"25.09.07 - TPIR\/BIKINDI - BIKINDI N'A JAMAIS ETE MIS EN CAUSE DANS LES GACACAS (TEMOIN)","og_description":"Arusha, 25 septembre 2007 (FH)- Le musicien Simon Bikindi n&rsquo;a jamais &eacute;t&eacute; mis en cause devant les juridictions Gacacas, a affirm&eacute; un t&eacute;moin mardi devant le Tribunal p&eacute;nal international pour le Rwanda (TPIR).","og_url":"https:\/\/www.justiceinfo.net\/fr\/8330-250907-tpirbikindi-bikindi-na-jamais-ete-mis-en-cause-dans-les-gacacas-temoin5131.html","og_site_name":"JusticeInfo.net","article_publisher":"https:\/\/www.facebook.com\/JusticeInfo\/","article_published_time":"2007-09-24T22:00:00+00:00","og_image":[{"width":1200,"height":630,"url":"https:\/\/www.justiceinfo.net\/wp-content\/uploads\/JusticeInfoNet_logo_1200x630px.jpg","type":"image\/jpeg"}],"author":"solivri","twitter_card":"summary_large_image","twitter_creator":"@justiceinfonet","twitter_site":"@justiceinfonet","twitter_misc":{"\u00c9crit par":"solivri","Dur\u00e9e de lecture estim\u00e9e":"2 minutes"},"schema":{"@context":"https:\/\/schema.org","@graph":[{"@type":"NewsArticle","@id":"https:\/\/www.justiceinfo.net\/fr\/8330-250907-tpirbikindi-bikindi-na-jamais-ete-mis-en-cause-dans-les-gacacas-temoin5131.html#article","isPartOf":{"@id":"https:\/\/www.justiceinfo.net\/fr\/8330-250907-tpirbikindi-bikindi-na-jamais-ete-mis-en-cause-dans-les-gacacas-temoin5131.html"},"author":{"name":"solivri","@id":"https:\/\/www.justiceinfo.net\/fr#\/schema\/person\/6e53cba1629e2e66f3fc1821d3091865"},"headline":"25.09.07 - TPIR\/BIKINDI - BIKINDI N'A JAMAIS ETE MIS EN CAUSE DANS LES GACACAS (TEMOIN)","datePublished":"2007-09-24T22:00:00+00:00","mainEntityOfPage":{"@id":"https:\/\/www.justiceinfo.net\/fr\/8330-250907-tpirbikindi-bikindi-na-jamais-ete-mis-en-cause-dans-les-gacacas-temoin5131.html"},"wordCount":471,"commentCount":0,"publisher":{"@id":"https:\/\/www.justiceinfo.net\/fr#organization"},"articleSection":["Hirondelle News"],"inLanguage":"fr-FR","potentialAction":[{"@type":"CommentAction","name":"Comment","target":["https:\/\/www.justiceinfo.net\/fr\/8330-250907-tpirbikindi-bikindi-na-jamais-ete-mis-en-cause-dans-les-gacacas-temoin5131.html#respond"]}]},{"@type":"WebPage","@id":"https:\/\/www.justiceinfo.net\/fr\/8330-250907-tpirbikindi-bikindi-na-jamais-ete-mis-en-cause-dans-les-gacacas-temoin5131.html","url":"https:\/\/www.justiceinfo.net\/fr\/8330-250907-tpirbikindi-bikindi-na-jamais-ete-mis-en-cause-dans-les-gacacas-temoin5131.html","name":"25.09.07 - TPIR\/BIKINDI - BIKINDI N'A JAMAIS ETE MIS EN CAUSE DANS LES GACACAS (TEMOIN) - JusticeInfo.net","isPartOf":{"@id":"https:\/\/www.justiceinfo.net\/fr#website"},"datePublished":"2007-09-24T22:00:00+00:00","breadcrumb":{"@id":"https:\/\/www.justiceinfo.net\/fr\/8330-250907-tpirbikindi-bikindi-na-jamais-ete-mis-en-cause-dans-les-gacacas-temoin5131.html#breadcrumb"},"inLanguage":"fr-FR","potentialAction":[{"@type":"ReadAction","target":["https:\/\/www.justiceinfo.net\/fr\/8330-250907-tpirbikindi-bikindi-na-jamais-ete-mis-en-cause-dans-les-gacacas-temoin5131.html"]}]},{"@type":"BreadcrumbList","@id":"https:\/\/www.justiceinfo.net\/fr\/8330-250907-tpirbikindi-bikindi-na-jamais-ete-mis-en-cause-dans-les-gacacas-temoin5131.html#breadcrumb","itemListElement":[{"@type":"ListItem","position":1,"name":"Home","item":"https:\/\/www.justiceinfo.net\/fr"},{"@type":"ListItem","position":2,"name":"25.09.07 - TPIR\/BIKINDI - BIKINDI N'A JAMAIS ETE MIS EN CAUSE DANS LES GACACAS (TEMOIN)"}]},{"@type":"WebSite","@id":"https:\/\/www.justiceinfo.net\/fr#website","url":"https:\/\/www.justiceinfo.net\/fr","name":"JusticeInfo.net","description":"La justice doit \u00eatre vue pour \u00eatre rendue","publisher":{"@id":"https:\/\/www.justiceinfo.net\/fr#organization"},"potentialAction":[{"@type":"SearchAction","target":{"@type":"EntryPoint","urlTemplate":"https:\/\/www.justiceinfo.net\/fr?s={search_term_string}"},"query-input":{"@type":"PropertyValueSpecification","valueRequired":true,"valueName":"search_term_string"}}],"inLanguage":"fr-FR"},{"@type":"Organization","@id":"https:\/\/www.justiceinfo.net\/fr#organization","name":"Justice Info","url":"https:\/\/www.justiceinfo.net\/fr","logo":{"@type":"ImageObject","inLanguage":"fr-FR","@id":"https:\/\/www.justiceinfo.net\/fr#\/schema\/logo\/image\/","url":"https:\/\/www.justiceinfo.net\/wp-content\/uploads\/justiceinfo_logo-trans_1200x1200px.png","contentUrl":"https:\/\/www.justiceinfo.net\/wp-content\/uploads\/justiceinfo_logo-trans_1200x1200px.png","width":1199,"height":1200,"caption":"Justice Info"},"image":{"@id":"https:\/\/www.justiceinfo.net\/fr#\/schema\/logo\/image\/"},"sameAs":["https:\/\/www.facebook.com\/JusticeInfo\/","https:\/\/x.com\/justiceinfonet","https:\/\/www.linkedin.com\/company\/justice-info","https:\/\/www.youtube.com\/channel\/UCyCEsARodyuWtkWyhn-e7pA"]},{"@type":"Person","name":"solivri","url":"\/fr\/?s=solivri"}]}},"_links":{"self":[{"href":"https:\/\/www.justiceinfo.net\/fr\/wp-json\/wp\/v2\/posts\/8330","targetHints":{"allow":["GET"]}}],"collection":[{"href":"https:\/\/www.justiceinfo.net\/fr\/wp-json\/wp\/v2\/posts"}],"about":[{"href":"https:\/\/www.justiceinfo.net\/fr\/wp-json\/wp\/v2\/types\/post"}],"author":[{"embeddable":true,"href":"https:\/\/www.justiceinfo.net\/fr\/wp-json\/wp\/v2\/users\/64"}],"replies":[{"embeddable":true,"href":"https:\/\/www.justiceinfo.net\/fr\/wp-json\/wp\/v2\/comments?post=8330"}],"version-history":[{"count":0,"href":"https:\/\/www.justiceinfo.net\/fr\/wp-json\/wp\/v2\/posts\/8330\/revisions"}],"wp:attachment":[{"href":"https:\/\/www.justiceinfo.net\/fr\/wp-json\/wp\/v2\/media?parent=8330"}],"wp:term":[{"taxonomy":"category","embeddable":true,"href":"https:\/\/www.justiceinfo.net\/fr\/wp-json\/wp\/v2\/categories?post=8330"},{"taxonomy":"post_tag","embeddable":true,"href":"https:\/\/www.justiceinfo.net\/fr\/wp-json\/wp\/v2\/tags?post=8330"},{"taxonomy":"ji_location","embeddable":true,"href":"https:\/\/www.justiceinfo.net\/fr\/wp-json\/wp\/v2\/ji_location?post=8330"}],"curies":[{"name":"wp","href":"https:\/\/api.w.org\/{rel}","templated":true}]}}