{"id":83696,"date":"2021-10-25T12:18:02","date_gmt":"2021-10-25T10:18:02","guid":{"rendered":"https:\/\/www.justiceinfo.net\/83696-une-allemande-de-lei-condamnee-a-dix-ans-de-prison-pour-le-meurtre-dune-fillette-yazidie.html"},"modified":"2021-10-25T12:18:02","modified_gmt":"2021-10-25T10:18:02","slug":"une-allemande-de-lei-condamnee-a-dix-ans-de-prison-pour-le-meurtre-dune-fillette-yazidie","status":"publish","type":"post","link":"https:\/\/www.justiceinfo.net\/fr\/83696-une-allemande-de-lei-condamnee-a-dix-ans-de-prison-pour-le-meurtre-dune-fillette-yazidie.html","title":{"rendered":"Une Allemande de l'EI condamn\u00e9e \u00e0 dix ans de prison pour le meurtre d'une fillette yazidie"},"content":{"rendered":"<p>\n             Accus\u00e9e d'avoir laiss\u00e9 mourir de soif une fillette yazidie r\u00e9duite en esclavage en Irak, une Allemande membre du groupe jihadiste Etat islamique (EI) a \u00e9t\u00e9 condamn\u00e9e lundi \u00e0 dix ans de r\u00e9clusion par un tribunal de Munich.\n<\/p>\n<p>\n            Jennifer Wenisch, 30 ans, a notamment \u00e9t\u00e9 reconnue coupable de \"crime contre l'humanit\u00e9 ayant entra\u00een\u00e9 la mort\" et d'appartenance \u00e0 une organisation terroriste, dans l'un des premiers proc\u00e8s au monde \u00e0 juger un crime de guerre contre les Yazidis, minorit\u00e9 kurdophone pers\u00e9cut\u00e9e par les jihadistes.\n<\/p>\n<p>\n            V\u00eatue d'un pull noir, sa longue chevelure brune d\u00e9tach\u00e9e, la jeune femme n'a pas r\u00e9agi \u00e0 l'annonce de sa condamnation, plus cl\u00e9mente que la r\u00e9clusion \u00e0 perp\u00e9tuit\u00e9 r\u00e9clam\u00e9e par le parquet.\n<\/p>\n<p>\n            \"Vous deviez savoir d\u00e8s le d\u00e9part qu'une enfant encha\u00een\u00e9e sous un soleil de plomb serait en danger de mort\", lui a lanc\u00e9 lundi le pr\u00e9sident de la Cour, Reinhold Baier.\n<\/p>\n<p>\n            Mais les juges ont \u00e9galement reconnu que l'ex-jihadiste \"ne disposait que de possibilit\u00e9s limit\u00e9es pour mettre fin \u00e0 l'asservissement\" des victimes, selon un communiqu\u00e9 du tribunal.\n<\/p>\n<p>\n            Cette Allemande originaire de Lohne, en Basse-Saxe (nord-ouest), avait gagn\u00e9 l'Irak en 2014 pour rejoindre \"ses fr\u00e8res\", comme elle l'a expliqu\u00e9 lors du proc\u00e8s entam\u00e9 en avril 2019.\n<\/p>\n<p>\n            Pendant plusieurs mois, elle y a patrouill\u00e9, arm\u00e9e, au sein de la police des moeurs \u00e0 Falloujah et Mossoul. Cette force veillait notamment au respect des r\u00e8gles vestimentaires et de comportement \u00e9dict\u00e9es par les jihadistes.\n<\/p>\n<p>\n            - Morte de soif -\n<\/p>\n<p>\n            A l'\u00e9t\u00e9 2015, elle et son mari d'alors, Taha Al-Jumailly, jug\u00e9 \u00e0 Francfort dans une proc\u00e9dure parall\u00e8le, ont achet\u00e9 comme esclaves, parmi un groupe de prisonniers, une fillette de cinq ans et sa m\u00e8re issues de la minorit\u00e9 yazidie.\n<\/p>\n<p>\n            T\u00e9moin cl\u00e9 des proc\u00e8s de Munich et Francfort, la m\u00e8re survivante, qui vit d\u00e9sormais cach\u00e9e en Allemagne, a livr\u00e9 \u00e0 la barre le r\u00e9cit des s\u00e9vices subis.\n<\/p>\n<p>\n            Apr\u00e8s de nombreuses maltraitances, la petite fille a \u00e9t\u00e9 \"punie\" par le mari de l'accus\u00e9e pour avoir urin\u00e9 sur un matelas, puis attach\u00e9e, par des temp\u00e9ratures autour de 50\u00b0C, \u00e0 une fen\u00eatre \u00e0 l'ext\u00e9rieur de la maison.\n<\/p>\n<p>\n            La fillette est morte de soif tandis que sa m\u00e8re \u00e9tait contrainte de rester au service du couple.\n<\/p>\n<p>\n            Accus\u00e9e d'avoir laiss\u00e9 faire sans intervenir, Jennifer Wenisch a affirm\u00e9 \u00e0 l'audience avoir \"eu peur\" que son compagnon \"ne (la) pousse ou l'enferme\".\n<\/p>\n<p>\n            Au cours du proc\u00e8s, la jeune femme n'a pas vraiment apport\u00e9 d'explications sur son parcours de radicalisation.\n<\/p>\n<p>\n            Timide lors des premi\u00e8res audiences, elle s'est ensuite enhardie.\n<\/p>\n<p>\n            \"On va faire de moi un exemple pour tout ce qui s'est pass\u00e9 sous l'EI. Il est difficile d'imaginer que cela soit possible dans un \u00c9tat de droit\", s'\u00e9tait-elle d\u00e9fendue, selon des propos cit\u00e9s par le journal S\u00fcddeutsche Zeitung.\n<\/p>\n<p>\n            - Sur \u00e9coute -\n<\/p>\n<p>\n            Elle avait \u00e9t\u00e9 arr\u00eat\u00e9e par les services de s\u00e9curit\u00e9 turcs en janvier 2016 \u00e0 Ankara puis extrad\u00e9e vers l'Allemagne.\n<\/p>\n<p>\n            Elle n'a \u00e9t\u00e9 plac\u00e9e en d\u00e9tention qu'en juin 2018, apr\u00e8s avoir \u00e9t\u00e9 arr\u00eat\u00e9e en tentant de rejoindre de nouveau, avec sa fille de deux ans, les territoires que l'EI contr\u00f4lait encore en Syrie.\n<\/p>\n<p>\n            Durant cette tentative, elle a racont\u00e9 sa vie en Irak \u00e0 son chauffeur, qui \u00e9tait en r\u00e9alit\u00e9 un informateur du FBI la conduisant dans une voiture \u00e9quip\u00e9e de micros. Le parquet a utilis\u00e9 ces enregistrements pour l'inculper.\n<\/p>\n<p>\n            Ce proc\u00e8s est l'un des premiers concernant des crimes commis sur les Yazidis, minorit\u00e9 kurdophone du Nord de l'Irak.\n<\/p>\n<p>\n            En octobre 2020, une Germano-Tunisienne, \u00e9pouse d'un jihadiste, avait \u00e9t\u00e9 condamn\u00e9e par un tribunal allemand \u00e0 trois ans et demi de prison pour avoir notamment contribu\u00e9 \u00e0 r\u00e9duire \u00e0 l'\u00e9tat d'esclave une jeune Yazidie lorsqu'elle s\u00e9journait en Syrie.\n<\/p>\n<p>\n            Deux autres Allemandes rapatri\u00e9es depuis 2020 des territoires de l'EI sont soup\u00e7onn\u00e9es de complicit\u00e9 de crimes contre l'humanit\u00e9 en lien avec les exactions commises contre la minorit\u00e9 yazidie.\n<\/p>\n<p>\n            Cette communaut\u00e9 ethno-religieuse yazidie a \u00e9t\u00e9 particuli\u00e8rement pers\u00e9cut\u00e9e par les jihadistes, qui ont r\u00e9duit ses femmes \u00e0 l'esclavage sexuel, enr\u00f4l\u00e9 de force des enfants-soldats et tu\u00e9 des hommes par centaines.<\/p>\n","protected":false},"excerpt":{"rendered":"<p>Accus\u00e9e d'avoir laiss\u00e9 mourir de soif une fillette yazidie r\u00e9duite en esclavage en Irak, une Allemande membre du groupe jihadiste Etat islamique (EI) a \u00e9t\u00e9 condamn\u00e9e lundi \u00e0 dix ans de r\u00e9clusion par un tribunal de Munich. Jennifer Wenisch, 30 ans, a notamment \u00e9t\u00e9 reconnue coupable de \"crime contre l'humanit\u00e9 ayant entra\u00een\u00e9 la mort\" et [&hellip;]<\/p>\n","protected":false},"author":60,"featured_media":0,"comment_status":"open","ping_status":"closed","sticky":false,"template":"","format":"standard","meta":{"_acf_changed":false,"footnotes":""},"categories":[2576],"tags":[],"ji_location":[],"class_list":["post-83696","post","type-post","status-publish","format-standard","hentry","category-fil-d-actualite"],"acf":[],"yoast_head":"<!-- This site is optimized with the Yoast SEO Premium plugin v25.3.1 (Yoast SEO v25.3.1) - https:\/\/yoast.com\/wordpress\/plugins\/seo\/ -->\n<title>Une Allemande de l&#039;EI condamn\u00e9e \u00e0 dix ans de prison pour le meurtre d&#039;une fillette yazidie - JusticeInfo.net<\/title>\n<meta name=\"robots\" content=\"index, follow, max-snippet:-1, max-image-preview:large, max-video-preview:-1\" \/>\n<link rel=\"canonical\" href=\"https:\/\/www.justiceinfo.net\/fr\/83696-une-allemande-de-lei-condamnee-a-dix-ans-de-prison-pour-le-meurtre-dune-fillette-yazidie.html\" \/>\n<meta property=\"og:locale\" content=\"fr_FR\" \/>\n<meta property=\"og:type\" content=\"article\" \/>\n<meta property=\"og:title\" content=\"Une Allemande de l&#039;EI condamn\u00e9e \u00e0 dix ans de prison pour le meurtre d&#039;une fillette yazidie\" \/>\n<meta property=\"og:description\" content=\"Accus\u00e9e d&#039;avoir laiss\u00e9 mourir de soif une fillette yazidie r\u00e9duite en esclavage en Irak, une Allemande membre du groupe jihadiste Etat islamique (EI) a \u00e9t\u00e9 condamn\u00e9e lundi \u00e0 dix ans de r\u00e9clusion par un tribunal de Munich. Jennifer Wenisch, 30 ans, a notamment \u00e9t\u00e9 reconnue coupable de &quot;crime contre l&#039;humanit\u00e9 ayant entra\u00een\u00e9 la mort&quot; et [&hellip;]\" \/>\n<meta property=\"og:url\" content=\"https:\/\/www.justiceinfo.net\/fr\/83696-une-allemande-de-lei-condamnee-a-dix-ans-de-prison-pour-le-meurtre-dune-fillette-yazidie.html\" \/>\n<meta property=\"og:site_name\" content=\"JusticeInfo.net\" \/>\n<meta property=\"article:publisher\" content=\"https:\/\/www.facebook.com\/JusticeInfo\/\" \/>\n<meta property=\"article:published_time\" content=\"2021-10-25T10:18:02+00:00\" \/>\n<meta property=\"og:image\" content=\"https:\/\/www.justiceinfo.net\/wp-content\/uploads\/JusticeInfoNet_logo_1200x630px.jpg\" \/>\n\t<meta property=\"og:image:width\" content=\"1200\" \/>\n\t<meta property=\"og:image:height\" content=\"630\" \/>\n\t<meta property=\"og:image:type\" content=\"image\/jpeg\" \/>\n<meta name=\"author\" content=\"afp\" \/>\n<meta name=\"twitter:card\" content=\"summary_large_image\" \/>\n<meta name=\"twitter:creator\" content=\"@justiceinfonet\" \/>\n<meta name=\"twitter:site\" content=\"@justiceinfonet\" \/>\n<meta name=\"twitter:label1\" content=\"\u00c9crit par\" \/>\n\t<meta name=\"twitter:data1\" content=\"afp\" \/>\n\t<meta name=\"twitter:label2\" content=\"Dur\u00e9e de lecture estim\u00e9e\" \/>\n\t<meta name=\"twitter:data2\" content=\"4 minutes\" \/>\n<script type=\"application\/ld+json\" class=\"yoast-schema-graph\">{\"@context\":\"https:\/\/schema.org\",\"@graph\":[{\"@type\":\"NewsArticle\",\"@id\":\"https:\/\/www.justiceinfo.net\/fr\/83696-une-allemande-de-lei-condamnee-a-dix-ans-de-prison-pour-le-meurtre-dune-fillette-yazidie.html#article\",\"isPartOf\":{\"@id\":\"https:\/\/www.justiceinfo.net\/fr\/83696-une-allemande-de-lei-condamnee-a-dix-ans-de-prison-pour-le-meurtre-dune-fillette-yazidie.html\"},\"author\":{\"name\":\"afp\",\"@id\":\"https:\/\/www.justiceinfo.net\/fr#\/schema\/person\/713d340ef5f218fc36ce9b4244364a7f\"},\"headline\":\"Une Allemande de l'EI condamn\u00e9e \u00e0 dix ans de prison pour le meurtre d'une fillette yazidie\",\"datePublished\":\"2021-10-25T10:18:02+00:00\",\"mainEntityOfPage\":{\"@id\":\"https:\/\/www.justiceinfo.net\/fr\/83696-une-allemande-de-lei-condamnee-a-dix-ans-de-prison-pour-le-meurtre-dune-fillette-yazidie.html\"},\"wordCount\":762,\"commentCount\":0,\"publisher\":{\"@id\":\"https:\/\/www.justiceinfo.net\/fr#organization\"},\"articleSection\":[\"Fil d'info AFP\"],\"inLanguage\":\"fr-FR\",\"potentialAction\":[{\"@type\":\"CommentAction\",\"name\":\"Comment\",\"target\":[\"https:\/\/www.justiceinfo.net\/fr\/83696-une-allemande-de-lei-condamnee-a-dix-ans-de-prison-pour-le-meurtre-dune-fillette-yazidie.html#respond\"]}]},{\"@type\":\"WebPage\",\"@id\":\"https:\/\/www.justiceinfo.net\/fr\/83696-une-allemande-de-lei-condamnee-a-dix-ans-de-prison-pour-le-meurtre-dune-fillette-yazidie.html\",\"url\":\"https:\/\/www.justiceinfo.net\/fr\/83696-une-allemande-de-lei-condamnee-a-dix-ans-de-prison-pour-le-meurtre-dune-fillette-yazidie.html\",\"name\":\"Une Allemande de l'EI condamn\u00e9e \u00e0 dix ans de prison pour le meurtre d'une fillette yazidie - JusticeInfo.net\",\"isPartOf\":{\"@id\":\"https:\/\/www.justiceinfo.net\/fr#website\"},\"datePublished\":\"2021-10-25T10:18:02+00:00\",\"breadcrumb\":{\"@id\":\"https:\/\/www.justiceinfo.net\/fr\/83696-une-allemande-de-lei-condamnee-a-dix-ans-de-prison-pour-le-meurtre-dune-fillette-yazidie.html#breadcrumb\"},\"inLanguage\":\"fr-FR\",\"potentialAction\":[{\"@type\":\"ReadAction\",\"target\":[\"https:\/\/www.justiceinfo.net\/fr\/83696-une-allemande-de-lei-condamnee-a-dix-ans-de-prison-pour-le-meurtre-dune-fillette-yazidie.html\"]}]},{\"@type\":\"BreadcrumbList\",\"@id\":\"https:\/\/www.justiceinfo.net\/fr\/83696-une-allemande-de-lei-condamnee-a-dix-ans-de-prison-pour-le-meurtre-dune-fillette-yazidie.html#breadcrumb\",\"itemListElement\":[{\"@type\":\"ListItem\",\"position\":1,\"name\":\"Home\",\"item\":\"https:\/\/www.justiceinfo.net\/fr\"},{\"@type\":\"ListItem\",\"position\":2,\"name\":\"Une Allemande de l'EI condamn\u00e9e \u00e0 dix ans de prison pour le meurtre d'une fillette yazidie\"}]},{\"@type\":\"WebSite\",\"@id\":\"https:\/\/www.justiceinfo.net\/fr#website\",\"url\":\"https:\/\/www.justiceinfo.net\/fr\",\"name\":\"JusticeInfo.net\",\"description\":\"La justice doit \u00eatre vue pour \u00eatre rendue\",\"publisher\":{\"@id\":\"https:\/\/www.justiceinfo.net\/fr#organization\"},\"potentialAction\":[{\"@type\":\"SearchAction\",\"target\":{\"@type\":\"EntryPoint\",\"urlTemplate\":\"https:\/\/www.justiceinfo.net\/fr?s={search_term_string}\"},\"query-input\":{\"@type\":\"PropertyValueSpecification\",\"valueRequired\":true,\"valueName\":\"search_term_string\"}}],\"inLanguage\":\"fr-FR\"},{\"@type\":\"Organization\",\"@id\":\"https:\/\/www.justiceinfo.net\/fr#organization\",\"name\":\"Justice Info\",\"url\":\"https:\/\/www.justiceinfo.net\/fr\",\"logo\":{\"@type\":\"ImageObject\",\"inLanguage\":\"fr-FR\",\"@id\":\"https:\/\/www.justiceinfo.net\/fr#\/schema\/logo\/image\/\",\"url\":\"https:\/\/www.justiceinfo.net\/wp-content\/uploads\/justiceinfo_logo-trans_1200x1200px.png\",\"contentUrl\":\"https:\/\/www.justiceinfo.net\/wp-content\/uploads\/justiceinfo_logo-trans_1200x1200px.png\",\"width\":1199,\"height\":1200,\"caption\":\"Justice Info\"},\"image\":{\"@id\":\"https:\/\/www.justiceinfo.net\/fr#\/schema\/logo\/image\/\"},\"sameAs\":[\"https:\/\/www.facebook.com\/JusticeInfo\/\",\"https:\/\/x.com\/justiceinfonet\",\"https:\/\/www.linkedin.com\/company\/justice-info\",\"https:\/\/www.youtube.com\/channel\/UCyCEsARodyuWtkWyhn-e7pA\"]},{\"@type\":\"Person\",\"name\":\"afp\",\"url\":\"\/fr\/?s=afp\"}]}<\/script>\n<!-- \/ Yoast SEO Premium plugin. -->","yoast_head_json":{"title":"Une Allemande de l'EI condamn\u00e9e \u00e0 dix ans de prison pour le meurtre d'une fillette yazidie - JusticeInfo.net","robots":{"index":"index","follow":"follow","max-snippet":"max-snippet:-1","max-image-preview":"max-image-preview:large","max-video-preview":"max-video-preview:-1"},"canonical":"https:\/\/www.justiceinfo.net\/fr\/83696-une-allemande-de-lei-condamnee-a-dix-ans-de-prison-pour-le-meurtre-dune-fillette-yazidie.html","og_locale":"fr_FR","og_type":"article","og_title":"Une Allemande de l'EI condamn\u00e9e \u00e0 dix ans de prison pour le meurtre d'une fillette yazidie","og_description":"Accus\u00e9e d'avoir laiss\u00e9 mourir de soif une fillette yazidie r\u00e9duite en esclavage en Irak, une Allemande membre du groupe jihadiste Etat islamique (EI) a \u00e9t\u00e9 condamn\u00e9e lundi \u00e0 dix ans de r\u00e9clusion par un tribunal de Munich. Jennifer Wenisch, 30 ans, a notamment \u00e9t\u00e9 reconnue coupable de \"crime contre l'humanit\u00e9 ayant entra\u00een\u00e9 la mort\" et [&hellip;]","og_url":"https:\/\/www.justiceinfo.net\/fr\/83696-une-allemande-de-lei-condamnee-a-dix-ans-de-prison-pour-le-meurtre-dune-fillette-yazidie.html","og_site_name":"JusticeInfo.net","article_publisher":"https:\/\/www.facebook.com\/JusticeInfo\/","article_published_time":"2021-10-25T10:18:02+00:00","og_image":[{"width":1200,"height":630,"url":"https:\/\/www.justiceinfo.net\/wp-content\/uploads\/JusticeInfoNet_logo_1200x630px.jpg","type":"image\/jpeg"}],"author":"afp","twitter_card":"summary_large_image","twitter_creator":"@justiceinfonet","twitter_site":"@justiceinfonet","twitter_misc":{"\u00c9crit par":"afp","Dur\u00e9e de lecture estim\u00e9e":"4 minutes"},"schema":{"@context":"https:\/\/schema.org","@graph":[{"@type":"NewsArticle","@id":"https:\/\/www.justiceinfo.net\/fr\/83696-une-allemande-de-lei-condamnee-a-dix-ans-de-prison-pour-le-meurtre-dune-fillette-yazidie.html#article","isPartOf":{"@id":"https:\/\/www.justiceinfo.net\/fr\/83696-une-allemande-de-lei-condamnee-a-dix-ans-de-prison-pour-le-meurtre-dune-fillette-yazidie.html"},"author":{"name":"afp","@id":"https:\/\/www.justiceinfo.net\/fr#\/schema\/person\/713d340ef5f218fc36ce9b4244364a7f"},"headline":"Une Allemande de l'EI condamn\u00e9e \u00e0 dix ans de prison pour le meurtre d'une fillette yazidie","datePublished":"2021-10-25T10:18:02+00:00","mainEntityOfPage":{"@id":"https:\/\/www.justiceinfo.net\/fr\/83696-une-allemande-de-lei-condamnee-a-dix-ans-de-prison-pour-le-meurtre-dune-fillette-yazidie.html"},"wordCount":762,"commentCount":0,"publisher":{"@id":"https:\/\/www.justiceinfo.net\/fr#organization"},"articleSection":["Fil d'info AFP"],"inLanguage":"fr-FR","potentialAction":[{"@type":"CommentAction","name":"Comment","target":["https:\/\/www.justiceinfo.net\/fr\/83696-une-allemande-de-lei-condamnee-a-dix-ans-de-prison-pour-le-meurtre-dune-fillette-yazidie.html#respond"]}]},{"@type":"WebPage","@id":"https:\/\/www.justiceinfo.net\/fr\/83696-une-allemande-de-lei-condamnee-a-dix-ans-de-prison-pour-le-meurtre-dune-fillette-yazidie.html","url":"https:\/\/www.justiceinfo.net\/fr\/83696-une-allemande-de-lei-condamnee-a-dix-ans-de-prison-pour-le-meurtre-dune-fillette-yazidie.html","name":"Une Allemande de l'EI condamn\u00e9e \u00e0 dix ans de prison pour le meurtre d'une fillette yazidie - JusticeInfo.net","isPartOf":{"@id":"https:\/\/www.justiceinfo.net\/fr#website"},"datePublished":"2021-10-25T10:18:02+00:00","breadcrumb":{"@id":"https:\/\/www.justiceinfo.net\/fr\/83696-une-allemande-de-lei-condamnee-a-dix-ans-de-prison-pour-le-meurtre-dune-fillette-yazidie.html#breadcrumb"},"inLanguage":"fr-FR","potentialAction":[{"@type":"ReadAction","target":["https:\/\/www.justiceinfo.net\/fr\/83696-une-allemande-de-lei-condamnee-a-dix-ans-de-prison-pour-le-meurtre-dune-fillette-yazidie.html"]}]},{"@type":"BreadcrumbList","@id":"https:\/\/www.justiceinfo.net\/fr\/83696-une-allemande-de-lei-condamnee-a-dix-ans-de-prison-pour-le-meurtre-dune-fillette-yazidie.html#breadcrumb","itemListElement":[{"@type":"ListItem","position":1,"name":"Home","item":"https:\/\/www.justiceinfo.net\/fr"},{"@type":"ListItem","position":2,"name":"Une Allemande de l'EI condamn\u00e9e \u00e0 dix ans de prison pour le meurtre d'une fillette yazidie"}]},{"@type":"WebSite","@id":"https:\/\/www.justiceinfo.net\/fr#website","url":"https:\/\/www.justiceinfo.net\/fr","name":"JusticeInfo.net","description":"La justice doit \u00eatre vue pour \u00eatre rendue","publisher":{"@id":"https:\/\/www.justiceinfo.net\/fr#organization"},"potentialAction":[{"@type":"SearchAction","target":{"@type":"EntryPoint","urlTemplate":"https:\/\/www.justiceinfo.net\/fr?s={search_term_string}"},"query-input":{"@type":"PropertyValueSpecification","valueRequired":true,"valueName":"search_term_string"}}],"inLanguage":"fr-FR"},{"@type":"Organization","@id":"https:\/\/www.justiceinfo.net\/fr#organization","name":"Justice Info","url":"https:\/\/www.justiceinfo.net\/fr","logo":{"@type":"ImageObject","inLanguage":"fr-FR","@id":"https:\/\/www.justiceinfo.net\/fr#\/schema\/logo\/image\/","url":"https:\/\/www.justiceinfo.net\/wp-content\/uploads\/justiceinfo_logo-trans_1200x1200px.png","contentUrl":"https:\/\/www.justiceinfo.net\/wp-content\/uploads\/justiceinfo_logo-trans_1200x1200px.png","width":1199,"height":1200,"caption":"Justice Info"},"image":{"@id":"https:\/\/www.justiceinfo.net\/fr#\/schema\/logo\/image\/"},"sameAs":["https:\/\/www.facebook.com\/JusticeInfo\/","https:\/\/x.com\/justiceinfonet","https:\/\/www.linkedin.com\/company\/justice-info","https:\/\/www.youtube.com\/channel\/UCyCEsARodyuWtkWyhn-e7pA"]},{"@type":"Person","name":"afp","url":"\/fr\/?s=afp"}]}},"_links":{"self":[{"href":"https:\/\/www.justiceinfo.net\/fr\/wp-json\/wp\/v2\/posts\/83696","targetHints":{"allow":["GET"]}}],"collection":[{"href":"https:\/\/www.justiceinfo.net\/fr\/wp-json\/wp\/v2\/posts"}],"about":[{"href":"https:\/\/www.justiceinfo.net\/fr\/wp-json\/wp\/v2\/types\/post"}],"author":[{"embeddable":true,"href":"https:\/\/www.justiceinfo.net\/fr\/wp-json\/wp\/v2\/users\/60"}],"replies":[{"embeddable":true,"href":"https:\/\/www.justiceinfo.net\/fr\/wp-json\/wp\/v2\/comments?post=83696"}],"version-history":[{"count":0,"href":"https:\/\/www.justiceinfo.net\/fr\/wp-json\/wp\/v2\/posts\/83696\/revisions"}],"wp:attachment":[{"href":"https:\/\/www.justiceinfo.net\/fr\/wp-json\/wp\/v2\/media?parent=83696"}],"wp:term":[{"taxonomy":"category","embeddable":true,"href":"https:\/\/www.justiceinfo.net\/fr\/wp-json\/wp\/v2\/categories?post=83696"},{"taxonomy":"post_tag","embeddable":true,"href":"https:\/\/www.justiceinfo.net\/fr\/wp-json\/wp\/v2\/tags?post=83696"},{"taxonomy":"ji_location","embeddable":true,"href":"https:\/\/www.justiceinfo.net\/fr\/wp-json\/wp\/v2\/ji_location?post=83696"}],"curies":[{"name":"wp","href":"https:\/\/api.w.org\/{rel}","templated":true}]}}