{"id":8374,"date":"2007-10-03T00:00:00","date_gmt":"2007-10-02T22:00:00","guid":{"rendered":"https:\/\/www.justiceinfo.net\/8374-031007-tpirkaremera-un-temoin-reconnait-quil-modifie-ses-declarations-selon-les-proces5175.html"},"modified":"2007-10-03T00:00:00","modified_gmt":"2007-10-02T22:00:00","slug":"031007-tpirkaremera-un-temoin-reconnait-quil-modifie-ses-declarations-selon-les-proces5175","status":"publish","type":"post","link":"https:\/\/www.justiceinfo.net\/fr\/8374-031007-tpirkaremera-un-temoin-reconnait-quil-modifie-ses-declarations-selon-les-proces5175.html","title":{"rendered":"03.10.07 - TPIR\/KAREMERA - UN TEMOIN RECONNAIT QU'IL MODIFIE SES DECLARATIONS SELON LES PROCES"},"content":{"rendered":"<p>Arusha, 3 octobre 2007 (FH) - Un t&eacute;moin &agrave; charge a reconnu mercredi qu&rsquo;il modifiait ses d&eacute;clarations en fonction des proc&egrave;s dans lesquels il t&eacute;moigne devant le Tribunal p&eacute;nal international pour le Rwanda (TPIR)<br \/>\n<!--more--><\/p>\n<p>\n&nbsp;Le t&eacute;moin prot&eacute;g&eacute; &laquo;AMB&raquo; d&eacute;pose depuis lundi dans le proc&egrave;s dit &quot;Karemera&quot; de trois anciens responsables de l&rsquo;ex-parti au pouvoir au Rwanda accus&eacute;s de g&eacute;nocide et de crimes contre l&rsquo;humanit&eacute;. <\/p>\n<p>Il avait &eacute;t&eacute; entendu une premi&egrave;re fois par le TPIR en f&eacute;vrier 1999 dans le jugement d'Alfred Musema, condamn&eacute; &agrave; la prison &agrave; vie en 2000 . <\/p>\n<p>Les deux d&eacute;positions diff&egrave;rent &agrave; bien des &eacute;gards s&rsquo;agissant des responsabilit&eacute;s dans les massacres sur les hautes collines de Bisesero dans l&rsquo;ouest du pays. <\/p>\n<p>&laquo; La chambre doit comprendre que vos d&eacute;positions varient en fonction des personnes que vous avez &agrave; accuser ou pas ?&raquo;, a demand&eacute; &agrave; AMB Me Diagne Dior (S&eacute;n&eacute;gal), l&rsquo;avocate de l&rsquo;ancien ministre Edouard Karemera, un des accus&eacute;s. <\/p>\n<p>Edouard Karemera &eacute;tait vice-pr&eacute;sident du parti au pouvoir au Rwanda en 1994. AMB l&rsquo;a accus&eacute; d&rsquo;avoir jou&eacute; un r&ocirc;le capital dans les attaques contre les Tutsis r&eacute;fugi&eacute;s &agrave; Bisesero entre avril et juin 1994. Me Diagne Dior a pertinemment relev&eacute; que lorsque AMB avait t&eacute;moign&eacute; sur les m&ecirc;mes faits en 1999, il n&rsquo;avait m&ecirc;me pas fait mention de son client. <\/p>\n<p>&laquo;Ma d&eacute;position change lorsque certaines personnes sont arr&ecirc;t&eacute;es. Je vous dis qu&rsquo;il y a des gens qui n&rsquo;ont pas &eacute;t&eacute; arr&ecirc;t&eacute;s et que nous n&rsquo;avons pas encore accus&eacute;. Je vous dis que ma d&eacute;position change au fur et &agrave; mesure que les gens sont arr&ecirc;t&eacute;s&raquo;, a r&eacute;pondu le t&eacute;moin. <\/p>\n<p>AMK a maintenu sa position lorsque l&rsquo;avocate lui a sugg&eacute;r&eacute; que &laquo; la v&eacute;rit&eacute; est immuable &raquo; et qu&rsquo;elle ne saurait &ecirc;tre model&eacute;e au gr&eacute; des humeurs. <\/p>\n<p>&laquo; Je peux parler de dix personnes aujourd&rsquo;hui. Il y a ensuite d&rsquo;autres personnes dont nous pensions qu&rsquo;elles &eacute;taient d&eacute;c&eacute;d&eacute;es et qui r&eacute;apparaissent. Et lorsqu&rsquo;elles refont surface, on les charge. Nous allons continuer &agrave; le faire jusqu&rsquo;&agrave; ce que ces personnes soient condamn&eacute;es &raquo;, a d&eacute;clar&eacute; AMK. <\/p>\n<p>Me Dior lui a fait remarquer que, dans le cas d&rsquo;esp&egrave;ce, sa logique n&rsquo;avait pas &eacute;t&eacute; respect&eacute;e car Edouard Karemera a &eacute;t&eacute; arr&ecirc;t&eacute; au Togo le 5 juin 1998, soit huit mois avant sa premi&egrave;re audition devant le TPIR. <\/p>\n<p>AMK avait &eacute;t&eacute; cit&eacute; par le procureur dans le proc&egrave;s de l&rsquo;ex-directeur de l&rsquo;usine &agrave; th&eacute; de Gisovu pr&egrave;s de Bisesero, Alfred Musema, condamn&eacute; &agrave; la prison &agrave; vie en 2000. En 1999, AMK avait d&eacute;clar&eacute; que les attaques sur Bisesero avaient &eacute;t&eacute; dirig&eacute;es par Musema aid&eacute; notamment du pr&eacute;fet et des maires locaux. <\/p>\n<p>&laquo; Je ne savais pas que M. Karemera avait &eacute;t&eacute; arr&ecirc;t&eacute; lorsque j&rsquo;ai d&eacute;pos&eacute; dans l&rsquo;affaire Musema &raquo;, a r&eacute;torqu&eacute; le t&eacute;moin. <\/p>\n<p>Edouard Karemera, qui plaide non coupable, est jug&eacute; avec Mathieu Ngirumpatse et Joseph Nzirorera, ses coll&egrave;gues au sein de la direction de l&rsquo;ex-parti au pouvoir, le Mouvement r&eacute;publicain national pour la d&eacute;mocratie et le d&eacute;veloppement (MRND) <\/p>\n<p>Ce proc&egrave;s collectif a commenc&eacute; le 19 septembre 2005. Le procureur devrait cl&ocirc;turer sa preuve en mars 2008 et les d&eacute;bats devraient durer au del&agrave; du mandat du TPIR qui s&rsquo;ach&egrave;ve en d&eacute;cembre 2008. Le pr&eacute;sident de la chambre, Dennis Byron (Saint-Kitts et Nevis), est &eacute;galement pr&eacute;sident du TPIR. Il est assist&eacute; des juges, burkinab&eacute; Gberdao Gustave Kam et danois Vagn Joensen. <\/p>\n<p>AT\/PB\/GF<br \/>\n&copy; Agence Hirondelle<\/p>\n","protected":false},"excerpt":{"rendered":"<p>Arusha, 3 octobre 2007 (FH) - Un t&eacute;moin &agrave; charge a reconnu mercredi qu&rsquo;il modifiait ses d&eacute;clarations en fonction des proc&egrave;s dans lesquels il t&eacute;moigne devant le Tribunal p&eacute;nal international pour le Rwanda (TPIR)<\/p>\n","protected":false},"author":64,"featured_media":0,"comment_status":"open","ping_status":"closed","sticky":false,"template":"","format":"standard","meta":{"_acf_changed":false,"footnotes":""},"categories":[554],"tags":[],"ji_location":[],"class_list":["post-8374","post","type-post","status-publish","format-standard","hentry","category-hirondellenews"],"acf":[],"yoast_head":"<!-- This site is optimized with the Yoast SEO Premium plugin v25.3.1 (Yoast SEO v25.3.1) - https:\/\/yoast.com\/wordpress\/plugins\/seo\/ -->\n<title>03.10.07 - TPIR\/KAREMERA - UN TEMOIN RECONNAIT QU&#039;IL MODIFIE SES DECLARATIONS SELON LES PROCES - JusticeInfo.net<\/title>\n<meta name=\"robots\" content=\"index, follow, max-snippet:-1, max-image-preview:large, max-video-preview:-1\" \/>\n<link rel=\"canonical\" href=\"https:\/\/www.justiceinfo.net\/fr\/8374-031007-tpirkaremera-un-temoin-reconnait-quil-modifie-ses-declarations-selon-les-proces5175.html\" \/>\n<meta property=\"og:locale\" content=\"fr_FR\" \/>\n<meta property=\"og:type\" content=\"article\" \/>\n<meta property=\"og:title\" content=\"03.10.07 - TPIR\/KAREMERA - UN TEMOIN RECONNAIT QU&#039;IL MODIFIE SES DECLARATIONS SELON LES PROCES\" \/>\n<meta property=\"og:description\" content=\"Arusha, 3 octobre 2007 (FH) - Un t&eacute;moin &agrave; charge a reconnu mercredi qu&rsquo;il modifiait ses d&eacute;clarations en fonction des proc&egrave;s dans lesquels il t&eacute;moigne devant le Tribunal p&eacute;nal international pour le Rwanda (TPIR)\" \/>\n<meta property=\"og:url\" content=\"https:\/\/www.justiceinfo.net\/fr\/8374-031007-tpirkaremera-un-temoin-reconnait-quil-modifie-ses-declarations-selon-les-proces5175.html\" \/>\n<meta property=\"og:site_name\" content=\"JusticeInfo.net\" \/>\n<meta property=\"article:publisher\" content=\"https:\/\/www.facebook.com\/JusticeInfo\/\" \/>\n<meta property=\"article:published_time\" content=\"2007-10-02T22:00:00+00:00\" \/>\n<meta property=\"og:image\" content=\"https:\/\/www.justiceinfo.net\/wp-content\/uploads\/JusticeInfoNet_logo_1200x630px.jpg\" \/>\n\t<meta property=\"og:image:width\" content=\"1200\" \/>\n\t<meta property=\"og:image:height\" content=\"630\" \/>\n\t<meta property=\"og:image:type\" content=\"image\/jpeg\" \/>\n<meta name=\"author\" content=\"solivri\" \/>\n<meta name=\"twitter:card\" content=\"summary_large_image\" \/>\n<meta name=\"twitter:creator\" content=\"@justiceinfonet\" \/>\n<meta name=\"twitter:site\" content=\"@justiceinfonet\" \/>\n<meta name=\"twitter:label1\" content=\"\u00c9crit par\" \/>\n\t<meta name=\"twitter:data1\" content=\"solivri\" \/>\n\t<meta name=\"twitter:label2\" content=\"Dur\u00e9e de lecture estim\u00e9e\" \/>\n\t<meta name=\"twitter:data2\" content=\"4 minutes\" \/>\n<script type=\"application\/ld+json\" class=\"yoast-schema-graph\">{\"@context\":\"https:\/\/schema.org\",\"@graph\":[{\"@type\":\"NewsArticle\",\"@id\":\"https:\/\/www.justiceinfo.net\/fr\/8374-031007-tpirkaremera-un-temoin-reconnait-quil-modifie-ses-declarations-selon-les-proces5175.html#article\",\"isPartOf\":{\"@id\":\"https:\/\/www.justiceinfo.net\/fr\/8374-031007-tpirkaremera-un-temoin-reconnait-quil-modifie-ses-declarations-selon-les-proces5175.html\"},\"author\":{\"name\":\"solivri\",\"@id\":\"https:\/\/www.justiceinfo.net\/fr#\/schema\/person\/6e53cba1629e2e66f3fc1821d3091865\"},\"headline\":\"03.10.07 - TPIR\/KAREMERA - UN TEMOIN RECONNAIT QU'IL MODIFIE SES DECLARATIONS SELON LES PROCES\",\"datePublished\":\"2007-10-02T22:00:00+00:00\",\"mainEntityOfPage\":{\"@id\":\"https:\/\/www.justiceinfo.net\/fr\/8374-031007-tpirkaremera-un-temoin-reconnait-quil-modifie-ses-declarations-selon-les-proces5175.html\"},\"wordCount\":804,\"commentCount\":0,\"publisher\":{\"@id\":\"https:\/\/www.justiceinfo.net\/fr#organization\"},\"articleSection\":[\"Hirondelle News\"],\"inLanguage\":\"fr-FR\",\"potentialAction\":[{\"@type\":\"CommentAction\",\"name\":\"Comment\",\"target\":[\"https:\/\/www.justiceinfo.net\/fr\/8374-031007-tpirkaremera-un-temoin-reconnait-quil-modifie-ses-declarations-selon-les-proces5175.html#respond\"]}]},{\"@type\":\"WebPage\",\"@id\":\"https:\/\/www.justiceinfo.net\/fr\/8374-031007-tpirkaremera-un-temoin-reconnait-quil-modifie-ses-declarations-selon-les-proces5175.html\",\"url\":\"https:\/\/www.justiceinfo.net\/fr\/8374-031007-tpirkaremera-un-temoin-reconnait-quil-modifie-ses-declarations-selon-les-proces5175.html\",\"name\":\"03.10.07 - TPIR\/KAREMERA - UN TEMOIN RECONNAIT QU'IL MODIFIE SES DECLARATIONS SELON LES PROCES - JusticeInfo.net\",\"isPartOf\":{\"@id\":\"https:\/\/www.justiceinfo.net\/fr#website\"},\"datePublished\":\"2007-10-02T22:00:00+00:00\",\"breadcrumb\":{\"@id\":\"https:\/\/www.justiceinfo.net\/fr\/8374-031007-tpirkaremera-un-temoin-reconnait-quil-modifie-ses-declarations-selon-les-proces5175.html#breadcrumb\"},\"inLanguage\":\"fr-FR\",\"potentialAction\":[{\"@type\":\"ReadAction\",\"target\":[\"https:\/\/www.justiceinfo.net\/fr\/8374-031007-tpirkaremera-un-temoin-reconnait-quil-modifie-ses-declarations-selon-les-proces5175.html\"]}]},{\"@type\":\"BreadcrumbList\",\"@id\":\"https:\/\/www.justiceinfo.net\/fr\/8374-031007-tpirkaremera-un-temoin-reconnait-quil-modifie-ses-declarations-selon-les-proces5175.html#breadcrumb\",\"itemListElement\":[{\"@type\":\"ListItem\",\"position\":1,\"name\":\"Home\",\"item\":\"https:\/\/www.justiceinfo.net\/fr\"},{\"@type\":\"ListItem\",\"position\":2,\"name\":\"03.10.07 - TPIR\/KAREMERA - UN TEMOIN RECONNAIT QU'IL MODIFIE SES DECLARATIONS SELON LES PROCES\"}]},{\"@type\":\"WebSite\",\"@id\":\"https:\/\/www.justiceinfo.net\/fr#website\",\"url\":\"https:\/\/www.justiceinfo.net\/fr\",\"name\":\"JusticeInfo.net\",\"description\":\"La justice doit \u00eatre vue pour \u00eatre rendue\",\"publisher\":{\"@id\":\"https:\/\/www.justiceinfo.net\/fr#organization\"},\"potentialAction\":[{\"@type\":\"SearchAction\",\"target\":{\"@type\":\"EntryPoint\",\"urlTemplate\":\"https:\/\/www.justiceinfo.net\/fr?s={search_term_string}\"},\"query-input\":{\"@type\":\"PropertyValueSpecification\",\"valueRequired\":true,\"valueName\":\"search_term_string\"}}],\"inLanguage\":\"fr-FR\"},{\"@type\":\"Organization\",\"@id\":\"https:\/\/www.justiceinfo.net\/fr#organization\",\"name\":\"Justice Info\",\"url\":\"https:\/\/www.justiceinfo.net\/fr\",\"logo\":{\"@type\":\"ImageObject\",\"inLanguage\":\"fr-FR\",\"@id\":\"https:\/\/www.justiceinfo.net\/fr#\/schema\/logo\/image\/\",\"url\":\"https:\/\/www.justiceinfo.net\/wp-content\/uploads\/justiceinfo_logo-trans_1200x1200px.png\",\"contentUrl\":\"https:\/\/www.justiceinfo.net\/wp-content\/uploads\/justiceinfo_logo-trans_1200x1200px.png\",\"width\":1199,\"height\":1200,\"caption\":\"Justice Info\"},\"image\":{\"@id\":\"https:\/\/www.justiceinfo.net\/fr#\/schema\/logo\/image\/\"},\"sameAs\":[\"https:\/\/www.facebook.com\/JusticeInfo\/\",\"https:\/\/x.com\/justiceinfonet\",\"https:\/\/www.linkedin.com\/company\/justice-info\",\"https:\/\/www.youtube.com\/channel\/UCyCEsARodyuWtkWyhn-e7pA\"]},{\"@type\":\"Person\",\"name\":\"solivri\",\"url\":\"\/fr\/?s=solivri\"}]}<\/script>\n<!-- \/ Yoast SEO Premium plugin. -->","yoast_head_json":{"title":"03.10.07 - TPIR\/KAREMERA - UN TEMOIN RECONNAIT QU'IL MODIFIE SES DECLARATIONS SELON LES PROCES - JusticeInfo.net","robots":{"index":"index","follow":"follow","max-snippet":"max-snippet:-1","max-image-preview":"max-image-preview:large","max-video-preview":"max-video-preview:-1"},"canonical":"https:\/\/www.justiceinfo.net\/fr\/8374-031007-tpirkaremera-un-temoin-reconnait-quil-modifie-ses-declarations-selon-les-proces5175.html","og_locale":"fr_FR","og_type":"article","og_title":"03.10.07 - TPIR\/KAREMERA - UN TEMOIN RECONNAIT QU'IL MODIFIE SES DECLARATIONS SELON LES PROCES","og_description":"Arusha, 3 octobre 2007 (FH) - Un t&eacute;moin &agrave; charge a reconnu mercredi qu&rsquo;il modifiait ses d&eacute;clarations en fonction des proc&egrave;s dans lesquels il t&eacute;moigne devant le Tribunal p&eacute;nal international pour le Rwanda (TPIR)","og_url":"https:\/\/www.justiceinfo.net\/fr\/8374-031007-tpirkaremera-un-temoin-reconnait-quil-modifie-ses-declarations-selon-les-proces5175.html","og_site_name":"JusticeInfo.net","article_publisher":"https:\/\/www.facebook.com\/JusticeInfo\/","article_published_time":"2007-10-02T22:00:00+00:00","og_image":[{"width":1200,"height":630,"url":"https:\/\/www.justiceinfo.net\/wp-content\/uploads\/JusticeInfoNet_logo_1200x630px.jpg","type":"image\/jpeg"}],"author":"solivri","twitter_card":"summary_large_image","twitter_creator":"@justiceinfonet","twitter_site":"@justiceinfonet","twitter_misc":{"\u00c9crit par":"solivri","Dur\u00e9e de lecture estim\u00e9e":"4 minutes"},"schema":{"@context":"https:\/\/schema.org","@graph":[{"@type":"NewsArticle","@id":"https:\/\/www.justiceinfo.net\/fr\/8374-031007-tpirkaremera-un-temoin-reconnait-quil-modifie-ses-declarations-selon-les-proces5175.html#article","isPartOf":{"@id":"https:\/\/www.justiceinfo.net\/fr\/8374-031007-tpirkaremera-un-temoin-reconnait-quil-modifie-ses-declarations-selon-les-proces5175.html"},"author":{"name":"solivri","@id":"https:\/\/www.justiceinfo.net\/fr#\/schema\/person\/6e53cba1629e2e66f3fc1821d3091865"},"headline":"03.10.07 - TPIR\/KAREMERA - UN TEMOIN RECONNAIT QU'IL MODIFIE SES DECLARATIONS SELON LES PROCES","datePublished":"2007-10-02T22:00:00+00:00","mainEntityOfPage":{"@id":"https:\/\/www.justiceinfo.net\/fr\/8374-031007-tpirkaremera-un-temoin-reconnait-quil-modifie-ses-declarations-selon-les-proces5175.html"},"wordCount":804,"commentCount":0,"publisher":{"@id":"https:\/\/www.justiceinfo.net\/fr#organization"},"articleSection":["Hirondelle News"],"inLanguage":"fr-FR","potentialAction":[{"@type":"CommentAction","name":"Comment","target":["https:\/\/www.justiceinfo.net\/fr\/8374-031007-tpirkaremera-un-temoin-reconnait-quil-modifie-ses-declarations-selon-les-proces5175.html#respond"]}]},{"@type":"WebPage","@id":"https:\/\/www.justiceinfo.net\/fr\/8374-031007-tpirkaremera-un-temoin-reconnait-quil-modifie-ses-declarations-selon-les-proces5175.html","url":"https:\/\/www.justiceinfo.net\/fr\/8374-031007-tpirkaremera-un-temoin-reconnait-quil-modifie-ses-declarations-selon-les-proces5175.html","name":"03.10.07 - TPIR\/KAREMERA - UN TEMOIN RECONNAIT QU'IL MODIFIE SES DECLARATIONS SELON LES PROCES - JusticeInfo.net","isPartOf":{"@id":"https:\/\/www.justiceinfo.net\/fr#website"},"datePublished":"2007-10-02T22:00:00+00:00","breadcrumb":{"@id":"https:\/\/www.justiceinfo.net\/fr\/8374-031007-tpirkaremera-un-temoin-reconnait-quil-modifie-ses-declarations-selon-les-proces5175.html#breadcrumb"},"inLanguage":"fr-FR","potentialAction":[{"@type":"ReadAction","target":["https:\/\/www.justiceinfo.net\/fr\/8374-031007-tpirkaremera-un-temoin-reconnait-quil-modifie-ses-declarations-selon-les-proces5175.html"]}]},{"@type":"BreadcrumbList","@id":"https:\/\/www.justiceinfo.net\/fr\/8374-031007-tpirkaremera-un-temoin-reconnait-quil-modifie-ses-declarations-selon-les-proces5175.html#breadcrumb","itemListElement":[{"@type":"ListItem","position":1,"name":"Home","item":"https:\/\/www.justiceinfo.net\/fr"},{"@type":"ListItem","position":2,"name":"03.10.07 - TPIR\/KAREMERA - UN TEMOIN RECONNAIT QU'IL MODIFIE SES DECLARATIONS SELON LES PROCES"}]},{"@type":"WebSite","@id":"https:\/\/www.justiceinfo.net\/fr#website","url":"https:\/\/www.justiceinfo.net\/fr","name":"JusticeInfo.net","description":"La justice doit \u00eatre vue pour \u00eatre rendue","publisher":{"@id":"https:\/\/www.justiceinfo.net\/fr#organization"},"potentialAction":[{"@type":"SearchAction","target":{"@type":"EntryPoint","urlTemplate":"https:\/\/www.justiceinfo.net\/fr?s={search_term_string}"},"query-input":{"@type":"PropertyValueSpecification","valueRequired":true,"valueName":"search_term_string"}}],"inLanguage":"fr-FR"},{"@type":"Organization","@id":"https:\/\/www.justiceinfo.net\/fr#organization","name":"Justice Info","url":"https:\/\/www.justiceinfo.net\/fr","logo":{"@type":"ImageObject","inLanguage":"fr-FR","@id":"https:\/\/www.justiceinfo.net\/fr#\/schema\/logo\/image\/","url":"https:\/\/www.justiceinfo.net\/wp-content\/uploads\/justiceinfo_logo-trans_1200x1200px.png","contentUrl":"https:\/\/www.justiceinfo.net\/wp-content\/uploads\/justiceinfo_logo-trans_1200x1200px.png","width":1199,"height":1200,"caption":"Justice Info"},"image":{"@id":"https:\/\/www.justiceinfo.net\/fr#\/schema\/logo\/image\/"},"sameAs":["https:\/\/www.facebook.com\/JusticeInfo\/","https:\/\/x.com\/justiceinfonet","https:\/\/www.linkedin.com\/company\/justice-info","https:\/\/www.youtube.com\/channel\/UCyCEsARodyuWtkWyhn-e7pA"]},{"@type":"Person","name":"solivri","url":"\/fr\/?s=solivri"}]}},"_links":{"self":[{"href":"https:\/\/www.justiceinfo.net\/fr\/wp-json\/wp\/v2\/posts\/8374","targetHints":{"allow":["GET"]}}],"collection":[{"href":"https:\/\/www.justiceinfo.net\/fr\/wp-json\/wp\/v2\/posts"}],"about":[{"href":"https:\/\/www.justiceinfo.net\/fr\/wp-json\/wp\/v2\/types\/post"}],"author":[{"embeddable":true,"href":"https:\/\/www.justiceinfo.net\/fr\/wp-json\/wp\/v2\/users\/64"}],"replies":[{"embeddable":true,"href":"https:\/\/www.justiceinfo.net\/fr\/wp-json\/wp\/v2\/comments?post=8374"}],"version-history":[{"count":0,"href":"https:\/\/www.justiceinfo.net\/fr\/wp-json\/wp\/v2\/posts\/8374\/revisions"}],"wp:attachment":[{"href":"https:\/\/www.justiceinfo.net\/fr\/wp-json\/wp\/v2\/media?parent=8374"}],"wp:term":[{"taxonomy":"category","embeddable":true,"href":"https:\/\/www.justiceinfo.net\/fr\/wp-json\/wp\/v2\/categories?post=8374"},{"taxonomy":"post_tag","embeddable":true,"href":"https:\/\/www.justiceinfo.net\/fr\/wp-json\/wp\/v2\/tags?post=8374"},{"taxonomy":"ji_location","embeddable":true,"href":"https:\/\/www.justiceinfo.net\/fr\/wp-json\/wp\/v2\/ji_location?post=8374"}],"curies":[{"name":"wp","href":"https:\/\/api.w.org\/{rel}","templated":true}]}}