{"id":83869,"date":"2021-10-29T11:49:09","date_gmt":"2021-10-29T09:49:09","guid":{"rendered":"https:\/\/www.justiceinfo.net\/?p=83869"},"modified":"2021-10-29T11:49:10","modified_gmt":"2021-10-29T09:49:10","slug":"comment-stereotypes-genre-faussent-proces-ei-allemagne","status":"publish","type":"post","link":"https:\/\/www.justiceinfo.net\/fr\/83869-comment-stereotypes-genre-faussent-proces-ei-allemagne.html","title":{"rendered":"Comment les st\u00e9r\u00e9otypes de genre faussent les proc\u00e8s de l'EI en Allemagne"},"content":{"rendered":"\n<p><strong>Ce lundi 25 octobre, un tribunal de Munich a condamn\u00e9 une ressortissante allemande \u00e0 10 ans de prison pour r\u00e9duction en esclavage et meurtre d'une fillette y\u00e9zidie de 5 ans en Irak. C\u2019est la cinqui\u00e8me condamnation en Allemagne d'une femme de l'\u00c9tat islamique (EI) pour des crimes internationaux contre les Y\u00e9zidis. Tout en se f\u00e9licitant de ces proc\u00e8s, les auteures pointent du doigt des st\u00e9r\u00e9otypes qui, \u00e0 leurs yeux, refl\u00e8tent une conception sexiste des motivations d'une femme de l'EI impliqu\u00e9e dans des atrocit\u00e9s de masse.<\/strong><\/p>\n\n\n\n<!--more-->\n\n\n\n<p>Ce 25 octobre, la Haute Cour r\u00e9gionale de Munich a <a href=\"https:\/\/www.justiceinfo.net\/fr\/83696-une-allemande-de-lei-condamnee-a-dix-ans-de-prison-pour-le-meurtre-dune-fillette-yazidie.html\">condamn\u00e9 une femme allemande, Jennifer W.<\/a> \u00e0 une peine de 10 ans de prison pour sa participation \u00e0 la r\u00e9duction en esclavage, aux s\u00e9vices et au meurtre d'une fillette y\u00e9zidie de cinq ans, ainsi qu'\u00e0 la r\u00e9duction en esclavage et aux s\u00e9vices inflig\u00e9s \u00e0 la m\u00e8re de l\u2019enfant, en Irak. Le bureau du procureur f\u00e9d\u00e9ral allemand avait demand\u00e9 une peine de prison \u00e0 vie.&nbsp;&nbsp;&nbsp;&nbsp;&nbsp;<\/p>\n\n\n\n<p>Le cas de Jennifer W. est le premier acte d'accusation et le plus long proc\u00e8s contre une femme membre de l'Etat islamique (EI) de nationalit\u00e9 allemande pour des crimes internationaux commis contre la communaut\u00e9 y\u00e9zidie. Il s'agit de <a href=\"https:\/\/www.doughtystreet.co.uk\/news\/fifth-conviction-isis-member-germany-crimes-against-humanity-committed-against-yazidis\">la cinqui\u00e8me condamnation<\/a> d'une femme membre de l'EI jug\u00e9e en Allemagne pour les atrocit\u00e9s commises contre les Y\u00e9zidis.<\/p>\n\n\n\n<p>Si ces proc\u00e8s t\u00e9moignent d'une \u00e9volution consid\u00e9rable de la jurisprudence allemande sur les femmes affili\u00e9es \u00e0 l'EI - les crimes contre l'humanit\u00e9 et les crimes de guerre jouant un r\u00f4le de plus en plus important -, les st\u00e9r\u00e9otypes employ\u00e9s par toutes les parties refl\u00e8tent et perp\u00e9tuent des id\u00e9es binaires et sexistes sur l'implication, les motifs et les intentions des femmes membres de l'EI dans les atrocit\u00e9s de masse. Pour que la justice p\u00e9nale (internationale) soit \u00e0 la hauteur de ses id\u00e9aux, \u00e0 savoir contribuer \u00e0 la constitution d'un dossier historique pr\u00e9cis et rendre justice aux communaut\u00e9s de victimes, il est primordial que ces notions sexistes soient d\u00e9pass\u00e9es.<\/p>\n\n\n\n<h2 class=\"wp-block-heading\">Poursuite des femmes rapatri\u00e9es de l'EI<\/h2>\n\n\n\n<p>Lorsque <a href=\"https:\/\/www.focus.de\/politik\/deutschland\/sibel-h-bundesgerichtshof-lehnt-haftbefehl-gegen-islamistin-ab_id_8980631.html\">Sibel H.<\/a> a atterri \u00e0 Francfort-sur-le-Main d\u00e9but 2018, le procureur f\u00e9d\u00e9ral allemand a cherch\u00e9 \u00e0 l'inculper pour appartenance \u00e0 une organisation terroriste \u00e0 l'\u00e9tranger. Mais la <a href=\"https:\/\/www.sueddeutsche.de\/politik\/terrorabwehr-bgh-erschwert-strafverfolgung-von-is-heimkehrerinnen-1.3991688\">Cour f\u00e9d\u00e9rale allemande<\/a> a jug\u00e9 que le simple fait de vivre dans le territoire de l'EI et d'y effectuer ce que l'on peut consid\u00e9rer comme une activit\u00e9 domestique \"normale\" \u00e9tait insuffisant pour l'inculper de terrorisme. Il a ensuite fallu attendre plus d'un an pour que la <a href=\"https:\/\/www.sueddeutsche.de\/panorama\/prozesse-stuttgart-erstmals-urteil-gegen-is-heimkehrerin-fuenf-jahre-haft-dpa.urn-newsml-dpa-com-20090101-190704-99-928726\">premi\u00e8re<\/a> femme allemande de retour du soi-disant \"Califat\", Sabine S., soit <a href=\"https:\/\/oberlandesgericht-stuttgart.justiz-bw.de\/pb\/,Lde\/Startseite\/Medien\/Urteil+in+einem+Staatsschutzverfahren+wegen+des+Vorwurfs+der+Mitgliedschaft+in+der+auslaendischen+terroristischen+Vereinigung+_Islamischer+Staat_++u_+a_\/?LISTPAGE=1178276\">condamn\u00e9e<\/a> en juillet 2019 par le tribunal r\u00e9gional sup\u00e9rieur de Stuttgart. Pour avoir habit\u00e9 une propri\u00e9t\u00e9 saisie lors d\u2019un pillage, et avoir promu la propagande d'EI en ligne, elle a \u00e9t\u00e9 condamn\u00e9e \u00e0 une peine de prison de cinq ans. Depuis, d'autres femmes ont \u00e9t\u00e9 reconnues coupables de divers crimes internationaux - dont <a href=\"https:\/\/www.br.de\/nachrichten\/bayern\/freiheitsstrafe-fuer-is-rueckkehrerin-aus-unterfranken,RxYKVZ4\">Sibel H.,<\/a> qui a finalement \u00e9cop\u00e9 d\u2019une peine de trois ans. <a href=\"https:\/\/www.olg-duesseldorf.nrw.de\/behoerde\/presse\/archiv\/Pressemitteilungen_aus_2020\/20200430_PM_Carla_S\/index.php\">Carla-Josephine S.<\/a>, par exemple, a \u00e9t\u00e9 condamn\u00e9e pour le crime de guerre consistant \u00e0 enr\u00f4ler un enfant de moins de 15 ans, son fils \u00e2g\u00e9 de 6 ans \u00e0 l'\u00e9poque, dans un groupe arm\u00e9.<\/p>\n\n\n\n<p>En outre, l'Allemagne a fait la une de la presse internationale qui la d\u00e9crit comme \"<a href=\"https:\/\/www.euronews.com\/amp\/2021\/08\/10\/is-europe-doing-enough-to-prosecute-isis-fighters-for-yazidi-genocide\">leader<\/a> dans la poursuite des membres d'EI pour des crimes sp\u00e9cifiques commis contre les Y\u00e9zidis\". Outre le proc\u00e8s intent\u00e9 contre le mari de Jennifer W., <a href=\"https:\/\/www.justiceinfo.net\/fr\/45806-proces-yezidis-allemagne-comment-prouver-genocide-une-seule-affaire.html\">Taha al J., qui est accus\u00e9 de g\u00e9nocide<\/a>, tous les d\u00e9fendeurs \u00e9taient des femmes. Plus pr\u00e9cis\u00e9ment, pendant les deux ans et demi qu'a dur\u00e9 le proc\u00e8s de Jennifer W., pas moins de quatre jugements ont \u00e9t\u00e9 rendus - tous pour complicit\u00e9 de r\u00e9duction en esclavage en tant que crime contre l'humanit\u00e9.<\/p>\n\n\n\n<p><a href=\"https:\/\/www.doughtystreet.co.uk\/news\/german-court-convicts-third-isis-member-crimes-against-humanity-committed-against-yazidis\">Sarah O.<\/a>, une ressortissante allemande et alg\u00e9rienne de 23 ans qui a rejoint l\u2019EI alors qu'elle \u00e9tait mineure, a \u00e9t\u00e9 condamn\u00e9e en juillet 2021. Dans une premi\u00e8re affaire, il a \u00e9t\u00e9 \u00e9tabli qu'elle avait commis le crime de \"pers\u00e9cution pour des motifs crois\u00e9s de religion et de genre\" par le viol et la r\u00e9duction en esclavage. Les autres affaires ayant abouti sont reli\u00e9es \u00e0 son dossier. Ainsi Omaima A., 30 ans, et Nurten J., 35 ans, ont toutes deux \u00e9t\u00e9 reconnues coupables de complicit\u00e9 de crimes contre l'humanit\u00e9 parce qu'elles avaient re\u00e7u des femmes y\u00e9zidies \"d\u00e9tenues\" comme esclaves par Sarah O. <a href=\"https:\/\/www.doughtystreet.co.uk\/news\/isis-member-convicted-crimes-against-humanity-aiding-and-abetting-enslavement-yazidi-woman\">Nurten J.<\/a> a \u00e9t\u00e9 <a href=\"https:\/\/www.justiz.nrw.de\/nrwe\/olgs\/duesseldorf\/j2021\/7_StS_2_20_Urteil_20210421.html\">condamn\u00e9e<\/a> \u00e0 quatre ans et trois mois en avril 2021, tandis qu'Omaima A., qui avait \u00e9t\u00e9 reconnue coupable d'appartenance \u00e0 une organisation terroriste dans un proc\u00e8s pr\u00e9c\u00e9dent, a \u00e9t\u00e9 condamn\u00e9e \u00e0 une peine cumul\u00e9e de quatre ans.<\/p>\n\n\n\n<h2 class=\"wp-block-heading\">Quand les strat\u00e9gies de poursuites refl\u00e8tent les st\u00e9r\u00e9otypes<\/h2>\n\n\n\n<p>Ces femmes ont occup\u00e9 une multiplicit\u00e9 de fonctions, de fa\u00e7on fluide, en tant que membres de l\u2019EI. Alors que les enqu\u00eates et les phases initiales des proc\u00e8s \u00e9taient principalement ax\u00e9es sur les motivations et les intentions religieuses des auteurs de l'EI, l'id\u00e9ologie sexiste de l'EI n'a pas \u00e9t\u00e9 prise en compte.<\/p>\n\n\n\n<p>L'examen des termes utilis\u00e9s dans les actes d'accusation contre les femmes membres de l'EI justifie leur comportement et leur responsabilit\u00e9 criminelle par une id\u00e9ologie religieuse. Bien que cela soit certainement vrai, cela ne donne pas une image compl\u00e8te de la situation, \u00e0 savoir que c'est \u00e0 la fois l'id\u00e9ologie religieuse et l'id\u00e9ologie sexiste de l'EI qui ont influenc\u00e9 le comportement criminel des auteurs. Celle-ci doit \u00eatre mise en relation avec l'implication de tous les auteurs (hommes et femmes) dans ce comportement criminel et doit faire l'objet d'enqu\u00eates ad\u00e9quates, d'une cat\u00e9gorisation juridique et de poursuites.<\/p>\n\n\n\n<p>Un d\u00e9veloppement prometteur \u00e0 cet \u00e9gard est le verdict contre Sarah O., qui a \u00e9t\u00e9, comme indiqu\u00e9 ci-dessus, condamn\u00e9e pour le crime contre l'humanit\u00e9 de pers\u00e9cution pour des <a href=\"https:\/\/www.justsecurity.org\/74943\/intersecting-religious-and-gender-based-persecution-in-yazidi-genocide-case-a-request-for-an-extension-of-charges\/\">motifs crois\u00e9s de religion et de genre<\/a>, pour des actes de viol et d'esclavage. Il n'est cependant pas clair dans quelle mesure une telle analyse sexosp\u00e9cifique a \u00e9t\u00e9 utilis\u00e9e d\u00e8s le d\u00e9but des enqu\u00eates. Cette analyse est cruciale car elle met en lumi\u00e8re non seulement les pr\u00e9judices et les dimensions li\u00e9s au genre dans le cadre des crimes internationaux, mais elle r\u00e9v\u00e8le \u00e9galement des informations sur les relations de pouvoir ainsi que sur l'exercice de la supr\u00e9matie et de la domination parmi les groupes de victimes et d'auteurs.&nbsp;&nbsp;&nbsp;&nbsp;&nbsp;&nbsp;&nbsp;&nbsp;&nbsp;&nbsp;<\/p>\n\n\n\n<p>Du point de vue de l'accusation, il est sans doute fr\u00e9quent que de nouvelles informations et preuves fassent surface au cours de la proc\u00e9dure, y compris de la part des victimes et des t\u00e9moins suppl\u00e9mentaires, qui conduisent \u00e0 un \u00e9largissement des charges initiales. Pourtant, les informations et les preuves de pers\u00e9cutions crois\u00e9es fond\u00e9es sur le genre et la religion auraient d\u00fb faire partie int\u00e9grante des enqu\u00eates structurelles depuis le d\u00e9but en 2014, ind\u00e9pendamment des preuves suppl\u00e9mentaires recueillies par les organisations de la soci\u00e9t\u00e9 civile, des t\u00e9moins dispos\u00e9s \u00e0 t\u00e9moigner et des requ\u00eates d\u00e9pos\u00e9es par les avocats des victimes.<\/p>\n\n\n\n<h2 class=\"wp-block-heading\">Le r\u00f4le instrumental des femmes dans l\u2019EI<\/h2>\n\n\n\n<p>Parmi les lacunes intrins\u00e8ques qui suivent les st\u00e9r\u00e9otypes sexistes et binaires, citons le fait que seules des femmes ont \u00e9t\u00e9 accus\u00e9es de crimes, internationaux et nationaux, \u00e0 l'\u00e9gard de leurs enfants et que seules des femmes ont \u00e9t\u00e9 accus\u00e9es de crimes de guerre contre des biens, m\u00eame lorsque des membres masculins habitaient \u00e9galement les maisons pill\u00e9es. Cette strat\u00e9gie d'accusation confirme une compr\u00e9hension \u00e9troite et sexiste du r\u00f4le des femmes dans le cadre de l'EI, limit\u00e9 \u00e0 la sph\u00e8re priv\u00e9e dans les limites de la maternit\u00e9 et de l'\u00e9pouse d\u00e9vou\u00e9e, qui serait prise en charge. En r\u00e9alit\u00e9, le r\u00f4le des femmes \u00e9tait et reste d\u00e9terminant pour le fonctionnement de l'EI - en particulier dans son syst\u00e8me d'asservissement. De plus, <a href=\"https:\/\/icct.nl\/app\/uploads\/2019\/10\/Women-in-Islamic-State-From-Caliphate-to-Camps.pdf\">comme l'indiquent certains experts<\/a>, le r\u00f4le des femmes de l\u2019EI a \u00e9volu\u00e9 et s'est \u00e9tendu avec le temps. Il est essentiel que ce soit l'intention ou le motif qui soit consid\u00e9r\u00e9 objectivement dans le contexte des enqu\u00eates et des poursuites p\u00e9nales internationales, et non (uniquement) les fonctions sociales des auteurs (f\u00e9minins).<\/p>\n\n\n\n<p>Plus g\u00e9n\u00e9ralement, il n'y a pas assez d'affaires parvenues au stade du proc\u00e8s qui d\u00e9montrent l'ensemble des violations sexosp\u00e9cifiques du droit p\u00e9nal international \u00e0 l'encontre des Y\u00e9zidis, y compris <a href=\"https:\/\/papers.ssrn.com\/sol3\/papers.cfm?abstract_id=3583564\">le crime de traite et d'esclavage<\/a> des Y\u00e9zidis et les diverses formes de violence sexuelle commises contre les femmes, les filles, les gar\u00e7ons et les personnes LGBTQI. Il y a une insuffisance d'affaires contre des membres de haut niveau de l'EI dont l'implication et les connaissances pourraient r\u00e9v\u00e9ler des informations compl\u00e9mentaires sur les structures organisationnelles et de commandement de l'EI. Enfin, il y a une insuffisance d'affaires examinant l'intention g\u00e9nocidaire des auteurs au-del\u00e0 de l'affaire Taha Al. J.<\/p>\n\n\n\n<h2 class=\"wp-block-heading\">Quand les strat\u00e9gies de d\u00e9fense ne servent \u00e0 rien<\/h2>\n\n\n\n<p>En plus de l'orientation souvent \u00e9triqu\u00e9e des strat\u00e9gies d'enqu\u00eate et de poursuite, les st\u00e9r\u00e9otypes de genre utilis\u00e9s par les \u00e9quipes de d\u00e9fense nuisent elles aussi \u00e0 une compr\u00e9hension pr\u00e9cise de l'implication complexe des femmes dans l\u2019EI et de leur comportement criminel. Plus pr\u00e9cis\u00e9ment, les avocats de la d\u00e9fense situent syst\u00e9matiquement leurs clientes dans la \"sph\u00e8re priv\u00e9e\" afin d'expliquer leurs crimes pr\u00e9sum\u00e9s et leur implication dans ces derniers. Bien qu'une histoire unique, et pourtant genr\u00e9e, soit propos\u00e9e dans chaque cas, trois th\u00e8mes g\u00e9n\u00e9raux ont \u00e9t\u00e9 observ\u00e9s pour nier toute motivation politique ou id\u00e9ologique sous-jacente aux (in)actions de ces femmes.<\/p>\n\n\n\n<p>Premi\u00e8rement, leur d\u00e9cision de voyager vers le soi-disant Califat est souvent m\u00eal\u00e9e de st\u00e9r\u00e9otypes. Sibel H., par exemple, a expliqu\u00e9 qu'elle \u00e9tait tomb\u00e9e \"raide dingue\" d'un homme qui se trouvait d\u00e9j\u00e0 en Syrie, ce qui ne lui laissait d'autre choix que de suivre son amour. De m\u00eame, Omaima A. a d\u00e9crit son voyage vers l'EI comme une tentative de <a href=\"https:\/\/www.spiegel.de\/panorama\/justiz\/islamischer-staat-deso-dogg-witwe-vor-gericht-uns-fehlte-es-an-nichts-a-61e08412-bfa8-4bf6-a27c-969ac23ef81a\">\"sauver son mariage\"<\/a> avec le p\u00e8re de son troisi\u00e8me enfant, qui se trouvait d\u00e9j\u00e0 sur le territoire de l'EI. Carla-Josephine S., quant \u00e0 elle, esp\u00e9rait devenir la \"m\u00e8re parfaite\" au sens de sa religion, en emmenant ses enfants dans un territoire cens\u00e9 \u00eatre \"gouvern\u00e9 par l'Islam\". Associ\u00e9s \u00e0 l'affirmation r\u00e9p\u00e9t\u00e9e de leur innocence et de leur na\u00efvet\u00e9, selon laquelle elles ne savaient pas ce qui les attendait en Syrie, tous ces r\u00e9cits sugg\u00e8rent que ces femmes n'ont pas rejoint l'EI pour d'autres raisons que \"leur mari ou leurs enfants\". Non seulement cela d\u00e9politise leur d\u00e9cision de se rendre dans le soi-disant Califat, mais cela sugg\u00e8re que ce sont des motivations f\u00e9minines st\u00e9r\u00e9otyp\u00e9es qui les ont finalement amen\u00e9es l\u00e0.<\/p>\n\n\n\n<p>Deuxi\u00e8mement, pour rendre compte de leur s\u00e9jour en Syrie, leur comportement est habill\u00e9 d'un niveau de passivit\u00e9 tout aussi \u00e9lev\u00e9, les d\u00e9peignant comme de simples \u00e9pouses et m\u00e8res. En tant qu'\u00e9pouses, elles n'auraient pas pu prendre les d\u00e9cisions dont elles sont maintenant tenues pour responsables. Tout au long de son proc\u00e8s, Jennifer W. a soutenu qu'elle n'aurait pas pu aider la petite fille y\u00e9zidie de cinq ans que son mari avait encha\u00een\u00e9e \u00e0 une fen\u00eatre par une chaleur estivale de 50 degr\u00e9s, <a href=\"https:\/\/www.br.de\/nachrichten\/deutschland-welt\/is-prozess-in-muenchen-um-verdurstetes-kind-plaedoyer-der-verteidiger-erwartet,Sk6TG11\">de peur d'\u00eatre \"violent\u00e9e ou enferm\u00e9e\" par son mari<\/a>. Elle et Omaima A. ont \u00e9galement accus\u00e9 \u00e0 plusieurs reprises l'accusation de les juger pour des crimes commis <a href=\"https:\/\/www.spiegel.de\/panorama\/justiz\/islamischer-staat-deso-dogg-witwe-verurteilt-von-wegen-naive-kriegergattin-a-59f11208-909d-433e-8e4c-395b1bbe569e\">par leurs maris<\/a>, ou m\u00eame plus largement par l\u2019EI. Au d\u00e9but du premier proc\u00e8s d'Omaima A., par exemple, son avocat a d\u00e9clar\u00e9 que l'accusation cherchait \u00e0 faire passer ses soins maternels pour un soutien au terrorisme islamiste. Confront\u00e9e au choix entre s'occuper de ses enfants et s'exposer \u00e0 des poursuites pour appartenance \u00e0 une organisation terroriste, il est clair qu'une m\u00e8re opterait pour la premi\u00e8re option, <a href=\"https:\/\/www.spiegel.de\/panorama\/justiz\/hamburg-deso-doggs-witwe-omaima-a-als-mutmassliche-is-terroristin-vor-gericht-a-84e096a1-e27e-44c0-a716-c530a26c2b46\">a-t-il soutenu<\/a>.<\/p>\n\n\n\n<p>Troisi\u00e8mement, la notion la plus souvent \u00e9voqu\u00e9e est celle de la \"victimisation\" de ces femmes. D\u00e9j\u00e0, la premi\u00e8re femme allemande condamn\u00e9e pour son appartenance \u00e0 l'EI apr\u00e8s son retour, Sabine S., s'est pr\u00e9sent\u00e9e comme une victime de son parcours de vie. De m\u00eame, le t\u00e9moignage de Nurten J. \u00e9tait principalement ax\u00e9 sur les <a href=\"https:\/\/www.zeit.de\/zustimmung?url=https%3A%2F%2Fwww.zeit.de%2Fgesellschaft%2Fzeitgeschehen%2F2021-03%2Fis-prozess-opfer-aussage-jesidin-sklavin%2Fseite-2\">difficult\u00e9s<\/a> qu'elle a d\u00fb endurer lorsqu'elle vivait sous l'emprise de l'EI et lorsqu'elle a fui la Syrie. Ici aussi, la douleur qu\u2019elles ont d\u00fb endurer en tant que m\u00e8res dans une zone de guerre est souvent soulign\u00e9e. Les avocats de Carla-Josephine S., par exemple, ont fait valoir que c'\u00e9tait la souffrance de ses enfants, la peur pour son fils pendant ses s\u00e9jours dans un camp d'entra\u00eenement d'enfants soldats de l'EI ainsi que sa mort lors de leur fuite de Syrie qui constituaient la plus grande punition pour elle. Enfin, la s\u00e9paration d'avec leurs enfants est souvent d\u00e9crite comme une forme continue de victimisation de ces femmes - et une \u00e9preuve qui devrait \u00eatre consid\u00e9r\u00e9e comme une circonstance att\u00e9nuante, ind\u00e9pendamment des crimes dont elles sont accus\u00e9es.<\/p>\n\n\n\n<p>Ces repr\u00e9sentations h\u00e9t\u00e9ronormatives des femmes engag\u00e9es dans des crimes internationaux perp\u00e9tuent les id\u00e9es binaires de l'\u00e9motion contre la rationalit\u00e9 ou de la victime contre l'auteur. Elles encouragent en outre une perp\u00e9tuation de la focalisation des femmes sur la sph\u00e8re priv\u00e9e plut\u00f4t que sur la sph\u00e8re publique. La distinction de ces domaines permettrait au contraire de reconna\u00eetre que les crimes commis en interne faisaient partie int\u00e9grante d'une campagne id\u00e9ologique men\u00e9e par l'EI contre la communaut\u00e9 y\u00e9zidie. En fin de compte, ces r\u00e9cits d\u00e9forment notre vision de la conduite criminelle qui a eu lieu sous l'\u00e9gide de l'EI et compromettent \u00e0 la fois notre compr\u00e9hension de l'implication complexe des femmes, et la justice pour les communaut\u00e9s rescap\u00e9es.<\/p>\n\n\n\n<h2 class=\"wp-block-heading\">Les perceptions sexistes perdurent depuis Nuremberg<\/h2>\n\n\n\n<p>Ces perceptions selon lesquelles les femmes commettent des crimes dans l'ombre et sous l'influence des hommes ou se contentent de les faciliter par des actes ind\u00e9pendants de leur volont\u00e9 remontent au proc\u00e8s de Nuremberg d'Ilse Koch, \u00e9pouse d'un officier SS responsable du camp de concentration de Buchenwald. Il y a 75 ans, Ilse Koch s\u2019est \u00e9galement appuy\u00e9e sur son statut de femme pour se d\u00e9fendre, affirmant \u00eatre \"une \u00e9pouse et une m\u00e8re tout \u00e0 fait normale et moralement pure\" remplissant ses devoirs d'\u00e9pouse de SS.&nbsp;<\/p>\n\n\n\n<p>En 2001, <a href=\"https:\/\/unictr.irmct.org\/sites\/unictr.org\/files\/case-documents\/ictr-98-42\/trial-judgements\/en\/110624.pdf\">Pauline Nyiramasuhuko<\/a>, lors de son proc\u00e8s pour conspiration en vue de commettre un g\u00e9nocide devant le Tribunal p\u00e9nal international pour le Rwanda, a \u00e9galement minimis\u00e9 son r\u00f4le en le pr\u00e9sentant comme celui d'une assistante sociale d\u00e9sireuse d'aider les femmes du Rwanda et en d\u00e9clarant que \"les femmes ne savaient pas comment massacrer comme le faisaient les v\u00e9ritables g\u00e9nocidaires [masculins]\". Enfin, la seule femme inculp\u00e9e \u00e0 ce jour par la Cour p\u00e9nale internationale, pour violences \u00e9lectorales en C\u00f4te d'Ivoire, Simone Gbagbo, s\u2019est \u00e9galement d\u00e9fendue en affirmant qu\u2019elle a commis ces actes par peur de son mari, le pr\u00e9sident de l'\u00e9poque, Laurent Gbagbo, qui l'aurait sinon physiquement violent\u00e9e.<\/p>\n\n\n\n<p>En outre, une similitude r\u00e9currente dans les \u00e9tudes de cas historiques et les proc\u00e8s allemands contre les femmes auteures de crimes contre l'humanit\u00e9 est que ces femmes sont poursuivies aux c\u00f4t\u00e9s d'un criminel masculin, que ce soit Ilse Koch, Simone Gbabgo ou Jennifer W. aux c\u00f4t\u00e9s de leurs maris ou Pauline Nyiramasuhuko aux c\u00f4t\u00e9s de son fils. Le r\u00f4le des femmes dans la commission des crimes est alors souvent minimis\u00e9 et excus\u00e9 comme \u00e9tant celui de femmes devant rev\u00eatir une identit\u00e9 masculine pour survivre dans une soci\u00e9t\u00e9 essentiellement patriarcale.<\/p>\n\n\n\n<p>Le nombre croissant de femmes (rapatri\u00e9es) revenant du nord-est de la Syrie met au premier plan leur r\u00f4le dans les crimes de masse de l'EI. C'est l'occasion de transformer le r\u00f4le binaire des femmes en tant que spectatrices ou victimes vers la reconnaissance de leur r\u00f4le d'agents directs et indirects ainsi que de partisanes id\u00e9ologiquement motiv\u00e9es de comportements criminels - m\u00eame et surtout dans le contexte des id\u00e9ologies de genre et religieuses qui pr\u00e9voient des r\u00f4les, des t\u00e2ches et des fonctions d\u00e9finis pour les femmes. Actuellement, la Cour europ\u00e9enne des droits de l'homme est saisie de deux affaires conjointes qui d\u00e9termineront si les \u00c9tats membres de l'Union europ\u00e9enne ont le \"devoir de rapatrier\" (au moins) leurs ressortissants mineurs et de sexe f\u00e9minin des camps du nord-est de la Syrie. Un jugement affirmatif entra\u00eenerait probablement une augmentation des rapatriements et, par extension, des poursuites \u00e0 l'encontre de femmes membres de l'EI. Le r\u00f4le et l'implication de ces femmes dans la perp\u00e9tuation des syst\u00e8mes de violence devraient alors \u00eatre plus s\u00e9rieusement analys\u00e9s afin saisir de la mani\u00e8re la plus nuanc\u00e9e et la plus pr\u00e9cise possible l'int\u00e9gralit\u00e9 des sch\u00e9mas criminels.<\/p>\n\n\n<div class=\"articleLink articleLink--editorRecommanded articleLink--textInImage articleLink--textTop\" style=\"\">\r\n\t\t\t\t\t\r\n\t\t\t<div class=\"articleLinkSurTitle\">Recommand\u00e9 par la r\u00e9daction<\/div>\r\n\t\t\t<a class=\"articleLinkImageLink\" href=\"https:\/\/www.justiceinfo.net\/fr\/73279-proces-syrien-et-yezidi-violences-sexuelles.html\"><div class=\"articleLinkImageContainer \"><img loading=\"lazy\" decoding=\"async\" width=\"540\" height=\"360\" src=\"https:\/\/www.justiceinfo.net\/wp-content\/uploads\/Iraq_Yazidi-women-Nadia-Murad_@Zaid-al-Obeidi-AFP-540x360.jpg\" class=\"articleLinkImage backgroundImageTag w-100 wp-post-image\" alt=\"\" srcset=\"https:\/\/www.justiceinfo.net\/wp-content\/uploads\/Iraq_Yazidi-women-Nadia-Murad_@Zaid-al-Obeidi-AFP-540x360.jpg 540w, https:\/\/www.justiceinfo.net\/wp-content\/uploads\/Iraq_Yazidi-women-Nadia-Murad_@Zaid-al-Obeidi-AFP-730x487.jpg 730w, https:\/\/www.justiceinfo.net\/wp-content\/uploads\/Iraq_Yazidi-women-Nadia-Murad_@Zaid-al-Obeidi-AFP-1110x740.jpg 1110w, https:\/\/www.justiceinfo.net\/wp-content\/uploads\/Iraq_Yazidi-women-Nadia-Murad_@Zaid-al-Obeidi-AFP.jpg 1200w\" sizes=\"auto, (max-width: 540px) 100vw, 540px\" \/><\/div><\/a>\r\n\t\t\t<a href=\"https:\/\/www.justiceinfo.net\/fr\/73279-proces-syrien-et-yezidi-violences-sexuelles.html\" class=\"articleLinkTitle articleLinkTitle--default\">\r\n\t\t\tProc\u00e8s syrien et y\u00e9zidi : les parties civiles plaident la prise en compte des violences sexuelles\r\n\t\t<\/a>\r\n\t\t\r\n\t\t\t\t<\/div>\n\n\n<div class=\"content-encadre\">\n<p><strong><img loading=\"lazy\" decoding=\"async\" class=\"alignleft  wp-image-83860\" src=\"https:\/\/www.justiceinfo.net\/wp-content\/uploads\/Alexandra-Lili-Kather.jpg\" alt=\"Alexandra Lili Kather\" width=\"200\" height=\"200\" srcset=\"https:\/\/www.justiceinfo.net\/wp-content\/uploads\/Alexandra-Lili-Kather.jpg 500w, https:\/\/www.justiceinfo.net\/wp-content\/uploads\/Alexandra-Lili-Kather-150x150.jpg 150w\" sizes=\"auto, (max-width: 200px) 100vw, 200px\" \/>ALEXANDRA LILY KATHER<\/strong><\/p>\n<p>Alexandra Lily Kather, titulaire d\u2019un Master en droit, est juriste et consultante en mati\u00e8re de redevabilit\u00e9 des crimes internationaux dans les juridictions nationales par le biais de la comp\u00e9tence universelle. Elle a contribu\u00e9 par son travail aux enqu\u00eates et aux poursuites men\u00e9es en vertu du principe de comp\u00e9tence universelle en Allemagne et dans d'autres pays europ\u00e9ens, en relation avec les crimes en Syrie et les crimes commis contre les Y\u00e9zidis en Irak. Elle est actuellement chercheuse invit\u00e9e \u00e0 l'Universit\u00e9 Goldsmiths de Londres.<\/p>\n<hr \/>\n<p><strong><img loading=\"lazy\" decoding=\"async\" class=\"alignleft  wp-image-83857\" src=\"https:\/\/www.justiceinfo.net\/wp-content\/uploads\/Niriksha-Sanghvi.jpg\" alt=\"Niriksha Sanghvi\" width=\"200\" height=\"200\" srcset=\"https:\/\/www.justiceinfo.net\/wp-content\/uploads\/Niriksha-Sanghvi.jpg 500w, https:\/\/www.justiceinfo.net\/wp-content\/uploads\/Niriksha-Sanghvi-150x150.jpg 150w\" sizes=\"auto, (max-width: 200px) 100vw, 200px\" \/>NIRIKSHA SANGHVI<\/strong><\/p>\n<p>Niriksha Sanghvi est une avocate sp\u00e9cialis\u00e9e dans le droit p\u00e9nal international et les droits humains, notamment en mati\u00e8re de redevabilit\u00e9 des crimes graves et de responsabilit\u00e9 des entreprises. Elle fait partie d'une \u00e9quipe de d\u00e9fense au M\u00e9canisme international r\u00e9siduel des tribunaux p\u00e9naux des Nations unies et est conseill\u00e8re juridique pour Global Rights Compliance, o\u00f9 elle travaille sur des projets de recherche et de plaidoyer, notamment sur la promotion de la responsabilit\u00e9 en cas de famine et sur la responsabilit\u00e9 des entreprises.<\/p>\n<hr \/>\n<p><strong><img loading=\"lazy\" decoding=\"async\" class=\"alignleft  wp-image-83854\" src=\"https:\/\/www.justiceinfo.net\/wp-content\/uploads\/Carlotta-Sallach.jpg\" alt=\"Carlotta Sallach\" width=\"200\" height=\"200\" srcset=\"https:\/\/www.justiceinfo.net\/wp-content\/uploads\/Carlotta-Sallach.jpg 500w, https:\/\/www.justiceinfo.net\/wp-content\/uploads\/Carlotta-Sallach-150x150.jpg 150w\" sizes=\"auto, (max-width: 200px) 100vw, 200px\" \/>CARLOTTA SALLACH<\/strong><\/p>\n<p>Carlotta Sallach est consultante en communication au Conseil allemand des relations \u00e9trang\u00e8res. Elle a pr\u00e9c\u00e9demment travaill\u00e9 en tant que chercheuse pour le Counter Extremism Project Germany. Carlotta a r\u00e9cemment obtenu un master en droit international public et un master en relations internationales \u00e0 l'Universit\u00e9 d'Utrecht. Ses recherches portent sur le lien entre le genre et la violence (politique) ainsi que sur le genre et le droit.<\/p>\n<\/div>","protected":false},"excerpt":{"rendered":"<p>Ce lundi 25 octobre, un tribunal de Munich a condamn\u00e9 une ressortissante allemande \u00e0 10 ans de prison pour r\u00e9duction en esclavage et meurtre d'une fillette y\u00e9zidie de 5 ans en Irak. C\u2019est la cinqui\u00e8me condamnation en Allemagne d'une femme de l'\u00c9tat islamique (EI) pour des crimes internationaux contre les Y\u00e9zidis. Tout en se f\u00e9licitant [&hellip;]<\/p>\n","protected":false},"author":64,"featured_media":83866,"comment_status":"closed","ping_status":"closed","sticky":false,"template":"","format":"standard","meta":{"_acf_changed":false,"footnotes":""},"categories":[575],"tags":[],"ji_location":[2238],"class_list":["post-83869","post","type-post","status-publish","format-standard","has-post-thumbnail","hentry","category-opinions","ji_location-allemagne"],"acf":[],"yoast_head":"<!-- This site is optimized with the Yoast SEO Premium plugin v25.3.1 (Yoast SEO v25.3.1) - https:\/\/yoast.com\/wordpress\/plugins\/seo\/ -->\n<title>Comment les st\u00e9r\u00e9otypes de genre faussent les proc\u00e8s de l&#039;EI en Allemagne - JusticeInfo.net<\/title>\n<meta name=\"description\" content=\"Ce lundi 25 octobre, un tribunal de Munich a condamn\u00e9 une ressortissante allemande \u00e0 10 ans de prison pour r\u00e9duction en esclavage et meurtre d&#039;une fillette y\u00e9zidie de 5 ans en Irak. C\u2019est la cinqui\u00e8me condamnation en Allemagne d&#039;une femme de l&#039;\u00c9tat islamique (EI) pour des crimes internationaux contre les Y\u00e9zidis. Tout en se f\u00e9licitant de ces proc\u00e8s, les auteures pointent du doigt des st\u00e9r\u00e9otypes qui, \u00e0 leurs yeux, refl\u00e8tent une conception sexiste des motivations d&#039;une femme de l&#039;EI impliqu\u00e9e dans des atrocit\u00e9s de masse.\" \/>\n<meta name=\"robots\" content=\"index, follow, max-snippet:-1, max-image-preview:large, max-video-preview:-1\" \/>\n<link rel=\"canonical\" href=\"https:\/\/www.justiceinfo.net\/fr\/83869-comment-stereotypes-genre-faussent-proces-ei-allemagne.html\" \/>\n<meta property=\"og:locale\" content=\"fr_FR\" \/>\n<meta property=\"og:type\" content=\"article\" \/>\n<meta property=\"og:title\" content=\"Comment les st\u00e9r\u00e9otypes de genre faussent les proc\u00e8s de l&#039;EI en Allemagne\" \/>\n<meta property=\"og:description\" content=\"Ce lundi 25 octobre, un tribunal de Munich a condamn\u00e9 une ressortissante allemande \u00e0 10 ans de prison pour r\u00e9duction en esclavage et meurtre d&#039;une fillette y\u00e9zidie de 5 ans en Irak. C\u2019est la cinqui\u00e8me condamnation en Allemagne d&#039;une femme de l&#039;\u00c9tat islamique (EI) pour des crimes internationaux contre les Y\u00e9zidis. Tout en se f\u00e9licitant de ces proc\u00e8s, les auteures pointent du doigt des st\u00e9r\u00e9otypes qui, \u00e0 leurs yeux, refl\u00e8tent une conception sexiste des motivations d&#039;une femme de l&#039;EI impliqu\u00e9e dans des atrocit\u00e9s de masse.\" \/>\n<meta property=\"og:url\" content=\"https:\/\/www.justiceinfo.net\/fr\/83869-comment-stereotypes-genre-faussent-proces-ei-allemagne.html\" \/>\n<meta property=\"og:site_name\" content=\"JusticeInfo.net\" \/>\n<meta property=\"article:publisher\" content=\"https:\/\/www.facebook.com\/JusticeInfo\/\" \/>\n<meta property=\"article:published_time\" content=\"2021-10-29T09:49:09+00:00\" \/>\n<meta property=\"article:modified_time\" content=\"2021-10-29T09:49:10+00:00\" \/>\n<meta property=\"og:image\" content=\"https:\/\/www.justiceinfo.net\/wp-content\/uploads\/Syria_al-Hol-camp-refugees-women-ISIS_@Delil-Souleiman-AFP.jpg\" \/>\n\t<meta property=\"og:image:width\" content=\"1200\" \/>\n\t<meta property=\"og:image:height\" content=\"800\" \/>\n\t<meta property=\"og:image:type\" content=\"image\/jpeg\" \/>\n<meta name=\"author\" content=\"Alexandra Lily Kather, Niriksha Sanghvi et Carlotta Sallach\" \/>\n<meta name=\"twitter:card\" content=\"summary_large_image\" \/>\n<meta name=\"twitter:creator\" content=\"@justiceinfonet\" \/>\n<meta name=\"twitter:site\" content=\"@justiceinfonet\" \/>\n<meta name=\"twitter:label1\" content=\"\u00c9crit par\" \/>\n\t<meta name=\"twitter:data1\" content=\"Alexandra Lily Kather, Niriksha Sanghvi et Carlotta Sallach\" \/>\n\t<meta name=\"twitter:label2\" content=\"Dur\u00e9e de lecture estim\u00e9e\" \/>\n\t<meta name=\"twitter:data2\" content=\"14 minutes\" \/>\n<script type=\"application\/ld+json\" class=\"yoast-schema-graph\">{\"@context\":\"https:\/\/schema.org\",\"@graph\":[{\"@type\":\"NewsArticle\",\"@id\":\"https:\/\/www.justiceinfo.net\/fr\/83869-comment-stereotypes-genre-faussent-proces-ei-allemagne.html#article\",\"isPartOf\":{\"@id\":\"https:\/\/www.justiceinfo.net\/fr\/83869-comment-stereotypes-genre-faussent-proces-ei-allemagne.html\"},\"author\":{\"name\":\"solivri\",\"@id\":\"https:\/\/www.justiceinfo.net\/fr#\/schema\/person\/6e53cba1629e2e66f3fc1821d3091865\"},\"headline\":\"Comment les st\u00e9r\u00e9otypes de genre faussent les proc\u00e8s de l'EI en Allemagne\",\"datePublished\":\"2021-10-29T09:49:09+00:00\",\"dateModified\":\"2021-10-29T09:49:10+00:00\",\"mainEntityOfPage\":{\"@id\":\"https:\/\/www.justiceinfo.net\/fr\/83869-comment-stereotypes-genre-faussent-proces-ei-allemagne.html\"},\"wordCount\":3370,\"publisher\":{\"@id\":\"https:\/\/www.justiceinfo.net\/fr#organization\"},\"image\":{\"@id\":\"https:\/\/www.justiceinfo.net\/fr\/83869-comment-stereotypes-genre-faussent-proces-ei-allemagne.html#primaryimage\"},\"thumbnailUrl\":\"https:\/\/www.justiceinfo.net\/wp-content\/uploads\/Syria_al-Hol-camp-refugees-women-ISIS_@Delil-Souleiman-AFP.jpg\",\"articleSection\":[\"Opinions\"],\"inLanguage\":\"fr-FR\"},{\"@type\":\"WebPage\",\"@id\":\"https:\/\/www.justiceinfo.net\/fr\/83869-comment-stereotypes-genre-faussent-proces-ei-allemagne.html\",\"url\":\"https:\/\/www.justiceinfo.net\/fr\/83869-comment-stereotypes-genre-faussent-proces-ei-allemagne.html\",\"name\":\"Comment les st\u00e9r\u00e9otypes de genre faussent les proc\u00e8s de l'EI en Allemagne - JusticeInfo.net\",\"isPartOf\":{\"@id\":\"https:\/\/www.justiceinfo.net\/fr#website\"},\"primaryImageOfPage\":{\"@id\":\"https:\/\/www.justiceinfo.net\/fr\/83869-comment-stereotypes-genre-faussent-proces-ei-allemagne.html#primaryimage\"},\"image\":{\"@id\":\"https:\/\/www.justiceinfo.net\/fr\/83869-comment-stereotypes-genre-faussent-proces-ei-allemagne.html#primaryimage\"},\"thumbnailUrl\":\"https:\/\/www.justiceinfo.net\/wp-content\/uploads\/Syria_al-Hol-camp-refugees-women-ISIS_@Delil-Souleiman-AFP.jpg\",\"datePublished\":\"2021-10-29T09:49:09+00:00\",\"dateModified\":\"2021-10-29T09:49:10+00:00\",\"description\":\"Ce lundi 25 octobre, un tribunal de Munich a condamn\u00e9 une ressortissante allemande \u00e0 10 ans de prison pour r\u00e9duction en esclavage et meurtre d'une fillette y\u00e9zidie de 5 ans en Irak. C\u2019est la cinqui\u00e8me condamnation en Allemagne d'une femme de l'\u00c9tat islamique (EI) pour des crimes internationaux contre les Y\u00e9zidis. Tout en se f\u00e9licitant de ces proc\u00e8s, les auteures pointent du doigt des st\u00e9r\u00e9otypes qui, \u00e0 leurs yeux, refl\u00e8tent une conception sexiste des motivations d'une femme de l'EI impliqu\u00e9e dans des atrocit\u00e9s de masse.\",\"breadcrumb\":{\"@id\":\"https:\/\/www.justiceinfo.net\/fr\/83869-comment-stereotypes-genre-faussent-proces-ei-allemagne.html#breadcrumb\"},\"inLanguage\":\"fr-FR\",\"potentialAction\":[{\"@type\":\"ReadAction\",\"target\":[\"https:\/\/www.justiceinfo.net\/fr\/83869-comment-stereotypes-genre-faussent-proces-ei-allemagne.html\"]}]},{\"@type\":\"ImageObject\",\"inLanguage\":\"fr-FR\",\"@id\":\"https:\/\/www.justiceinfo.net\/fr\/83869-comment-stereotypes-genre-faussent-proces-ei-allemagne.html#primaryimage\",\"url\":\"https:\/\/www.justiceinfo.net\/wp-content\/uploads\/Syria_al-Hol-camp-refugees-women-ISIS_@Delil-Souleiman-AFP.jpg\",\"contentUrl\":\"https:\/\/www.justiceinfo.net\/wp-content\/uploads\/Syria_al-Hol-camp-refugees-women-ISIS_@Delil-Souleiman-AFP.jpg\",\"width\":1200,\"height\":800,\"caption\":\"Des femmes et un enfant au camp de r\u00e9fugi\u00e9s d'al-Hol, qui accueille des membres pr\u00e9sum\u00e9es du groupe \u00c9tat islamique d'Irak et du Levant (EI), dans le gouvernorat de Hasakeh, au nord-est de la Syrie, le 18 ao\u00fbt 2021. \u00a9 Delil Souleiman \/ AFP\"},{\"@type\":\"BreadcrumbList\",\"@id\":\"https:\/\/www.justiceinfo.net\/fr\/83869-comment-stereotypes-genre-faussent-proces-ei-allemagne.html#breadcrumb\",\"itemListElement\":[{\"@type\":\"ListItem\",\"position\":1,\"name\":\"Home\",\"item\":\"https:\/\/www.justiceinfo.net\/fr\"},{\"@type\":\"ListItem\",\"position\":2,\"name\":\"Comment les st\u00e9r\u00e9otypes de genre faussent les proc\u00e8s de l'EI en Allemagne\"}]},{\"@type\":\"WebSite\",\"@id\":\"https:\/\/www.justiceinfo.net\/fr#website\",\"url\":\"https:\/\/www.justiceinfo.net\/fr\",\"name\":\"JusticeInfo.net\",\"description\":\"La justice doit \u00eatre vue pour \u00eatre rendue\",\"publisher\":{\"@id\":\"https:\/\/www.justiceinfo.net\/fr#organization\"},\"potentialAction\":[{\"@type\":\"SearchAction\",\"target\":{\"@type\":\"EntryPoint\",\"urlTemplate\":\"https:\/\/www.justiceinfo.net\/fr?s={search_term_string}\"},\"query-input\":{\"@type\":\"PropertyValueSpecification\",\"valueRequired\":true,\"valueName\":\"search_term_string\"}}],\"inLanguage\":\"fr-FR\"},{\"@type\":\"Organization\",\"@id\":\"https:\/\/www.justiceinfo.net\/fr#organization\",\"name\":\"Justice Info\",\"url\":\"https:\/\/www.justiceinfo.net\/fr\",\"logo\":{\"@type\":\"ImageObject\",\"inLanguage\":\"fr-FR\",\"@id\":\"https:\/\/www.justiceinfo.net\/fr#\/schema\/logo\/image\/\",\"url\":\"https:\/\/www.justiceinfo.net\/wp-content\/uploads\/justiceinfo_logo-trans_1200x1200px.png\",\"contentUrl\":\"https:\/\/www.justiceinfo.net\/wp-content\/uploads\/justiceinfo_logo-trans_1200x1200px.png\",\"width\":1199,\"height\":1200,\"caption\":\"Justice Info\"},\"image\":{\"@id\":\"https:\/\/www.justiceinfo.net\/fr#\/schema\/logo\/image\/\"},\"sameAs\":[\"https:\/\/www.facebook.com\/JusticeInfo\/\",\"https:\/\/x.com\/justiceinfonet\",\"https:\/\/www.linkedin.com\/company\/justice-info\",\"https:\/\/www.youtube.com\/channel\/UCyCEsARodyuWtkWyhn-e7pA\"]},{\"@type\":\"Person\",\"name\":\"Alexandra Lily Kather, Niriksha Sanghvi et Carlotta Sallach\",\"url\":\"\/fr\/?s=Alexandra Lily Kather, Niriksha Sanghvi et Carlotta Sallach\"}]}<\/script>\n<!-- \/ Yoast SEO Premium plugin. -->","yoast_head_json":{"title":"Comment les st\u00e9r\u00e9otypes de genre faussent les proc\u00e8s de l'EI en Allemagne - JusticeInfo.net","description":"Ce lundi 25 octobre, un tribunal de Munich a condamn\u00e9 une ressortissante allemande \u00e0 10 ans de prison pour r\u00e9duction en esclavage et meurtre d'une fillette y\u00e9zidie de 5 ans en Irak. C\u2019est la cinqui\u00e8me condamnation en Allemagne d'une femme de l'\u00c9tat islamique (EI) pour des crimes internationaux contre les Y\u00e9zidis. Tout en se f\u00e9licitant de ces proc\u00e8s, les auteures pointent du doigt des st\u00e9r\u00e9otypes qui, \u00e0 leurs yeux, refl\u00e8tent une conception sexiste des motivations d'une femme de l'EI impliqu\u00e9e dans des atrocit\u00e9s de masse.","robots":{"index":"index","follow":"follow","max-snippet":"max-snippet:-1","max-image-preview":"max-image-preview:large","max-video-preview":"max-video-preview:-1"},"canonical":"https:\/\/www.justiceinfo.net\/fr\/83869-comment-stereotypes-genre-faussent-proces-ei-allemagne.html","og_locale":"fr_FR","og_type":"article","og_title":"Comment les st\u00e9r\u00e9otypes de genre faussent les proc\u00e8s de l'EI en Allemagne","og_description":"Ce lundi 25 octobre, un tribunal de Munich a condamn\u00e9 une ressortissante allemande \u00e0 10 ans de prison pour r\u00e9duction en esclavage et meurtre d'une fillette y\u00e9zidie de 5 ans en Irak. C\u2019est la cinqui\u00e8me condamnation en Allemagne d'une femme de l'\u00c9tat islamique (EI) pour des crimes internationaux contre les Y\u00e9zidis. Tout en se f\u00e9licitant de ces proc\u00e8s, les auteures pointent du doigt des st\u00e9r\u00e9otypes qui, \u00e0 leurs yeux, refl\u00e8tent une conception sexiste des motivations d'une femme de l'EI impliqu\u00e9e dans des atrocit\u00e9s de masse.","og_url":"https:\/\/www.justiceinfo.net\/fr\/83869-comment-stereotypes-genre-faussent-proces-ei-allemagne.html","og_site_name":"JusticeInfo.net","article_publisher":"https:\/\/www.facebook.com\/JusticeInfo\/","article_published_time":"2021-10-29T09:49:09+00:00","article_modified_time":"2021-10-29T09:49:10+00:00","og_image":[{"width":1200,"height":800,"url":"https:\/\/www.justiceinfo.net\/wp-content\/uploads\/Syria_al-Hol-camp-refugees-women-ISIS_@Delil-Souleiman-AFP.jpg","type":"image\/jpeg"}],"author":"Alexandra Lily Kather, Niriksha Sanghvi et Carlotta Sallach","twitter_card":"summary_large_image","twitter_creator":"@justiceinfonet","twitter_site":"@justiceinfonet","twitter_misc":{"\u00c9crit par":"Alexandra Lily Kather, Niriksha Sanghvi et Carlotta Sallach","Dur\u00e9e de lecture estim\u00e9e":"14 minutes"},"schema":{"@context":"https:\/\/schema.org","@graph":[{"@type":"NewsArticle","@id":"https:\/\/www.justiceinfo.net\/fr\/83869-comment-stereotypes-genre-faussent-proces-ei-allemagne.html#article","isPartOf":{"@id":"https:\/\/www.justiceinfo.net\/fr\/83869-comment-stereotypes-genre-faussent-proces-ei-allemagne.html"},"author":{"name":"solivri","@id":"https:\/\/www.justiceinfo.net\/fr#\/schema\/person\/6e53cba1629e2e66f3fc1821d3091865"},"headline":"Comment les st\u00e9r\u00e9otypes de genre faussent les proc\u00e8s de l'EI en Allemagne","datePublished":"2021-10-29T09:49:09+00:00","dateModified":"2021-10-29T09:49:10+00:00","mainEntityOfPage":{"@id":"https:\/\/www.justiceinfo.net\/fr\/83869-comment-stereotypes-genre-faussent-proces-ei-allemagne.html"},"wordCount":3370,"publisher":{"@id":"https:\/\/www.justiceinfo.net\/fr#organization"},"image":{"@id":"https:\/\/www.justiceinfo.net\/fr\/83869-comment-stereotypes-genre-faussent-proces-ei-allemagne.html#primaryimage"},"thumbnailUrl":"https:\/\/www.justiceinfo.net\/wp-content\/uploads\/Syria_al-Hol-camp-refugees-women-ISIS_@Delil-Souleiman-AFP.jpg","articleSection":["Opinions"],"inLanguage":"fr-FR"},{"@type":"WebPage","@id":"https:\/\/www.justiceinfo.net\/fr\/83869-comment-stereotypes-genre-faussent-proces-ei-allemagne.html","url":"https:\/\/www.justiceinfo.net\/fr\/83869-comment-stereotypes-genre-faussent-proces-ei-allemagne.html","name":"Comment les st\u00e9r\u00e9otypes de genre faussent les proc\u00e8s de l'EI en Allemagne - JusticeInfo.net","isPartOf":{"@id":"https:\/\/www.justiceinfo.net\/fr#website"},"primaryImageOfPage":{"@id":"https:\/\/www.justiceinfo.net\/fr\/83869-comment-stereotypes-genre-faussent-proces-ei-allemagne.html#primaryimage"},"image":{"@id":"https:\/\/www.justiceinfo.net\/fr\/83869-comment-stereotypes-genre-faussent-proces-ei-allemagne.html#primaryimage"},"thumbnailUrl":"https:\/\/www.justiceinfo.net\/wp-content\/uploads\/Syria_al-Hol-camp-refugees-women-ISIS_@Delil-Souleiman-AFP.jpg","datePublished":"2021-10-29T09:49:09+00:00","dateModified":"2021-10-29T09:49:10+00:00","description":"Ce lundi 25 octobre, un tribunal de Munich a condamn\u00e9 une ressortissante allemande \u00e0 10 ans de prison pour r\u00e9duction en esclavage et meurtre d'une fillette y\u00e9zidie de 5 ans en Irak. C\u2019est la cinqui\u00e8me condamnation en Allemagne d'une femme de l'\u00c9tat islamique (EI) pour des crimes internationaux contre les Y\u00e9zidis. Tout en se f\u00e9licitant de ces proc\u00e8s, les auteures pointent du doigt des st\u00e9r\u00e9otypes qui, \u00e0 leurs yeux, refl\u00e8tent une conception sexiste des motivations d'une femme de l'EI impliqu\u00e9e dans des atrocit\u00e9s de masse.","breadcrumb":{"@id":"https:\/\/www.justiceinfo.net\/fr\/83869-comment-stereotypes-genre-faussent-proces-ei-allemagne.html#breadcrumb"},"inLanguage":"fr-FR","potentialAction":[{"@type":"ReadAction","target":["https:\/\/www.justiceinfo.net\/fr\/83869-comment-stereotypes-genre-faussent-proces-ei-allemagne.html"]}]},{"@type":"ImageObject","inLanguage":"fr-FR","@id":"https:\/\/www.justiceinfo.net\/fr\/83869-comment-stereotypes-genre-faussent-proces-ei-allemagne.html#primaryimage","url":"https:\/\/www.justiceinfo.net\/wp-content\/uploads\/Syria_al-Hol-camp-refugees-women-ISIS_@Delil-Souleiman-AFP.jpg","contentUrl":"https:\/\/www.justiceinfo.net\/wp-content\/uploads\/Syria_al-Hol-camp-refugees-women-ISIS_@Delil-Souleiman-AFP.jpg","width":1200,"height":800,"caption":"Des femmes et un enfant au camp de r\u00e9fugi\u00e9s d'al-Hol, qui accueille des membres pr\u00e9sum\u00e9es du groupe \u00c9tat islamique d'Irak et du Levant (EI), dans le gouvernorat de Hasakeh, au nord-est de la Syrie, le 18 ao\u00fbt 2021. \u00a9 Delil Souleiman \/ AFP"},{"@type":"BreadcrumbList","@id":"https:\/\/www.justiceinfo.net\/fr\/83869-comment-stereotypes-genre-faussent-proces-ei-allemagne.html#breadcrumb","itemListElement":[{"@type":"ListItem","position":1,"name":"Home","item":"https:\/\/www.justiceinfo.net\/fr"},{"@type":"ListItem","position":2,"name":"Comment les st\u00e9r\u00e9otypes de genre faussent les proc\u00e8s de l'EI en Allemagne"}]},{"@type":"WebSite","@id":"https:\/\/www.justiceinfo.net\/fr#website","url":"https:\/\/www.justiceinfo.net\/fr","name":"JusticeInfo.net","description":"La justice doit \u00eatre vue pour \u00eatre rendue","publisher":{"@id":"https:\/\/www.justiceinfo.net\/fr#organization"},"potentialAction":[{"@type":"SearchAction","target":{"@type":"EntryPoint","urlTemplate":"https:\/\/www.justiceinfo.net\/fr?s={search_term_string}"},"query-input":{"@type":"PropertyValueSpecification","valueRequired":true,"valueName":"search_term_string"}}],"inLanguage":"fr-FR"},{"@type":"Organization","@id":"https:\/\/www.justiceinfo.net\/fr#organization","name":"Justice Info","url":"https:\/\/www.justiceinfo.net\/fr","logo":{"@type":"ImageObject","inLanguage":"fr-FR","@id":"https:\/\/www.justiceinfo.net\/fr#\/schema\/logo\/image\/","url":"https:\/\/www.justiceinfo.net\/wp-content\/uploads\/justiceinfo_logo-trans_1200x1200px.png","contentUrl":"https:\/\/www.justiceinfo.net\/wp-content\/uploads\/justiceinfo_logo-trans_1200x1200px.png","width":1199,"height":1200,"caption":"Justice Info"},"image":{"@id":"https:\/\/www.justiceinfo.net\/fr#\/schema\/logo\/image\/"},"sameAs":["https:\/\/www.facebook.com\/JusticeInfo\/","https:\/\/x.com\/justiceinfonet","https:\/\/www.linkedin.com\/company\/justice-info","https:\/\/www.youtube.com\/channel\/UCyCEsARodyuWtkWyhn-e7pA"]},{"@type":"Person","name":"Alexandra Lily Kather, Niriksha Sanghvi et Carlotta Sallach","url":"\/fr\/?s=Alexandra Lily Kather, Niriksha Sanghvi et Carlotta Sallach"}]}},"_links":{"self":[{"href":"https:\/\/www.justiceinfo.net\/fr\/wp-json\/wp\/v2\/posts\/83869","targetHints":{"allow":["GET"]}}],"collection":[{"href":"https:\/\/www.justiceinfo.net\/fr\/wp-json\/wp\/v2\/posts"}],"about":[{"href":"https:\/\/www.justiceinfo.net\/fr\/wp-json\/wp\/v2\/types\/post"}],"author":[{"embeddable":true,"href":"https:\/\/www.justiceinfo.net\/fr\/wp-json\/wp\/v2\/users\/64"}],"replies":[{"embeddable":true,"href":"https:\/\/www.justiceinfo.net\/fr\/wp-json\/wp\/v2\/comments?post=83869"}],"version-history":[{"count":3,"href":"https:\/\/www.justiceinfo.net\/fr\/wp-json\/wp\/v2\/posts\/83869\/revisions"}],"predecessor-version":[{"id":83872,"href":"https:\/\/www.justiceinfo.net\/fr\/wp-json\/wp\/v2\/posts\/83869\/revisions\/83872"}],"wp:featuredmedia":[{"embeddable":true,"href":"https:\/\/www.justiceinfo.net\/fr\/wp-json\/wp\/v2\/media\/83866"}],"wp:attachment":[{"href":"https:\/\/www.justiceinfo.net\/fr\/wp-json\/wp\/v2\/media?parent=83869"}],"wp:term":[{"taxonomy":"category","embeddable":true,"href":"https:\/\/www.justiceinfo.net\/fr\/wp-json\/wp\/v2\/categories?post=83869"},{"taxonomy":"post_tag","embeddable":true,"href":"https:\/\/www.justiceinfo.net\/fr\/wp-json\/wp\/v2\/tags?post=83869"},{"taxonomy":"ji_location","embeddable":true,"href":"https:\/\/www.justiceinfo.net\/fr\/wp-json\/wp\/v2\/ji_location?post=83869"}],"curies":[{"name":"wp","href":"https:\/\/api.w.org\/{rel}","templated":true}]}}