{"id":8508,"date":"2007-10-30T00:00:00","date_gmt":"2007-10-29T23:00:00","guid":{"rendered":"https:\/\/www.justiceinfo.net\/8508-301007-cpiaccuses-la-cour-penale-internationale-a-accueilli-son-deuxieme-accuse5309.html"},"modified":"2007-10-30T00:00:00","modified_gmt":"2007-10-29T23:00:00","slug":"301007-cpiaccuses-la-cour-penale-internationale-a-accueilli-son-deuxieme-accuse5309","status":"publish","type":"post","link":"https:\/\/www.justiceinfo.net\/fr\/8508-301007-cpiaccuses-la-cour-penale-internationale-a-accueilli-son-deuxieme-accuse5309.html","title":{"rendered":"30.10.07 - CPI\/ACCUSES - LA COUR PENALE INTERNATIONALE A ACCUEILLI SON DEUXIEME ACCUSE"},"content":{"rendered":"<p>La Haye, 30 octobre 2007 (FH) - La cour p&eacute;nale internationale (CPI) a entendu la semaine derni&egrave;re Germain Katanga en audience de premi&egrave;re comparution, et fix&eacute; l&rsquo;audience de confirmation des charges au 28 f&eacute;vrier 2008.&nbsp;<br \/>\n<!--more-->Germain Katanga, qui a &eacute;t&eacute; transf&eacute;r&eacute; au centre de d&eacute;tention des Nations Unies &agrave; La Haye le 17 octobre dernier, est le deuxi&egrave;me accus&eacute; arr&ecirc;t&eacute; sur mandat d&rsquo;arr&ecirc;t de la CPI. <\/p>\n<p>Le premier, Thomas Lubanga Dyilo, un congolais fondateur pr&eacute;sum&eacute; de l&rsquo;Union des patriotes congolais (UPC), avait &eacute;t&eacute; arr&ecirc;t&eacute; le 17 mars 2006. Son proc&egrave;s est encore dans la phase pr&eacute;paratoire, des audiences sont pr&eacute;vues cette semaine pour d&eacute;battre du r&ocirc;le des victimes avant et pendant le proc&egrave;s. <\/p>\n<p>Katanga, aussi appel&eacute; &laquo; Simba &raquo;, a &eacute;t&eacute; remis &agrave; la CPI par les autorit&eacute;s congolaises, qui le d&eacute;tenaient depuis 2005, sur un mandat d&rsquo;arr&ecirc;t de la Cour &eacute;mis le 2 juillet 2007, rendu public le 18 octobre 2007. Le bureau du Procureur de la CPI enqu&ecirc;te sur la situation en RDC depuis le 1er juillet 2002. <\/p>\n<p>Depuis 2003, Katanga serait le chef militaire de la Force de r&eacute;sistance patriotique en Ituri (FRPI), branche arm&eacute;e de la milice Front nationaliste et int&eacute;grationniste (FNI). D&rsquo;apr&egrave;s Human Rights Watch, ce groupe, d&rsquo;ethnie Lendu, est responsable de crimes de guerre et de crimes contre l&rsquo;humanit&eacute; commis dans cette r&eacute;gion du nord-est du Congo. Katanga est accus&eacute; d&rsquo;y avoir commis six crimes de guerre et trois crimes contre l&rsquo;Humanit&eacute;. <\/p>\n<p>La Chambre pr&eacute;liminaire I affirme dans le mandat d&rsquo;arr&ecirc;t qu&rsquo;elle a tous les motifs raisonnables de croire que Katanga, en sa qualit&eacute; de plus haut commandant de la FRPI, &laquo; a contribu&eacute; de mani&egrave;re essentielle &agrave; la mise en &oelig;uvre du plan commun &raquo; lors de l&rsquo;attaque contre le village de Bogoro, en Ituri, le 24 f&eacute;vrier 2003 ou vers cette date, &laquo; en le planifiant et en ordonnant &agrave; ses subordonn&eacute;s de l&rsquo;ex&eacute;cuter &raquo;. <\/p>\n<p>Selon le mandat d&rsquo;arr&ecirc;t pendant et apr&egrave;s l&rsquo;attaque de Bogoro, dirig&eacute;e principalement contre des civils d&rsquo;ethnie Hema, d&rsquo;autres actes criminels ont &eacute;t&eacute; commis comme des meurtres, des atteintes graves &agrave; l&rsquo;int&eacute;grit&eacute; physique de civils, des arrestation et menaces, des pillages, de la r&eacute;duction en esclavage sexuel de plusieurs femmes et filles et la participation active d&rsquo;enfants &acirc;g&eacute;s de moins de 15 ans &agrave; ladite attaque. <\/p>\n<p>La Chambre apporte &eacute;galement des &eacute;l&eacute;ments selon lesquels l&rsquo;attaque contre Bogoro s&rsquo;inscrivait dans le contexte d&rsquo;un conflit arm&eacute; sur le territoire de l&rsquo;Ituri et qu&rsquo;elle a &eacute;t&eacute; lanc&eacute;e conjointement par la FRPI et le FNI dans le cadre d&rsquo;une attaque syst&eacute;matique et g&eacute;n&eacute;ralis&eacute;e qui, entre janvier et mars 2003 au moins, a pris pour cible la population civile de certaines parties du territoire de l&rsquo;Ituri, principalement d&rsquo;ethnie Hema. <\/p>\n<p>L&rsquo;audience de la premi&egrave;re comparution de Katanga s&rsquo;est d&eacute;roul&eacute;e le 22 octobre &agrave; La Haye, si&egrave;ge de la CPI. L&rsquo;accus&eacute; &eacute;tait repr&eacute;sent&eacute;, &agrave; sa demande, par Ma&icirc;tre Xavier Jean Keita, responsable du Bureau du Conseil pour la D&eacute;fense de la Cour en attendant de d&eacute;signer un autre avocat pour la suite de la proc&eacute;dure. <\/p>\n<p>D&eacute;s le d&eacute;but de l&rsquo;audience, Katanga a souhait&eacute; &ecirc;tre inform&eacute; en lingala car il affirme ne pas bien comprendre le fran&ccedil;ais, langue dans laquelle se d&eacute;roule pourtant la proc&eacute;dure depuis le d&eacute;but. Deux interpr&egrave;tes lui ont &eacute;t&eacute; accord&eacute;s &agrave; titre provisoire. Cette affirmation remet toutefois en cause toute la proc&eacute;dure l&rsquo;article 67 du Statut de la CPI affirmant que l&rsquo;accus&eacute; a droit &agrave; ce qu&rsquo;on s&rsquo;adresse &agrave; lui dans &laquo; une langue qu&rsquo;il comprend et parle parfaitement &raquo;. Le Pr&eacute;sident de la Chambre, a cependant rappel&eacute;, sur la base des documents d&eacute;taill&eacute;s d&eacute;pos&eacute;s par le Greffe, que Katanga comprenait et parlait couramment le fran&ccedil;ais et le swahili. <\/p>\n<p>La D&eacute;fense a &eacute;galement regrett&eacute; que son client n&rsquo;ait pas pu recevoir sa famille pendant ses deux ans et demi de d&eacute;tention &agrave; Kinshasa. Me Keita a par contre r&eacute;v&eacute;l&eacute; qu&rsquo;une repr&eacute;sentante de l&rsquo;ONG Human Rights Watch, Madame Anneke Woundenberg, &eacute;tait venue l&rsquo;interroger dans sa cellule. Il s'est &eacute;tonn&eacute; qu'elle ait pos&eacute; des questions pr&eacute;cises sur les pillages, les crimes contre l&rsquo;Humanit&eacute; et les crimes de guerre, des faits cit&eacute;s dans le mandat d&rsquo;arr&ecirc;t. <\/p>\n<p>AV\/PB\/G<br \/>\n&copy; Agence Hirondelle<\/p>\n","protected":false},"excerpt":{"rendered":"<p>La Haye, 30 octobre 2007 (FH) - La cour p&eacute;nale internationale (CPI) a entendu la semaine derni&egrave;re Germain Katanga en audience de premi&egrave;re comparution, et fix&eacute; l&rsquo;audience de confirmation des charges au 28 f&eacute;vrier 2008.&nbsp;<\/p>\n","protected":false},"author":64,"featured_media":0,"comment_status":"open","ping_status":"closed","sticky":false,"template":"","format":"standard","meta":{"_acf_changed":false,"footnotes":""},"categories":[554],"tags":[],"ji_location":[],"class_list":["post-8508","post","type-post","status-publish","format-standard","hentry","category-hirondellenews"],"acf":[],"yoast_head":"<!-- This site is optimized with the Yoast SEO Premium plugin v25.3.1 (Yoast SEO v25.3.1) - https:\/\/yoast.com\/wordpress\/plugins\/seo\/ -->\n<title>30.10.07 - CPI\/ACCUSES - LA COUR PENALE INTERNATIONALE A ACCUEILLI SON DEUXIEME ACCUSE - JusticeInfo.net<\/title>\n<meta name=\"robots\" content=\"index, follow, max-snippet:-1, max-image-preview:large, max-video-preview:-1\" \/>\n<link rel=\"canonical\" href=\"https:\/\/www.justiceinfo.net\/fr\/8508-301007-cpiaccuses-la-cour-penale-internationale-a-accueilli-son-deuxieme-accuse5309.html\" \/>\n<meta property=\"og:locale\" content=\"fr_FR\" \/>\n<meta property=\"og:type\" content=\"article\" \/>\n<meta property=\"og:title\" content=\"30.10.07 - CPI\/ACCUSES - LA COUR PENALE INTERNATIONALE A ACCUEILLI SON DEUXIEME ACCUSE\" \/>\n<meta property=\"og:description\" content=\"La Haye, 30 octobre 2007 (FH) - La cour p&eacute;nale internationale (CPI) a entendu la semaine derni&egrave;re Germain Katanga en audience de premi&egrave;re comparution, et fix&eacute; l&rsquo;audience de confirmation des charges au 28 f&eacute;vrier 2008.&nbsp;\" \/>\n<meta property=\"og:url\" content=\"https:\/\/www.justiceinfo.net\/fr\/8508-301007-cpiaccuses-la-cour-penale-internationale-a-accueilli-son-deuxieme-accuse5309.html\" \/>\n<meta property=\"og:site_name\" content=\"JusticeInfo.net\" \/>\n<meta property=\"article:publisher\" content=\"https:\/\/www.facebook.com\/JusticeInfo\/\" \/>\n<meta property=\"article:published_time\" content=\"2007-10-29T23:00:00+00:00\" \/>\n<meta property=\"og:image\" content=\"https:\/\/www.justiceinfo.net\/wp-content\/uploads\/JusticeInfoNet_logo_1200x630px.jpg\" \/>\n\t<meta property=\"og:image:width\" content=\"1200\" \/>\n\t<meta property=\"og:image:height\" content=\"630\" \/>\n\t<meta property=\"og:image:type\" content=\"image\/jpeg\" \/>\n<meta name=\"author\" content=\"solivri\" \/>\n<meta name=\"twitter:card\" content=\"summary_large_image\" \/>\n<meta name=\"twitter:creator\" content=\"@justiceinfonet\" \/>\n<meta name=\"twitter:site\" content=\"@justiceinfonet\" \/>\n<meta name=\"twitter:label1\" content=\"\u00c9crit par\" \/>\n\t<meta name=\"twitter:data1\" content=\"solivri\" \/>\n\t<meta name=\"twitter:label2\" content=\"Dur\u00e9e de lecture estim\u00e9e\" \/>\n\t<meta name=\"twitter:data2\" content=\"5 minutes\" \/>\n<script type=\"application\/ld+json\" class=\"yoast-schema-graph\">{\"@context\":\"https:\/\/schema.org\",\"@graph\":[{\"@type\":\"NewsArticle\",\"@id\":\"https:\/\/www.justiceinfo.net\/fr\/8508-301007-cpiaccuses-la-cour-penale-internationale-a-accueilli-son-deuxieme-accuse5309.html#article\",\"isPartOf\":{\"@id\":\"https:\/\/www.justiceinfo.net\/fr\/8508-301007-cpiaccuses-la-cour-penale-internationale-a-accueilli-son-deuxieme-accuse5309.html\"},\"author\":{\"name\":\"solivri\",\"@id\":\"https:\/\/www.justiceinfo.net\/fr#\/schema\/person\/6e53cba1629e2e66f3fc1821d3091865\"},\"headline\":\"30.10.07 - CPI\/ACCUSES - LA COUR PENALE INTERNATIONALE A ACCUEILLI SON DEUXIEME ACCUSE\",\"datePublished\":\"2007-10-29T23:00:00+00:00\",\"mainEntityOfPage\":{\"@id\":\"https:\/\/www.justiceinfo.net\/fr\/8508-301007-cpiaccuses-la-cour-penale-internationale-a-accueilli-son-deuxieme-accuse5309.html\"},\"wordCount\":966,\"commentCount\":0,\"publisher\":{\"@id\":\"https:\/\/www.justiceinfo.net\/fr#organization\"},\"articleSection\":[\"Hirondelle News\"],\"inLanguage\":\"fr-FR\",\"potentialAction\":[{\"@type\":\"CommentAction\",\"name\":\"Comment\",\"target\":[\"https:\/\/www.justiceinfo.net\/fr\/8508-301007-cpiaccuses-la-cour-penale-internationale-a-accueilli-son-deuxieme-accuse5309.html#respond\"]}]},{\"@type\":\"WebPage\",\"@id\":\"https:\/\/www.justiceinfo.net\/fr\/8508-301007-cpiaccuses-la-cour-penale-internationale-a-accueilli-son-deuxieme-accuse5309.html\",\"url\":\"https:\/\/www.justiceinfo.net\/fr\/8508-301007-cpiaccuses-la-cour-penale-internationale-a-accueilli-son-deuxieme-accuse5309.html\",\"name\":\"30.10.07 - CPI\/ACCUSES - LA COUR PENALE INTERNATIONALE A ACCUEILLI SON DEUXIEME ACCUSE - JusticeInfo.net\",\"isPartOf\":{\"@id\":\"https:\/\/www.justiceinfo.net\/fr#website\"},\"datePublished\":\"2007-10-29T23:00:00+00:00\",\"breadcrumb\":{\"@id\":\"https:\/\/www.justiceinfo.net\/fr\/8508-301007-cpiaccuses-la-cour-penale-internationale-a-accueilli-son-deuxieme-accuse5309.html#breadcrumb\"},\"inLanguage\":\"fr-FR\",\"potentialAction\":[{\"@type\":\"ReadAction\",\"target\":[\"https:\/\/www.justiceinfo.net\/fr\/8508-301007-cpiaccuses-la-cour-penale-internationale-a-accueilli-son-deuxieme-accuse5309.html\"]}]},{\"@type\":\"BreadcrumbList\",\"@id\":\"https:\/\/www.justiceinfo.net\/fr\/8508-301007-cpiaccuses-la-cour-penale-internationale-a-accueilli-son-deuxieme-accuse5309.html#breadcrumb\",\"itemListElement\":[{\"@type\":\"ListItem\",\"position\":1,\"name\":\"Home\",\"item\":\"https:\/\/www.justiceinfo.net\/fr\"},{\"@type\":\"ListItem\",\"position\":2,\"name\":\"30.10.07 - CPI\/ACCUSES - LA COUR PENALE INTERNATIONALE A ACCUEILLI SON DEUXIEME ACCUSE\"}]},{\"@type\":\"WebSite\",\"@id\":\"https:\/\/www.justiceinfo.net\/fr#website\",\"url\":\"https:\/\/www.justiceinfo.net\/fr\",\"name\":\"JusticeInfo.net\",\"description\":\"La justice doit \u00eatre vue pour \u00eatre rendue\",\"publisher\":{\"@id\":\"https:\/\/www.justiceinfo.net\/fr#organization\"},\"potentialAction\":[{\"@type\":\"SearchAction\",\"target\":{\"@type\":\"EntryPoint\",\"urlTemplate\":\"https:\/\/www.justiceinfo.net\/fr?s={search_term_string}\"},\"query-input\":{\"@type\":\"PropertyValueSpecification\",\"valueRequired\":true,\"valueName\":\"search_term_string\"}}],\"inLanguage\":\"fr-FR\"},{\"@type\":\"Organization\",\"@id\":\"https:\/\/www.justiceinfo.net\/fr#organization\",\"name\":\"Justice Info\",\"url\":\"https:\/\/www.justiceinfo.net\/fr\",\"logo\":{\"@type\":\"ImageObject\",\"inLanguage\":\"fr-FR\",\"@id\":\"https:\/\/www.justiceinfo.net\/fr#\/schema\/logo\/image\/\",\"url\":\"https:\/\/www.justiceinfo.net\/wp-content\/uploads\/justiceinfo_logo-trans_1200x1200px.png\",\"contentUrl\":\"https:\/\/www.justiceinfo.net\/wp-content\/uploads\/justiceinfo_logo-trans_1200x1200px.png\",\"width\":1199,\"height\":1200,\"caption\":\"Justice Info\"},\"image\":{\"@id\":\"https:\/\/www.justiceinfo.net\/fr#\/schema\/logo\/image\/\"},\"sameAs\":[\"https:\/\/www.facebook.com\/JusticeInfo\/\",\"https:\/\/x.com\/justiceinfonet\",\"https:\/\/www.linkedin.com\/company\/justice-info\",\"https:\/\/www.youtube.com\/channel\/UCyCEsARodyuWtkWyhn-e7pA\"]},{\"@type\":\"Person\",\"name\":\"solivri\",\"url\":\"\/fr\/?s=solivri\"}]}<\/script>\n<!-- \/ Yoast SEO Premium plugin. -->","yoast_head_json":{"title":"30.10.07 - CPI\/ACCUSES - LA COUR PENALE INTERNATIONALE A ACCUEILLI SON DEUXIEME ACCUSE - JusticeInfo.net","robots":{"index":"index","follow":"follow","max-snippet":"max-snippet:-1","max-image-preview":"max-image-preview:large","max-video-preview":"max-video-preview:-1"},"canonical":"https:\/\/www.justiceinfo.net\/fr\/8508-301007-cpiaccuses-la-cour-penale-internationale-a-accueilli-son-deuxieme-accuse5309.html","og_locale":"fr_FR","og_type":"article","og_title":"30.10.07 - CPI\/ACCUSES - LA COUR PENALE INTERNATIONALE A ACCUEILLI SON DEUXIEME ACCUSE","og_description":"La Haye, 30 octobre 2007 (FH) - La cour p&eacute;nale internationale (CPI) a entendu la semaine derni&egrave;re Germain Katanga en audience de premi&egrave;re comparution, et fix&eacute; l&rsquo;audience de confirmation des charges au 28 f&eacute;vrier 2008.&nbsp;","og_url":"https:\/\/www.justiceinfo.net\/fr\/8508-301007-cpiaccuses-la-cour-penale-internationale-a-accueilli-son-deuxieme-accuse5309.html","og_site_name":"JusticeInfo.net","article_publisher":"https:\/\/www.facebook.com\/JusticeInfo\/","article_published_time":"2007-10-29T23:00:00+00:00","og_image":[{"width":1200,"height":630,"url":"https:\/\/www.justiceinfo.net\/wp-content\/uploads\/JusticeInfoNet_logo_1200x630px.jpg","type":"image\/jpeg"}],"author":"solivri","twitter_card":"summary_large_image","twitter_creator":"@justiceinfonet","twitter_site":"@justiceinfonet","twitter_misc":{"\u00c9crit par":"solivri","Dur\u00e9e de lecture estim\u00e9e":"5 minutes"},"schema":{"@context":"https:\/\/schema.org","@graph":[{"@type":"NewsArticle","@id":"https:\/\/www.justiceinfo.net\/fr\/8508-301007-cpiaccuses-la-cour-penale-internationale-a-accueilli-son-deuxieme-accuse5309.html#article","isPartOf":{"@id":"https:\/\/www.justiceinfo.net\/fr\/8508-301007-cpiaccuses-la-cour-penale-internationale-a-accueilli-son-deuxieme-accuse5309.html"},"author":{"name":"solivri","@id":"https:\/\/www.justiceinfo.net\/fr#\/schema\/person\/6e53cba1629e2e66f3fc1821d3091865"},"headline":"30.10.07 - CPI\/ACCUSES - LA COUR PENALE INTERNATIONALE A ACCUEILLI SON DEUXIEME ACCUSE","datePublished":"2007-10-29T23:00:00+00:00","mainEntityOfPage":{"@id":"https:\/\/www.justiceinfo.net\/fr\/8508-301007-cpiaccuses-la-cour-penale-internationale-a-accueilli-son-deuxieme-accuse5309.html"},"wordCount":966,"commentCount":0,"publisher":{"@id":"https:\/\/www.justiceinfo.net\/fr#organization"},"articleSection":["Hirondelle News"],"inLanguage":"fr-FR","potentialAction":[{"@type":"CommentAction","name":"Comment","target":["https:\/\/www.justiceinfo.net\/fr\/8508-301007-cpiaccuses-la-cour-penale-internationale-a-accueilli-son-deuxieme-accuse5309.html#respond"]}]},{"@type":"WebPage","@id":"https:\/\/www.justiceinfo.net\/fr\/8508-301007-cpiaccuses-la-cour-penale-internationale-a-accueilli-son-deuxieme-accuse5309.html","url":"https:\/\/www.justiceinfo.net\/fr\/8508-301007-cpiaccuses-la-cour-penale-internationale-a-accueilli-son-deuxieme-accuse5309.html","name":"30.10.07 - CPI\/ACCUSES - LA COUR PENALE INTERNATIONALE A ACCUEILLI SON DEUXIEME ACCUSE - JusticeInfo.net","isPartOf":{"@id":"https:\/\/www.justiceinfo.net\/fr#website"},"datePublished":"2007-10-29T23:00:00+00:00","breadcrumb":{"@id":"https:\/\/www.justiceinfo.net\/fr\/8508-301007-cpiaccuses-la-cour-penale-internationale-a-accueilli-son-deuxieme-accuse5309.html#breadcrumb"},"inLanguage":"fr-FR","potentialAction":[{"@type":"ReadAction","target":["https:\/\/www.justiceinfo.net\/fr\/8508-301007-cpiaccuses-la-cour-penale-internationale-a-accueilli-son-deuxieme-accuse5309.html"]}]},{"@type":"BreadcrumbList","@id":"https:\/\/www.justiceinfo.net\/fr\/8508-301007-cpiaccuses-la-cour-penale-internationale-a-accueilli-son-deuxieme-accuse5309.html#breadcrumb","itemListElement":[{"@type":"ListItem","position":1,"name":"Home","item":"https:\/\/www.justiceinfo.net\/fr"},{"@type":"ListItem","position":2,"name":"30.10.07 - CPI\/ACCUSES - LA COUR PENALE INTERNATIONALE A ACCUEILLI SON DEUXIEME ACCUSE"}]},{"@type":"WebSite","@id":"https:\/\/www.justiceinfo.net\/fr#website","url":"https:\/\/www.justiceinfo.net\/fr","name":"JusticeInfo.net","description":"La justice doit \u00eatre vue pour \u00eatre rendue","publisher":{"@id":"https:\/\/www.justiceinfo.net\/fr#organization"},"potentialAction":[{"@type":"SearchAction","target":{"@type":"EntryPoint","urlTemplate":"https:\/\/www.justiceinfo.net\/fr?s={search_term_string}"},"query-input":{"@type":"PropertyValueSpecification","valueRequired":true,"valueName":"search_term_string"}}],"inLanguage":"fr-FR"},{"@type":"Organization","@id":"https:\/\/www.justiceinfo.net\/fr#organization","name":"Justice Info","url":"https:\/\/www.justiceinfo.net\/fr","logo":{"@type":"ImageObject","inLanguage":"fr-FR","@id":"https:\/\/www.justiceinfo.net\/fr#\/schema\/logo\/image\/","url":"https:\/\/www.justiceinfo.net\/wp-content\/uploads\/justiceinfo_logo-trans_1200x1200px.png","contentUrl":"https:\/\/www.justiceinfo.net\/wp-content\/uploads\/justiceinfo_logo-trans_1200x1200px.png","width":1199,"height":1200,"caption":"Justice Info"},"image":{"@id":"https:\/\/www.justiceinfo.net\/fr#\/schema\/logo\/image\/"},"sameAs":["https:\/\/www.facebook.com\/JusticeInfo\/","https:\/\/x.com\/justiceinfonet","https:\/\/www.linkedin.com\/company\/justice-info","https:\/\/www.youtube.com\/channel\/UCyCEsARodyuWtkWyhn-e7pA"]},{"@type":"Person","name":"solivri","url":"\/fr\/?s=solivri"}]}},"_links":{"self":[{"href":"https:\/\/www.justiceinfo.net\/fr\/wp-json\/wp\/v2\/posts\/8508","targetHints":{"allow":["GET"]}}],"collection":[{"href":"https:\/\/www.justiceinfo.net\/fr\/wp-json\/wp\/v2\/posts"}],"about":[{"href":"https:\/\/www.justiceinfo.net\/fr\/wp-json\/wp\/v2\/types\/post"}],"author":[{"embeddable":true,"href":"https:\/\/www.justiceinfo.net\/fr\/wp-json\/wp\/v2\/users\/64"}],"replies":[{"embeddable":true,"href":"https:\/\/www.justiceinfo.net\/fr\/wp-json\/wp\/v2\/comments?post=8508"}],"version-history":[{"count":0,"href":"https:\/\/www.justiceinfo.net\/fr\/wp-json\/wp\/v2\/posts\/8508\/revisions"}],"wp:attachment":[{"href":"https:\/\/www.justiceinfo.net\/fr\/wp-json\/wp\/v2\/media?parent=8508"}],"wp:term":[{"taxonomy":"category","embeddable":true,"href":"https:\/\/www.justiceinfo.net\/fr\/wp-json\/wp\/v2\/categories?post=8508"},{"taxonomy":"post_tag","embeddable":true,"href":"https:\/\/www.justiceinfo.net\/fr\/wp-json\/wp\/v2\/tags?post=8508"},{"taxonomy":"ji_location","embeddable":true,"href":"https:\/\/www.justiceinfo.net\/fr\/wp-json\/wp\/v2\/ji_location?post=8508"}],"curies":[{"name":"wp","href":"https:\/\/api.w.org\/{rel}","templated":true}]}}