{"id":8520,"date":"2007-11-01T00:00:00","date_gmt":"2007-10-31T23:00:00","guid":{"rendered":"https:\/\/www.justiceinfo.net\/8520-011107-rwandafrance-rejet-de-la-demande-de-liberte-provisoire-deposee-par-ntawukuriryayo5321.html"},"modified":"2007-11-01T00:00:00","modified_gmt":"2007-10-31T23:00:00","slug":"011107-rwandafrance-rejet-de-la-demande-de-liberte-provisoire-deposee-par-ntawukuriryayo5321","status":"publish","type":"post","link":"https:\/\/www.justiceinfo.net\/fr\/8520-011107-rwandafrance-rejet-de-la-demande-de-liberte-provisoire-deposee-par-ntawukuriryayo5321.html","title":{"rendered":"01.11.07 - RWANDA\/FRANCE - REJET DE LA DEMANDE DE LIBERTE PROVISOIRE DEPOSEE PAR NTAWUKURIRYAYO"},"content":{"rendered":"<p>&nbsp; PARIS, 1er Novembre 2007 (FH) - &nbsp;La cour d&rsquo;appel de Paris a maintenu en d&eacute;tention mercredi l&#39;ancien sous-pr&eacute;fet rwandais, Dominique Ntawukuriryayo, dans l&rsquo;attente de l&rsquo;examen de son &eacute;ventuelle remise au Tribunal p&eacute;nal international pour le Rwanda (TPIR), accus&eacute; d&rsquo;avoir particip&eacute; au g&eacute;nocide de 1994.<br \/>\n<!--more-->Il a &eacute;t&eacute; arr&ecirc;t&eacute; le 16 octobre dernier en vertu d&rsquo;un mandat d&rsquo;arr&ecirc;t du TPIR &eacute;mis en septembre 2006.La chambre de l&rsquo;instruction de la cour d&rsquo;appel de Paris a consid&eacute;r&eacute; que M. &nbsp;Ntawukuriryayo, ne b&eacute;n&eacute;ficiant pas de garanties de repr&eacute;sentations suffisantes en France, risquait de prendre la fuite &agrave; l&rsquo;&eacute;tranger pour &eacute;chapper &agrave; la justice, comme l&rsquo;avait soutenu le repr&eacute;sentant du parquet g&eacute;n&eacute;ral. Un argument qu&rsquo;avait r&eacute;fut&eacute; par avance l&rsquo;un de ses avocats, Me Francois Roux estimant que &laquo; le risque de fuite (&eacute;tait) totalement exclu &raquo;, la France &eacute;tant son &laquo; asile &raquo;. Lors de l&rsquo;audience, sa d&eacute;fense a mis en doute la volont&eacute; du TPIR de juger &agrave; bref d&eacute;lai M. Ntawukuriryayo , son mandat prenant fin en 2008, et a fait part des risques &eacute;ventuels qu&rsquo;il soit remis au Rwanda. Le TPIR &laquo; demande l&rsquo;arrestation de personnes, mais il ne va pas les juger &raquo;, a expliqu&eacute; Me Roux.L&rsquo;ancien sous-pr&eacute;fet, arriv&eacute; en France en 1999, b&eacute;n&eacute;ficiait d&rsquo;un titre de s&eacute;jour et r&eacute;sidait depuis 2000 &agrave; Carcassonne d&rsquo;o&ugrave; il n&rsquo;a &laquo; jamais boug&eacute;, &nbsp;jusqu&rsquo;&agrave; son arrestation, a-t-il dit.Mercredi prochain, la chambre de l&rsquo;instruction examinera la demande de remise au TPIR de M. Ntawukuriryayo , n&eacute; en 1942. Selon l&rsquo;acte d&rsquo;accusation de la juridiction internationale, il est soup&ccedil;onn&eacute; d&rsquo;avoir particip&eacute;, directement et indirectement, &agrave; la mort d&rsquo;au moins 25.000 personnes entre le 21 et le 25 avril 1994.Mardi, 27 ressortissants rwandais et le Collectif des parties civiles pour le Rwanda (CPCR) ont d&eacute;pos&eacute; plainte &agrave; Paris contre M. Ntawukuriryayo, a d&eacute;clar&eacute; M. Alain Gauthier, pr&eacute;sident de ce collectif. En avril 2006, 32 plaignants avaient d&eacute;pos&eacute; une plainte contre lui &agrave; Carcassonne. Une plainte qui n&rsquo;avait pas abouti, les services de police ne le trouvant pas. &nbsp; PA\/PB\/GF &nbsp; &copy; Agence Hirondelle<\/p>\n","protected":false},"excerpt":{"rendered":"<p>&nbsp; PARIS, 1er Novembre 2007 (FH) - &nbsp;La cour d&rsquo;appel de Paris a maintenu en d&eacute;tention mercredi l&#39;ancien sous-pr&eacute;fet rwandais, Dominique Ntawukuriryayo, dans l&rsquo;attente de l&rsquo;examen de son &eacute;ventuelle remise au Tribunal p&eacute;nal international pour le Rwanda (TPIR), accus&eacute; d&rsquo;avoir particip&eacute; au g&eacute;nocide de 1994.<\/p>\n","protected":false},"author":59,"featured_media":0,"comment_status":"open","ping_status":"closed","sticky":false,"template":"","format":"standard","meta":{"_acf_changed":false,"footnotes":""},"categories":[554],"tags":[],"ji_location":[],"class_list":["post-8520","post","type-post","status-publish","format-standard","hentry","category-hirondellenews"],"acf":[],"yoast_head":"<!-- This site is optimized with the Yoast SEO Premium plugin v25.3.1 (Yoast SEO v25.3.1) - https:\/\/yoast.com\/wordpress\/plugins\/seo\/ -->\n<title>01.11.07 - RWANDA\/FRANCE - REJET DE LA DEMANDE DE LIBERTE PROVISOIRE DEPOSEE PAR NTAWUKURIRYAYO - JusticeInfo.net<\/title>\n<meta name=\"robots\" content=\"index, follow, max-snippet:-1, max-image-preview:large, max-video-preview:-1\" \/>\n<link rel=\"canonical\" href=\"https:\/\/www.justiceinfo.net\/fr\/8520-011107-rwandafrance-rejet-de-la-demande-de-liberte-provisoire-deposee-par-ntawukuriryayo5321.html\" \/>\n<meta property=\"og:locale\" content=\"fr_FR\" \/>\n<meta property=\"og:type\" content=\"article\" \/>\n<meta property=\"og:title\" content=\"01.11.07 - RWANDA\/FRANCE - REJET DE LA DEMANDE DE LIBERTE PROVISOIRE DEPOSEE PAR NTAWUKURIRYAYO\" \/>\n<meta property=\"og:description\" content=\"&nbsp; PARIS, 1er Novembre 2007 (FH) - &nbsp;La cour d&rsquo;appel de Paris a maintenu en d&eacute;tention mercredi l&#039;ancien sous-pr&eacute;fet rwandais, Dominique Ntawukuriryayo, dans l&rsquo;attente de l&rsquo;examen de son &eacute;ventuelle remise au Tribunal p&eacute;nal international pour le Rwanda (TPIR), accus&eacute; d&rsquo;avoir particip&eacute; au g&eacute;nocide de 1994.\" \/>\n<meta property=\"og:url\" content=\"https:\/\/www.justiceinfo.net\/fr\/8520-011107-rwandafrance-rejet-de-la-demande-de-liberte-provisoire-deposee-par-ntawukuriryayo5321.html\" \/>\n<meta property=\"og:site_name\" content=\"JusticeInfo.net\" \/>\n<meta property=\"article:publisher\" content=\"https:\/\/www.facebook.com\/JusticeInfo\/\" \/>\n<meta property=\"article:author\" content=\"https:\/\/www.facebook.com\/rugiririza.ephrem.1\" \/>\n<meta property=\"article:published_time\" content=\"2007-10-31T23:00:00+00:00\" \/>\n<meta property=\"og:image\" content=\"https:\/\/www.justiceinfo.net\/wp-content\/uploads\/JusticeInfoNet_logo_1200x630px.jpg\" \/>\n\t<meta property=\"og:image:width\" content=\"1200\" \/>\n\t<meta property=\"og:image:height\" content=\"630\" \/>\n\t<meta property=\"og:image:type\" content=\"image\/jpeg\" \/>\n<meta name=\"author\" content=\"Ephrem Rugiririza\" \/>\n<meta name=\"twitter:card\" content=\"summary_large_image\" \/>\n<meta name=\"twitter:creator\" content=\"@ER72777667\" \/>\n<meta name=\"twitter:site\" content=\"@justiceinfonet\" \/>\n<meta name=\"twitter:label1\" content=\"\u00c9crit par\" \/>\n\t<meta name=\"twitter:data1\" content=\"Ephrem Rugiririza\" \/>\n\t<meta name=\"twitter:label2\" content=\"Dur\u00e9e de lecture estim\u00e9e\" \/>\n\t<meta name=\"twitter:data2\" content=\"2 minutes\" \/>\n<script type=\"application\/ld+json\" class=\"yoast-schema-graph\">{\"@context\":\"https:\/\/schema.org\",\"@graph\":[{\"@type\":\"NewsArticle\",\"@id\":\"https:\/\/www.justiceinfo.net\/fr\/8520-011107-rwandafrance-rejet-de-la-demande-de-liberte-provisoire-deposee-par-ntawukuriryayo5321.html#article\",\"isPartOf\":{\"@id\":\"https:\/\/www.justiceinfo.net\/fr\/8520-011107-rwandafrance-rejet-de-la-demande-de-liberte-provisoire-deposee-par-ntawukuriryayo5321.html\"},\"author\":{\"name\":\"erugiririza\",\"@id\":\"https:\/\/www.justiceinfo.net\/fr#\/schema\/person\/3c444bdbf3536fdebfdc6b3a06b2fc4a\"},\"headline\":\"01.11.07 - RWANDA\/FRANCE - REJET DE LA DEMANDE DE LIBERTE PROVISOIRE DEPOSEE PAR NTAWUKURIRYAYO\",\"datePublished\":\"2007-10-31T23:00:00+00:00\",\"mainEntityOfPage\":{\"@id\":\"https:\/\/www.justiceinfo.net\/fr\/8520-011107-rwandafrance-rejet-de-la-demande-de-liberte-provisoire-deposee-par-ntawukuriryayo5321.html\"},\"wordCount\":473,\"commentCount\":0,\"publisher\":{\"@id\":\"https:\/\/www.justiceinfo.net\/fr#organization\"},\"articleSection\":[\"Hirondelle News\"],\"inLanguage\":\"fr-FR\",\"potentialAction\":[{\"@type\":\"CommentAction\",\"name\":\"Comment\",\"target\":[\"https:\/\/www.justiceinfo.net\/fr\/8520-011107-rwandafrance-rejet-de-la-demande-de-liberte-provisoire-deposee-par-ntawukuriryayo5321.html#respond\"]}]},{\"@type\":\"WebPage\",\"@id\":\"https:\/\/www.justiceinfo.net\/fr\/8520-011107-rwandafrance-rejet-de-la-demande-de-liberte-provisoire-deposee-par-ntawukuriryayo5321.html\",\"url\":\"https:\/\/www.justiceinfo.net\/fr\/8520-011107-rwandafrance-rejet-de-la-demande-de-liberte-provisoire-deposee-par-ntawukuriryayo5321.html\",\"name\":\"01.11.07 - RWANDA\/FRANCE - REJET DE LA DEMANDE DE LIBERTE PROVISOIRE DEPOSEE PAR NTAWUKURIRYAYO - JusticeInfo.net\",\"isPartOf\":{\"@id\":\"https:\/\/www.justiceinfo.net\/fr#website\"},\"datePublished\":\"2007-10-31T23:00:00+00:00\",\"breadcrumb\":{\"@id\":\"https:\/\/www.justiceinfo.net\/fr\/8520-011107-rwandafrance-rejet-de-la-demande-de-liberte-provisoire-deposee-par-ntawukuriryayo5321.html#breadcrumb\"},\"inLanguage\":\"fr-FR\",\"potentialAction\":[{\"@type\":\"ReadAction\",\"target\":[\"https:\/\/www.justiceinfo.net\/fr\/8520-011107-rwandafrance-rejet-de-la-demande-de-liberte-provisoire-deposee-par-ntawukuriryayo5321.html\"]}]},{\"@type\":\"BreadcrumbList\",\"@id\":\"https:\/\/www.justiceinfo.net\/fr\/8520-011107-rwandafrance-rejet-de-la-demande-de-liberte-provisoire-deposee-par-ntawukuriryayo5321.html#breadcrumb\",\"itemListElement\":[{\"@type\":\"ListItem\",\"position\":1,\"name\":\"Home\",\"item\":\"https:\/\/www.justiceinfo.net\/fr\"},{\"@type\":\"ListItem\",\"position\":2,\"name\":\"01.11.07 - RWANDA\/FRANCE - REJET DE LA DEMANDE DE LIBERTE PROVISOIRE DEPOSEE PAR NTAWUKURIRYAYO\"}]},{\"@type\":\"WebSite\",\"@id\":\"https:\/\/www.justiceinfo.net\/fr#website\",\"url\":\"https:\/\/www.justiceinfo.net\/fr\",\"name\":\"JusticeInfo.net\",\"description\":\"La justice doit \u00eatre vue pour \u00eatre rendue\",\"publisher\":{\"@id\":\"https:\/\/www.justiceinfo.net\/fr#organization\"},\"potentialAction\":[{\"@type\":\"SearchAction\",\"target\":{\"@type\":\"EntryPoint\",\"urlTemplate\":\"https:\/\/www.justiceinfo.net\/fr?s={search_term_string}\"},\"query-input\":{\"@type\":\"PropertyValueSpecification\",\"valueRequired\":true,\"valueName\":\"search_term_string\"}}],\"inLanguage\":\"fr-FR\"},{\"@type\":\"Organization\",\"@id\":\"https:\/\/www.justiceinfo.net\/fr#organization\",\"name\":\"Justice Info\",\"url\":\"https:\/\/www.justiceinfo.net\/fr\",\"logo\":{\"@type\":\"ImageObject\",\"inLanguage\":\"fr-FR\",\"@id\":\"https:\/\/www.justiceinfo.net\/fr#\/schema\/logo\/image\/\",\"url\":\"https:\/\/www.justiceinfo.net\/wp-content\/uploads\/justiceinfo_logo-trans_1200x1200px.png\",\"contentUrl\":\"https:\/\/www.justiceinfo.net\/wp-content\/uploads\/justiceinfo_logo-trans_1200x1200px.png\",\"width\":1199,\"height\":1200,\"caption\":\"Justice Info\"},\"image\":{\"@id\":\"https:\/\/www.justiceinfo.net\/fr#\/schema\/logo\/image\/\"},\"sameAs\":[\"https:\/\/www.facebook.com\/JusticeInfo\/\",\"https:\/\/x.com\/justiceinfonet\",\"https:\/\/www.linkedin.com\/company\/justice-info\",\"https:\/\/www.youtube.com\/channel\/UCyCEsARodyuWtkWyhn-e7pA\"]},{\"@type\":\"Person\",\"name\":\"Ephrem Rugiririza\",\"sameAs\":[\"https:\/\/www.facebook.com\/rugiririza.ephrem.1\",\"https:\/\/x.com\/ER72777667\"],\"url\":\"https:\/\/www.justiceinfo.net\/fr\/auteur\/erugiririza\"}]}<\/script>\n<!-- \/ Yoast SEO Premium plugin. -->","yoast_head_json":{"title":"01.11.07 - RWANDA\/FRANCE - REJET DE LA DEMANDE DE LIBERTE PROVISOIRE DEPOSEE PAR NTAWUKURIRYAYO - JusticeInfo.net","robots":{"index":"index","follow":"follow","max-snippet":"max-snippet:-1","max-image-preview":"max-image-preview:large","max-video-preview":"max-video-preview:-1"},"canonical":"https:\/\/www.justiceinfo.net\/fr\/8520-011107-rwandafrance-rejet-de-la-demande-de-liberte-provisoire-deposee-par-ntawukuriryayo5321.html","og_locale":"fr_FR","og_type":"article","og_title":"01.11.07 - RWANDA\/FRANCE - REJET DE LA DEMANDE DE LIBERTE PROVISOIRE DEPOSEE PAR NTAWUKURIRYAYO","og_description":"&nbsp; PARIS, 1er Novembre 2007 (FH) - &nbsp;La cour d&rsquo;appel de Paris a maintenu en d&eacute;tention mercredi l&#39;ancien sous-pr&eacute;fet rwandais, Dominique Ntawukuriryayo, dans l&rsquo;attente de l&rsquo;examen de son &eacute;ventuelle remise au Tribunal p&eacute;nal international pour le Rwanda (TPIR), accus&eacute; d&rsquo;avoir particip&eacute; au g&eacute;nocide de 1994.","og_url":"https:\/\/www.justiceinfo.net\/fr\/8520-011107-rwandafrance-rejet-de-la-demande-de-liberte-provisoire-deposee-par-ntawukuriryayo5321.html","og_site_name":"JusticeInfo.net","article_publisher":"https:\/\/www.facebook.com\/JusticeInfo\/","article_author":"https:\/\/www.facebook.com\/rugiririza.ephrem.1","article_published_time":"2007-10-31T23:00:00+00:00","og_image":[{"width":1200,"height":630,"url":"https:\/\/www.justiceinfo.net\/wp-content\/uploads\/JusticeInfoNet_logo_1200x630px.jpg","type":"image\/jpeg"}],"author":"Ephrem Rugiririza","twitter_card":"summary_large_image","twitter_creator":"@ER72777667","twitter_site":"@justiceinfonet","twitter_misc":{"\u00c9crit par":"Ephrem Rugiririza","Dur\u00e9e de lecture estim\u00e9e":"2 minutes"},"schema":{"@context":"https:\/\/schema.org","@graph":[{"@type":"NewsArticle","@id":"https:\/\/www.justiceinfo.net\/fr\/8520-011107-rwandafrance-rejet-de-la-demande-de-liberte-provisoire-deposee-par-ntawukuriryayo5321.html#article","isPartOf":{"@id":"https:\/\/www.justiceinfo.net\/fr\/8520-011107-rwandafrance-rejet-de-la-demande-de-liberte-provisoire-deposee-par-ntawukuriryayo5321.html"},"author":{"name":"erugiririza","@id":"https:\/\/www.justiceinfo.net\/fr#\/schema\/person\/3c444bdbf3536fdebfdc6b3a06b2fc4a"},"headline":"01.11.07 - RWANDA\/FRANCE - REJET DE LA DEMANDE DE LIBERTE PROVISOIRE DEPOSEE PAR NTAWUKURIRYAYO","datePublished":"2007-10-31T23:00:00+00:00","mainEntityOfPage":{"@id":"https:\/\/www.justiceinfo.net\/fr\/8520-011107-rwandafrance-rejet-de-la-demande-de-liberte-provisoire-deposee-par-ntawukuriryayo5321.html"},"wordCount":473,"commentCount":0,"publisher":{"@id":"https:\/\/www.justiceinfo.net\/fr#organization"},"articleSection":["Hirondelle News"],"inLanguage":"fr-FR","potentialAction":[{"@type":"CommentAction","name":"Comment","target":["https:\/\/www.justiceinfo.net\/fr\/8520-011107-rwandafrance-rejet-de-la-demande-de-liberte-provisoire-deposee-par-ntawukuriryayo5321.html#respond"]}]},{"@type":"WebPage","@id":"https:\/\/www.justiceinfo.net\/fr\/8520-011107-rwandafrance-rejet-de-la-demande-de-liberte-provisoire-deposee-par-ntawukuriryayo5321.html","url":"https:\/\/www.justiceinfo.net\/fr\/8520-011107-rwandafrance-rejet-de-la-demande-de-liberte-provisoire-deposee-par-ntawukuriryayo5321.html","name":"01.11.07 - RWANDA\/FRANCE - REJET DE LA DEMANDE DE LIBERTE PROVISOIRE DEPOSEE PAR NTAWUKURIRYAYO - JusticeInfo.net","isPartOf":{"@id":"https:\/\/www.justiceinfo.net\/fr#website"},"datePublished":"2007-10-31T23:00:00+00:00","breadcrumb":{"@id":"https:\/\/www.justiceinfo.net\/fr\/8520-011107-rwandafrance-rejet-de-la-demande-de-liberte-provisoire-deposee-par-ntawukuriryayo5321.html#breadcrumb"},"inLanguage":"fr-FR","potentialAction":[{"@type":"ReadAction","target":["https:\/\/www.justiceinfo.net\/fr\/8520-011107-rwandafrance-rejet-de-la-demande-de-liberte-provisoire-deposee-par-ntawukuriryayo5321.html"]}]},{"@type":"BreadcrumbList","@id":"https:\/\/www.justiceinfo.net\/fr\/8520-011107-rwandafrance-rejet-de-la-demande-de-liberte-provisoire-deposee-par-ntawukuriryayo5321.html#breadcrumb","itemListElement":[{"@type":"ListItem","position":1,"name":"Home","item":"https:\/\/www.justiceinfo.net\/fr"},{"@type":"ListItem","position":2,"name":"01.11.07 - RWANDA\/FRANCE - REJET DE LA DEMANDE DE LIBERTE PROVISOIRE DEPOSEE PAR NTAWUKURIRYAYO"}]},{"@type":"WebSite","@id":"https:\/\/www.justiceinfo.net\/fr#website","url":"https:\/\/www.justiceinfo.net\/fr","name":"JusticeInfo.net","description":"La justice doit \u00eatre vue pour \u00eatre rendue","publisher":{"@id":"https:\/\/www.justiceinfo.net\/fr#organization"},"potentialAction":[{"@type":"SearchAction","target":{"@type":"EntryPoint","urlTemplate":"https:\/\/www.justiceinfo.net\/fr?s={search_term_string}"},"query-input":{"@type":"PropertyValueSpecification","valueRequired":true,"valueName":"search_term_string"}}],"inLanguage":"fr-FR"},{"@type":"Organization","@id":"https:\/\/www.justiceinfo.net\/fr#organization","name":"Justice Info","url":"https:\/\/www.justiceinfo.net\/fr","logo":{"@type":"ImageObject","inLanguage":"fr-FR","@id":"https:\/\/www.justiceinfo.net\/fr#\/schema\/logo\/image\/","url":"https:\/\/www.justiceinfo.net\/wp-content\/uploads\/justiceinfo_logo-trans_1200x1200px.png","contentUrl":"https:\/\/www.justiceinfo.net\/wp-content\/uploads\/justiceinfo_logo-trans_1200x1200px.png","width":1199,"height":1200,"caption":"Justice Info"},"image":{"@id":"https:\/\/www.justiceinfo.net\/fr#\/schema\/logo\/image\/"},"sameAs":["https:\/\/www.facebook.com\/JusticeInfo\/","https:\/\/x.com\/justiceinfonet","https:\/\/www.linkedin.com\/company\/justice-info","https:\/\/www.youtube.com\/channel\/UCyCEsARodyuWtkWyhn-e7pA"]},{"@type":"Person","name":"Ephrem Rugiririza","sameAs":["https:\/\/www.facebook.com\/rugiririza.ephrem.1","https:\/\/x.com\/ER72777667"],"url":"https:\/\/www.justiceinfo.net\/fr\/auteur\/erugiririza"}]}},"_links":{"self":[{"href":"https:\/\/www.justiceinfo.net\/fr\/wp-json\/wp\/v2\/posts\/8520","targetHints":{"allow":["GET"]}}],"collection":[{"href":"https:\/\/www.justiceinfo.net\/fr\/wp-json\/wp\/v2\/posts"}],"about":[{"href":"https:\/\/www.justiceinfo.net\/fr\/wp-json\/wp\/v2\/types\/post"}],"author":[{"embeddable":true,"href":"https:\/\/www.justiceinfo.net\/fr\/wp-json\/wp\/v2\/users\/59"}],"replies":[{"embeddable":true,"href":"https:\/\/www.justiceinfo.net\/fr\/wp-json\/wp\/v2\/comments?post=8520"}],"version-history":[{"count":0,"href":"https:\/\/www.justiceinfo.net\/fr\/wp-json\/wp\/v2\/posts\/8520\/revisions"}],"wp:attachment":[{"href":"https:\/\/www.justiceinfo.net\/fr\/wp-json\/wp\/v2\/media?parent=8520"}],"wp:term":[{"taxonomy":"category","embeddable":true,"href":"https:\/\/www.justiceinfo.net\/fr\/wp-json\/wp\/v2\/categories?post=8520"},{"taxonomy":"post_tag","embeddable":true,"href":"https:\/\/www.justiceinfo.net\/fr\/wp-json\/wp\/v2\/tags?post=8520"},{"taxonomy":"ji_location","embeddable":true,"href":"https:\/\/www.justiceinfo.net\/fr\/wp-json\/wp\/v2\/ji_location?post=8520"}],"curies":[{"name":"wp","href":"https:\/\/api.w.org\/{rel}","templated":true}]}}