{"id":8528,"date":"2007-11-02T00:00:00","date_gmt":"2007-11-01T23:00:00","guid":{"rendered":"https:\/\/www.justiceinfo.net\/8528-021107-tpirsynthese-hebdomadaire-le-chanteur-bikindi-fils-de-griots-se-defend5329.html"},"modified":"2007-11-02T00:00:00","modified_gmt":"2007-11-01T23:00:00","slug":"021107-tpirsynthese-hebdomadaire-le-chanteur-bikindi-fils-de-griots-se-defend5329","status":"publish","type":"post","link":"https:\/\/www.justiceinfo.net\/fr\/8528-021107-tpirsynthese-hebdomadaire-le-chanteur-bikindi-fils-de-griots-se-defend5329.html","title":{"rendered":"02.11.07 - TPIR\/SYNTHESE HEBDOMADAIRE - LE CHANTEUR BIKINDI, FILS DE GRIOTS, SE DEFEND"},"content":{"rendered":"<p>&nbsp; Arusha, 2 novembre 2007 (FH) &ndash; La semaine a &eacute;t&eacute; marqu&eacute;e au Tribunal p&eacute;nal international pour le Rwanda (TPIR) par le t&eacute;moignage du chanteur Simon Bikindi, qui a d&eacute;fendu le message v&eacute;hicul&eacute; par ses chansons et r&eacute;fut&eacute; les all&eacute;gations selon lesquelles il aurait particip&eacute; &agrave; des massacres pendant le g&eacute;nocide de 1994.&nbsp;&nbsp;<br \/>\n<!--more-->Se pr&eacute;sentant, sans rougir, comme un fils de griots, Bikindi a indiqu&eacute;, au d&eacute;but de sa d&eacute;position, mercredi, que sa m&egrave;re, danseuse, chanteuse et conteuse, &eacute;tait de toutes les f&ecirc;tes. &laquo; Elle m&rsquo;emmenait et m&rsquo;encourageait &agrave; chanter et &agrave; danser &raquo;, a relat&eacute; Bikindi, soulignant que son p&egrave;re avait aussi son violon d&rsquo;Ingres : la cithare rwandaise. C&rsquo;est gr&acirc;ce &agrave; son double talent de musicien et d&rsquo;acteur de th&eacute;&acirc;tre que Bikindi sera embauch&eacute; en 1976, au terme de ses &eacute;tudes secondaires, au minist&egrave;re de la Jeunesse, des sports et du mouvement associatif. &nbsp; Parall&egrave;lement &agrave; ses activit&eacute;s au minist&egrave;re, il poursuivra une carri&egrave;re de chanteur, puisant essentiellement dans les rythmes et chansons traditionnels rwandais. Apr&egrave;s avoir &eacute;voqu&eacute; son parcours, il a entam&eacute; le premier volet de sa d&eacute;fense proprement dite : l&rsquo;apologie de trois c&eacute;l&egrave;bres chansons pr&eacute;sent&eacute;es par l&rsquo;accusation comme des incitations au g&eacute;nocide des Tutsis. La chanson Twasezereye ingoma ya cyami (Nous avons dit adieu &agrave; la monarchie) a &eacute;t&eacute; ex&eacute;cut&eacute;e pour la premi&egrave;re fois en 1987, &agrave; l&rsquo;occasion du 25e anniversaire de l&rsquo;ind&eacute;pendance tandis que Akabyutso (le Petit r&eacute;veil) et Impuruza (l&rsquo;Alerte) ont &eacute;t&eacute; compos&eacute;es en 1993. &nbsp; &laquo; Le message commun, c&rsquo;est le message de la paix, j&rsquo;invite les Rwandais &agrave; lutter pour la paix &raquo;, s&rsquo;est d&eacute;fendu Bikindi. Le lendemain, a d&eacute;but&eacute; le deuxi&egrave;me volet du t&eacute;moignage, l&rsquo;artiste se disant &laquo; &eacute;coeur&eacute; &raquo; par les all&eacute;gations selon lesquelles il aurait pris part &agrave; des massacres dans sa r&eacute;gion natale de Gisenyi (nord) pendant le g&eacute;nocide. &nbsp; En plus de Bikindi, &eacute;taient inscrites au programme de la semaine, les affaires Butare, Gouvernement II, Militaires II et Karemera. &nbsp; Dans le proc&egrave;s &laquo; Militaires II &raquo;, un ancien pr&eacute;fet de Ruhengeri (nord), Basile Nsabumugisha, d&eacute;tenu au Rwanda, a t&eacute;moign&eacute; pour la d&eacute;fense de l&rsquo;ex- chef d&rsquo;&eacute;tat-major de l&rsquo;arm&eacute;e, le g&eacute;n&eacute;ral Augustin Bizimungu jug&eacute; avec trois autres accus&eacute;s. Le t&eacute;moin a r&eacute;fut&eacute; les all&eacute;gations selon lesquelles le g&eacute;n&eacute;ral aurait, lors d&rsquo;une r&eacute;union publique, en mai 1994, au bureau communal &nbsp;de Mukingo, remerci&eacute; les miliciens Interahamwe pour les massacres qu&rsquo;ils venaient de perp&eacute;trer. Mukingo est une des 16 communes qui composaient, &agrave; l&rsquo;&eacute;poque, la pr&eacute;fecture de Ruhengeri. &nbsp; Dans l&rsquo;affaire &laquo; Butare &raquo;, du nom de la pr&eacute;fecture d&rsquo;origine des six inculp&eacute;s, le conflit d&rsquo;int&eacute;r&ecirc;t quasi permanent qui oppose certains accus&eacute;s a rebondi mardi, le d&eacute;fense de Shalom Ntabohali demandant &agrave; la chambre de limiter les d&eacute;positions de trois prochains t&eacute;moins de l&rsquo;ex-maire de Ngoma (sud), Joseph Kanyabashi. Certains t&eacute;moins &agrave; d&eacute;charge Kanyabashi, ancien membre du Parti social d&eacute;mocrate (PSD), mettent parfois en cause non seulement Ntahobali, mais aussi sa m&egrave;re, l&rsquo;ex-ministre de la Famille et de la promotion f&eacute;minine, Pauline Nyiramasuhuko qui venait du parti pr&eacute;sidentiel, le Mouvement r&eacute;publicain national pour la d&eacute;mocratie et le d&eacute;veloppement (MRND). &nbsp; Dans le proc&egrave;s &laquo; gouvernement II &raquo; impliquant quatre ex-ministres, l&rsquo;ancien chef de la diplomatie rwandaise, J&eacute;r&ocirc;me Bicamumpaka, a poursuivi sa d&eacute;fense. &nbsp; Le proc&egrave;s des trois dirigeants du MRND n&rsquo;a pas connu d&rsquo;audience pendant la semaine pour cause de maladie d&rsquo;un avocat de la d&eacute;fense. &nbsp; Ce sont les m&ecirc;me proc&egrave;s qui sont programm&eacute;s pour la semaine prochaine. &nbsp; ER\/PB\/GF &copy; Agence Hirondelle<\/p>\n","protected":false},"excerpt":{"rendered":"<p>&nbsp; Arusha, 2 novembre 2007 (FH) &ndash; La semaine a &eacute;t&eacute; marqu&eacute;e au Tribunal p&eacute;nal international pour le Rwanda (TPIR) par le t&eacute;moignage du chanteur Simon Bikindi, qui a d&eacute;fendu le message v&eacute;hicul&eacute; par ses chansons et r&eacute;fut&eacute; les all&eacute;gations selon lesquelles il aurait particip&eacute; &agrave; des massacres pendant le g&eacute;nocide de 1994.&nbsp;&nbsp;<\/p>\n","protected":false},"author":59,"featured_media":0,"comment_status":"open","ping_status":"closed","sticky":false,"template":"","format":"standard","meta":{"_acf_changed":false,"footnotes":""},"categories":[554],"tags":[],"ji_location":[],"class_list":["post-8528","post","type-post","status-publish","format-standard","hentry","category-hirondellenews"],"acf":[],"yoast_head":"<!-- This site is optimized with the Yoast SEO Premium plugin v25.3.1 (Yoast SEO v25.3.1) - https:\/\/yoast.com\/wordpress\/plugins\/seo\/ -->\n<title>02.11.07 - TPIR\/SYNTHESE HEBDOMADAIRE - LE CHANTEUR BIKINDI, FILS DE GRIOTS, SE DEFEND - JusticeInfo.net<\/title>\n<meta name=\"robots\" content=\"index, follow, max-snippet:-1, max-image-preview:large, max-video-preview:-1\" \/>\n<link rel=\"canonical\" href=\"https:\/\/www.justiceinfo.net\/fr\/8528-021107-tpirsynthese-hebdomadaire-le-chanteur-bikindi-fils-de-griots-se-defend5329.html\" \/>\n<meta property=\"og:locale\" content=\"fr_FR\" \/>\n<meta property=\"og:type\" content=\"article\" \/>\n<meta property=\"og:title\" content=\"02.11.07 - TPIR\/SYNTHESE HEBDOMADAIRE - LE CHANTEUR BIKINDI, FILS DE GRIOTS, SE DEFEND\" \/>\n<meta property=\"og:description\" content=\"&nbsp; Arusha, 2 novembre 2007 (FH) &ndash; La semaine a &eacute;t&eacute; marqu&eacute;e au Tribunal p&eacute;nal international pour le Rwanda (TPIR) par le t&eacute;moignage du chanteur Simon Bikindi, qui a d&eacute;fendu le message v&eacute;hicul&eacute; par ses chansons et r&eacute;fut&eacute; les all&eacute;gations selon lesquelles il aurait particip&eacute; &agrave; des massacres pendant le g&eacute;nocide de 1994.&nbsp;&nbsp;\" \/>\n<meta property=\"og:url\" content=\"https:\/\/www.justiceinfo.net\/fr\/8528-021107-tpirsynthese-hebdomadaire-le-chanteur-bikindi-fils-de-griots-se-defend5329.html\" \/>\n<meta property=\"og:site_name\" content=\"JusticeInfo.net\" \/>\n<meta property=\"article:publisher\" content=\"https:\/\/www.facebook.com\/JusticeInfo\/\" \/>\n<meta property=\"article:author\" content=\"https:\/\/www.facebook.com\/rugiririza.ephrem.1\" \/>\n<meta property=\"article:published_time\" content=\"2007-11-01T23:00:00+00:00\" \/>\n<meta property=\"og:image\" content=\"https:\/\/www.justiceinfo.net\/wp-content\/uploads\/JusticeInfoNet_logo_1200x630px.jpg\" \/>\n\t<meta property=\"og:image:width\" content=\"1200\" \/>\n\t<meta property=\"og:image:height\" content=\"630\" \/>\n\t<meta property=\"og:image:type\" content=\"image\/jpeg\" \/>\n<meta name=\"author\" content=\"Ephrem Rugiririza\" \/>\n<meta name=\"twitter:card\" content=\"summary_large_image\" \/>\n<meta name=\"twitter:creator\" content=\"@ER72777667\" \/>\n<meta name=\"twitter:site\" content=\"@justiceinfonet\" \/>\n<meta name=\"twitter:label1\" content=\"\u00c9crit par\" \/>\n\t<meta name=\"twitter:data1\" content=\"Ephrem Rugiririza\" \/>\n\t<meta name=\"twitter:label2\" content=\"Dur\u00e9e de lecture estim\u00e9e\" \/>\n\t<meta name=\"twitter:data2\" content=\"4 minutes\" \/>\n<script type=\"application\/ld+json\" class=\"yoast-schema-graph\">{\"@context\":\"https:\/\/schema.org\",\"@graph\":[{\"@type\":\"NewsArticle\",\"@id\":\"https:\/\/www.justiceinfo.net\/fr\/8528-021107-tpirsynthese-hebdomadaire-le-chanteur-bikindi-fils-de-griots-se-defend5329.html#article\",\"isPartOf\":{\"@id\":\"https:\/\/www.justiceinfo.net\/fr\/8528-021107-tpirsynthese-hebdomadaire-le-chanteur-bikindi-fils-de-griots-se-defend5329.html\"},\"author\":{\"name\":\"erugiririza\",\"@id\":\"https:\/\/www.justiceinfo.net\/fr#\/schema\/person\/3c444bdbf3536fdebfdc6b3a06b2fc4a\"},\"headline\":\"02.11.07 - TPIR\/SYNTHESE HEBDOMADAIRE - LE CHANTEUR BIKINDI, FILS DE GRIOTS, SE DEFEND\",\"datePublished\":\"2007-11-01T23:00:00+00:00\",\"mainEntityOfPage\":{\"@id\":\"https:\/\/www.justiceinfo.net\/fr\/8528-021107-tpirsynthese-hebdomadaire-le-chanteur-bikindi-fils-de-griots-se-defend5329.html\"},\"wordCount\":838,\"commentCount\":0,\"publisher\":{\"@id\":\"https:\/\/www.justiceinfo.net\/fr#organization\"},\"articleSection\":[\"Hirondelle News\"],\"inLanguage\":\"fr-FR\",\"potentialAction\":[{\"@type\":\"CommentAction\",\"name\":\"Comment\",\"target\":[\"https:\/\/www.justiceinfo.net\/fr\/8528-021107-tpirsynthese-hebdomadaire-le-chanteur-bikindi-fils-de-griots-se-defend5329.html#respond\"]}]},{\"@type\":\"WebPage\",\"@id\":\"https:\/\/www.justiceinfo.net\/fr\/8528-021107-tpirsynthese-hebdomadaire-le-chanteur-bikindi-fils-de-griots-se-defend5329.html\",\"url\":\"https:\/\/www.justiceinfo.net\/fr\/8528-021107-tpirsynthese-hebdomadaire-le-chanteur-bikindi-fils-de-griots-se-defend5329.html\",\"name\":\"02.11.07 - TPIR\/SYNTHESE HEBDOMADAIRE - LE CHANTEUR BIKINDI, FILS DE GRIOTS, SE DEFEND - JusticeInfo.net\",\"isPartOf\":{\"@id\":\"https:\/\/www.justiceinfo.net\/fr#website\"},\"datePublished\":\"2007-11-01T23:00:00+00:00\",\"breadcrumb\":{\"@id\":\"https:\/\/www.justiceinfo.net\/fr\/8528-021107-tpirsynthese-hebdomadaire-le-chanteur-bikindi-fils-de-griots-se-defend5329.html#breadcrumb\"},\"inLanguage\":\"fr-FR\",\"potentialAction\":[{\"@type\":\"ReadAction\",\"target\":[\"https:\/\/www.justiceinfo.net\/fr\/8528-021107-tpirsynthese-hebdomadaire-le-chanteur-bikindi-fils-de-griots-se-defend5329.html\"]}]},{\"@type\":\"BreadcrumbList\",\"@id\":\"https:\/\/www.justiceinfo.net\/fr\/8528-021107-tpirsynthese-hebdomadaire-le-chanteur-bikindi-fils-de-griots-se-defend5329.html#breadcrumb\",\"itemListElement\":[{\"@type\":\"ListItem\",\"position\":1,\"name\":\"Home\",\"item\":\"https:\/\/www.justiceinfo.net\/fr\"},{\"@type\":\"ListItem\",\"position\":2,\"name\":\"02.11.07 - TPIR\/SYNTHESE HEBDOMADAIRE - LE CHANTEUR BIKINDI, FILS DE GRIOTS, SE DEFEND\"}]},{\"@type\":\"WebSite\",\"@id\":\"https:\/\/www.justiceinfo.net\/fr#website\",\"url\":\"https:\/\/www.justiceinfo.net\/fr\",\"name\":\"JusticeInfo.net\",\"description\":\"La justice doit \u00eatre vue pour \u00eatre rendue\",\"publisher\":{\"@id\":\"https:\/\/www.justiceinfo.net\/fr#organization\"},\"potentialAction\":[{\"@type\":\"SearchAction\",\"target\":{\"@type\":\"EntryPoint\",\"urlTemplate\":\"https:\/\/www.justiceinfo.net\/fr?s={search_term_string}\"},\"query-input\":{\"@type\":\"PropertyValueSpecification\",\"valueRequired\":true,\"valueName\":\"search_term_string\"}}],\"inLanguage\":\"fr-FR\"},{\"@type\":\"Organization\",\"@id\":\"https:\/\/www.justiceinfo.net\/fr#organization\",\"name\":\"Justice Info\",\"url\":\"https:\/\/www.justiceinfo.net\/fr\",\"logo\":{\"@type\":\"ImageObject\",\"inLanguage\":\"fr-FR\",\"@id\":\"https:\/\/www.justiceinfo.net\/fr#\/schema\/logo\/image\/\",\"url\":\"https:\/\/www.justiceinfo.net\/wp-content\/uploads\/justiceinfo_logo-trans_1200x1200px.png\",\"contentUrl\":\"https:\/\/www.justiceinfo.net\/wp-content\/uploads\/justiceinfo_logo-trans_1200x1200px.png\",\"width\":1199,\"height\":1200,\"caption\":\"Justice Info\"},\"image\":{\"@id\":\"https:\/\/www.justiceinfo.net\/fr#\/schema\/logo\/image\/\"},\"sameAs\":[\"https:\/\/www.facebook.com\/JusticeInfo\/\",\"https:\/\/x.com\/justiceinfonet\",\"https:\/\/www.linkedin.com\/company\/justice-info\",\"https:\/\/www.youtube.com\/channel\/UCyCEsARodyuWtkWyhn-e7pA\"]},{\"@type\":\"Person\",\"name\":\"Ephrem Rugiririza\",\"sameAs\":[\"https:\/\/www.facebook.com\/rugiririza.ephrem.1\",\"https:\/\/x.com\/ER72777667\"],\"url\":\"https:\/\/www.justiceinfo.net\/fr\/auteur\/erugiririza\"}]}<\/script>\n<!-- \/ Yoast SEO Premium plugin. -->","yoast_head_json":{"title":"02.11.07 - TPIR\/SYNTHESE HEBDOMADAIRE - LE CHANTEUR BIKINDI, FILS DE GRIOTS, SE DEFEND - JusticeInfo.net","robots":{"index":"index","follow":"follow","max-snippet":"max-snippet:-1","max-image-preview":"max-image-preview:large","max-video-preview":"max-video-preview:-1"},"canonical":"https:\/\/www.justiceinfo.net\/fr\/8528-021107-tpirsynthese-hebdomadaire-le-chanteur-bikindi-fils-de-griots-se-defend5329.html","og_locale":"fr_FR","og_type":"article","og_title":"02.11.07 - TPIR\/SYNTHESE HEBDOMADAIRE - LE CHANTEUR BIKINDI, FILS DE GRIOTS, SE DEFEND","og_description":"&nbsp; Arusha, 2 novembre 2007 (FH) &ndash; La semaine a &eacute;t&eacute; marqu&eacute;e au Tribunal p&eacute;nal international pour le Rwanda (TPIR) par le t&eacute;moignage du chanteur Simon Bikindi, qui a d&eacute;fendu le message v&eacute;hicul&eacute; par ses chansons et r&eacute;fut&eacute; les all&eacute;gations selon lesquelles il aurait particip&eacute; &agrave; des massacres pendant le g&eacute;nocide de 1994.&nbsp;&nbsp;","og_url":"https:\/\/www.justiceinfo.net\/fr\/8528-021107-tpirsynthese-hebdomadaire-le-chanteur-bikindi-fils-de-griots-se-defend5329.html","og_site_name":"JusticeInfo.net","article_publisher":"https:\/\/www.facebook.com\/JusticeInfo\/","article_author":"https:\/\/www.facebook.com\/rugiririza.ephrem.1","article_published_time":"2007-11-01T23:00:00+00:00","og_image":[{"width":1200,"height":630,"url":"https:\/\/www.justiceinfo.net\/wp-content\/uploads\/JusticeInfoNet_logo_1200x630px.jpg","type":"image\/jpeg"}],"author":"Ephrem Rugiririza","twitter_card":"summary_large_image","twitter_creator":"@ER72777667","twitter_site":"@justiceinfonet","twitter_misc":{"\u00c9crit par":"Ephrem Rugiririza","Dur\u00e9e de lecture estim\u00e9e":"4 minutes"},"schema":{"@context":"https:\/\/schema.org","@graph":[{"@type":"NewsArticle","@id":"https:\/\/www.justiceinfo.net\/fr\/8528-021107-tpirsynthese-hebdomadaire-le-chanteur-bikindi-fils-de-griots-se-defend5329.html#article","isPartOf":{"@id":"https:\/\/www.justiceinfo.net\/fr\/8528-021107-tpirsynthese-hebdomadaire-le-chanteur-bikindi-fils-de-griots-se-defend5329.html"},"author":{"name":"erugiririza","@id":"https:\/\/www.justiceinfo.net\/fr#\/schema\/person\/3c444bdbf3536fdebfdc6b3a06b2fc4a"},"headline":"02.11.07 - TPIR\/SYNTHESE HEBDOMADAIRE - LE CHANTEUR BIKINDI, FILS DE GRIOTS, SE DEFEND","datePublished":"2007-11-01T23:00:00+00:00","mainEntityOfPage":{"@id":"https:\/\/www.justiceinfo.net\/fr\/8528-021107-tpirsynthese-hebdomadaire-le-chanteur-bikindi-fils-de-griots-se-defend5329.html"},"wordCount":838,"commentCount":0,"publisher":{"@id":"https:\/\/www.justiceinfo.net\/fr#organization"},"articleSection":["Hirondelle News"],"inLanguage":"fr-FR","potentialAction":[{"@type":"CommentAction","name":"Comment","target":["https:\/\/www.justiceinfo.net\/fr\/8528-021107-tpirsynthese-hebdomadaire-le-chanteur-bikindi-fils-de-griots-se-defend5329.html#respond"]}]},{"@type":"WebPage","@id":"https:\/\/www.justiceinfo.net\/fr\/8528-021107-tpirsynthese-hebdomadaire-le-chanteur-bikindi-fils-de-griots-se-defend5329.html","url":"https:\/\/www.justiceinfo.net\/fr\/8528-021107-tpirsynthese-hebdomadaire-le-chanteur-bikindi-fils-de-griots-se-defend5329.html","name":"02.11.07 - TPIR\/SYNTHESE HEBDOMADAIRE - LE CHANTEUR BIKINDI, FILS DE GRIOTS, SE DEFEND - JusticeInfo.net","isPartOf":{"@id":"https:\/\/www.justiceinfo.net\/fr#website"},"datePublished":"2007-11-01T23:00:00+00:00","breadcrumb":{"@id":"https:\/\/www.justiceinfo.net\/fr\/8528-021107-tpirsynthese-hebdomadaire-le-chanteur-bikindi-fils-de-griots-se-defend5329.html#breadcrumb"},"inLanguage":"fr-FR","potentialAction":[{"@type":"ReadAction","target":["https:\/\/www.justiceinfo.net\/fr\/8528-021107-tpirsynthese-hebdomadaire-le-chanteur-bikindi-fils-de-griots-se-defend5329.html"]}]},{"@type":"BreadcrumbList","@id":"https:\/\/www.justiceinfo.net\/fr\/8528-021107-tpirsynthese-hebdomadaire-le-chanteur-bikindi-fils-de-griots-se-defend5329.html#breadcrumb","itemListElement":[{"@type":"ListItem","position":1,"name":"Home","item":"https:\/\/www.justiceinfo.net\/fr"},{"@type":"ListItem","position":2,"name":"02.11.07 - TPIR\/SYNTHESE HEBDOMADAIRE - LE CHANTEUR BIKINDI, FILS DE GRIOTS, SE DEFEND"}]},{"@type":"WebSite","@id":"https:\/\/www.justiceinfo.net\/fr#website","url":"https:\/\/www.justiceinfo.net\/fr","name":"JusticeInfo.net","description":"La justice doit \u00eatre vue pour \u00eatre rendue","publisher":{"@id":"https:\/\/www.justiceinfo.net\/fr#organization"},"potentialAction":[{"@type":"SearchAction","target":{"@type":"EntryPoint","urlTemplate":"https:\/\/www.justiceinfo.net\/fr?s={search_term_string}"},"query-input":{"@type":"PropertyValueSpecification","valueRequired":true,"valueName":"search_term_string"}}],"inLanguage":"fr-FR"},{"@type":"Organization","@id":"https:\/\/www.justiceinfo.net\/fr#organization","name":"Justice Info","url":"https:\/\/www.justiceinfo.net\/fr","logo":{"@type":"ImageObject","inLanguage":"fr-FR","@id":"https:\/\/www.justiceinfo.net\/fr#\/schema\/logo\/image\/","url":"https:\/\/www.justiceinfo.net\/wp-content\/uploads\/justiceinfo_logo-trans_1200x1200px.png","contentUrl":"https:\/\/www.justiceinfo.net\/wp-content\/uploads\/justiceinfo_logo-trans_1200x1200px.png","width":1199,"height":1200,"caption":"Justice Info"},"image":{"@id":"https:\/\/www.justiceinfo.net\/fr#\/schema\/logo\/image\/"},"sameAs":["https:\/\/www.facebook.com\/JusticeInfo\/","https:\/\/x.com\/justiceinfonet","https:\/\/www.linkedin.com\/company\/justice-info","https:\/\/www.youtube.com\/channel\/UCyCEsARodyuWtkWyhn-e7pA"]},{"@type":"Person","name":"Ephrem Rugiririza","sameAs":["https:\/\/www.facebook.com\/rugiririza.ephrem.1","https:\/\/x.com\/ER72777667"],"url":"https:\/\/www.justiceinfo.net\/fr\/auteur\/erugiririza"}]}},"_links":{"self":[{"href":"https:\/\/www.justiceinfo.net\/fr\/wp-json\/wp\/v2\/posts\/8528","targetHints":{"allow":["GET"]}}],"collection":[{"href":"https:\/\/www.justiceinfo.net\/fr\/wp-json\/wp\/v2\/posts"}],"about":[{"href":"https:\/\/www.justiceinfo.net\/fr\/wp-json\/wp\/v2\/types\/post"}],"author":[{"embeddable":true,"href":"https:\/\/www.justiceinfo.net\/fr\/wp-json\/wp\/v2\/users\/59"}],"replies":[{"embeddable":true,"href":"https:\/\/www.justiceinfo.net\/fr\/wp-json\/wp\/v2\/comments?post=8528"}],"version-history":[{"count":0,"href":"https:\/\/www.justiceinfo.net\/fr\/wp-json\/wp\/v2\/posts\/8528\/revisions"}],"wp:attachment":[{"href":"https:\/\/www.justiceinfo.net\/fr\/wp-json\/wp\/v2\/media?parent=8528"}],"wp:term":[{"taxonomy":"category","embeddable":true,"href":"https:\/\/www.justiceinfo.net\/fr\/wp-json\/wp\/v2\/categories?post=8528"},{"taxonomy":"post_tag","embeddable":true,"href":"https:\/\/www.justiceinfo.net\/fr\/wp-json\/wp\/v2\/tags?post=8528"},{"taxonomy":"ji_location","embeddable":true,"href":"https:\/\/www.justiceinfo.net\/fr\/wp-json\/wp\/v2\/ji_location?post=8528"}],"curies":[{"name":"wp","href":"https:\/\/api.w.org\/{rel}","templated":true}]}}