{"id":8604,"date":"2007-11-16T00:00:00","date_gmt":"2007-11-15T23:00:00","guid":{"rendered":"https:\/\/www.justiceinfo.net\/8604-161107-rwandagenocide-le-rwanda-met-en-place-une-equipe-de-traque-daccuses-de-genocide5405.html"},"modified":"2007-11-16T00:00:00","modified_gmt":"2007-11-15T23:00:00","slug":"161107-rwandagenocide-le-rwanda-met-en-place-une-equipe-de-traque-daccuses-de-genocide5405","status":"publish","type":"post","link":"https:\/\/www.justiceinfo.net\/fr\/8604-161107-rwandagenocide-le-rwanda-met-en-place-une-equipe-de-traque-daccuses-de-genocide5405.html","title":{"rendered":"16.11.07 - RWANDA\/GENOCIDE -  LE RWANDA MET EN PLACE UNE EQUIPE DE TRAQUE D\u2019ACCUSES DE GENOCIDE"},"content":{"rendered":"<p>&nbsp; Arusha, 16 novembre 2007 (FH) - R&eacute;uni en conseil des ministres mercredi, le gouvernement rwandais a d&eacute;cid&eacute; la mise en place d&#39;une &eacute;quipe charg&eacute;e de traquer les accus&eacute;s de g&eacute;nocide en fuite &agrave; l&rsquo;&eacute;tranger, apprend-on &nbsp;de source officielle vendredi.&nbsp;&nbsp;<br \/>\n<!--more-->L&rsquo;&eacute;quipe est compos&eacute;e de 4 membres du parquet et de trois membres de la police nationale, indique un communiqu&eacute; en kinyarwanda consult&eacute; sur le site officiel du gouvernement rwandais. &nbsp; Le conseil des ministres a par ailleurs mis en place une commission charg&eacute;e du &laquo; transferts de dossiers et de la fin des travaux &raquo; du Tribunal p&eacute;nal international pour le Rwanda (TPIR). &nbsp; Le Procureur g&eacute;n&eacute;ral de la R&eacute;publique est le pr&eacute;sident de la commission tandis que le secr&eacute;taire g&eacute;n&eacute;ral au minist&egrave;re de la Justice en est le vice-pr&eacute;sident. Elle comprend par ailleurs le secr&eacute;taire g&eacute;n&eacute;ral du minist&egrave;re des Affaires &eacute;trang&egrave;res, celui du minist&egrave;re de l&rsquo;Int&eacute;rieur et celui de la Cour supr&ecirc;me. &nbsp; Le procureur en chef du TPIR, Hassan Bubacar Jallow, envisage, si les juges l&rsquo;autorisent, de transf&eacute;rer devant la justice rwandaise trois accus&eacute;s se trouvant d&eacute;j&agrave; entre les mains du TPIR et un autre qui est encore en fuite. Selon le service de presse du procureur, 14 personnes sont encore recherch&eacute;es. Au TPIR, une &eacute;quipe de traque est en charge, depuis le d&eacute;but, de la recherche des accus&eacute;s en fuite. &nbsp; Le TPIR qui doit terminer au plus tard &agrave; la fin de l&rsquo;ann&eacute;e prochaine les proc&egrave;s en premi&egrave;re instance est contraint de se dessaisir de certains dossiers au profit de juridictions nationales, dont celles du Rwanda. &nbsp; ER\/PB\/GF&copy; Agence Hirondelle<\/p>\n","protected":false},"excerpt":{"rendered":"<p>&nbsp; Arusha, 16 novembre 2007 (FH) - R&eacute;uni en conseil des ministres mercredi, le gouvernement rwandais a d&eacute;cid&eacute; la mise en place d&#39;une &eacute;quipe charg&eacute;e de traquer les accus&eacute;s de g&eacute;nocide en fuite &agrave; l&rsquo;&eacute;tranger, apprend-on &nbsp;de source officielle vendredi.&nbsp;&nbsp;<\/p>\n","protected":false},"author":59,"featured_media":0,"comment_status":"open","ping_status":"closed","sticky":false,"template":"","format":"standard","meta":{"_acf_changed":false,"footnotes":""},"categories":[554],"tags":[],"ji_location":[],"class_list":["post-8604","post","type-post","status-publish","format-standard","hentry","category-hirondellenews"],"acf":[],"yoast_head":"<!-- This site is optimized with the Yoast SEO Premium plugin v25.3.1 (Yoast SEO v25.3.1) - https:\/\/yoast.com\/wordpress\/plugins\/seo\/ -->\n<title>16.11.07 - RWANDA\/GENOCIDE - LE RWANDA MET EN PLACE UNE EQUIPE DE TRAQUE D\u2019ACCUSES DE GENOCIDE - JusticeInfo.net<\/title>\n<meta name=\"robots\" content=\"index, follow, max-snippet:-1, max-image-preview:large, max-video-preview:-1\" \/>\n<link rel=\"canonical\" href=\"https:\/\/www.justiceinfo.net\/fr\/8604-161107-rwandagenocide-le-rwanda-met-en-place-une-equipe-de-traque-daccuses-de-genocide5405.html\" \/>\n<meta property=\"og:locale\" content=\"fr_FR\" \/>\n<meta property=\"og:type\" content=\"article\" \/>\n<meta property=\"og:title\" content=\"16.11.07 - RWANDA\/GENOCIDE - LE RWANDA MET EN PLACE UNE EQUIPE DE TRAQUE D\u2019ACCUSES DE GENOCIDE\" \/>\n<meta property=\"og:description\" content=\"&nbsp; Arusha, 16 novembre 2007 (FH) - R&eacute;uni en conseil des ministres mercredi, le gouvernement rwandais a d&eacute;cid&eacute; la mise en place d&#039;une &eacute;quipe charg&eacute;e de traquer les accus&eacute;s de g&eacute;nocide en fuite &agrave; l&rsquo;&eacute;tranger, apprend-on &nbsp;de source officielle vendredi.&nbsp;&nbsp;\" \/>\n<meta property=\"og:url\" content=\"https:\/\/www.justiceinfo.net\/fr\/8604-161107-rwandagenocide-le-rwanda-met-en-place-une-equipe-de-traque-daccuses-de-genocide5405.html\" \/>\n<meta property=\"og:site_name\" content=\"JusticeInfo.net\" \/>\n<meta property=\"article:publisher\" content=\"https:\/\/www.facebook.com\/JusticeInfo\/\" \/>\n<meta property=\"article:author\" content=\"https:\/\/www.facebook.com\/rugiririza.ephrem.1\" \/>\n<meta property=\"article:published_time\" content=\"2007-11-15T23:00:00+00:00\" \/>\n<meta property=\"og:image\" content=\"https:\/\/www.justiceinfo.net\/wp-content\/uploads\/JusticeInfoNet_logo_1200x630px.jpg\" \/>\n\t<meta property=\"og:image:width\" content=\"1200\" \/>\n\t<meta property=\"og:image:height\" content=\"630\" \/>\n\t<meta property=\"og:image:type\" content=\"image\/jpeg\" \/>\n<meta name=\"author\" content=\"Ephrem Rugiririza\" \/>\n<meta name=\"twitter:card\" content=\"summary_large_image\" \/>\n<meta name=\"twitter:creator\" content=\"@ER72777667\" \/>\n<meta name=\"twitter:site\" content=\"@justiceinfonet\" \/>\n<meta name=\"twitter:label1\" content=\"\u00c9crit par\" \/>\n\t<meta name=\"twitter:data1\" content=\"Ephrem Rugiririza\" \/>\n\t<meta name=\"twitter:label2\" content=\"Dur\u00e9e de lecture estim\u00e9e\" \/>\n\t<meta name=\"twitter:data2\" content=\"2 minutes\" \/>\n<script type=\"application\/ld+json\" class=\"yoast-schema-graph\">{\"@context\":\"https:\/\/schema.org\",\"@graph\":[{\"@type\":\"NewsArticle\",\"@id\":\"https:\/\/www.justiceinfo.net\/fr\/8604-161107-rwandagenocide-le-rwanda-met-en-place-une-equipe-de-traque-daccuses-de-genocide5405.html#article\",\"isPartOf\":{\"@id\":\"https:\/\/www.justiceinfo.net\/fr\/8604-161107-rwandagenocide-le-rwanda-met-en-place-une-equipe-de-traque-daccuses-de-genocide5405.html\"},\"author\":{\"name\":\"erugiririza\",\"@id\":\"https:\/\/www.justiceinfo.net\/fr#\/schema\/person\/3c444bdbf3536fdebfdc6b3a06b2fc4a\"},\"headline\":\"16.11.07 - RWANDA\/GENOCIDE - LE RWANDA MET EN PLACE UNE EQUIPE DE TRAQUE D\u2019ACCUSES DE GENOCIDE\",\"datePublished\":\"2007-11-15T23:00:00+00:00\",\"mainEntityOfPage\":{\"@id\":\"https:\/\/www.justiceinfo.net\/fr\/8604-161107-rwandagenocide-le-rwanda-met-en-place-une-equipe-de-traque-daccuses-de-genocide5405.html\"},\"wordCount\":371,\"commentCount\":0,\"publisher\":{\"@id\":\"https:\/\/www.justiceinfo.net\/fr#organization\"},\"articleSection\":[\"Hirondelle News\"],\"inLanguage\":\"fr-FR\",\"potentialAction\":[{\"@type\":\"CommentAction\",\"name\":\"Comment\",\"target\":[\"https:\/\/www.justiceinfo.net\/fr\/8604-161107-rwandagenocide-le-rwanda-met-en-place-une-equipe-de-traque-daccuses-de-genocide5405.html#respond\"]}]},{\"@type\":\"WebPage\",\"@id\":\"https:\/\/www.justiceinfo.net\/fr\/8604-161107-rwandagenocide-le-rwanda-met-en-place-une-equipe-de-traque-daccuses-de-genocide5405.html\",\"url\":\"https:\/\/www.justiceinfo.net\/fr\/8604-161107-rwandagenocide-le-rwanda-met-en-place-une-equipe-de-traque-daccuses-de-genocide5405.html\",\"name\":\"16.11.07 - RWANDA\/GENOCIDE - LE RWANDA MET EN PLACE UNE EQUIPE DE TRAQUE D\u2019ACCUSES DE GENOCIDE - JusticeInfo.net\",\"isPartOf\":{\"@id\":\"https:\/\/www.justiceinfo.net\/fr#website\"},\"datePublished\":\"2007-11-15T23:00:00+00:00\",\"breadcrumb\":{\"@id\":\"https:\/\/www.justiceinfo.net\/fr\/8604-161107-rwandagenocide-le-rwanda-met-en-place-une-equipe-de-traque-daccuses-de-genocide5405.html#breadcrumb\"},\"inLanguage\":\"fr-FR\",\"potentialAction\":[{\"@type\":\"ReadAction\",\"target\":[\"https:\/\/www.justiceinfo.net\/fr\/8604-161107-rwandagenocide-le-rwanda-met-en-place-une-equipe-de-traque-daccuses-de-genocide5405.html\"]}]},{\"@type\":\"BreadcrumbList\",\"@id\":\"https:\/\/www.justiceinfo.net\/fr\/8604-161107-rwandagenocide-le-rwanda-met-en-place-une-equipe-de-traque-daccuses-de-genocide5405.html#breadcrumb\",\"itemListElement\":[{\"@type\":\"ListItem\",\"position\":1,\"name\":\"Home\",\"item\":\"https:\/\/www.justiceinfo.net\/fr\"},{\"@type\":\"ListItem\",\"position\":2,\"name\":\"16.11.07 - RWANDA\/GENOCIDE - LE RWANDA MET EN PLACE UNE EQUIPE DE TRAQUE D\u2019ACCUSES DE GENOCIDE\"}]},{\"@type\":\"WebSite\",\"@id\":\"https:\/\/www.justiceinfo.net\/fr#website\",\"url\":\"https:\/\/www.justiceinfo.net\/fr\",\"name\":\"JusticeInfo.net\",\"description\":\"La justice doit \u00eatre vue pour \u00eatre rendue\",\"publisher\":{\"@id\":\"https:\/\/www.justiceinfo.net\/fr#organization\"},\"potentialAction\":[{\"@type\":\"SearchAction\",\"target\":{\"@type\":\"EntryPoint\",\"urlTemplate\":\"https:\/\/www.justiceinfo.net\/fr?s={search_term_string}\"},\"query-input\":{\"@type\":\"PropertyValueSpecification\",\"valueRequired\":true,\"valueName\":\"search_term_string\"}}],\"inLanguage\":\"fr-FR\"},{\"@type\":\"Organization\",\"@id\":\"https:\/\/www.justiceinfo.net\/fr#organization\",\"name\":\"Justice Info\",\"url\":\"https:\/\/www.justiceinfo.net\/fr\",\"logo\":{\"@type\":\"ImageObject\",\"inLanguage\":\"fr-FR\",\"@id\":\"https:\/\/www.justiceinfo.net\/fr#\/schema\/logo\/image\/\",\"url\":\"https:\/\/www.justiceinfo.net\/wp-content\/uploads\/justiceinfo_logo-trans_1200x1200px.png\",\"contentUrl\":\"https:\/\/www.justiceinfo.net\/wp-content\/uploads\/justiceinfo_logo-trans_1200x1200px.png\",\"width\":1199,\"height\":1200,\"caption\":\"Justice Info\"},\"image\":{\"@id\":\"https:\/\/www.justiceinfo.net\/fr#\/schema\/logo\/image\/\"},\"sameAs\":[\"https:\/\/www.facebook.com\/JusticeInfo\/\",\"https:\/\/x.com\/justiceinfonet\",\"https:\/\/www.linkedin.com\/company\/justice-info\",\"https:\/\/www.youtube.com\/channel\/UCyCEsARodyuWtkWyhn-e7pA\"]},{\"@type\":\"Person\",\"name\":\"Ephrem Rugiririza\",\"sameAs\":[\"https:\/\/www.facebook.com\/rugiririza.ephrem.1\",\"https:\/\/x.com\/ER72777667\"],\"url\":\"https:\/\/www.justiceinfo.net\/fr\/auteur\/erugiririza\"}]}<\/script>\n<!-- \/ Yoast SEO Premium plugin. -->","yoast_head_json":{"title":"16.11.07 - RWANDA\/GENOCIDE - LE RWANDA MET EN PLACE UNE EQUIPE DE TRAQUE D\u2019ACCUSES DE GENOCIDE - JusticeInfo.net","robots":{"index":"index","follow":"follow","max-snippet":"max-snippet:-1","max-image-preview":"max-image-preview:large","max-video-preview":"max-video-preview:-1"},"canonical":"https:\/\/www.justiceinfo.net\/fr\/8604-161107-rwandagenocide-le-rwanda-met-en-place-une-equipe-de-traque-daccuses-de-genocide5405.html","og_locale":"fr_FR","og_type":"article","og_title":"16.11.07 - RWANDA\/GENOCIDE - LE RWANDA MET EN PLACE UNE EQUIPE DE TRAQUE D\u2019ACCUSES DE GENOCIDE","og_description":"&nbsp; Arusha, 16 novembre 2007 (FH) - R&eacute;uni en conseil des ministres mercredi, le gouvernement rwandais a d&eacute;cid&eacute; la mise en place d&#39;une &eacute;quipe charg&eacute;e de traquer les accus&eacute;s de g&eacute;nocide en fuite &agrave; l&rsquo;&eacute;tranger, apprend-on &nbsp;de source officielle vendredi.&nbsp;&nbsp;","og_url":"https:\/\/www.justiceinfo.net\/fr\/8604-161107-rwandagenocide-le-rwanda-met-en-place-une-equipe-de-traque-daccuses-de-genocide5405.html","og_site_name":"JusticeInfo.net","article_publisher":"https:\/\/www.facebook.com\/JusticeInfo\/","article_author":"https:\/\/www.facebook.com\/rugiririza.ephrem.1","article_published_time":"2007-11-15T23:00:00+00:00","og_image":[{"width":1200,"height":630,"url":"https:\/\/www.justiceinfo.net\/wp-content\/uploads\/JusticeInfoNet_logo_1200x630px.jpg","type":"image\/jpeg"}],"author":"Ephrem Rugiririza","twitter_card":"summary_large_image","twitter_creator":"@ER72777667","twitter_site":"@justiceinfonet","twitter_misc":{"\u00c9crit par":"Ephrem Rugiririza","Dur\u00e9e de lecture estim\u00e9e":"2 minutes"},"schema":{"@context":"https:\/\/schema.org","@graph":[{"@type":"NewsArticle","@id":"https:\/\/www.justiceinfo.net\/fr\/8604-161107-rwandagenocide-le-rwanda-met-en-place-une-equipe-de-traque-daccuses-de-genocide5405.html#article","isPartOf":{"@id":"https:\/\/www.justiceinfo.net\/fr\/8604-161107-rwandagenocide-le-rwanda-met-en-place-une-equipe-de-traque-daccuses-de-genocide5405.html"},"author":{"name":"erugiririza","@id":"https:\/\/www.justiceinfo.net\/fr#\/schema\/person\/3c444bdbf3536fdebfdc6b3a06b2fc4a"},"headline":"16.11.07 - RWANDA\/GENOCIDE - LE RWANDA MET EN PLACE UNE EQUIPE DE TRAQUE D\u2019ACCUSES DE GENOCIDE","datePublished":"2007-11-15T23:00:00+00:00","mainEntityOfPage":{"@id":"https:\/\/www.justiceinfo.net\/fr\/8604-161107-rwandagenocide-le-rwanda-met-en-place-une-equipe-de-traque-daccuses-de-genocide5405.html"},"wordCount":371,"commentCount":0,"publisher":{"@id":"https:\/\/www.justiceinfo.net\/fr#organization"},"articleSection":["Hirondelle News"],"inLanguage":"fr-FR","potentialAction":[{"@type":"CommentAction","name":"Comment","target":["https:\/\/www.justiceinfo.net\/fr\/8604-161107-rwandagenocide-le-rwanda-met-en-place-une-equipe-de-traque-daccuses-de-genocide5405.html#respond"]}]},{"@type":"WebPage","@id":"https:\/\/www.justiceinfo.net\/fr\/8604-161107-rwandagenocide-le-rwanda-met-en-place-une-equipe-de-traque-daccuses-de-genocide5405.html","url":"https:\/\/www.justiceinfo.net\/fr\/8604-161107-rwandagenocide-le-rwanda-met-en-place-une-equipe-de-traque-daccuses-de-genocide5405.html","name":"16.11.07 - RWANDA\/GENOCIDE - LE RWANDA MET EN PLACE UNE EQUIPE DE TRAQUE D\u2019ACCUSES DE GENOCIDE - JusticeInfo.net","isPartOf":{"@id":"https:\/\/www.justiceinfo.net\/fr#website"},"datePublished":"2007-11-15T23:00:00+00:00","breadcrumb":{"@id":"https:\/\/www.justiceinfo.net\/fr\/8604-161107-rwandagenocide-le-rwanda-met-en-place-une-equipe-de-traque-daccuses-de-genocide5405.html#breadcrumb"},"inLanguage":"fr-FR","potentialAction":[{"@type":"ReadAction","target":["https:\/\/www.justiceinfo.net\/fr\/8604-161107-rwandagenocide-le-rwanda-met-en-place-une-equipe-de-traque-daccuses-de-genocide5405.html"]}]},{"@type":"BreadcrumbList","@id":"https:\/\/www.justiceinfo.net\/fr\/8604-161107-rwandagenocide-le-rwanda-met-en-place-une-equipe-de-traque-daccuses-de-genocide5405.html#breadcrumb","itemListElement":[{"@type":"ListItem","position":1,"name":"Home","item":"https:\/\/www.justiceinfo.net\/fr"},{"@type":"ListItem","position":2,"name":"16.11.07 - RWANDA\/GENOCIDE - LE RWANDA MET EN PLACE UNE EQUIPE DE TRAQUE D\u2019ACCUSES DE GENOCIDE"}]},{"@type":"WebSite","@id":"https:\/\/www.justiceinfo.net\/fr#website","url":"https:\/\/www.justiceinfo.net\/fr","name":"JusticeInfo.net","description":"La justice doit \u00eatre vue pour \u00eatre rendue","publisher":{"@id":"https:\/\/www.justiceinfo.net\/fr#organization"},"potentialAction":[{"@type":"SearchAction","target":{"@type":"EntryPoint","urlTemplate":"https:\/\/www.justiceinfo.net\/fr?s={search_term_string}"},"query-input":{"@type":"PropertyValueSpecification","valueRequired":true,"valueName":"search_term_string"}}],"inLanguage":"fr-FR"},{"@type":"Organization","@id":"https:\/\/www.justiceinfo.net\/fr#organization","name":"Justice Info","url":"https:\/\/www.justiceinfo.net\/fr","logo":{"@type":"ImageObject","inLanguage":"fr-FR","@id":"https:\/\/www.justiceinfo.net\/fr#\/schema\/logo\/image\/","url":"https:\/\/www.justiceinfo.net\/wp-content\/uploads\/justiceinfo_logo-trans_1200x1200px.png","contentUrl":"https:\/\/www.justiceinfo.net\/wp-content\/uploads\/justiceinfo_logo-trans_1200x1200px.png","width":1199,"height":1200,"caption":"Justice Info"},"image":{"@id":"https:\/\/www.justiceinfo.net\/fr#\/schema\/logo\/image\/"},"sameAs":["https:\/\/www.facebook.com\/JusticeInfo\/","https:\/\/x.com\/justiceinfonet","https:\/\/www.linkedin.com\/company\/justice-info","https:\/\/www.youtube.com\/channel\/UCyCEsARodyuWtkWyhn-e7pA"]},{"@type":"Person","name":"Ephrem Rugiririza","sameAs":["https:\/\/www.facebook.com\/rugiririza.ephrem.1","https:\/\/x.com\/ER72777667"],"url":"https:\/\/www.justiceinfo.net\/fr\/auteur\/erugiririza"}]}},"_links":{"self":[{"href":"https:\/\/www.justiceinfo.net\/fr\/wp-json\/wp\/v2\/posts\/8604","targetHints":{"allow":["GET"]}}],"collection":[{"href":"https:\/\/www.justiceinfo.net\/fr\/wp-json\/wp\/v2\/posts"}],"about":[{"href":"https:\/\/www.justiceinfo.net\/fr\/wp-json\/wp\/v2\/types\/post"}],"author":[{"embeddable":true,"href":"https:\/\/www.justiceinfo.net\/fr\/wp-json\/wp\/v2\/users\/59"}],"replies":[{"embeddable":true,"href":"https:\/\/www.justiceinfo.net\/fr\/wp-json\/wp\/v2\/comments?post=8604"}],"version-history":[{"count":0,"href":"https:\/\/www.justiceinfo.net\/fr\/wp-json\/wp\/v2\/posts\/8604\/revisions"}],"wp:attachment":[{"href":"https:\/\/www.justiceinfo.net\/fr\/wp-json\/wp\/v2\/media?parent=8604"}],"wp:term":[{"taxonomy":"category","embeddable":true,"href":"https:\/\/www.justiceinfo.net\/fr\/wp-json\/wp\/v2\/categories?post=8604"},{"taxonomy":"post_tag","embeddable":true,"href":"https:\/\/www.justiceinfo.net\/fr\/wp-json\/wp\/v2\/tags?post=8604"},{"taxonomy":"ji_location","embeddable":true,"href":"https:\/\/www.justiceinfo.net\/fr\/wp-json\/wp\/v2\/ji_location?post=8604"}],"curies":[{"name":"wp","href":"https:\/\/api.w.org\/{rel}","templated":true}]}}