{"id":8673,"date":"2007-12-03T00:00:00","date_gmt":"2007-12-02T23:00:00","guid":{"rendered":"https:\/\/www.justiceinfo.net\/8673-031207-tpirtransferts-debats-autour-de-la-possibilite-de-transferts-vers-le-rwanda-synthese5474.html"},"modified":"2007-12-03T00:00:00","modified_gmt":"2007-12-02T23:00:00","slug":"031207-tpirtransferts-debats-autour-de-la-possibilite-de-transferts-vers-le-rwanda-synthese5474","status":"publish","type":"post","link":"https:\/\/www.justiceinfo.net\/fr\/8673-031207-tpirtransferts-debats-autour-de-la-possibilite-de-transferts-vers-le-rwanda-synthese5474.html","title":{"rendered":"03.12.07 - TPIR\/TRANSFERTS - DEBATS AUTOUR DE LA POSSIBILITE DE TRANSFERTS VERS LE RWANDA (SYNTHESE)"},"content":{"rendered":"<p>La Haye, 1er d&eacute;cembre 2007 (FH) - Pour la seconde fois de son histoire, le Tribunal p&eacute;nal international pour le Rwanda (TPIR) a d&eacute;livr&eacute;, la semaine derni&egrave;re, une ordonnance de transfert vers une juridiction nationale sur la base de l&rsquo;article 11 bis de son R&egrave;glement de proc&eacute;dure et de preuve, mais si cette proc&eacute;dure est la seule qui devrait lui permettre d'achever son mandat d'ici la fin de l'ann&eacute;e 2008, elle n'est pas &eacute;vidente pour tous.<br \/>\n<!--more--><\/p>\n<p>Laurent Bucyibaruta et Wenceslas Munyeshyeka seront normalement jug&eacute;s par les juridictions fran&ccedil;aises. Le premier transfert, celui de Michel Bagaragaza, avait du &ecirc;tre annul&eacute;, le minist&egrave;re de la justice et le parquet f&eacute;d&eacute;ral hollandais ne s&rsquo;estimant plus comp&eacute;tents. <\/p>\n<p>\nSelon l&rsquo;article 11 bis du r&egrave;glement de proc&eacute;dure du TPIR, pour qu&rsquo;une juridiction nationale soit d&eacute;clar&eacute;e apte &agrave; traiter ses dossiers, figurent : la comp&eacute;tence de l&rsquo;Etat, sa volont&eacute; et sa disposition &agrave; accepter l&rsquo;affaire ; la non imposition de la peine de mort ; le respect du proc&egrave;s &eacute;quitable ; la protection des t&eacute;moins et la possibilit&eacute; du suivi de la proc&eacute;dure par des observateurs envoy&eacute;s par le Procureur du TPIR.\n<\/p>\n<p>\nCe sont ces conditions que diff&eacute;rentes Chambres du Tribunal international &eacute;tudient en ce moment pour accorder ou non le transfert de quatre dossiers vers les autorit&eacute;s rwandaises. Les concern&eacute;s sont Ildephonse Hategekimana, Gaspard Kanyarukiga, Yussuf Munyakazi et Fulgence Kayishema.\n<\/p>\n<p>\nA part le procureur et les juges, nombreux sont ceux qui sont oppos&eacute;s &agrave; ces transferts. Les avocats ont dit leurs inqui&eacute;tudes, Amnesty International a eprim&eacute; clairement son d&eacute;saccord, Human Rights Watch (HRW) sera bient&ocirc;t entendue en tant qu&rsquo;Amicus Curiae (ami de la cour) dans le dossier de Fulgence Kayishema. Tous reprochent &agrave; la proc&eacute;dure p&eacute;nale rwandaise un manque de garanties (proc&egrave;s &eacute;quitable et droits de la d&eacute;fense notamment). Le Rwanda en fait pour sa part une question de principe, et consid&egrave;re ces interrogations comme de la &laquo; propagande &raquo;.\n<\/p>\n<p>\nKigali croyait pourtant, apr&egrave;s avoir aboli la peine de mort cet &eacute;t&eacute;, que le dernier obstacle avait &eacute;t&eacute; franchi avant de pouvoir accueillir ces accus&eacute;s. Depuis la fin du g&eacute;nocide, un travail consid&eacute;rable a &eacute;t&eacute; fait pour reconstruire le syst&egrave;me judiciaire avec l&rsquo;aide d&rsquo;organisations non gouvernementales, notamment belges.\n<\/p>\n<p>\nLe 30 ao&ucirc;t 1996 est vot&eacute;e la loi organique &laquo; sur l&rsquo;organisation des poursuites des infractions constitutives du crime de g&eacute;nocide ou des crimes contres l&rsquo;Humanit&eacute;, commises &agrave; partir du 1er octobre 1990 &raquo;. Face au nombre toujours croissant de prisonniers et tandis que les lois ordinaires ne permettaient pas de poursuivre les g&eacute;nocidaires, l&rsquo;entr&eacute;e en vigueur de la loi se faisait pressante. Bien que le Rwanda ait ratifi&eacute; la Convention sur la pr&eacute;vention et la r&eacute;pression du g&eacute;nocide de 1948, il ne s&rsquo;&eacute;tait pas dot&eacute; d&rsquo;incriminations et de peines pour le sanctionner.\n<\/p>\n<p>\nLe projet a fait l&rsquo;objet d&rsquo;un d&eacute;bat entre le Gouvernement et les d&eacute;put&eacute;s sur les questions de non-r&eacute;troactivit&eacute; de la loi p&eacute;nale, la cat&eacute;gorisation des accus&eacute;s et le plaidoyer de culpabilit&eacute;. Le Code de proc&eacute;dure p&eacute;nale rwandais du 23 f&eacute;vrier 1963, a une premi&egrave;re fois &eacute;t&eacute; modifi&eacute; le 17 mai 2004. La seconde r&eacute;forme, du 22 avril 2006, a encore am&eacute;lior&eacute; la proc&eacute;dure.\n<\/p>\n<p>\nSon article 1er affirme que &laquo; les proc&egrave;s p&eacute;naux doivent &ecirc;tre rendus en public et dans toute justice et impartialit&eacute;, respecter les droits de la d&eacute;fense &agrave; l&rsquo;action, le principe du contradictoire, respecter le principe de l&rsquo;&eacute;galit&eacute; des parties au proc&egrave;s devant la loi, &ecirc;tre fond&eacute;s sur les preuves fournies dans les voies l&eacute;gales et respecter les d&eacute;lais &raquo;. Ces derniers sont maintenant clairement mentionn&eacute;s &agrave; propos de diff&eacute;rentes phases de la proc&eacute;dure ce qui n&rsquo;&eacute;tait pas le cas avant.\n<\/p>\n<p>\nMais tandis que la loi de 1996 pr&eacute;voit pour les suspects de cat&eacute;gorie 1 la comp&eacute;tence de chambres sp&eacute;cialis&eacute;es au sein des Tribunaux de premi&egrave;re instance et juridictions militaires, le Rwanda a propos&eacute; au TPIR que ses accus&eacute;s soient jug&eacute;s par la Haute Cour de la R&eacute;publique et puissent faire appel devant la Cour supr&ecirc;me.\n<\/p>\n<p>\nLa Haute Cour de la R&eacute;publique a &eacute;t&eacute; institu&eacute;e par la Constitution de juin 2003. Son article 143 pr&eacute;voit quatre niveaux de juridictions : la Cour Supr&ecirc;me, la Haute Cour de la R&eacute;publique, les Tribunaux de grande instance et les Tribunaux de base. Th&eacute;oriquement la Haute Cour est comp&eacute;tente pour juger des crimes de g&eacute;nocide et des crimes contre l&rsquo;Humanit&eacute; mais pas ceux commis entre le 1er octobre 1990 et le 31 d&eacute;cembre 1994. Le choix de passer outre cette restriction s&rsquo;explique certainement par le statut des personnes poursuivies par le TPIR. Cela laisse craindre une justice &agrave; deux niveaux et un d&eacute;calage entre les accus&eacute;s de cat&eacute;gorie 1 et les transf&eacute;r&eacute;s du TPIR et autres suspects recherch&eacute;s par Interpol qui seraient extrad&eacute;s, a fait observer une ONG travaillant sur le terrain.\n<\/p>\n<p>\nLa Cour supr&ecirc;me, elle, est comp&eacute;tente d&rsquo;une mani&egrave;re g&eacute;n&eacute;rale pour traiter l&rsquo;appel des jugements de la Haute Cour de la R&eacute;publique et de la Haute Cour militaire. Avant 2004 elle &eacute;tait l&rsquo;&eacute;quivalent d&rsquo;une Cour de cassation fran&ccedil;aise ou belge et ne pouvait donc traiter que le fond de l&rsquo;affaire. Elle peut &ecirc;tre saisie pour d&rsquo;autres mati&egrave;res extraordinaires.\n<\/p>\n<p>\nDans le cadre de la loi du 30 ao&ucirc;t 1996 (article 24) le recours en appel des jugements rendus sur le g&eacute;nocide par les Chambres sp&eacute;cialis&eacute;es n&rsquo;est possible que sur des questions de droit ou des erreurs de fait flagrantes. Or, devant la Cour supr&ecirc;me un deuxi&egrave;me examen au fond est possible.\n<\/p>\n<p>\nAV\/PB\/GF\n<\/p>\n<p>\n&copy; Agence Hirondelle<\/p>\n","protected":false},"excerpt":{"rendered":"<p>La Haye, 1er d&eacute;cembre 2007 (FH) - Pour la seconde fois de son histoire, le Tribunal p&eacute;nal international pour le Rwanda (TPIR) a d&eacute;livr&eacute;, la semaine derni&egrave;re, une ordonnance de transfert vers une juridiction nationale sur la base de l&rsquo;article 11 bis de son R&egrave;glement de proc&eacute;dure et de preuve, mais si cette proc&eacute;dure est [&hellip;]<\/p>\n","protected":false},"author":64,"featured_media":0,"comment_status":"open","ping_status":"closed","sticky":false,"template":"","format":"standard","meta":{"_acf_changed":false,"footnotes":""},"categories":[554],"tags":[],"ji_location":[],"class_list":["post-8673","post","type-post","status-publish","format-standard","hentry","category-hirondellenews"],"acf":[],"yoast_head":"<!-- This site is optimized with the Yoast SEO Premium plugin v25.3.1 (Yoast SEO v25.3.1) - https:\/\/yoast.com\/wordpress\/plugins\/seo\/ -->\n<title>03.12.07 - TPIR\/TRANSFERTS - DEBATS AUTOUR DE LA POSSIBILITE DE TRANSFERTS VERS LE RWANDA (SYNTHESE) - JusticeInfo.net<\/title>\n<meta name=\"robots\" content=\"index, follow, max-snippet:-1, max-image-preview:large, max-video-preview:-1\" \/>\n<link rel=\"canonical\" href=\"https:\/\/www.justiceinfo.net\/fr\/8673-031207-tpirtransferts-debats-autour-de-la-possibilite-de-transferts-vers-le-rwanda-synthese5474.html\" \/>\n<meta property=\"og:locale\" content=\"fr_FR\" \/>\n<meta property=\"og:type\" content=\"article\" \/>\n<meta property=\"og:title\" content=\"03.12.07 - TPIR\/TRANSFERTS - DEBATS AUTOUR DE LA POSSIBILITE DE TRANSFERTS VERS LE RWANDA (SYNTHESE)\" \/>\n<meta property=\"og:description\" content=\"La Haye, 1er d&eacute;cembre 2007 (FH) - Pour la seconde fois de son histoire, le Tribunal p&eacute;nal international pour le Rwanda (TPIR) a d&eacute;livr&eacute;, la semaine derni&egrave;re, une ordonnance de transfert vers une juridiction nationale sur la base de l&rsquo;article 11 bis de son R&egrave;glement de proc&eacute;dure et de preuve, mais si cette proc&eacute;dure est [&hellip;]\" \/>\n<meta property=\"og:url\" content=\"https:\/\/www.justiceinfo.net\/fr\/8673-031207-tpirtransferts-debats-autour-de-la-possibilite-de-transferts-vers-le-rwanda-synthese5474.html\" \/>\n<meta property=\"og:site_name\" content=\"JusticeInfo.net\" \/>\n<meta property=\"article:publisher\" content=\"https:\/\/www.facebook.com\/JusticeInfo\/\" \/>\n<meta property=\"article:published_time\" content=\"2007-12-02T23:00:00+00:00\" \/>\n<meta property=\"og:image\" content=\"https:\/\/www.justiceinfo.net\/wp-content\/uploads\/JusticeInfoNet_logo_1200x630px.jpg\" \/>\n\t<meta property=\"og:image:width\" content=\"1200\" \/>\n\t<meta property=\"og:image:height\" content=\"630\" \/>\n\t<meta property=\"og:image:type\" content=\"image\/jpeg\" \/>\n<meta name=\"author\" content=\"solivri\" \/>\n<meta name=\"twitter:card\" content=\"summary_large_image\" \/>\n<meta name=\"twitter:creator\" content=\"@justiceinfonet\" \/>\n<meta name=\"twitter:site\" content=\"@justiceinfonet\" \/>\n<meta name=\"twitter:label1\" content=\"\u00c9crit par\" \/>\n\t<meta name=\"twitter:data1\" content=\"solivri\" \/>\n\t<meta name=\"twitter:label2\" content=\"Dur\u00e9e de lecture estim\u00e9e\" \/>\n\t<meta name=\"twitter:data2\" content=\"6 minutes\" \/>\n<script type=\"application\/ld+json\" class=\"yoast-schema-graph\">{\"@context\":\"https:\/\/schema.org\",\"@graph\":[{\"@type\":\"NewsArticle\",\"@id\":\"https:\/\/www.justiceinfo.net\/fr\/8673-031207-tpirtransferts-debats-autour-de-la-possibilite-de-transferts-vers-le-rwanda-synthese5474.html#article\",\"isPartOf\":{\"@id\":\"https:\/\/www.justiceinfo.net\/fr\/8673-031207-tpirtransferts-debats-autour-de-la-possibilite-de-transferts-vers-le-rwanda-synthese5474.html\"},\"author\":{\"name\":\"solivri\",\"@id\":\"https:\/\/www.justiceinfo.net\/fr#\/schema\/person\/6e53cba1629e2e66f3fc1821d3091865\"},\"headline\":\"03.12.07 - TPIR\/TRANSFERTS - DEBATS AUTOUR DE LA POSSIBILITE DE TRANSFERTS VERS LE RWANDA (SYNTHESE)\",\"datePublished\":\"2007-12-02T23:00:00+00:00\",\"mainEntityOfPage\":{\"@id\":\"https:\/\/www.justiceinfo.net\/fr\/8673-031207-tpirtransferts-debats-autour-de-la-possibilite-de-transferts-vers-le-rwanda-synthese5474.html\"},\"wordCount\":1207,\"commentCount\":0,\"publisher\":{\"@id\":\"https:\/\/www.justiceinfo.net\/fr#organization\"},\"articleSection\":[\"Hirondelle News\"],\"inLanguage\":\"fr-FR\",\"potentialAction\":[{\"@type\":\"CommentAction\",\"name\":\"Comment\",\"target\":[\"https:\/\/www.justiceinfo.net\/fr\/8673-031207-tpirtransferts-debats-autour-de-la-possibilite-de-transferts-vers-le-rwanda-synthese5474.html#respond\"]}]},{\"@type\":\"WebPage\",\"@id\":\"https:\/\/www.justiceinfo.net\/fr\/8673-031207-tpirtransferts-debats-autour-de-la-possibilite-de-transferts-vers-le-rwanda-synthese5474.html\",\"url\":\"https:\/\/www.justiceinfo.net\/fr\/8673-031207-tpirtransferts-debats-autour-de-la-possibilite-de-transferts-vers-le-rwanda-synthese5474.html\",\"name\":\"03.12.07 - TPIR\/TRANSFERTS - DEBATS AUTOUR DE LA POSSIBILITE DE TRANSFERTS VERS LE RWANDA (SYNTHESE) - JusticeInfo.net\",\"isPartOf\":{\"@id\":\"https:\/\/www.justiceinfo.net\/fr#website\"},\"datePublished\":\"2007-12-02T23:00:00+00:00\",\"breadcrumb\":{\"@id\":\"https:\/\/www.justiceinfo.net\/fr\/8673-031207-tpirtransferts-debats-autour-de-la-possibilite-de-transferts-vers-le-rwanda-synthese5474.html#breadcrumb\"},\"inLanguage\":\"fr-FR\",\"potentialAction\":[{\"@type\":\"ReadAction\",\"target\":[\"https:\/\/www.justiceinfo.net\/fr\/8673-031207-tpirtransferts-debats-autour-de-la-possibilite-de-transferts-vers-le-rwanda-synthese5474.html\"]}]},{\"@type\":\"BreadcrumbList\",\"@id\":\"https:\/\/www.justiceinfo.net\/fr\/8673-031207-tpirtransferts-debats-autour-de-la-possibilite-de-transferts-vers-le-rwanda-synthese5474.html#breadcrumb\",\"itemListElement\":[{\"@type\":\"ListItem\",\"position\":1,\"name\":\"Home\",\"item\":\"https:\/\/www.justiceinfo.net\/fr\"},{\"@type\":\"ListItem\",\"position\":2,\"name\":\"03.12.07 - TPIR\/TRANSFERTS - DEBATS AUTOUR DE LA POSSIBILITE DE TRANSFERTS VERS LE RWANDA (SYNTHESE)\"}]},{\"@type\":\"WebSite\",\"@id\":\"https:\/\/www.justiceinfo.net\/fr#website\",\"url\":\"https:\/\/www.justiceinfo.net\/fr\",\"name\":\"JusticeInfo.net\",\"description\":\"La justice doit \u00eatre vue pour \u00eatre rendue\",\"publisher\":{\"@id\":\"https:\/\/www.justiceinfo.net\/fr#organization\"},\"potentialAction\":[{\"@type\":\"SearchAction\",\"target\":{\"@type\":\"EntryPoint\",\"urlTemplate\":\"https:\/\/www.justiceinfo.net\/fr?s={search_term_string}\"},\"query-input\":{\"@type\":\"PropertyValueSpecification\",\"valueRequired\":true,\"valueName\":\"search_term_string\"}}],\"inLanguage\":\"fr-FR\"},{\"@type\":\"Organization\",\"@id\":\"https:\/\/www.justiceinfo.net\/fr#organization\",\"name\":\"Justice Info\",\"url\":\"https:\/\/www.justiceinfo.net\/fr\",\"logo\":{\"@type\":\"ImageObject\",\"inLanguage\":\"fr-FR\",\"@id\":\"https:\/\/www.justiceinfo.net\/fr#\/schema\/logo\/image\/\",\"url\":\"https:\/\/www.justiceinfo.net\/wp-content\/uploads\/justiceinfo_logo-trans_1200x1200px.png\",\"contentUrl\":\"https:\/\/www.justiceinfo.net\/wp-content\/uploads\/justiceinfo_logo-trans_1200x1200px.png\",\"width\":1199,\"height\":1200,\"caption\":\"Justice Info\"},\"image\":{\"@id\":\"https:\/\/www.justiceinfo.net\/fr#\/schema\/logo\/image\/\"},\"sameAs\":[\"https:\/\/www.facebook.com\/JusticeInfo\/\",\"https:\/\/x.com\/justiceinfonet\",\"https:\/\/www.linkedin.com\/company\/justice-info\",\"https:\/\/www.youtube.com\/channel\/UCyCEsARodyuWtkWyhn-e7pA\"]},{\"@type\":\"Person\",\"name\":\"solivri\",\"url\":\"\/fr\/?s=solivri\"}]}<\/script>\n<!-- \/ Yoast SEO Premium plugin. -->","yoast_head_json":{"title":"03.12.07 - TPIR\/TRANSFERTS - DEBATS AUTOUR DE LA POSSIBILITE DE TRANSFERTS VERS LE RWANDA (SYNTHESE) - JusticeInfo.net","robots":{"index":"index","follow":"follow","max-snippet":"max-snippet:-1","max-image-preview":"max-image-preview:large","max-video-preview":"max-video-preview:-1"},"canonical":"https:\/\/www.justiceinfo.net\/fr\/8673-031207-tpirtransferts-debats-autour-de-la-possibilite-de-transferts-vers-le-rwanda-synthese5474.html","og_locale":"fr_FR","og_type":"article","og_title":"03.12.07 - TPIR\/TRANSFERTS - DEBATS AUTOUR DE LA POSSIBILITE DE TRANSFERTS VERS LE RWANDA (SYNTHESE)","og_description":"La Haye, 1er d&eacute;cembre 2007 (FH) - Pour la seconde fois de son histoire, le Tribunal p&eacute;nal international pour le Rwanda (TPIR) a d&eacute;livr&eacute;, la semaine derni&egrave;re, une ordonnance de transfert vers une juridiction nationale sur la base de l&rsquo;article 11 bis de son R&egrave;glement de proc&eacute;dure et de preuve, mais si cette proc&eacute;dure est [&hellip;]","og_url":"https:\/\/www.justiceinfo.net\/fr\/8673-031207-tpirtransferts-debats-autour-de-la-possibilite-de-transferts-vers-le-rwanda-synthese5474.html","og_site_name":"JusticeInfo.net","article_publisher":"https:\/\/www.facebook.com\/JusticeInfo\/","article_published_time":"2007-12-02T23:00:00+00:00","og_image":[{"width":1200,"height":630,"url":"https:\/\/www.justiceinfo.net\/wp-content\/uploads\/JusticeInfoNet_logo_1200x630px.jpg","type":"image\/jpeg"}],"author":"solivri","twitter_card":"summary_large_image","twitter_creator":"@justiceinfonet","twitter_site":"@justiceinfonet","twitter_misc":{"\u00c9crit par":"solivri","Dur\u00e9e de lecture estim\u00e9e":"6 minutes"},"schema":{"@context":"https:\/\/schema.org","@graph":[{"@type":"NewsArticle","@id":"https:\/\/www.justiceinfo.net\/fr\/8673-031207-tpirtransferts-debats-autour-de-la-possibilite-de-transferts-vers-le-rwanda-synthese5474.html#article","isPartOf":{"@id":"https:\/\/www.justiceinfo.net\/fr\/8673-031207-tpirtransferts-debats-autour-de-la-possibilite-de-transferts-vers-le-rwanda-synthese5474.html"},"author":{"name":"solivri","@id":"https:\/\/www.justiceinfo.net\/fr#\/schema\/person\/6e53cba1629e2e66f3fc1821d3091865"},"headline":"03.12.07 - TPIR\/TRANSFERTS - DEBATS AUTOUR DE LA POSSIBILITE DE TRANSFERTS VERS LE RWANDA (SYNTHESE)","datePublished":"2007-12-02T23:00:00+00:00","mainEntityOfPage":{"@id":"https:\/\/www.justiceinfo.net\/fr\/8673-031207-tpirtransferts-debats-autour-de-la-possibilite-de-transferts-vers-le-rwanda-synthese5474.html"},"wordCount":1207,"commentCount":0,"publisher":{"@id":"https:\/\/www.justiceinfo.net\/fr#organization"},"articleSection":["Hirondelle News"],"inLanguage":"fr-FR","potentialAction":[{"@type":"CommentAction","name":"Comment","target":["https:\/\/www.justiceinfo.net\/fr\/8673-031207-tpirtransferts-debats-autour-de-la-possibilite-de-transferts-vers-le-rwanda-synthese5474.html#respond"]}]},{"@type":"WebPage","@id":"https:\/\/www.justiceinfo.net\/fr\/8673-031207-tpirtransferts-debats-autour-de-la-possibilite-de-transferts-vers-le-rwanda-synthese5474.html","url":"https:\/\/www.justiceinfo.net\/fr\/8673-031207-tpirtransferts-debats-autour-de-la-possibilite-de-transferts-vers-le-rwanda-synthese5474.html","name":"03.12.07 - TPIR\/TRANSFERTS - DEBATS AUTOUR DE LA POSSIBILITE DE TRANSFERTS VERS LE RWANDA (SYNTHESE) - JusticeInfo.net","isPartOf":{"@id":"https:\/\/www.justiceinfo.net\/fr#website"},"datePublished":"2007-12-02T23:00:00+00:00","breadcrumb":{"@id":"https:\/\/www.justiceinfo.net\/fr\/8673-031207-tpirtransferts-debats-autour-de-la-possibilite-de-transferts-vers-le-rwanda-synthese5474.html#breadcrumb"},"inLanguage":"fr-FR","potentialAction":[{"@type":"ReadAction","target":["https:\/\/www.justiceinfo.net\/fr\/8673-031207-tpirtransferts-debats-autour-de-la-possibilite-de-transferts-vers-le-rwanda-synthese5474.html"]}]},{"@type":"BreadcrumbList","@id":"https:\/\/www.justiceinfo.net\/fr\/8673-031207-tpirtransferts-debats-autour-de-la-possibilite-de-transferts-vers-le-rwanda-synthese5474.html#breadcrumb","itemListElement":[{"@type":"ListItem","position":1,"name":"Home","item":"https:\/\/www.justiceinfo.net\/fr"},{"@type":"ListItem","position":2,"name":"03.12.07 - TPIR\/TRANSFERTS - DEBATS AUTOUR DE LA POSSIBILITE DE TRANSFERTS VERS LE RWANDA (SYNTHESE)"}]},{"@type":"WebSite","@id":"https:\/\/www.justiceinfo.net\/fr#website","url":"https:\/\/www.justiceinfo.net\/fr","name":"JusticeInfo.net","description":"La justice doit \u00eatre vue pour \u00eatre rendue","publisher":{"@id":"https:\/\/www.justiceinfo.net\/fr#organization"},"potentialAction":[{"@type":"SearchAction","target":{"@type":"EntryPoint","urlTemplate":"https:\/\/www.justiceinfo.net\/fr?s={search_term_string}"},"query-input":{"@type":"PropertyValueSpecification","valueRequired":true,"valueName":"search_term_string"}}],"inLanguage":"fr-FR"},{"@type":"Organization","@id":"https:\/\/www.justiceinfo.net\/fr#organization","name":"Justice Info","url":"https:\/\/www.justiceinfo.net\/fr","logo":{"@type":"ImageObject","inLanguage":"fr-FR","@id":"https:\/\/www.justiceinfo.net\/fr#\/schema\/logo\/image\/","url":"https:\/\/www.justiceinfo.net\/wp-content\/uploads\/justiceinfo_logo-trans_1200x1200px.png","contentUrl":"https:\/\/www.justiceinfo.net\/wp-content\/uploads\/justiceinfo_logo-trans_1200x1200px.png","width":1199,"height":1200,"caption":"Justice Info"},"image":{"@id":"https:\/\/www.justiceinfo.net\/fr#\/schema\/logo\/image\/"},"sameAs":["https:\/\/www.facebook.com\/JusticeInfo\/","https:\/\/x.com\/justiceinfonet","https:\/\/www.linkedin.com\/company\/justice-info","https:\/\/www.youtube.com\/channel\/UCyCEsARodyuWtkWyhn-e7pA"]},{"@type":"Person","name":"solivri","url":"\/fr\/?s=solivri"}]}},"_links":{"self":[{"href":"https:\/\/www.justiceinfo.net\/fr\/wp-json\/wp\/v2\/posts\/8673","targetHints":{"allow":["GET"]}}],"collection":[{"href":"https:\/\/www.justiceinfo.net\/fr\/wp-json\/wp\/v2\/posts"}],"about":[{"href":"https:\/\/www.justiceinfo.net\/fr\/wp-json\/wp\/v2\/types\/post"}],"author":[{"embeddable":true,"href":"https:\/\/www.justiceinfo.net\/fr\/wp-json\/wp\/v2\/users\/64"}],"replies":[{"embeddable":true,"href":"https:\/\/www.justiceinfo.net\/fr\/wp-json\/wp\/v2\/comments?post=8673"}],"version-history":[{"count":0,"href":"https:\/\/www.justiceinfo.net\/fr\/wp-json\/wp\/v2\/posts\/8673\/revisions"}],"wp:attachment":[{"href":"https:\/\/www.justiceinfo.net\/fr\/wp-json\/wp\/v2\/media?parent=8673"}],"wp:term":[{"taxonomy":"category","embeddable":true,"href":"https:\/\/www.justiceinfo.net\/fr\/wp-json\/wp\/v2\/categories?post=8673"},{"taxonomy":"post_tag","embeddable":true,"href":"https:\/\/www.justiceinfo.net\/fr\/wp-json\/wp\/v2\/tags?post=8673"},{"taxonomy":"ji_location","embeddable":true,"href":"https:\/\/www.justiceinfo.net\/fr\/wp-json\/wp\/v2\/ji_location?post=8673"}],"curies":[{"name":"wp","href":"https:\/\/api.w.org\/{rel}","templated":true}]}}