{"id":8675,"date":"2007-12-03T00:00:00","date_gmt":"2007-12-02T23:00:00","guid":{"rendered":"https:\/\/www.justiceinfo.net\/8675-261007-ictrkaremera-mahakama-ya-ictr-imekataa-kuwasikiliza-wataalam-wa-mashtaka5476.html"},"modified":"2007-12-03T00:00:00","modified_gmt":"2007-12-02T23:00:00","slug":"261007-ictrkaremera-mahakama-ya-ictr-imekataa-kuwasikiliza-wataalam-wa-mashtaka5476","status":"publish","type":"post","link":"https:\/\/www.justiceinfo.net\/fr\/8675-261007-ictrkaremera-mahakama-ya-ictr-imekataa-kuwasikiliza-wataalam-wa-mashtaka5476.html","title":{"rendered":"26.10.07 - ICTR\/KAREMERA - MAHAKAMA YA ICTR IMEKATAA KUWASIKILIZA WATAALAM WA MASHTAKA"},"content":{"rendered":"<p>Arusha, 26 Octoba 2007 (FH) &ndash; Chemba ya mahakama ya kimataifa inayoshughulikia kesi za mauaji ya Rwanda ICTR inayoshughulika na kesi ya viongozi watatu wa chama tawala cha zamani imekata kuwasikiliza mashahid watatu wataalam wa mashtaka walioitwa na mashtaka ya kesi hiyo ambao walikwisha kutoa ushahidi wao katika kesi zingine katika mahakama ya kimataifa ya iliyokuwa Yugoslavia, ICTY, kama ilivyobainishwa na chanzo cha kisheria Ijumaa.<br \/>\n<!--more--><\/p>\n<p>\n&nbsp;Ktika kesi hiyo inayoongozwa na rais wa mahakama jaji , Judge Dennis Byron, mwendesha mashtaka anategemea kumwita mmarekani Alison Des Forges, mwanahistoria na mwanaharakati wa masuala ya haki za binadamu, mwanasayansi wa masuala ya kijamii raia wa Ufaransa Andr&eacute; Guichoua pamoja na mkenya Binaifer Nowrojee, mtaalam wa masuala ya unyanyasi wa kijinsia. Des Forges na Nowrojee ni watafiti katika shirika la kulinda haki za binadamu (HRW). <\/p>\n<p>&quot;Chemba hiyo ilitoa hitimisho la kwamba Alison Des Forges, Andr&eacute; Guichoua na Binaifer Nowrojee hawataweza kukubalika kuitwa mashahidi wakitaalam&quot;, katika kesi hii, kama walivyosema majaji katika waraka wa maamuzi uliotolewa Alhamisi. Mbali na kujadili kuhusiana na uwezo pamoja na vigezo vya utaalam wa wasomi hao, chemba haijashawishika kuwakubali&quot;. <\/p>\n<p>Chemba hiyo hiyo iliwahi kumkataa mtaalam wa kinyarwanda, mwanasheria Charles Ntampaka. aUamuzi huu utakuwa na matokeo yanayogusa moja kwa moja suala zima la muda kwa vile muda wa mashtaka wa kuwasilisha kesi yake utapungua. Mashtaka imekuwa ikiendesha kesi yake kwanzia Septemba 2005 na inatakiwa kumaliza mwishoni mwa mwaka huu. Na kama chemba itatoa muda unaolingana na ule iliyopewa mashtaka basi kesi hii haitoweza kukamilika kabla ya mwaka 2010.<\/p>\n<p>Baraza la Umoja wa Mataifa lilishaomba mahakama ya ICTR kumaliza kesi zake za mahakama ya mwanzo ifikapo mwishoni mwa mwaka 2008. Alhamisi wakati wa mkutano wa msemaji wa mahakama Roland Amoussouga na wandishi wa habari alitambua kuwa kesi hiyo haitoweza kumalizika katika muda ulioagizwa. Akipokea uwakilishi wa kidiplomasia hivi karibuni, rais wa mahakama jaji Byron aliongelea suala la kuwepo kwa kesi ambazo zitaendelea hadi miezi mitatu ya mwonzoni mwa mwaka 2009.<\/p>\n<p>Kesi hii ambayo mwendelezo wake ulikuwa umefutwa inawahusisha rais wa chama cha MRND ambacho kilikuwa chama tawala mwaka 1994, Mathieu Ngirumpatse, rais msaidizi wa zamani, Edouard Karemera na katibu mkuu wa zamani wa chama hicho, Joseph Nzirorera. Wakishtakiwa kwa mauaji ya kimbari na makosa ya jinai, wote walikana kosa.<\/p>\n<p>AS\/<br \/>\n&copy; Hirondelle News Agency <\/p>\n","protected":false},"excerpt":{"rendered":"<p>Arusha, 26 Octoba 2007 (FH) &ndash; Chemba ya mahakama ya kimataifa inayoshughulikia kesi za mauaji ya Rwanda ICTR inayoshughulika na kesi ya viongozi watatu wa chama tawala cha zamani imekata kuwasikiliza mashahid watatu wataalam wa mashtaka walioitwa na mashtaka ya kesi hiyo ambao walikwisha kutoa ushahidi wao katika kesi zingine katika mahakama ya kimataifa ya [&hellip;]<\/p>\n","protected":false},"author":64,"featured_media":0,"comment_status":"open","ping_status":"closed","sticky":false,"template":"","format":"standard","meta":{"_acf_changed":false,"footnotes":""},"categories":[554],"tags":[],"ji_location":[],"class_list":["post-8675","post","type-post","status-publish","format-standard","hentry","category-hirondellenews"],"acf":[],"yoast_head":"<!-- This site is optimized with the Yoast SEO Premium plugin v25.3.1 (Yoast SEO v25.3.1) - https:\/\/yoast.com\/wordpress\/plugins\/seo\/ -->\n<title>26.10.07 - ICTR\/KAREMERA - MAHAKAMA YA ICTR IMEKATAA KUWASIKILIZA WATAALAM WA MASHTAKA - JusticeInfo.net<\/title>\n<meta name=\"robots\" content=\"index, follow, max-snippet:-1, max-image-preview:large, max-video-preview:-1\" \/>\n<link rel=\"canonical\" href=\"https:\/\/www.justiceinfo.net\/fr\/8675-261007-ictrkaremera-mahakama-ya-ictr-imekataa-kuwasikiliza-wataalam-wa-mashtaka5476.html\" \/>\n<meta property=\"og:locale\" content=\"fr_FR\" \/>\n<meta property=\"og:type\" content=\"article\" \/>\n<meta property=\"og:title\" content=\"26.10.07 - ICTR\/KAREMERA - MAHAKAMA YA ICTR IMEKATAA KUWASIKILIZA WATAALAM WA MASHTAKA\" \/>\n<meta property=\"og:description\" content=\"Arusha, 26 Octoba 2007 (FH) &ndash; Chemba ya mahakama ya kimataifa inayoshughulikia kesi za mauaji ya Rwanda ICTR inayoshughulika na kesi ya viongozi watatu wa chama tawala cha zamani imekata kuwasikiliza mashahid watatu wataalam wa mashtaka walioitwa na mashtaka ya kesi hiyo ambao walikwisha kutoa ushahidi wao katika kesi zingine katika mahakama ya kimataifa ya [&hellip;]\" \/>\n<meta property=\"og:url\" content=\"https:\/\/www.justiceinfo.net\/fr\/8675-261007-ictrkaremera-mahakama-ya-ictr-imekataa-kuwasikiliza-wataalam-wa-mashtaka5476.html\" \/>\n<meta property=\"og:site_name\" content=\"JusticeInfo.net\" \/>\n<meta property=\"article:publisher\" content=\"https:\/\/www.facebook.com\/JusticeInfo\/\" \/>\n<meta property=\"article:published_time\" content=\"2007-12-02T23:00:00+00:00\" \/>\n<meta property=\"og:image\" content=\"https:\/\/www.justiceinfo.net\/wp-content\/uploads\/JusticeInfoNet_logo_1200x630px.jpg\" \/>\n\t<meta property=\"og:image:width\" content=\"1200\" \/>\n\t<meta property=\"og:image:height\" content=\"630\" \/>\n\t<meta property=\"og:image:type\" content=\"image\/jpeg\" \/>\n<meta name=\"author\" content=\"solivri\" \/>\n<meta name=\"twitter:card\" content=\"summary_large_image\" \/>\n<meta name=\"twitter:creator\" content=\"@justiceinfonet\" \/>\n<meta name=\"twitter:site\" content=\"@justiceinfonet\" \/>\n<meta name=\"twitter:label1\" content=\"\u00c9crit par\" \/>\n\t<meta name=\"twitter:data1\" content=\"solivri\" \/>\n\t<meta name=\"twitter:label2\" content=\"Dur\u00e9e de lecture estim\u00e9e\" \/>\n\t<meta name=\"twitter:data2\" content=\"2 minutes\" \/>\n<script type=\"application\/ld+json\" class=\"yoast-schema-graph\">{\"@context\":\"https:\/\/schema.org\",\"@graph\":[{\"@type\":\"NewsArticle\",\"@id\":\"https:\/\/www.justiceinfo.net\/fr\/8675-261007-ictrkaremera-mahakama-ya-ictr-imekataa-kuwasikiliza-wataalam-wa-mashtaka5476.html#article\",\"isPartOf\":{\"@id\":\"https:\/\/www.justiceinfo.net\/fr\/8675-261007-ictrkaremera-mahakama-ya-ictr-imekataa-kuwasikiliza-wataalam-wa-mashtaka5476.html\"},\"author\":{\"name\":\"solivri\",\"@id\":\"https:\/\/www.justiceinfo.net\/fr#\/schema\/person\/6e53cba1629e2e66f3fc1821d3091865\"},\"headline\":\"26.10.07 - ICTR\/KAREMERA - MAHAKAMA YA ICTR IMEKATAA KUWASIKILIZA WATAALAM WA MASHTAKA\",\"datePublished\":\"2007-12-02T23:00:00+00:00\",\"mainEntityOfPage\":{\"@id\":\"https:\/\/www.justiceinfo.net\/fr\/8675-261007-ictrkaremera-mahakama-ya-ictr-imekataa-kuwasikiliza-wataalam-wa-mashtaka5476.html\"},\"wordCount\":382,\"commentCount\":0,\"publisher\":{\"@id\":\"https:\/\/www.justiceinfo.net\/fr#organization\"},\"articleSection\":[\"Hirondelle News\"],\"inLanguage\":\"fr-FR\",\"potentialAction\":[{\"@type\":\"CommentAction\",\"name\":\"Comment\",\"target\":[\"https:\/\/www.justiceinfo.net\/fr\/8675-261007-ictrkaremera-mahakama-ya-ictr-imekataa-kuwasikiliza-wataalam-wa-mashtaka5476.html#respond\"]}]},{\"@type\":\"WebPage\",\"@id\":\"https:\/\/www.justiceinfo.net\/fr\/8675-261007-ictrkaremera-mahakama-ya-ictr-imekataa-kuwasikiliza-wataalam-wa-mashtaka5476.html\",\"url\":\"https:\/\/www.justiceinfo.net\/fr\/8675-261007-ictrkaremera-mahakama-ya-ictr-imekataa-kuwasikiliza-wataalam-wa-mashtaka5476.html\",\"name\":\"26.10.07 - ICTR\/KAREMERA - MAHAKAMA YA ICTR IMEKATAA KUWASIKILIZA WATAALAM WA MASHTAKA - JusticeInfo.net\",\"isPartOf\":{\"@id\":\"https:\/\/www.justiceinfo.net\/fr#website\"},\"datePublished\":\"2007-12-02T23:00:00+00:00\",\"breadcrumb\":{\"@id\":\"https:\/\/www.justiceinfo.net\/fr\/8675-261007-ictrkaremera-mahakama-ya-ictr-imekataa-kuwasikiliza-wataalam-wa-mashtaka5476.html#breadcrumb\"},\"inLanguage\":\"fr-FR\",\"potentialAction\":[{\"@type\":\"ReadAction\",\"target\":[\"https:\/\/www.justiceinfo.net\/fr\/8675-261007-ictrkaremera-mahakama-ya-ictr-imekataa-kuwasikiliza-wataalam-wa-mashtaka5476.html\"]}]},{\"@type\":\"BreadcrumbList\",\"@id\":\"https:\/\/www.justiceinfo.net\/fr\/8675-261007-ictrkaremera-mahakama-ya-ictr-imekataa-kuwasikiliza-wataalam-wa-mashtaka5476.html#breadcrumb\",\"itemListElement\":[{\"@type\":\"ListItem\",\"position\":1,\"name\":\"Home\",\"item\":\"https:\/\/www.justiceinfo.net\/fr\"},{\"@type\":\"ListItem\",\"position\":2,\"name\":\"26.10.07 - ICTR\/KAREMERA - MAHAKAMA YA ICTR IMEKATAA KUWASIKILIZA WATAALAM WA MASHTAKA\"}]},{\"@type\":\"WebSite\",\"@id\":\"https:\/\/www.justiceinfo.net\/fr#website\",\"url\":\"https:\/\/www.justiceinfo.net\/fr\",\"name\":\"JusticeInfo.net\",\"description\":\"La justice doit \u00eatre vue pour \u00eatre rendue\",\"publisher\":{\"@id\":\"https:\/\/www.justiceinfo.net\/fr#organization\"},\"potentialAction\":[{\"@type\":\"SearchAction\",\"target\":{\"@type\":\"EntryPoint\",\"urlTemplate\":\"https:\/\/www.justiceinfo.net\/fr?s={search_term_string}\"},\"query-input\":{\"@type\":\"PropertyValueSpecification\",\"valueRequired\":true,\"valueName\":\"search_term_string\"}}],\"inLanguage\":\"fr-FR\"},{\"@type\":\"Organization\",\"@id\":\"https:\/\/www.justiceinfo.net\/fr#organization\",\"name\":\"Justice Info\",\"url\":\"https:\/\/www.justiceinfo.net\/fr\",\"logo\":{\"@type\":\"ImageObject\",\"inLanguage\":\"fr-FR\",\"@id\":\"https:\/\/www.justiceinfo.net\/fr#\/schema\/logo\/image\/\",\"url\":\"https:\/\/www.justiceinfo.net\/wp-content\/uploads\/justiceinfo_logo-trans_1200x1200px.png\",\"contentUrl\":\"https:\/\/www.justiceinfo.net\/wp-content\/uploads\/justiceinfo_logo-trans_1200x1200px.png\",\"width\":1199,\"height\":1200,\"caption\":\"Justice Info\"},\"image\":{\"@id\":\"https:\/\/www.justiceinfo.net\/fr#\/schema\/logo\/image\/\"},\"sameAs\":[\"https:\/\/www.facebook.com\/JusticeInfo\/\",\"https:\/\/x.com\/justiceinfonet\",\"https:\/\/www.linkedin.com\/company\/justice-info\",\"https:\/\/www.youtube.com\/channel\/UCyCEsARodyuWtkWyhn-e7pA\"]},{\"@type\":\"Person\",\"name\":\"solivri\",\"url\":\"\/fr\/?s=solivri\"}]}<\/script>\n<!-- \/ Yoast SEO Premium plugin. -->","yoast_head_json":{"title":"26.10.07 - ICTR\/KAREMERA - MAHAKAMA YA ICTR IMEKATAA KUWASIKILIZA WATAALAM WA MASHTAKA - JusticeInfo.net","robots":{"index":"index","follow":"follow","max-snippet":"max-snippet:-1","max-image-preview":"max-image-preview:large","max-video-preview":"max-video-preview:-1"},"canonical":"https:\/\/www.justiceinfo.net\/fr\/8675-261007-ictrkaremera-mahakama-ya-ictr-imekataa-kuwasikiliza-wataalam-wa-mashtaka5476.html","og_locale":"fr_FR","og_type":"article","og_title":"26.10.07 - ICTR\/KAREMERA - MAHAKAMA YA ICTR IMEKATAA KUWASIKILIZA WATAALAM WA MASHTAKA","og_description":"Arusha, 26 Octoba 2007 (FH) &ndash; Chemba ya mahakama ya kimataifa inayoshughulikia kesi za mauaji ya Rwanda ICTR inayoshughulika na kesi ya viongozi watatu wa chama tawala cha zamani imekata kuwasikiliza mashahid watatu wataalam wa mashtaka walioitwa na mashtaka ya kesi hiyo ambao walikwisha kutoa ushahidi wao katika kesi zingine katika mahakama ya kimataifa ya [&hellip;]","og_url":"https:\/\/www.justiceinfo.net\/fr\/8675-261007-ictrkaremera-mahakama-ya-ictr-imekataa-kuwasikiliza-wataalam-wa-mashtaka5476.html","og_site_name":"JusticeInfo.net","article_publisher":"https:\/\/www.facebook.com\/JusticeInfo\/","article_published_time":"2007-12-02T23:00:00+00:00","og_image":[{"width":1200,"height":630,"url":"https:\/\/www.justiceinfo.net\/wp-content\/uploads\/JusticeInfoNet_logo_1200x630px.jpg","type":"image\/jpeg"}],"author":"solivri","twitter_card":"summary_large_image","twitter_creator":"@justiceinfonet","twitter_site":"@justiceinfonet","twitter_misc":{"\u00c9crit par":"solivri","Dur\u00e9e de lecture estim\u00e9e":"2 minutes"},"schema":{"@context":"https:\/\/schema.org","@graph":[{"@type":"NewsArticle","@id":"https:\/\/www.justiceinfo.net\/fr\/8675-261007-ictrkaremera-mahakama-ya-ictr-imekataa-kuwasikiliza-wataalam-wa-mashtaka5476.html#article","isPartOf":{"@id":"https:\/\/www.justiceinfo.net\/fr\/8675-261007-ictrkaremera-mahakama-ya-ictr-imekataa-kuwasikiliza-wataalam-wa-mashtaka5476.html"},"author":{"name":"solivri","@id":"https:\/\/www.justiceinfo.net\/fr#\/schema\/person\/6e53cba1629e2e66f3fc1821d3091865"},"headline":"26.10.07 - ICTR\/KAREMERA - MAHAKAMA YA ICTR IMEKATAA KUWASIKILIZA WATAALAM WA MASHTAKA","datePublished":"2007-12-02T23:00:00+00:00","mainEntityOfPage":{"@id":"https:\/\/www.justiceinfo.net\/fr\/8675-261007-ictrkaremera-mahakama-ya-ictr-imekataa-kuwasikiliza-wataalam-wa-mashtaka5476.html"},"wordCount":382,"commentCount":0,"publisher":{"@id":"https:\/\/www.justiceinfo.net\/fr#organization"},"articleSection":["Hirondelle News"],"inLanguage":"fr-FR","potentialAction":[{"@type":"CommentAction","name":"Comment","target":["https:\/\/www.justiceinfo.net\/fr\/8675-261007-ictrkaremera-mahakama-ya-ictr-imekataa-kuwasikiliza-wataalam-wa-mashtaka5476.html#respond"]}]},{"@type":"WebPage","@id":"https:\/\/www.justiceinfo.net\/fr\/8675-261007-ictrkaremera-mahakama-ya-ictr-imekataa-kuwasikiliza-wataalam-wa-mashtaka5476.html","url":"https:\/\/www.justiceinfo.net\/fr\/8675-261007-ictrkaremera-mahakama-ya-ictr-imekataa-kuwasikiliza-wataalam-wa-mashtaka5476.html","name":"26.10.07 - ICTR\/KAREMERA - MAHAKAMA YA ICTR IMEKATAA KUWASIKILIZA WATAALAM WA MASHTAKA - JusticeInfo.net","isPartOf":{"@id":"https:\/\/www.justiceinfo.net\/fr#website"},"datePublished":"2007-12-02T23:00:00+00:00","breadcrumb":{"@id":"https:\/\/www.justiceinfo.net\/fr\/8675-261007-ictrkaremera-mahakama-ya-ictr-imekataa-kuwasikiliza-wataalam-wa-mashtaka5476.html#breadcrumb"},"inLanguage":"fr-FR","potentialAction":[{"@type":"ReadAction","target":["https:\/\/www.justiceinfo.net\/fr\/8675-261007-ictrkaremera-mahakama-ya-ictr-imekataa-kuwasikiliza-wataalam-wa-mashtaka5476.html"]}]},{"@type":"BreadcrumbList","@id":"https:\/\/www.justiceinfo.net\/fr\/8675-261007-ictrkaremera-mahakama-ya-ictr-imekataa-kuwasikiliza-wataalam-wa-mashtaka5476.html#breadcrumb","itemListElement":[{"@type":"ListItem","position":1,"name":"Home","item":"https:\/\/www.justiceinfo.net\/fr"},{"@type":"ListItem","position":2,"name":"26.10.07 - ICTR\/KAREMERA - MAHAKAMA YA ICTR IMEKATAA KUWASIKILIZA WATAALAM WA MASHTAKA"}]},{"@type":"WebSite","@id":"https:\/\/www.justiceinfo.net\/fr#website","url":"https:\/\/www.justiceinfo.net\/fr","name":"JusticeInfo.net","description":"La justice doit \u00eatre vue pour \u00eatre rendue","publisher":{"@id":"https:\/\/www.justiceinfo.net\/fr#organization"},"potentialAction":[{"@type":"SearchAction","target":{"@type":"EntryPoint","urlTemplate":"https:\/\/www.justiceinfo.net\/fr?s={search_term_string}"},"query-input":{"@type":"PropertyValueSpecification","valueRequired":true,"valueName":"search_term_string"}}],"inLanguage":"fr-FR"},{"@type":"Organization","@id":"https:\/\/www.justiceinfo.net\/fr#organization","name":"Justice Info","url":"https:\/\/www.justiceinfo.net\/fr","logo":{"@type":"ImageObject","inLanguage":"fr-FR","@id":"https:\/\/www.justiceinfo.net\/fr#\/schema\/logo\/image\/","url":"https:\/\/www.justiceinfo.net\/wp-content\/uploads\/justiceinfo_logo-trans_1200x1200px.png","contentUrl":"https:\/\/www.justiceinfo.net\/wp-content\/uploads\/justiceinfo_logo-trans_1200x1200px.png","width":1199,"height":1200,"caption":"Justice Info"},"image":{"@id":"https:\/\/www.justiceinfo.net\/fr#\/schema\/logo\/image\/"},"sameAs":["https:\/\/www.facebook.com\/JusticeInfo\/","https:\/\/x.com\/justiceinfonet","https:\/\/www.linkedin.com\/company\/justice-info","https:\/\/www.youtube.com\/channel\/UCyCEsARodyuWtkWyhn-e7pA"]},{"@type":"Person","name":"solivri","url":"\/fr\/?s=solivri"}]}},"_links":{"self":[{"href":"https:\/\/www.justiceinfo.net\/fr\/wp-json\/wp\/v2\/posts\/8675","targetHints":{"allow":["GET"]}}],"collection":[{"href":"https:\/\/www.justiceinfo.net\/fr\/wp-json\/wp\/v2\/posts"}],"about":[{"href":"https:\/\/www.justiceinfo.net\/fr\/wp-json\/wp\/v2\/types\/post"}],"author":[{"embeddable":true,"href":"https:\/\/www.justiceinfo.net\/fr\/wp-json\/wp\/v2\/users\/64"}],"replies":[{"embeddable":true,"href":"https:\/\/www.justiceinfo.net\/fr\/wp-json\/wp\/v2\/comments?post=8675"}],"version-history":[{"count":0,"href":"https:\/\/www.justiceinfo.net\/fr\/wp-json\/wp\/v2\/posts\/8675\/revisions"}],"wp:attachment":[{"href":"https:\/\/www.justiceinfo.net\/fr\/wp-json\/wp\/v2\/media?parent=8675"}],"wp:term":[{"taxonomy":"category","embeddable":true,"href":"https:\/\/www.justiceinfo.net\/fr\/wp-json\/wp\/v2\/categories?post=8675"},{"taxonomy":"post_tag","embeddable":true,"href":"https:\/\/www.justiceinfo.net\/fr\/wp-json\/wp\/v2\/tags?post=8675"},{"taxonomy":"ji_location","embeddable":true,"href":"https:\/\/www.justiceinfo.net\/fr\/wp-json\/wp\/v2\/ji_location?post=8675"}],"curies":[{"name":"wp","href":"https:\/\/api.w.org\/{rel}","templated":true}]}}