{"id":8684,"date":"2007-12-04T00:00:00","date_gmt":"2007-12-03T23:00:00","guid":{"rendered":"https:\/\/www.justiceinfo.net\/8684-041207-tpirtemoin-le-faux-temoin-condamne-par-le-tpir5485.html"},"modified":"2007-12-04T00:00:00","modified_gmt":"2007-12-03T23:00:00","slug":"041207-tpirtemoin-le-faux-temoin-condamne-par-le-tpir5485","status":"publish","type":"post","link":"https:\/\/www.justiceinfo.net\/fr\/8684-041207-tpirtemoin-le-faux-temoin-condamne-par-le-tpir5485.html","title":{"rendered":"04.12.07 - TPIR\/TEMOIN - LE FAUX TEMOIN CONDAMNE PAR LE TPIR"},"content":{"rendered":"<p>04.12.07 - TPIR\/TEMOIN - LE FAUX TEMOIN CONDAMNE PAR LE TPIR ETAIT POURTANT REVENU SUR SES DECLARATIONS <\/p>\n<p>\nArusha, 4 d&eacute;cembre 2007 (FH) - Le t&eacute;moin rwandais condamn&eacute; lundi par le Tribunal p&eacute;nal international pour le Rwanda (TPIR) pour faux t&eacute;moignages avait, dans une proc&eacute;dure pr&eacute;c&eacute;dente au Rwanda, infirm&eacute; la d&eacute;claration pour laquelle il a &eacute;t&eacute; condamn&eacute;, apprend-on mardi de source proche du dossier.\n<\/p>\n<\/p>\n<p><!--more-->Surnomm&eacute; GAA afin d&rsquo;assurer sa s&eacute;curit&eacute;, ce t&eacute;moin a affirm&eacute; lundi devant une chambre du TPIR qu&rsquo;il avait &eacute;t&eacute; incit&eacute; &agrave; mentir lors du proc&egrave;s en appel pour tenter d&rsquo;innocenter Jean de Dieu Kamuhanda, l&rsquo;ancien ministre rwandais de l&rsquo;enseignement sup&eacute;rieur. Il a &eacute;t&eacute; condamn&eacute; &agrave; 9 mois de prison. <\/p>\n<p>\nSelon l&rsquo;avocate de Kamuhanda, Me Aicha Conde, ce t&eacute;moin &laquo;a soutenu dans une proc&eacute;dure ouverte &agrave; son encontre au Rwanda que la version qu&rsquo;il avait donn&eacute; devant la chambre d&rsquo;appel &eacute;tait la bonne et que c&rsquo;&eacute;tait en premi&egrave;re instance qu&rsquo;il avait menti &raquo;.\n<\/p>\n<p>\nL&rsquo;avocate fran&ccedil;aise, dans un message &agrave; l&rsquo;agence Hirondelle, s&rsquo;est &eacute;tonn&eacute;e que la chambre qui a condamn&eacute; GAA n&rsquo;ait pas jug&eacute; utile de visionner les cassettes d&rsquo;entretien de ce t&eacute;moin avec un enqu&ecirc;teur et qu&rsquo;elle n&rsquo;ait pas davantage jug&eacute; utile de se faire communiquer le rapport d&rsquo;enqu&ecirc;te qui avait &eacute;t&eacute; ordonn&eacute; sur ce sujet en 2005.\n<\/p>\n<p>\nEn outre, Me Conde regrette que l&rsquo;incrimination par GAA d&rsquo;un de ses collaborateurs rwandais, L&eacute;onidas Nshogoza, n&rsquo;ait pas amen&eacute; la chambre &agrave; se faire communiquer le rapport ni m&ecirc;me &agrave; entendre le mis en cause. Elle m&ecirc;me n'a jamais &eacute;t&eacute; entendue sur cette affaire, a appris l'agence Hirondelle de source proche du dossier.\n<\/p>\n<p>\nCet enqu&ecirc;teur a &eacute;t&eacute; d&eacute;tenu au Rwanda depuis le mois de juin dans le cadre de cette affaire, et le procureur a demand&eacute; 10 ans de prison. Pr&eacute;textant de nouvelles pr&eacute;cisions attendues du TPIR, le tribunal rwandais l&rsquo;a remis la semaine derni&egrave;re en libert&eacute; provisoire. Selon des sources inform&eacute;es, le tribunal aurait adress&eacute; r&eacute;cemment une note au Rwanda demandant que l&rsquo;immunit&eacute; des employ&eacute;s du tribunal soit respect&eacute;e.\n<\/p>\n<p>\nLe jugement de GAA, d&eacute;tenu par le TPIR depuis 5 mois, a &eacute;t&eacute; organis&eacute; rapidement. L'administration du tribunal en a &eacute;t&eacute; pr&eacute;venu vendredi apr&egrave;s-midi apr&egrave;s l'heure de la fermeture des bureaux, et aucune publicit&eacute; n'avait &eacute;t&eacute; faite de ce premier jugement pour faux t&eacute;moignage au TPIR. Malgr&eacute; une demande de l'avocat tanzanien commis d'office, aucun d&eacute;lai n'a &eacute;t&eacute; accord&eacute;.\n<\/p>\n<p>\nPB\/AT\/GF<br \/>\n&copy; Agence Hirondelle<\/p>\n","protected":false},"excerpt":{"rendered":"<p>04.12.07 - TPIR\/TEMOIN - LE FAUX TEMOIN CONDAMNE PAR LE TPIR ETAIT POURTANT REVENU SUR SES DECLARATIONS Arusha, 4 d&eacute;cembre 2007 (FH) - Le t&eacute;moin rwandais condamn&eacute; lundi par le Tribunal p&eacute;nal international pour le Rwanda (TPIR) pour faux t&eacute;moignages avait, dans une proc&eacute;dure pr&eacute;c&eacute;dente au Rwanda, infirm&eacute; la d&eacute;claration pour laquelle il a &eacute;t&eacute; [&hellip;]<\/p>\n","protected":false},"author":64,"featured_media":0,"comment_status":"open","ping_status":"closed","sticky":false,"template":"","format":"standard","meta":{"_acf_changed":false,"footnotes":""},"categories":[554],"tags":[],"ji_location":[],"class_list":["post-8684","post","type-post","status-publish","format-standard","hentry","category-hirondellenews"],"acf":[],"yoast_head":"<!-- This site is optimized with the Yoast SEO Premium plugin v25.3.1 (Yoast SEO v25.3.1) - https:\/\/yoast.com\/wordpress\/plugins\/seo\/ -->\n<title>04.12.07 - TPIR\/TEMOIN - LE FAUX TEMOIN CONDAMNE PAR LE TPIR - JusticeInfo.net<\/title>\n<meta name=\"robots\" content=\"index, follow, max-snippet:-1, max-image-preview:large, max-video-preview:-1\" \/>\n<link rel=\"canonical\" href=\"https:\/\/www.justiceinfo.net\/fr\/8684-041207-tpirtemoin-le-faux-temoin-condamne-par-le-tpir5485.html\" \/>\n<meta property=\"og:locale\" content=\"fr_FR\" \/>\n<meta property=\"og:type\" content=\"article\" \/>\n<meta property=\"og:title\" content=\"04.12.07 - TPIR\/TEMOIN - LE FAUX TEMOIN CONDAMNE PAR LE TPIR\" \/>\n<meta property=\"og:description\" content=\"04.12.07 - TPIR\/TEMOIN - LE FAUX TEMOIN CONDAMNE PAR LE TPIR ETAIT POURTANT REVENU SUR SES DECLARATIONS Arusha, 4 d&eacute;cembre 2007 (FH) - Le t&eacute;moin rwandais condamn&eacute; lundi par le Tribunal p&eacute;nal international pour le Rwanda (TPIR) pour faux t&eacute;moignages avait, dans une proc&eacute;dure pr&eacute;c&eacute;dente au Rwanda, infirm&eacute; la d&eacute;claration pour laquelle il a &eacute;t&eacute; [&hellip;]\" \/>\n<meta property=\"og:url\" content=\"https:\/\/www.justiceinfo.net\/fr\/8684-041207-tpirtemoin-le-faux-temoin-condamne-par-le-tpir5485.html\" \/>\n<meta property=\"og:site_name\" content=\"JusticeInfo.net\" \/>\n<meta property=\"article:publisher\" content=\"https:\/\/www.facebook.com\/JusticeInfo\/\" \/>\n<meta property=\"article:published_time\" content=\"2007-12-03T23:00:00+00:00\" \/>\n<meta property=\"og:image\" content=\"https:\/\/www.justiceinfo.net\/wp-content\/uploads\/JusticeInfoNet_logo_1200x630px.jpg\" \/>\n\t<meta property=\"og:image:width\" content=\"1200\" \/>\n\t<meta property=\"og:image:height\" content=\"630\" \/>\n\t<meta property=\"og:image:type\" content=\"image\/jpeg\" \/>\n<meta name=\"author\" content=\"solivri\" \/>\n<meta name=\"twitter:card\" content=\"summary_large_image\" \/>\n<meta name=\"twitter:creator\" content=\"@justiceinfonet\" \/>\n<meta name=\"twitter:site\" content=\"@justiceinfonet\" \/>\n<meta name=\"twitter:label1\" content=\"\u00c9crit par\" \/>\n\t<meta name=\"twitter:data1\" content=\"solivri\" \/>\n\t<meta name=\"twitter:label2\" content=\"Dur\u00e9e de lecture estim\u00e9e\" \/>\n\t<meta name=\"twitter:data2\" content=\"3 minutes\" \/>\n<script type=\"application\/ld+json\" class=\"yoast-schema-graph\">{\"@context\":\"https:\/\/schema.org\",\"@graph\":[{\"@type\":\"NewsArticle\",\"@id\":\"https:\/\/www.justiceinfo.net\/fr\/8684-041207-tpirtemoin-le-faux-temoin-condamne-par-le-tpir5485.html#article\",\"isPartOf\":{\"@id\":\"https:\/\/www.justiceinfo.net\/fr\/8684-041207-tpirtemoin-le-faux-temoin-condamne-par-le-tpir5485.html\"},\"author\":{\"name\":\"solivri\",\"@id\":\"https:\/\/www.justiceinfo.net\/fr#\/schema\/person\/6e53cba1629e2e66f3fc1821d3091865\"},\"headline\":\"04.12.07 - TPIR\/TEMOIN - LE FAUX TEMOIN CONDAMNE PAR LE TPIR\",\"datePublished\":\"2007-12-03T23:00:00+00:00\",\"mainEntityOfPage\":{\"@id\":\"https:\/\/www.justiceinfo.net\/fr\/8684-041207-tpirtemoin-le-faux-temoin-condamne-par-le-tpir5485.html\"},\"wordCount\":576,\"commentCount\":0,\"publisher\":{\"@id\":\"https:\/\/www.justiceinfo.net\/fr#organization\"},\"articleSection\":[\"Hirondelle News\"],\"inLanguage\":\"fr-FR\",\"potentialAction\":[{\"@type\":\"CommentAction\",\"name\":\"Comment\",\"target\":[\"https:\/\/www.justiceinfo.net\/fr\/8684-041207-tpirtemoin-le-faux-temoin-condamne-par-le-tpir5485.html#respond\"]}]},{\"@type\":\"WebPage\",\"@id\":\"https:\/\/www.justiceinfo.net\/fr\/8684-041207-tpirtemoin-le-faux-temoin-condamne-par-le-tpir5485.html\",\"url\":\"https:\/\/www.justiceinfo.net\/fr\/8684-041207-tpirtemoin-le-faux-temoin-condamne-par-le-tpir5485.html\",\"name\":\"04.12.07 - TPIR\/TEMOIN - LE FAUX TEMOIN CONDAMNE PAR LE TPIR - JusticeInfo.net\",\"isPartOf\":{\"@id\":\"https:\/\/www.justiceinfo.net\/fr#website\"},\"datePublished\":\"2007-12-03T23:00:00+00:00\",\"breadcrumb\":{\"@id\":\"https:\/\/www.justiceinfo.net\/fr\/8684-041207-tpirtemoin-le-faux-temoin-condamne-par-le-tpir5485.html#breadcrumb\"},\"inLanguage\":\"fr-FR\",\"potentialAction\":[{\"@type\":\"ReadAction\",\"target\":[\"https:\/\/www.justiceinfo.net\/fr\/8684-041207-tpirtemoin-le-faux-temoin-condamne-par-le-tpir5485.html\"]}]},{\"@type\":\"BreadcrumbList\",\"@id\":\"https:\/\/www.justiceinfo.net\/fr\/8684-041207-tpirtemoin-le-faux-temoin-condamne-par-le-tpir5485.html#breadcrumb\",\"itemListElement\":[{\"@type\":\"ListItem\",\"position\":1,\"name\":\"Home\",\"item\":\"https:\/\/www.justiceinfo.net\/fr\"},{\"@type\":\"ListItem\",\"position\":2,\"name\":\"04.12.07 - TPIR\/TEMOIN - LE FAUX TEMOIN CONDAMNE PAR LE TPIR\"}]},{\"@type\":\"WebSite\",\"@id\":\"https:\/\/www.justiceinfo.net\/fr#website\",\"url\":\"https:\/\/www.justiceinfo.net\/fr\",\"name\":\"JusticeInfo.net\",\"description\":\"La justice doit \u00eatre vue pour \u00eatre rendue\",\"publisher\":{\"@id\":\"https:\/\/www.justiceinfo.net\/fr#organization\"},\"potentialAction\":[{\"@type\":\"SearchAction\",\"target\":{\"@type\":\"EntryPoint\",\"urlTemplate\":\"https:\/\/www.justiceinfo.net\/fr?s={search_term_string}\"},\"query-input\":{\"@type\":\"PropertyValueSpecification\",\"valueRequired\":true,\"valueName\":\"search_term_string\"}}],\"inLanguage\":\"fr-FR\"},{\"@type\":\"Organization\",\"@id\":\"https:\/\/www.justiceinfo.net\/fr#organization\",\"name\":\"Justice Info\",\"url\":\"https:\/\/www.justiceinfo.net\/fr\",\"logo\":{\"@type\":\"ImageObject\",\"inLanguage\":\"fr-FR\",\"@id\":\"https:\/\/www.justiceinfo.net\/fr#\/schema\/logo\/image\/\",\"url\":\"https:\/\/www.justiceinfo.net\/wp-content\/uploads\/justiceinfo_logo-trans_1200x1200px.png\",\"contentUrl\":\"https:\/\/www.justiceinfo.net\/wp-content\/uploads\/justiceinfo_logo-trans_1200x1200px.png\",\"width\":1199,\"height\":1200,\"caption\":\"Justice Info\"},\"image\":{\"@id\":\"https:\/\/www.justiceinfo.net\/fr#\/schema\/logo\/image\/\"},\"sameAs\":[\"https:\/\/www.facebook.com\/JusticeInfo\/\",\"https:\/\/x.com\/justiceinfonet\",\"https:\/\/www.linkedin.com\/company\/justice-info\",\"https:\/\/www.youtube.com\/channel\/UCyCEsARodyuWtkWyhn-e7pA\"]},{\"@type\":\"Person\",\"name\":\"solivri\",\"url\":\"\/fr\/?s=solivri\"}]}<\/script>\n<!-- \/ Yoast SEO Premium plugin. -->","yoast_head_json":{"title":"04.12.07 - TPIR\/TEMOIN - LE FAUX TEMOIN CONDAMNE PAR LE TPIR - JusticeInfo.net","robots":{"index":"index","follow":"follow","max-snippet":"max-snippet:-1","max-image-preview":"max-image-preview:large","max-video-preview":"max-video-preview:-1"},"canonical":"https:\/\/www.justiceinfo.net\/fr\/8684-041207-tpirtemoin-le-faux-temoin-condamne-par-le-tpir5485.html","og_locale":"fr_FR","og_type":"article","og_title":"04.12.07 - TPIR\/TEMOIN - LE FAUX TEMOIN CONDAMNE PAR LE TPIR","og_description":"04.12.07 - TPIR\/TEMOIN - LE FAUX TEMOIN CONDAMNE PAR LE TPIR ETAIT POURTANT REVENU SUR SES DECLARATIONS Arusha, 4 d&eacute;cembre 2007 (FH) - Le t&eacute;moin rwandais condamn&eacute; lundi par le Tribunal p&eacute;nal international pour le Rwanda (TPIR) pour faux t&eacute;moignages avait, dans une proc&eacute;dure pr&eacute;c&eacute;dente au Rwanda, infirm&eacute; la d&eacute;claration pour laquelle il a &eacute;t&eacute; [&hellip;]","og_url":"https:\/\/www.justiceinfo.net\/fr\/8684-041207-tpirtemoin-le-faux-temoin-condamne-par-le-tpir5485.html","og_site_name":"JusticeInfo.net","article_publisher":"https:\/\/www.facebook.com\/JusticeInfo\/","article_published_time":"2007-12-03T23:00:00+00:00","og_image":[{"width":1200,"height":630,"url":"https:\/\/www.justiceinfo.net\/wp-content\/uploads\/JusticeInfoNet_logo_1200x630px.jpg","type":"image\/jpeg"}],"author":"solivri","twitter_card":"summary_large_image","twitter_creator":"@justiceinfonet","twitter_site":"@justiceinfonet","twitter_misc":{"\u00c9crit par":"solivri","Dur\u00e9e de lecture estim\u00e9e":"3 minutes"},"schema":{"@context":"https:\/\/schema.org","@graph":[{"@type":"NewsArticle","@id":"https:\/\/www.justiceinfo.net\/fr\/8684-041207-tpirtemoin-le-faux-temoin-condamne-par-le-tpir5485.html#article","isPartOf":{"@id":"https:\/\/www.justiceinfo.net\/fr\/8684-041207-tpirtemoin-le-faux-temoin-condamne-par-le-tpir5485.html"},"author":{"name":"solivri","@id":"https:\/\/www.justiceinfo.net\/fr#\/schema\/person\/6e53cba1629e2e66f3fc1821d3091865"},"headline":"04.12.07 - TPIR\/TEMOIN - LE FAUX TEMOIN CONDAMNE PAR LE TPIR","datePublished":"2007-12-03T23:00:00+00:00","mainEntityOfPage":{"@id":"https:\/\/www.justiceinfo.net\/fr\/8684-041207-tpirtemoin-le-faux-temoin-condamne-par-le-tpir5485.html"},"wordCount":576,"commentCount":0,"publisher":{"@id":"https:\/\/www.justiceinfo.net\/fr#organization"},"articleSection":["Hirondelle News"],"inLanguage":"fr-FR","potentialAction":[{"@type":"CommentAction","name":"Comment","target":["https:\/\/www.justiceinfo.net\/fr\/8684-041207-tpirtemoin-le-faux-temoin-condamne-par-le-tpir5485.html#respond"]}]},{"@type":"WebPage","@id":"https:\/\/www.justiceinfo.net\/fr\/8684-041207-tpirtemoin-le-faux-temoin-condamne-par-le-tpir5485.html","url":"https:\/\/www.justiceinfo.net\/fr\/8684-041207-tpirtemoin-le-faux-temoin-condamne-par-le-tpir5485.html","name":"04.12.07 - TPIR\/TEMOIN - LE FAUX TEMOIN CONDAMNE PAR LE TPIR - JusticeInfo.net","isPartOf":{"@id":"https:\/\/www.justiceinfo.net\/fr#website"},"datePublished":"2007-12-03T23:00:00+00:00","breadcrumb":{"@id":"https:\/\/www.justiceinfo.net\/fr\/8684-041207-tpirtemoin-le-faux-temoin-condamne-par-le-tpir5485.html#breadcrumb"},"inLanguage":"fr-FR","potentialAction":[{"@type":"ReadAction","target":["https:\/\/www.justiceinfo.net\/fr\/8684-041207-tpirtemoin-le-faux-temoin-condamne-par-le-tpir5485.html"]}]},{"@type":"BreadcrumbList","@id":"https:\/\/www.justiceinfo.net\/fr\/8684-041207-tpirtemoin-le-faux-temoin-condamne-par-le-tpir5485.html#breadcrumb","itemListElement":[{"@type":"ListItem","position":1,"name":"Home","item":"https:\/\/www.justiceinfo.net\/fr"},{"@type":"ListItem","position":2,"name":"04.12.07 - TPIR\/TEMOIN - LE FAUX TEMOIN CONDAMNE PAR LE TPIR"}]},{"@type":"WebSite","@id":"https:\/\/www.justiceinfo.net\/fr#website","url":"https:\/\/www.justiceinfo.net\/fr","name":"JusticeInfo.net","description":"La justice doit \u00eatre vue pour \u00eatre rendue","publisher":{"@id":"https:\/\/www.justiceinfo.net\/fr#organization"},"potentialAction":[{"@type":"SearchAction","target":{"@type":"EntryPoint","urlTemplate":"https:\/\/www.justiceinfo.net\/fr?s={search_term_string}"},"query-input":{"@type":"PropertyValueSpecification","valueRequired":true,"valueName":"search_term_string"}}],"inLanguage":"fr-FR"},{"@type":"Organization","@id":"https:\/\/www.justiceinfo.net\/fr#organization","name":"Justice Info","url":"https:\/\/www.justiceinfo.net\/fr","logo":{"@type":"ImageObject","inLanguage":"fr-FR","@id":"https:\/\/www.justiceinfo.net\/fr#\/schema\/logo\/image\/","url":"https:\/\/www.justiceinfo.net\/wp-content\/uploads\/justiceinfo_logo-trans_1200x1200px.png","contentUrl":"https:\/\/www.justiceinfo.net\/wp-content\/uploads\/justiceinfo_logo-trans_1200x1200px.png","width":1199,"height":1200,"caption":"Justice Info"},"image":{"@id":"https:\/\/www.justiceinfo.net\/fr#\/schema\/logo\/image\/"},"sameAs":["https:\/\/www.facebook.com\/JusticeInfo\/","https:\/\/x.com\/justiceinfonet","https:\/\/www.linkedin.com\/company\/justice-info","https:\/\/www.youtube.com\/channel\/UCyCEsARodyuWtkWyhn-e7pA"]},{"@type":"Person","name":"solivri","url":"\/fr\/?s=solivri"}]}},"_links":{"self":[{"href":"https:\/\/www.justiceinfo.net\/fr\/wp-json\/wp\/v2\/posts\/8684","targetHints":{"allow":["GET"]}}],"collection":[{"href":"https:\/\/www.justiceinfo.net\/fr\/wp-json\/wp\/v2\/posts"}],"about":[{"href":"https:\/\/www.justiceinfo.net\/fr\/wp-json\/wp\/v2\/types\/post"}],"author":[{"embeddable":true,"href":"https:\/\/www.justiceinfo.net\/fr\/wp-json\/wp\/v2\/users\/64"}],"replies":[{"embeddable":true,"href":"https:\/\/www.justiceinfo.net\/fr\/wp-json\/wp\/v2\/comments?post=8684"}],"version-history":[{"count":0,"href":"https:\/\/www.justiceinfo.net\/fr\/wp-json\/wp\/v2\/posts\/8684\/revisions"}],"wp:attachment":[{"href":"https:\/\/www.justiceinfo.net\/fr\/wp-json\/wp\/v2\/media?parent=8684"}],"wp:term":[{"taxonomy":"category","embeddable":true,"href":"https:\/\/www.justiceinfo.net\/fr\/wp-json\/wp\/v2\/categories?post=8684"},{"taxonomy":"post_tag","embeddable":true,"href":"https:\/\/www.justiceinfo.net\/fr\/wp-json\/wp\/v2\/tags?post=8684"},{"taxonomy":"ji_location","embeddable":true,"href":"https:\/\/www.justiceinfo.net\/fr\/wp-json\/wp\/v2\/ji_location?post=8684"}],"curies":[{"name":"wp","href":"https:\/\/api.w.org\/{rel}","templated":true}]}}