{"id":8706,"date":"2007-12-07T00:00:00","date_gmt":"2007-12-06T23:00:00","guid":{"rendered":"https:\/\/www.justiceinfo.net\/8706-071207-pirmedias-la-chambre-dappel-releve-les-carences-et-les-faiblesses-du-premier-jugement5507.html"},"modified":"2007-12-07T00:00:00","modified_gmt":"2007-12-06T23:00:00","slug":"071207-pirmedias-la-chambre-dappel-releve-les-carences-et-les-faiblesses-du-premier-jugement5507","status":"publish","type":"post","link":"https:\/\/www.justiceinfo.net\/fr\/8706-071207-pirmedias-la-chambre-dappel-releve-les-carences-et-les-faiblesses-du-premier-jugement5507.html","title":{"rendered":"07.12.07 - PIR\/MEDIAS - LA CHAMBRE D\u2019APPEL RELEVE LES CARENCES ET LES FAIBLESSES DU PREMIER JUGEMENT"},"content":{"rendered":"<p>La Haye, 7 decembre (FH) - La Chambre d&rsquo;appel du Tribunal p&eacute;nal international pour le Rwanda (TPIR), en rendant la semaine derni&egrave;re son jugement dans l&rsquo;affaire dite des &laquo; m&eacute;dias &raquo;, n&rsquo;a pas suivi la position prise par la Chambre de premi&egrave;re instance le 3 d&eacute;cembre 2003.&nbsp;<br \/>\n<!--more-->Les juges d&rsquo;appel ont notamment mis en &eacute;vidence des carences dans la d&eacute;monstration du Procureur et des faiblesses dans l&rsquo;analyse juridique de leurs pr&eacute;d&eacute;cesseurs. <\/p>\n<p>Pour autant la chambre de La Haye n&rsquo;a accueilli qu&rsquo;en partie les moyens d&rsquo;appel des trois accus&eacute;s Fernand Nahimana, Jean-Bosco Barayagwiza et Hassan Ngeze. Elle a relev&eacute; et sanctionn&eacute; un nombre important d&rsquo;erreurs, engendrant tout autant d&rsquo;annulations de d&eacute;clarations de culpabilit&eacute;. <\/p>\n<p>Comme erreur, la Chambre d&rsquo;appel soul&egrave;ve un d&eacute;faut de motivation dans certaines d&eacute;clarations de culpabilit&eacute; de la part de la Chambre de premi&egrave;re instance, par exemple quand elle ne d&eacute;taille pas ni ne vise express&eacute;ment les faits et actes indispensables pour retenir la responsabilit&eacute; des trois accus&eacute;s qui se seraient d&eacute;roul&eacute;s en 1994. <\/p>\n<p>Elle retient aussi des erreurs juridiques telles qu&rsquo;une violation des droits de la D&eacute;fense pour ne pas avoir suspendu les d&eacute;bats en attendant que le nouvel avocat de Barayagwiza soit nomm&eacute;, et une violation du principe de l&rsquo;&eacute;galit&eacute; des armes. En cons&eacute;quence, ils ont tout simplement annul&eacute; toute allusion aux d&eacute;bats qui se sont produits pendant cette p&eacute;riode. <\/p>\n<p>Les juges d&rsquo;appel reprochent surtout une transgression de la comp&eacute;tence ratione temporis en basant la responsabilit&eacute; des accus&eacute;s sur des faits ant&eacute;rieurs &agrave; 1994. Or, selon les articles 1 et 7 du Statut du TPIR, les accus&eacute;s du Tribunal international ne peuvent &ecirc;tre jug&eacute;s que pour des crimes qu&rsquo;ils ont commis entre le 1er janvier et le 31 d&eacute;cembre 1994. <\/p>\n<p>Dans le cas o&ugrave; le comportement criminel aurait commenc&eacute; avant et se serait prolong&eacute; apr&egrave;s, le TPIR ne peut condamner que pour ce qui s&rsquo;est pass&eacute; en 1994, les faits ant&eacute;rieurs ne pouvant servir qu&rsquo;&agrave; comprendre et cerner le contexte dans lequel se sont d&eacute;roul&eacute;s les &eacute;v&egrave;nements souligne l&rsquo;arr&ecirc;t. <\/p>\n<p>Et c&rsquo;est la particularit&eacute; m&ecirc;me des deux Tribunaux p&eacute;naux internationaux pour le Rwanda (TPIR) et l&rsquo;ex-Yougoslavie (TPIY) pour lesquels le Conseil de s&eacute;curit&eacute; des Nationaux Unies a strictement limit&eacute; la comp&eacute;tence &agrave; un territoire et une p&eacute;riode clairement d&eacute;finis. &laquo; Les dispositions conf&eacute;rant comp&eacute;tence &agrave; un Tribunal international et (&hellip;) le droit p&eacute;nal &raquo;, en g&eacute;n&eacute;ral, sont par principe d&rsquo;interpr&eacute;tation stricte rappelle la Chambre d&rsquo;appel. <\/p>\n<p>Ceci n&rsquo;exclut pas pour autant l&rsquo;admissibilit&eacute; des &eacute;l&eacute;ments de preuve ant&eacute;rieurs &agrave; 1994 d&egrave;s lors, pr&eacute;cisent les juges d&rsquo;appel, &laquo; que de tels &eacute;l&eacute;ments de preuve sont pertinents, qu&rsquo;ils ont valeur probante et qu&rsquo;il n&rsquo;existe aucune raison pr&eacute;pond&eacute;rante de les exclure &raquo;. <\/p>\n<p>Ils identifient &eacute;galement une distorsion du concept juridique de l&rsquo;incitation directe et publique &agrave; commettre des actes de g&eacute;nocide qui a &eacute;t&eacute; consid&eacute;r&eacute; comme une infraction continue. <\/p>\n<p>La Chambre d&rsquo;appel est d&rsquo;avis que cette infraction, pr&eacute;vue par l&rsquo;article 2 (3) (c) du Statut, &laquo; est consomm&eacute;e d&egrave;s que les propos en question ont &eacute;t&eacute; tenus, diffus&eacute;s ou publi&eacute;s &raquo; et ne se continue pas &laquo; jusqu&rsquo;&agrave; l&rsquo;accomplissement des actes envisag&eacute;s &raquo; comme la soutenu la Chambre de premi&egrave;re instance. <\/p>\n<p>Ce qui est diff&eacute;rent de l&rsquo;incitation comme mode de responsabilit&eacute; (article 6 (1)) du Statut pour laquelle l&rsquo;accus&eacute; sera responsable si elle a &eacute;t&eacute; suivie par la commission d&rsquo;un crime puni par les articles 2 &agrave; 4 du Statut. <\/p>\n<p>Les erreurs juridiques commises en premi&egrave;re instance sont li&eacute;es entre elles. Admettre que le crime d&rsquo;incitation est une infraction continue et prendre en compte des actes ant&eacute;rieurs &agrave; 1994 permettaient de pallier au manque de preuve, flagrant depuis l&rsquo;analyse de la Chambre d&rsquo;appel, de la responsabilit&eacute; des trois accus&eacute;s pour certains &eacute;v&egrave;nements. <\/p>\n<p>Face au nombre d&rsquo;erreurs, le Juge Th&eacute;odore Meron, dans son opinion dissidente, consid&egrave;re que la meilleure solution aurait &eacute;t&eacute; de renvoyer l&rsquo;affaire en premi&egrave;re instance plut&ocirc;t que de tenter de corriger et pallier les erreurs. <\/p>\n<p>Est-ce l&rsquo;urgence du d&eacute;part pr&eacute;vu de la Juge Pillay vers la Cour p&eacute;nale internationale qui aurait pr&eacute;cipit&eacute; la prise de d&eacute;cision et une certaine n&eacute;gligence dans l&rsquo;analyse des &eacute;l&eacute;ments de preuve ? <\/p>\n<p>La justice p&eacute;nale internationale n&rsquo;avait plus connu d&rsquo;affaires sur l&rsquo;apologie de la haine dans des m&eacute;dias depuis la condamnation de Julius Streicher &agrave; Nuremberg. Mais Streicher, fondateur et &eacute;diteur du journal violemment antis&eacute;mite &laquo; Der St&uuml;rmer &raquo;, n&rsquo;avait pas &eacute;t&eacute; poursuivi pour incitation directe et publique &agrave; commettre le g&eacute;nocide, ce crime n&rsquo;&eacute;tant pas connu du droit international &agrave; cette &eacute;poque. <\/p>\n<p>Les juges du TPIR, corrig&eacute;s par la Chambre d&rsquo;appel, ont n&eacute;anmoins d&eacute;montr&eacute; qu&rsquo;il y avait un lien de causalit&eacute; entre les violations graves du droit international humanitaire commises au Rwanda en 1994 et tout d&rsquo;abord les &eacute;missions diffus&eacute;es par la RTLM, compar&eacute;e par certains &agrave; une arme du g&eacute;nocide, puis les articles publi&eacute;s par Kangura, et enfin le r&ocirc;le du parti politique de la Coalition pour la d&eacute;fense de la r&eacute;publique (CDR). <\/p>\n<p>La Chambre d&rsquo;appel a annul&eacute; la majorit&eacute; des d&eacute;clarations de culpabilit&eacute; prononc&eacute;es en premi&egrave;re instance contre Fernand Nahimana, Jean-Bosco Barayagwiza et Hassan Ngeze mais n&rsquo;a pas pour autant r&eacute;duit consid&eacute;rablement leurs peines, ce qui a surpris plus d&rsquo;un juriste. <\/p>\n<p>AV\/PB\/GF<br \/>\n&copy; Agence Hirondelle<\/p>\n","protected":false},"excerpt":{"rendered":"<p>La Haye, 7 decembre (FH) - La Chambre d&rsquo;appel du Tribunal p&eacute;nal international pour le Rwanda (TPIR), en rendant la semaine derni&egrave;re son jugement dans l&rsquo;affaire dite des &laquo; m&eacute;dias &raquo;, n&rsquo;a pas suivi la position prise par la Chambre de premi&egrave;re instance le 3 d&eacute;cembre 2003.&nbsp;<\/p>\n","protected":false},"author":64,"featured_media":0,"comment_status":"open","ping_status":"closed","sticky":false,"template":"","format":"standard","meta":{"_acf_changed":false,"footnotes":""},"categories":[554],"tags":[],"ji_location":[],"class_list":["post-8706","post","type-post","status-publish","format-standard","hentry","category-hirondellenews"],"acf":[],"yoast_head":"<!-- This site is optimized with the Yoast SEO Premium plugin v25.3.1 (Yoast SEO v25.3.1) - https:\/\/yoast.com\/wordpress\/plugins\/seo\/ -->\n<title>07.12.07 - PIR\/MEDIAS - LA CHAMBRE D\u2019APPEL RELEVE LES CARENCES ET LES FAIBLESSES DU PREMIER JUGEMENT - JusticeInfo.net<\/title>\n<meta name=\"robots\" content=\"index, follow, max-snippet:-1, max-image-preview:large, max-video-preview:-1\" \/>\n<link rel=\"canonical\" href=\"https:\/\/www.justiceinfo.net\/fr\/8706-071207-pirmedias-la-chambre-dappel-releve-les-carences-et-les-faiblesses-du-premier-jugement5507.html\" \/>\n<meta property=\"og:locale\" content=\"fr_FR\" \/>\n<meta property=\"og:type\" content=\"article\" \/>\n<meta property=\"og:title\" content=\"07.12.07 - PIR\/MEDIAS - LA CHAMBRE D\u2019APPEL RELEVE LES CARENCES ET LES FAIBLESSES DU PREMIER JUGEMENT\" \/>\n<meta property=\"og:description\" content=\"La Haye, 7 decembre (FH) - La Chambre d&rsquo;appel du Tribunal p&eacute;nal international pour le Rwanda (TPIR), en rendant la semaine derni&egrave;re son jugement dans l&rsquo;affaire dite des &laquo; m&eacute;dias &raquo;, n&rsquo;a pas suivi la position prise par la Chambre de premi&egrave;re instance le 3 d&eacute;cembre 2003.&nbsp;\" \/>\n<meta property=\"og:url\" content=\"https:\/\/www.justiceinfo.net\/fr\/8706-071207-pirmedias-la-chambre-dappel-releve-les-carences-et-les-faiblesses-du-premier-jugement5507.html\" \/>\n<meta property=\"og:site_name\" content=\"JusticeInfo.net\" \/>\n<meta property=\"article:publisher\" content=\"https:\/\/www.facebook.com\/JusticeInfo\/\" \/>\n<meta property=\"article:published_time\" content=\"2007-12-06T23:00:00+00:00\" \/>\n<meta property=\"og:image\" content=\"https:\/\/www.justiceinfo.net\/wp-content\/uploads\/JusticeInfoNet_logo_1200x630px.jpg\" \/>\n\t<meta property=\"og:image:width\" content=\"1200\" \/>\n\t<meta property=\"og:image:height\" content=\"630\" \/>\n\t<meta property=\"og:image:type\" content=\"image\/jpeg\" \/>\n<meta name=\"author\" content=\"solivri\" \/>\n<meta name=\"twitter:card\" content=\"summary_large_image\" \/>\n<meta name=\"twitter:creator\" content=\"@justiceinfonet\" \/>\n<meta name=\"twitter:site\" content=\"@justiceinfonet\" \/>\n<meta name=\"twitter:label1\" content=\"\u00c9crit par\" \/>\n\t<meta name=\"twitter:data1\" content=\"solivri\" \/>\n\t<meta name=\"twitter:label2\" content=\"Dur\u00e9e de lecture estim\u00e9e\" \/>\n\t<meta name=\"twitter:data2\" content=\"6 minutes\" \/>\n<script type=\"application\/ld+json\" class=\"yoast-schema-graph\">{\"@context\":\"https:\/\/schema.org\",\"@graph\":[{\"@type\":\"NewsArticle\",\"@id\":\"https:\/\/www.justiceinfo.net\/fr\/8706-071207-pirmedias-la-chambre-dappel-releve-les-carences-et-les-faiblesses-du-premier-jugement5507.html#article\",\"isPartOf\":{\"@id\":\"https:\/\/www.justiceinfo.net\/fr\/8706-071207-pirmedias-la-chambre-dappel-releve-les-carences-et-les-faiblesses-du-premier-jugement5507.html\"},\"author\":{\"name\":\"solivri\",\"@id\":\"https:\/\/www.justiceinfo.net\/fr#\/schema\/person\/6e53cba1629e2e66f3fc1821d3091865\"},\"headline\":\"07.12.07 - PIR\/MEDIAS - LA CHAMBRE D\u2019APPEL RELEVE LES CARENCES ET LES FAIBLESSES DU PREMIER JUGEMENT\",\"datePublished\":\"2007-12-06T23:00:00+00:00\",\"mainEntityOfPage\":{\"@id\":\"https:\/\/www.justiceinfo.net\/fr\/8706-071207-pirmedias-la-chambre-dappel-releve-les-carences-et-les-faiblesses-du-premier-jugement5507.html\"},\"wordCount\":1214,\"commentCount\":0,\"publisher\":{\"@id\":\"https:\/\/www.justiceinfo.net\/fr#organization\"},\"articleSection\":[\"Hirondelle News\"],\"inLanguage\":\"fr-FR\",\"potentialAction\":[{\"@type\":\"CommentAction\",\"name\":\"Comment\",\"target\":[\"https:\/\/www.justiceinfo.net\/fr\/8706-071207-pirmedias-la-chambre-dappel-releve-les-carences-et-les-faiblesses-du-premier-jugement5507.html#respond\"]}]},{\"@type\":\"WebPage\",\"@id\":\"https:\/\/www.justiceinfo.net\/fr\/8706-071207-pirmedias-la-chambre-dappel-releve-les-carences-et-les-faiblesses-du-premier-jugement5507.html\",\"url\":\"https:\/\/www.justiceinfo.net\/fr\/8706-071207-pirmedias-la-chambre-dappel-releve-les-carences-et-les-faiblesses-du-premier-jugement5507.html\",\"name\":\"07.12.07 - PIR\/MEDIAS - LA CHAMBRE D\u2019APPEL RELEVE LES CARENCES ET LES FAIBLESSES DU PREMIER JUGEMENT - JusticeInfo.net\",\"isPartOf\":{\"@id\":\"https:\/\/www.justiceinfo.net\/fr#website\"},\"datePublished\":\"2007-12-06T23:00:00+00:00\",\"breadcrumb\":{\"@id\":\"https:\/\/www.justiceinfo.net\/fr\/8706-071207-pirmedias-la-chambre-dappel-releve-les-carences-et-les-faiblesses-du-premier-jugement5507.html#breadcrumb\"},\"inLanguage\":\"fr-FR\",\"potentialAction\":[{\"@type\":\"ReadAction\",\"target\":[\"https:\/\/www.justiceinfo.net\/fr\/8706-071207-pirmedias-la-chambre-dappel-releve-les-carences-et-les-faiblesses-du-premier-jugement5507.html\"]}]},{\"@type\":\"BreadcrumbList\",\"@id\":\"https:\/\/www.justiceinfo.net\/fr\/8706-071207-pirmedias-la-chambre-dappel-releve-les-carences-et-les-faiblesses-du-premier-jugement5507.html#breadcrumb\",\"itemListElement\":[{\"@type\":\"ListItem\",\"position\":1,\"name\":\"Home\",\"item\":\"https:\/\/www.justiceinfo.net\/fr\"},{\"@type\":\"ListItem\",\"position\":2,\"name\":\"07.12.07 - PIR\/MEDIAS - LA CHAMBRE D\u2019APPEL RELEVE LES CARENCES ET LES FAIBLESSES DU PREMIER JUGEMENT\"}]},{\"@type\":\"WebSite\",\"@id\":\"https:\/\/www.justiceinfo.net\/fr#website\",\"url\":\"https:\/\/www.justiceinfo.net\/fr\",\"name\":\"JusticeInfo.net\",\"description\":\"La justice doit \u00eatre vue pour \u00eatre rendue\",\"publisher\":{\"@id\":\"https:\/\/www.justiceinfo.net\/fr#organization\"},\"potentialAction\":[{\"@type\":\"SearchAction\",\"target\":{\"@type\":\"EntryPoint\",\"urlTemplate\":\"https:\/\/www.justiceinfo.net\/fr?s={search_term_string}\"},\"query-input\":{\"@type\":\"PropertyValueSpecification\",\"valueRequired\":true,\"valueName\":\"search_term_string\"}}],\"inLanguage\":\"fr-FR\"},{\"@type\":\"Organization\",\"@id\":\"https:\/\/www.justiceinfo.net\/fr#organization\",\"name\":\"Justice Info\",\"url\":\"https:\/\/www.justiceinfo.net\/fr\",\"logo\":{\"@type\":\"ImageObject\",\"inLanguage\":\"fr-FR\",\"@id\":\"https:\/\/www.justiceinfo.net\/fr#\/schema\/logo\/image\/\",\"url\":\"https:\/\/www.justiceinfo.net\/wp-content\/uploads\/justiceinfo_logo-trans_1200x1200px.png\",\"contentUrl\":\"https:\/\/www.justiceinfo.net\/wp-content\/uploads\/justiceinfo_logo-trans_1200x1200px.png\",\"width\":1199,\"height\":1200,\"caption\":\"Justice Info\"},\"image\":{\"@id\":\"https:\/\/www.justiceinfo.net\/fr#\/schema\/logo\/image\/\"},\"sameAs\":[\"https:\/\/www.facebook.com\/JusticeInfo\/\",\"https:\/\/x.com\/justiceinfonet\",\"https:\/\/www.linkedin.com\/company\/justice-info\",\"https:\/\/www.youtube.com\/channel\/UCyCEsARodyuWtkWyhn-e7pA\"]},{\"@type\":\"Person\",\"name\":\"solivri\",\"url\":\"\/fr\/?s=solivri\"}]}<\/script>\n<!-- \/ Yoast SEO Premium plugin. -->","yoast_head_json":{"title":"07.12.07 - PIR\/MEDIAS - LA CHAMBRE D\u2019APPEL RELEVE LES CARENCES ET LES FAIBLESSES DU PREMIER JUGEMENT - JusticeInfo.net","robots":{"index":"index","follow":"follow","max-snippet":"max-snippet:-1","max-image-preview":"max-image-preview:large","max-video-preview":"max-video-preview:-1"},"canonical":"https:\/\/www.justiceinfo.net\/fr\/8706-071207-pirmedias-la-chambre-dappel-releve-les-carences-et-les-faiblesses-du-premier-jugement5507.html","og_locale":"fr_FR","og_type":"article","og_title":"07.12.07 - PIR\/MEDIAS - LA CHAMBRE D\u2019APPEL RELEVE LES CARENCES ET LES FAIBLESSES DU PREMIER JUGEMENT","og_description":"La Haye, 7 decembre (FH) - La Chambre d&rsquo;appel du Tribunal p&eacute;nal international pour le Rwanda (TPIR), en rendant la semaine derni&egrave;re son jugement dans l&rsquo;affaire dite des &laquo; m&eacute;dias &raquo;, n&rsquo;a pas suivi la position prise par la Chambre de premi&egrave;re instance le 3 d&eacute;cembre 2003.&nbsp;","og_url":"https:\/\/www.justiceinfo.net\/fr\/8706-071207-pirmedias-la-chambre-dappel-releve-les-carences-et-les-faiblesses-du-premier-jugement5507.html","og_site_name":"JusticeInfo.net","article_publisher":"https:\/\/www.facebook.com\/JusticeInfo\/","article_published_time":"2007-12-06T23:00:00+00:00","og_image":[{"width":1200,"height":630,"url":"https:\/\/www.justiceinfo.net\/wp-content\/uploads\/JusticeInfoNet_logo_1200x630px.jpg","type":"image\/jpeg"}],"author":"solivri","twitter_card":"summary_large_image","twitter_creator":"@justiceinfonet","twitter_site":"@justiceinfonet","twitter_misc":{"\u00c9crit par":"solivri","Dur\u00e9e de lecture estim\u00e9e":"6 minutes"},"schema":{"@context":"https:\/\/schema.org","@graph":[{"@type":"NewsArticle","@id":"https:\/\/www.justiceinfo.net\/fr\/8706-071207-pirmedias-la-chambre-dappel-releve-les-carences-et-les-faiblesses-du-premier-jugement5507.html#article","isPartOf":{"@id":"https:\/\/www.justiceinfo.net\/fr\/8706-071207-pirmedias-la-chambre-dappel-releve-les-carences-et-les-faiblesses-du-premier-jugement5507.html"},"author":{"name":"solivri","@id":"https:\/\/www.justiceinfo.net\/fr#\/schema\/person\/6e53cba1629e2e66f3fc1821d3091865"},"headline":"07.12.07 - PIR\/MEDIAS - LA CHAMBRE D\u2019APPEL RELEVE LES CARENCES ET LES FAIBLESSES DU PREMIER JUGEMENT","datePublished":"2007-12-06T23:00:00+00:00","mainEntityOfPage":{"@id":"https:\/\/www.justiceinfo.net\/fr\/8706-071207-pirmedias-la-chambre-dappel-releve-les-carences-et-les-faiblesses-du-premier-jugement5507.html"},"wordCount":1214,"commentCount":0,"publisher":{"@id":"https:\/\/www.justiceinfo.net\/fr#organization"},"articleSection":["Hirondelle News"],"inLanguage":"fr-FR","potentialAction":[{"@type":"CommentAction","name":"Comment","target":["https:\/\/www.justiceinfo.net\/fr\/8706-071207-pirmedias-la-chambre-dappel-releve-les-carences-et-les-faiblesses-du-premier-jugement5507.html#respond"]}]},{"@type":"WebPage","@id":"https:\/\/www.justiceinfo.net\/fr\/8706-071207-pirmedias-la-chambre-dappel-releve-les-carences-et-les-faiblesses-du-premier-jugement5507.html","url":"https:\/\/www.justiceinfo.net\/fr\/8706-071207-pirmedias-la-chambre-dappel-releve-les-carences-et-les-faiblesses-du-premier-jugement5507.html","name":"07.12.07 - PIR\/MEDIAS - LA CHAMBRE D\u2019APPEL RELEVE LES CARENCES ET LES FAIBLESSES DU PREMIER JUGEMENT - JusticeInfo.net","isPartOf":{"@id":"https:\/\/www.justiceinfo.net\/fr#website"},"datePublished":"2007-12-06T23:00:00+00:00","breadcrumb":{"@id":"https:\/\/www.justiceinfo.net\/fr\/8706-071207-pirmedias-la-chambre-dappel-releve-les-carences-et-les-faiblesses-du-premier-jugement5507.html#breadcrumb"},"inLanguage":"fr-FR","potentialAction":[{"@type":"ReadAction","target":["https:\/\/www.justiceinfo.net\/fr\/8706-071207-pirmedias-la-chambre-dappel-releve-les-carences-et-les-faiblesses-du-premier-jugement5507.html"]}]},{"@type":"BreadcrumbList","@id":"https:\/\/www.justiceinfo.net\/fr\/8706-071207-pirmedias-la-chambre-dappel-releve-les-carences-et-les-faiblesses-du-premier-jugement5507.html#breadcrumb","itemListElement":[{"@type":"ListItem","position":1,"name":"Home","item":"https:\/\/www.justiceinfo.net\/fr"},{"@type":"ListItem","position":2,"name":"07.12.07 - PIR\/MEDIAS - LA CHAMBRE D\u2019APPEL RELEVE LES CARENCES ET LES FAIBLESSES DU PREMIER JUGEMENT"}]},{"@type":"WebSite","@id":"https:\/\/www.justiceinfo.net\/fr#website","url":"https:\/\/www.justiceinfo.net\/fr","name":"JusticeInfo.net","description":"La justice doit \u00eatre vue pour \u00eatre rendue","publisher":{"@id":"https:\/\/www.justiceinfo.net\/fr#organization"},"potentialAction":[{"@type":"SearchAction","target":{"@type":"EntryPoint","urlTemplate":"https:\/\/www.justiceinfo.net\/fr?s={search_term_string}"},"query-input":{"@type":"PropertyValueSpecification","valueRequired":true,"valueName":"search_term_string"}}],"inLanguage":"fr-FR"},{"@type":"Organization","@id":"https:\/\/www.justiceinfo.net\/fr#organization","name":"Justice Info","url":"https:\/\/www.justiceinfo.net\/fr","logo":{"@type":"ImageObject","inLanguage":"fr-FR","@id":"https:\/\/www.justiceinfo.net\/fr#\/schema\/logo\/image\/","url":"https:\/\/www.justiceinfo.net\/wp-content\/uploads\/justiceinfo_logo-trans_1200x1200px.png","contentUrl":"https:\/\/www.justiceinfo.net\/wp-content\/uploads\/justiceinfo_logo-trans_1200x1200px.png","width":1199,"height":1200,"caption":"Justice Info"},"image":{"@id":"https:\/\/www.justiceinfo.net\/fr#\/schema\/logo\/image\/"},"sameAs":["https:\/\/www.facebook.com\/JusticeInfo\/","https:\/\/x.com\/justiceinfonet","https:\/\/www.linkedin.com\/company\/justice-info","https:\/\/www.youtube.com\/channel\/UCyCEsARodyuWtkWyhn-e7pA"]},{"@type":"Person","name":"solivri","url":"\/fr\/?s=solivri"}]}},"_links":{"self":[{"href":"https:\/\/www.justiceinfo.net\/fr\/wp-json\/wp\/v2\/posts\/8706","targetHints":{"allow":["GET"]}}],"collection":[{"href":"https:\/\/www.justiceinfo.net\/fr\/wp-json\/wp\/v2\/posts"}],"about":[{"href":"https:\/\/www.justiceinfo.net\/fr\/wp-json\/wp\/v2\/types\/post"}],"author":[{"embeddable":true,"href":"https:\/\/www.justiceinfo.net\/fr\/wp-json\/wp\/v2\/users\/64"}],"replies":[{"embeddable":true,"href":"https:\/\/www.justiceinfo.net\/fr\/wp-json\/wp\/v2\/comments?post=8706"}],"version-history":[{"count":0,"href":"https:\/\/www.justiceinfo.net\/fr\/wp-json\/wp\/v2\/posts\/8706\/revisions"}],"wp:attachment":[{"href":"https:\/\/www.justiceinfo.net\/fr\/wp-json\/wp\/v2\/media?parent=8706"}],"wp:term":[{"taxonomy":"category","embeddable":true,"href":"https:\/\/www.justiceinfo.net\/fr\/wp-json\/wp\/v2\/categories?post=8706"},{"taxonomy":"post_tag","embeddable":true,"href":"https:\/\/www.justiceinfo.net\/fr\/wp-json\/wp\/v2\/tags?post=8706"},{"taxonomy":"ji_location","embeddable":true,"href":"https:\/\/www.justiceinfo.net\/fr\/wp-json\/wp\/v2\/ji_location?post=8706"}],"curies":[{"name":"wp","href":"https:\/\/api.w.org\/{rel}","templated":true}]}}