{"id":87100,"date":"2022-01-31T10:39:08","date_gmt":"2022-01-31T09:39:08","guid":{"rendered":"https:\/\/www.justiceinfo.net\/?p=87100"},"modified":"2024-01-29T17:07:19","modified_gmt":"2024-01-29T16:07:19","slug":"commission-passe-colonial-belge-patine","status":"publish","type":"post","link":"https:\/\/www.justiceinfo.net\/fr\/87100-commission-passe-colonial-belge-patine.html","title":{"rendered":"Une commission sur le pass\u00e9 colonial belge qui patine"},"content":{"rendered":"\n<p><strong>La commission mise en place par la Belgique pour faire la lumi\u00e8re sur son pass\u00e9 colonial au Congo, au Rwanda et au Burundi semble encore se chercher et tend \u00e0 \u00e9teindre l\u2019enthousiasme qu\u2019elle a suscit\u00e9. Deux historiennes, qui ont particip\u00e9 \u00e0 la r\u00e9daction du rapport des experts, destin\u00e9 \u00e0 servir de base aux travaux de la commission, ont publiquement exprim\u00e9 des r\u00e9serves quant \u00e0 la r\u00e9ussite de ce projet politique ambitieux.<\/strong><\/p>\n\n\n\n<!--more-->\n\n\n\n<p>Faire la clart\u00e9 sur les zones d'ombre de l'histoire coloniale qui persistent, tenter de savoir en quoi la violence de la colonisation cr\u00e9e des souffrances encore aujourd'hui : telle est la mission que la commission sp\u00e9ciale belge sur le pass\u00e9 colonial s'est donn\u00e9e depuis d\u00e9j\u00e0 plus d'un an. L'initiative a \u00e9t\u00e9 salu\u00e9e partout. Pour la premi\u00e8re fois, un \u00c9tat europ\u00e9en veut faire face \u00e0 l\u2019ensemble de son pass\u00e9 colonial, reconna\u00eetre ses torts, pr\u00e9senter des excuses, r\u00e9parer, indemniser. Mais voil\u00e0, apr\u00e8s avoir missionn\u00e9 dix experts pour tracer les grandes lignes de l'histoire coloniale et donner des pistes de r\u00e9conciliation, la commission semble ne toujours pas savoir par quoi commencer. Alors qu'elle para\u00eet encore chercher sa m\u00e9thode de travail, deux historiennes parmi les dix experts qui ont r\u00e9dig\u00e9 le rapport initial se sont confi\u00e9es publiquement sur les coulisses de leur mission. Elles s\u2019interrogent sur les suites de ce travail parlementaire.<\/p>\n\n\n\n<p>Anne Wetsi Mpoma et Gillian Mathys ont particip\u00e9, le 19 janvier, \u00e0 une conf\u00e9rence-d\u00e9bat intitul\u00e9e \u00ab&nbsp;Apr\u00e8s la colonisation&nbsp;: chercher la v\u00e9rit\u00e9 et la r\u00e9paration&nbsp;\u00bb. L'\u00e9v\u00e9nement \u00e9tait organis\u00e9 par l'AfricaMuseum de Tervuren, et anim\u00e9 par l'\u00e9crivain David Van Reybrouck, auteur de \u00ab&nbsp;Congo. Une histoire&nbsp;\u00bb, en pr\u00e9sence \u00e9galement de Nanette Snoep, directrice du Rautenstrauch-Joest-Museum, en Allemagne.<\/p>\n\n\n\n<p>Durant une heure et demie, les quatre sp\u00e9cialistes ont \u00e9voqu\u00e9 le contenu du rapport des experts, les conditions dans lesquelles il a \u00e9t\u00e9 \u00e9tabli, les faiblesses de celui-ci et son utilit\u00e9.<\/p>\n\n\n\n<h2 class=\"wp-block-heading\">L\u2019urgence d\u2019un centre communautaire culturel<\/h2>\n\n\n\n<p>Pour Gillian Mathys, historienne et chercheuse \u00e0 l'Universit\u00e9 de Gand, le temps a manqu\u00e9 pour aboutir \u00e0 un rapport plus complet et mieux ficel\u00e9. \u00ab&nbsp;<em>Par exemple, nous n'avons finalement jamais vu la derni\u00e8re version du rapport et le texte n'est pas tr\u00e8s accessible pour une audience large<\/em>&nbsp;\u00bb, dit-elle. \u00ab<em>&nbsp;Pour les historiens, il n'y a rien de nouveau dans ce document. Nous avons fait une synth\u00e8se de ce qui existe d\u00e9j\u00e0. Mais pour le public, je pense que l'\u00e9l\u00e9ment qui ressort le plus est la violence structurelle qui a exist\u00e9 pendant et apr\u00e8s L\u00e9opold II <\/em>\u00bb, le roi des Belges qui avait acquis \u00e0 titre personnel le Congo en 1885.<\/p>\n\n\n\n<p>Selon Anne Wetsi Mpoma, membre de l\u2019association Bamko, un centre de r\u00e9flexion et d\u2019action sur le racisme envers les Noirs, la plus forte et la plus urgente des recommandations pour favoriser la r\u00e9conciliation et les r\u00e9parations est la cr\u00e9ation d'un centre communautaire culturel, id\u00e9alement \u00e0 Bruxelles. \u00ab&nbsp;<em>Il servirait \u00e0 organiser des rencontres, des d\u00e9bats, des expositions, des rituels de gu\u00e9rison et y accueillir une partie du patrimoine spoli\u00e9<\/em>&nbsp;\u00bb, d\u00e9clare-t-elle. \u00ab&nbsp;<em>Je suis convaincue, en tant qu'historienne de l'art, du pouvoir de la culture pour changer les mentalit\u00e9s <\/em>\u00bb.<\/p>\n\n\n\n<h2 class=\"wp-block-heading\">Acc\u00e8s aux archives: un mauvais signal<\/h2>\n\n\n\n<p>Les deux historiennes se montrent surtout r\u00e9ellement sceptiques quant aux chances de la commission d\u2019aboutir \u00e0 des r\u00e9sultats concrets. \u00ab&nbsp;<em>J'ai un peu peur que \u00e7a s'arr\u00eate \u00e0 l\u2019\u00e9tablissement des responsabilit\u00e9s<\/em>&nbsp;\u00bb, d\u00e9clare Mathys. \u00ab&nbsp;<em>Il faut des changements structurels<\/em>&nbsp;\u00bb, encha\u00eene Mpoma. \u00ab&nbsp;<em>Le risque de non-concr\u00e9tisation est plus que r\u00e9el. Rien que le mot \u00ab&nbsp;consultation&nbsp;\u00bb<\/em> [la commission avait demand\u00e9 aux experts de consulter quatre repr\u00e9sentants de la diaspora pour \u00e9tablir leur rapport] <em>est condescendant<\/em>&nbsp;\u00bb, confie-t-elle.<\/p>\n\n\n\n<p>\u00ab&nbsp;<em>Je ne pense pas que c'est une institution qui pourra aboutir \u00e0 la d\u00e9colonisation<\/em>&nbsp;\u00bb, reprend Mathys. \u00ab&nbsp;<em>Les commissaires veulent accomplir cet exercice, mais veulent-ils s'attaquer aux changements structurels&nbsp;? C'est une institution qui n'est pas faite pour aboutir \u00e0 \u00e7a. Prenons l'exemple des recommandations qui ont \u00e9t\u00e9 formul\u00e9es \u00e0 la suite de la commission Lumumba <\/em>[commission d\u2019enqu\u00eate parlementaire, achev\u00e9e en 2001, sur l\u2019assassinat du Premier ministre congolais Patrice Lumumba, en 1961]<em> et qui n'ont jamais \u00e9t\u00e9 suivies. Esp\u00e9rons que cela ne se reproduira pas avec cette commission, mais...<\/em>&nbsp;\u00bb, s\u2019inqui\u00e8te l'historienne. \u00ab <em>R\u00e9parer, c'est aussi changer<\/em>&nbsp;\u00bb, ajoute-t-elle.<\/p>\n\n\n\n<p>Autre mauvais signal donn\u00e9 par la commission, selon les intervenantes : l'acc\u00e8s partiel et conditionnel aux archives coloniales. \u00ab&nbsp;<em>Une partie de ces archives est toujours classifi\u00e9e. C'est un probl\u00e8me pour une commission qui veut faire la clart\u00e9 sur le pass\u00e9 colonial. Des chercheurs belges peuvent obtenir une d\u00e9rogation pour avoir acc\u00e8s \u00e0 cette partie classifi\u00e9e, mais pas les chercheurs congolais, rwandais ou burundais<\/em>&nbsp;\u00bb, explique Mathys.<\/p>\n\n\n\n<h2 class=\"wp-block-heading\">Un manque d\u2019actions concr\u00e8tes<\/h2>\n\n\n\n<p>Depuis la remise du rapport des experts, en octobre, la commission sp\u00e9ciale a peu avanc\u00e9. Elle a entendu certains repr\u00e9sentants de la diaspora et l'experte psychologue An Michiels sur la mani\u00e8re d'auditionner des victimes de crimes graves. Elle vient de publier un appel \u00ab&nbsp;\u00e0 la diaspora, la soci\u00e9t\u00e9 civile et les interlocuteurs en Belgique, en R\u00e9publique D\u00e9mocratique du Congo, au Rwanda et au Burundi&nbsp;\u00bb pour savoir \u00ab&nbsp;sur quels th\u00e8mes ils souhaitent \u00eatre entendus&nbsp;\u00bb. Elle a \u00e9galement lanc\u00e9 un appel \u00e0 deux ou trois experts \u00ab&nbsp;pour la suite de ses travaux&nbsp;\u00bb. La \u00ab&nbsp;m\u00e9thodologie&nbsp;\u00bb qu\u2019elle a publi\u00e9e, avec un \u00ab&nbsp;aper\u00e7u des travaux planifi\u00e9s&nbsp;\u00bb, s'av\u00e8re tr\u00e8s peu \u00e9tay\u00e9e et ne permet pas de comprendre concr\u00e8tement la mani\u00e8re dont sa mission va se d\u00e9rouler.<\/p>\n\n\n\n<p>Entre doutes sur les chances d'aboutir \u00e0 de v\u00e9ritables changements et attentes d'actions concr\u00e8tes avec une vision claire, la commission sur le pass\u00e9 colonial belge prend le risque d\u2019endormir le public, comme tous ceux \u2013 chercheurs, membres de la diaspora et victimes du racisme - qui attendent beaucoup d'elle.<\/p>\n\n\n<div class=\"articleLink articleLink--editorRecommanded articleLink--textInImage articleLink--textTop\" style=\"\">\r\n\t\t\t\t\t\r\n\t\t\t<div class=\"articleLinkSurTitle\">Recommand\u00e9 par la r\u00e9daction<\/div>\r\n\t\t\t<a class=\"articleLinkImageLink\" href=\"https:\/\/www.justiceinfo.net\/fr\/79840-commission-passe-colonial-belge-fin-mission-experts.html\"><div class=\"articleLinkImageContainer \"><img loading=\"lazy\" decoding=\"async\" width=\"540\" height=\"360\" src=\"https:\/\/www.justiceinfo.net\/wp-content\/uploads\/Statue-du-Roi-des-Belges-Leopold-II-vandalisee-telechargee-540x360.jpg\" class=\"articleLinkImage backgroundImageTag w-100 wp-post-image\" alt=\"Statue vandalis\u00e9e du roi L\u00e9opold II en Belgique\" srcset=\"\" sizes=\"auto, (max-width: 540px) 100vw, 540px\" \/><\/div><\/a>\r\n\t\t\t<a href=\"https:\/\/www.justiceinfo.net\/fr\/79840-commission-passe-colonial-belge-fin-mission-experts.html\" class=\"articleLinkTitle articleLinkTitle--default\">\r\n\t\t\tCommission sur le pass\u00e9 colonial belge : fin de la mission des experts\r\n\t\t<\/a>\r\n\t\t\r\n\t\t\t\t<\/div>\n","protected":false},"excerpt":{"rendered":"<p>La commission mise en place par la Belgique pour faire la lumi\u00e8re sur son pass\u00e9 colonial au Congo, au Rwanda et au Burundi semble encore se chercher et tend \u00e0 \u00e9teindre l\u2019enthousiasme qu\u2019elle a suscit\u00e9. Deux historiennes, qui ont particip\u00e9 \u00e0 la r\u00e9daction du rapport des experts, destin\u00e9 \u00e0 servir de base aux travaux de [&hellip;]<\/p>\n","protected":false},"author":78,"featured_media":87105,"comment_status":"open","ping_status":"closed","sticky":false,"template":"","format":"standard","meta":{"_acf_changed":false,"footnotes":""},"categories":[548],"tags":[2646],"ji_location":[2124],"class_list":["post-87100","post","type-post","status-publish","format-standard","has-post-thumbnail","hentry","category-commissions-verite","tag-colonisation","ji_location-belgique"],"acf":[],"yoast_head":"<!-- This site is optimized with the Yoast SEO Premium plugin v25.3.1 (Yoast SEO v25.3.1) - https:\/\/yoast.com\/wordpress\/plugins\/seo\/ -->\n<title>Une commission sur le pass\u00e9 colonial belge qui patine - JusticeInfo.net<\/title>\n<meta name=\"description\" content=\"La commission mise en place par la Belgique pour faire la lumi\u00e8re sur son pass\u00e9 colonial au Congo, au Rwanda et au Burundi semble encore se chercher et tend \u00e0 \u00e9teindre l\u2019enthousiasme qu\u2019elle a suscit\u00e9. Deux historiennes, qui ont particip\u00e9 \u00e0 la r\u00e9daction du rapport des experts, destin\u00e9 \u00e0 servir de base aux travaux de la commission, ont publiquement exprim\u00e9 des r\u00e9serves quant \u00e0 la r\u00e9ussite de ce projet politique ambitieux.\" \/>\n<meta name=\"robots\" content=\"index, follow, max-snippet:-1, max-image-preview:large, max-video-preview:-1\" \/>\n<link rel=\"canonical\" href=\"https:\/\/www.justiceinfo.net\/fr\/87100-commission-passe-colonial-belge-patine.html\" \/>\n<meta property=\"og:locale\" content=\"fr_FR\" \/>\n<meta property=\"og:type\" content=\"article\" \/>\n<meta property=\"og:title\" content=\"Une commission sur le pass\u00e9 colonial belge qui patine\" \/>\n<meta property=\"og:description\" content=\"La commission mise en place par la Belgique pour faire la lumi\u00e8re sur son pass\u00e9 colonial au Congo, au Rwanda et au Burundi semble encore se chercher et tend \u00e0 \u00e9teindre l\u2019enthousiasme qu\u2019elle a suscit\u00e9. Deux historiennes, qui ont particip\u00e9 \u00e0 la r\u00e9daction du rapport des experts, destin\u00e9 \u00e0 servir de base aux travaux de la commission, ont publiquement exprim\u00e9 des r\u00e9serves quant \u00e0 la r\u00e9ussite de ce projet politique ambitieux.\" \/>\n<meta property=\"og:url\" content=\"https:\/\/www.justiceinfo.net\/fr\/87100-commission-passe-colonial-belge-patine.html\" \/>\n<meta property=\"og:site_name\" content=\"JusticeInfo.net\" \/>\n<meta property=\"article:publisher\" content=\"https:\/\/www.facebook.com\/JusticeInfo\/\" \/>\n<meta property=\"article:published_time\" content=\"2022-01-31T09:39:08+00:00\" \/>\n<meta property=\"article:modified_time\" content=\"2024-01-29T16:07:19+00:00\" \/>\n<meta property=\"og:image\" content=\"https:\/\/www.justiceinfo.net\/wp-content\/uploads\/Belgique_archives-coloniales_@Archives-Etat-Belgique.jpg\" \/>\n\t<meta property=\"og:image:width\" content=\"1200\" \/>\n\t<meta property=\"og:image:height\" content=\"800\" \/>\n\t<meta property=\"og:image:type\" content=\"image\/jpeg\" \/>\n<meta name=\"author\" content=\"Ga\u00eblle Ponselet\" \/>\n<meta name=\"twitter:card\" content=\"summary_large_image\" \/>\n<meta name=\"twitter:creator\" content=\"@GPonselet\" \/>\n<meta name=\"twitter:site\" content=\"@justiceinfonet\" \/>\n<meta name=\"twitter:label1\" content=\"\u00c9crit par\" \/>\n\t<meta name=\"twitter:data1\" content=\"Ga\u00eblle Ponselet\" \/>\n\t<meta name=\"twitter:label2\" content=\"Dur\u00e9e de lecture estim\u00e9e\" \/>\n\t<meta name=\"twitter:data2\" content=\"5 minutes\" \/>\n<script type=\"application\/ld+json\" class=\"yoast-schema-graph\">{\"@context\":\"https:\/\/schema.org\",\"@graph\":[{\"@type\":\"NewsArticle\",\"@id\":\"https:\/\/www.justiceinfo.net\/fr\/87100-commission-passe-colonial-belge-patine.html#article\",\"isPartOf\":{\"@id\":\"https:\/\/www.justiceinfo.net\/fr\/87100-commission-passe-colonial-belge-patine.html\"},\"author\":{\"name\":\"gponselet\",\"@id\":\"https:\/\/www.justiceinfo.net\/fr#\/schema\/person\/54c8e9b9b4c3085fe9bf53e55efb3a62\"},\"headline\":\"Une commission sur le pass\u00e9 colonial belge qui patine\",\"datePublished\":\"2022-01-31T09:39:08+00:00\",\"dateModified\":\"2024-01-29T16:07:19+00:00\",\"mainEntityOfPage\":{\"@id\":\"https:\/\/www.justiceinfo.net\/fr\/87100-commission-passe-colonial-belge-patine.html\"},\"wordCount\":1075,\"commentCount\":0,\"publisher\":{\"@id\":\"https:\/\/www.justiceinfo.net\/fr#organization\"},\"image\":{\"@id\":\"https:\/\/www.justiceinfo.net\/fr\/87100-commission-passe-colonial-belge-patine.html#primaryimage\"},\"thumbnailUrl\":\"https:\/\/www.justiceinfo.net\/wp-content\/uploads\/Belgique_archives-coloniales_@Archives-Etat-Belgique.jpg\",\"keywords\":[\"colonisation\"],\"articleSection\":[\"Commissions v\u00e9rit\u00e9\"],\"inLanguage\":\"fr-FR\",\"potentialAction\":[{\"@type\":\"CommentAction\",\"name\":\"Comment\",\"target\":[\"https:\/\/www.justiceinfo.net\/fr\/87100-commission-passe-colonial-belge-patine.html#respond\"]}]},{\"@type\":\"WebPage\",\"@id\":\"https:\/\/www.justiceinfo.net\/fr\/87100-commission-passe-colonial-belge-patine.html\",\"url\":\"https:\/\/www.justiceinfo.net\/fr\/87100-commission-passe-colonial-belge-patine.html\",\"name\":\"Une commission sur le pass\u00e9 colonial belge qui patine - JusticeInfo.net\",\"isPartOf\":{\"@id\":\"https:\/\/www.justiceinfo.net\/fr#website\"},\"primaryImageOfPage\":{\"@id\":\"https:\/\/www.justiceinfo.net\/fr\/87100-commission-passe-colonial-belge-patine.html#primaryimage\"},\"image\":{\"@id\":\"https:\/\/www.justiceinfo.net\/fr\/87100-commission-passe-colonial-belge-patine.html#primaryimage\"},\"thumbnailUrl\":\"https:\/\/www.justiceinfo.net\/wp-content\/uploads\/Belgique_archives-coloniales_@Archives-Etat-Belgique.jpg\",\"datePublished\":\"2022-01-31T09:39:08+00:00\",\"dateModified\":\"2024-01-29T16:07:19+00:00\",\"description\":\"La commission mise en place par la Belgique pour faire la lumi\u00e8re sur son pass\u00e9 colonial au Congo, au Rwanda et au Burundi semble encore se chercher et tend \u00e0 \u00e9teindre l\u2019enthousiasme qu\u2019elle a suscit\u00e9. Deux historiennes, qui ont particip\u00e9 \u00e0 la r\u00e9daction du rapport des experts, destin\u00e9 \u00e0 servir de base aux travaux de la commission, ont publiquement exprim\u00e9 des r\u00e9serves quant \u00e0 la r\u00e9ussite de ce projet politique ambitieux.\",\"breadcrumb\":{\"@id\":\"https:\/\/www.justiceinfo.net\/fr\/87100-commission-passe-colonial-belge-patine.html#breadcrumb\"},\"inLanguage\":\"fr-FR\",\"potentialAction\":[{\"@type\":\"ReadAction\",\"target\":[\"https:\/\/www.justiceinfo.net\/fr\/87100-commission-passe-colonial-belge-patine.html\"]}]},{\"@type\":\"ImageObject\",\"inLanguage\":\"fr-FR\",\"@id\":\"https:\/\/www.justiceinfo.net\/fr\/87100-commission-passe-colonial-belge-patine.html#primaryimage\",\"url\":\"https:\/\/www.justiceinfo.net\/wp-content\/uploads\/Belgique_archives-coloniales_@Archives-Etat-Belgique.jpg\",\"contentUrl\":\"https:\/\/www.justiceinfo.net\/wp-content\/uploads\/Belgique_archives-coloniales_@Archives-Etat-Belgique.jpg\",\"width\":1200,\"height\":800,\"caption\":\"Les experts d\u00e9noncent le fait que l'acc\u00e8s aux archives coloniales belges soit toujours partiel et conditionnel. \u00a9 Archives de l\u2019\u00c9tat en Belgique\"},{\"@type\":\"BreadcrumbList\",\"@id\":\"https:\/\/www.justiceinfo.net\/fr\/87100-commission-passe-colonial-belge-patine.html#breadcrumb\",\"itemListElement\":[{\"@type\":\"ListItem\",\"position\":1,\"name\":\"Home\",\"item\":\"https:\/\/www.justiceinfo.net\/fr\"},{\"@type\":\"ListItem\",\"position\":2,\"name\":\"Une commission sur le pass\u00e9 colonial belge qui patine\"}]},{\"@type\":\"WebSite\",\"@id\":\"https:\/\/www.justiceinfo.net\/fr#website\",\"url\":\"https:\/\/www.justiceinfo.net\/fr\",\"name\":\"JusticeInfo.net\",\"description\":\"La justice doit \u00eatre vue pour \u00eatre rendue\",\"publisher\":{\"@id\":\"https:\/\/www.justiceinfo.net\/fr#organization\"},\"potentialAction\":[{\"@type\":\"SearchAction\",\"target\":{\"@type\":\"EntryPoint\",\"urlTemplate\":\"https:\/\/www.justiceinfo.net\/fr?s={search_term_string}\"},\"query-input\":{\"@type\":\"PropertyValueSpecification\",\"valueRequired\":true,\"valueName\":\"search_term_string\"}}],\"inLanguage\":\"fr-FR\"},{\"@type\":\"Organization\",\"@id\":\"https:\/\/www.justiceinfo.net\/fr#organization\",\"name\":\"Justice Info\",\"url\":\"https:\/\/www.justiceinfo.net\/fr\",\"logo\":{\"@type\":\"ImageObject\",\"inLanguage\":\"fr-FR\",\"@id\":\"https:\/\/www.justiceinfo.net\/fr#\/schema\/logo\/image\/\",\"url\":\"https:\/\/www.justiceinfo.net\/wp-content\/uploads\/justiceinfo_logo-trans_1200x1200px.png\",\"contentUrl\":\"https:\/\/www.justiceinfo.net\/wp-content\/uploads\/justiceinfo_logo-trans_1200x1200px.png\",\"width\":1199,\"height\":1200,\"caption\":\"Justice Info\"},\"image\":{\"@id\":\"https:\/\/www.justiceinfo.net\/fr#\/schema\/logo\/image\/\"},\"sameAs\":[\"https:\/\/www.facebook.com\/JusticeInfo\/\",\"https:\/\/x.com\/justiceinfonet\",\"https:\/\/www.linkedin.com\/company\/justice-info\",\"https:\/\/www.youtube.com\/channel\/UCyCEsARodyuWtkWyhn-e7pA\"]},{\"@type\":\"Person\",\"name\":\"Ga\u00eblle Ponselet\",\"sameAs\":[\"https:\/\/x.com\/GPonselet\"],\"url\":\"https:\/\/www.justiceinfo.net\/fr\/auteur\/gponselet\"}]}<\/script>\n<!-- \/ Yoast SEO Premium plugin. -->","yoast_head_json":{"title":"Une commission sur le pass\u00e9 colonial belge qui patine - JusticeInfo.net","description":"La commission mise en place par la Belgique pour faire la lumi\u00e8re sur son pass\u00e9 colonial au Congo, au Rwanda et au Burundi semble encore se chercher et tend \u00e0 \u00e9teindre l\u2019enthousiasme qu\u2019elle a suscit\u00e9. Deux historiennes, qui ont particip\u00e9 \u00e0 la r\u00e9daction du rapport des experts, destin\u00e9 \u00e0 servir de base aux travaux de la commission, ont publiquement exprim\u00e9 des r\u00e9serves quant \u00e0 la r\u00e9ussite de ce projet politique ambitieux.","robots":{"index":"index","follow":"follow","max-snippet":"max-snippet:-1","max-image-preview":"max-image-preview:large","max-video-preview":"max-video-preview:-1"},"canonical":"https:\/\/www.justiceinfo.net\/fr\/87100-commission-passe-colonial-belge-patine.html","og_locale":"fr_FR","og_type":"article","og_title":"Une commission sur le pass\u00e9 colonial belge qui patine","og_description":"La commission mise en place par la Belgique pour faire la lumi\u00e8re sur son pass\u00e9 colonial au Congo, au Rwanda et au Burundi semble encore se chercher et tend \u00e0 \u00e9teindre l\u2019enthousiasme qu\u2019elle a suscit\u00e9. Deux historiennes, qui ont particip\u00e9 \u00e0 la r\u00e9daction du rapport des experts, destin\u00e9 \u00e0 servir de base aux travaux de la commission, ont publiquement exprim\u00e9 des r\u00e9serves quant \u00e0 la r\u00e9ussite de ce projet politique ambitieux.","og_url":"https:\/\/www.justiceinfo.net\/fr\/87100-commission-passe-colonial-belge-patine.html","og_site_name":"JusticeInfo.net","article_publisher":"https:\/\/www.facebook.com\/JusticeInfo\/","article_published_time":"2022-01-31T09:39:08+00:00","article_modified_time":"2024-01-29T16:07:19+00:00","og_image":[{"width":1200,"height":800,"url":"https:\/\/www.justiceinfo.net\/wp-content\/uploads\/Belgique_archives-coloniales_@Archives-Etat-Belgique.jpg","type":"image\/jpeg"}],"author":"Ga\u00eblle Ponselet","twitter_card":"summary_large_image","twitter_creator":"@GPonselet","twitter_site":"@justiceinfonet","twitter_misc":{"\u00c9crit par":"Ga\u00eblle Ponselet","Dur\u00e9e de lecture estim\u00e9e":"5 minutes"},"schema":{"@context":"https:\/\/schema.org","@graph":[{"@type":"NewsArticle","@id":"https:\/\/www.justiceinfo.net\/fr\/87100-commission-passe-colonial-belge-patine.html#article","isPartOf":{"@id":"https:\/\/www.justiceinfo.net\/fr\/87100-commission-passe-colonial-belge-patine.html"},"author":{"name":"gponselet","@id":"https:\/\/www.justiceinfo.net\/fr#\/schema\/person\/54c8e9b9b4c3085fe9bf53e55efb3a62"},"headline":"Une commission sur le pass\u00e9 colonial belge qui patine","datePublished":"2022-01-31T09:39:08+00:00","dateModified":"2024-01-29T16:07:19+00:00","mainEntityOfPage":{"@id":"https:\/\/www.justiceinfo.net\/fr\/87100-commission-passe-colonial-belge-patine.html"},"wordCount":1075,"commentCount":0,"publisher":{"@id":"https:\/\/www.justiceinfo.net\/fr#organization"},"image":{"@id":"https:\/\/www.justiceinfo.net\/fr\/87100-commission-passe-colonial-belge-patine.html#primaryimage"},"thumbnailUrl":"https:\/\/www.justiceinfo.net\/wp-content\/uploads\/Belgique_archives-coloniales_@Archives-Etat-Belgique.jpg","keywords":["colonisation"],"articleSection":["Commissions v\u00e9rit\u00e9"],"inLanguage":"fr-FR","potentialAction":[{"@type":"CommentAction","name":"Comment","target":["https:\/\/www.justiceinfo.net\/fr\/87100-commission-passe-colonial-belge-patine.html#respond"]}]},{"@type":"WebPage","@id":"https:\/\/www.justiceinfo.net\/fr\/87100-commission-passe-colonial-belge-patine.html","url":"https:\/\/www.justiceinfo.net\/fr\/87100-commission-passe-colonial-belge-patine.html","name":"Une commission sur le pass\u00e9 colonial belge qui patine - JusticeInfo.net","isPartOf":{"@id":"https:\/\/www.justiceinfo.net\/fr#website"},"primaryImageOfPage":{"@id":"https:\/\/www.justiceinfo.net\/fr\/87100-commission-passe-colonial-belge-patine.html#primaryimage"},"image":{"@id":"https:\/\/www.justiceinfo.net\/fr\/87100-commission-passe-colonial-belge-patine.html#primaryimage"},"thumbnailUrl":"https:\/\/www.justiceinfo.net\/wp-content\/uploads\/Belgique_archives-coloniales_@Archives-Etat-Belgique.jpg","datePublished":"2022-01-31T09:39:08+00:00","dateModified":"2024-01-29T16:07:19+00:00","description":"La commission mise en place par la Belgique pour faire la lumi\u00e8re sur son pass\u00e9 colonial au Congo, au Rwanda et au Burundi semble encore se chercher et tend \u00e0 \u00e9teindre l\u2019enthousiasme qu\u2019elle a suscit\u00e9. Deux historiennes, qui ont particip\u00e9 \u00e0 la r\u00e9daction du rapport des experts, destin\u00e9 \u00e0 servir de base aux travaux de la commission, ont publiquement exprim\u00e9 des r\u00e9serves quant \u00e0 la r\u00e9ussite de ce projet politique ambitieux.","breadcrumb":{"@id":"https:\/\/www.justiceinfo.net\/fr\/87100-commission-passe-colonial-belge-patine.html#breadcrumb"},"inLanguage":"fr-FR","potentialAction":[{"@type":"ReadAction","target":["https:\/\/www.justiceinfo.net\/fr\/87100-commission-passe-colonial-belge-patine.html"]}]},{"@type":"ImageObject","inLanguage":"fr-FR","@id":"https:\/\/www.justiceinfo.net\/fr\/87100-commission-passe-colonial-belge-patine.html#primaryimage","url":"https:\/\/www.justiceinfo.net\/wp-content\/uploads\/Belgique_archives-coloniales_@Archives-Etat-Belgique.jpg","contentUrl":"https:\/\/www.justiceinfo.net\/wp-content\/uploads\/Belgique_archives-coloniales_@Archives-Etat-Belgique.jpg","width":1200,"height":800,"caption":"Les experts d\u00e9noncent le fait que l'acc\u00e8s aux archives coloniales belges soit toujours partiel et conditionnel. \u00a9 Archives de l\u2019\u00c9tat en Belgique"},{"@type":"BreadcrumbList","@id":"https:\/\/www.justiceinfo.net\/fr\/87100-commission-passe-colonial-belge-patine.html#breadcrumb","itemListElement":[{"@type":"ListItem","position":1,"name":"Home","item":"https:\/\/www.justiceinfo.net\/fr"},{"@type":"ListItem","position":2,"name":"Une commission sur le pass\u00e9 colonial belge qui patine"}]},{"@type":"WebSite","@id":"https:\/\/www.justiceinfo.net\/fr#website","url":"https:\/\/www.justiceinfo.net\/fr","name":"JusticeInfo.net","description":"La justice doit \u00eatre vue pour \u00eatre rendue","publisher":{"@id":"https:\/\/www.justiceinfo.net\/fr#organization"},"potentialAction":[{"@type":"SearchAction","target":{"@type":"EntryPoint","urlTemplate":"https:\/\/www.justiceinfo.net\/fr?s={search_term_string}"},"query-input":{"@type":"PropertyValueSpecification","valueRequired":true,"valueName":"search_term_string"}}],"inLanguage":"fr-FR"},{"@type":"Organization","@id":"https:\/\/www.justiceinfo.net\/fr#organization","name":"Justice Info","url":"https:\/\/www.justiceinfo.net\/fr","logo":{"@type":"ImageObject","inLanguage":"fr-FR","@id":"https:\/\/www.justiceinfo.net\/fr#\/schema\/logo\/image\/","url":"https:\/\/www.justiceinfo.net\/wp-content\/uploads\/justiceinfo_logo-trans_1200x1200px.png","contentUrl":"https:\/\/www.justiceinfo.net\/wp-content\/uploads\/justiceinfo_logo-trans_1200x1200px.png","width":1199,"height":1200,"caption":"Justice Info"},"image":{"@id":"https:\/\/www.justiceinfo.net\/fr#\/schema\/logo\/image\/"},"sameAs":["https:\/\/www.facebook.com\/JusticeInfo\/","https:\/\/x.com\/justiceinfonet","https:\/\/www.linkedin.com\/company\/justice-info","https:\/\/www.youtube.com\/channel\/UCyCEsARodyuWtkWyhn-e7pA"]},{"@type":"Person","name":"Ga\u00eblle Ponselet","sameAs":["https:\/\/x.com\/GPonselet"],"url":"https:\/\/www.justiceinfo.net\/fr\/auteur\/gponselet"}]}},"_links":{"self":[{"href":"https:\/\/www.justiceinfo.net\/fr\/wp-json\/wp\/v2\/posts\/87100","targetHints":{"allow":["GET"]}}],"collection":[{"href":"https:\/\/www.justiceinfo.net\/fr\/wp-json\/wp\/v2\/posts"}],"about":[{"href":"https:\/\/www.justiceinfo.net\/fr\/wp-json\/wp\/v2\/types\/post"}],"author":[{"embeddable":true,"href":"https:\/\/www.justiceinfo.net\/fr\/wp-json\/wp\/v2\/users\/78"}],"replies":[{"embeddable":true,"href":"https:\/\/www.justiceinfo.net\/fr\/wp-json\/wp\/v2\/comments?post=87100"}],"version-history":[{"count":6,"href":"https:\/\/www.justiceinfo.net\/fr\/wp-json\/wp\/v2\/posts\/87100\/revisions"}],"predecessor-version":[{"id":87114,"href":"https:\/\/www.justiceinfo.net\/fr\/wp-json\/wp\/v2\/posts\/87100\/revisions\/87114"}],"wp:featuredmedia":[{"embeddable":true,"href":"https:\/\/www.justiceinfo.net\/fr\/wp-json\/wp\/v2\/media\/87105"}],"wp:attachment":[{"href":"https:\/\/www.justiceinfo.net\/fr\/wp-json\/wp\/v2\/media?parent=87100"}],"wp:term":[{"taxonomy":"category","embeddable":true,"href":"https:\/\/www.justiceinfo.net\/fr\/wp-json\/wp\/v2\/categories?post=87100"},{"taxonomy":"post_tag","embeddable":true,"href":"https:\/\/www.justiceinfo.net\/fr\/wp-json\/wp\/v2\/tags?post=87100"},{"taxonomy":"ji_location","embeddable":true,"href":"https:\/\/www.justiceinfo.net\/fr\/wp-json\/wp\/v2\/ji_location?post=87100"}],"curies":[{"name":"wp","href":"https:\/\/api.w.org\/{rel}","templated":true}]}}