{"id":8722,"date":"2007-12-11T00:00:00","date_gmt":"2007-12-10T23:00:00","guid":{"rendered":"https:\/\/www.justiceinfo.net\/8722-111207-tpironu-le-president-byron-evoque-des-l-arrangements-speciaux-r-pour-finir-certains-pr5523.html"},"modified":"2007-12-11T00:00:00","modified_gmt":"2007-12-10T23:00:00","slug":"111207-tpironu-le-president-byron-evoque-des-l-arrangements-speciaux-r-pour-finir-certains-pr5523","status":"publish","type":"post","link":"https:\/\/www.justiceinfo.net\/fr\/8722-111207-tpironu-le-president-byron-evoque-des-l-arrangements-speciaux-r-pour-finir-certains-pr5523.html","title":{"rendered":"11.12.07 - TPIR\/ONU - LE PRESIDENT BYRON EVOQUE DES \u00ab ARRANGEMENTS SPECIAUX \u00bb POUR FINIR CERTAINS PR"},"content":{"rendered":"<p>Arusha, 11 d&eacute;cembre 2007 (FH) - Le pr&eacute;sident du Tribunal p&eacute;nal international pour le Rwanda (TPIR), Dennis Byron, a &eacute;voqu&eacute; lundi devant l&rsquo;Assembl&eacute;e g&eacute;n&eacute;rale des Nations unies des &laquo; arrangements sp&eacute;ciaux &raquo; (special arrangements) pour terminer les proc&egrave;s qui ne seront pas clos d&rsquo;ici la fin du mandat du TPIR, le 31 d&eacute;cembre 2008. <\/p>\n<p><!--more-->Cr&eacute;&eacute; par les Nations unies en 1994, le TPIR doit selon une r&eacute;solution du Conseil de s&eacute;curit&eacute; datant d&rsquo;ao&ucirc;t 2003, avoir achev&eacute; ses proc&egrave;s en premi&egrave;re instance le 31 d&eacute;cembre 2008. Le TPIR, qui est install&eacute; &agrave; Arusha, au nord de la Tanzanie, a d&eacute;j&agrave; jug&eacute; 35 personnes, une trentaine sont encore en attente de leurs jugements. Il aura co&ucirc;t&eacute; &agrave; la fin de cette ann&eacute;e un milliard de dollars am&eacute;ricains. <\/p>\n<p>\nPrenant la parole pour un bilan des activit&eacute;s, le juge Byron a notamment &eacute;voqu&eacute; pour ces &quot;arrangements sp&eacute;ciaux&quot; le proc&egrave;s dit &laquo; Karemera &raquo; dont il a la charge, o&ugrave; trois anciens responsables politiques rwandais comparaissent depuis septembre 2005. Un autre accus&eacute;, Augustin Ngirabatware, r&eacute;cemment arr&ecirc;t&eacute; en Allemagne, est &eacute;galement concern&eacute; par ces retards probables ainsi que tout accus&eacute; en fuite qui pourrait &ecirc;tre arr&ecirc;t&eacute; d&rsquo;ici la fin de l&rsquo;ann&eacute;e 2008.\n<\/p>\n<p>\nDeux derniers proc&egrave;s en premi&egrave;re instance devraient commencer en 2008, a-t-il expliqu&eacute;. Pour les proc&egrave;s en appel, deux sont encore pendants mais il est pr&eacute;visible que la chambre d&rsquo;appel dont la date butoir a &eacute;t&eacute; fix&eacute;e &agrave; 2010 ait besoin d&rsquo;&ecirc;tre renforc&eacute;e, a-t-il expliqu&eacute;.\n<\/p>\n<p>\nLe juge Byron a &eacute;galement appuy&eacute; la demande pr&eacute;sent&eacute;e par son confr&egrave;re du tribunal pour l'ex Yougoslavie de revaloriser les salaires des juges comme l&rsquo;ont &eacute;t&eacute; ceux des juges de la cour de justice internationale. Apr&egrave;s avoir demand&eacute; que les juges nomm&eacute;s temporairement soient titularis&eacute;s, il a &eacute;galement soulign&eacute; la difficult&eacute; de maintenir au TPIR un personnel qualifi&eacute; alors que la fin de l&rsquo;activit&eacute; approche.\n<\/p>\n<p>\nLe pr&eacute;sident a par ailleurs affirm&eacute; avoir jug&eacute; &laquo; pour la premi&egrave;re fois dans l&rsquo;histoire des deux tribunaux internationaux&raquo; un accus&eacute; de faux t&eacute;moignage. Ce t&eacute;moin, un Rwandais, a &eacute;t&eacute; condamn&eacute; d&eacute;but d&eacute;cembre &agrave; 9 mois de prison.\n<\/p>\n<p>\nPB\/AT\/GF\n<\/p>\n<p>\n&copy; Agence Hirondelle<\/p>\n","protected":false},"excerpt":{"rendered":"<p>Arusha, 11 d&eacute;cembre 2007 (FH) - Le pr&eacute;sident du Tribunal p&eacute;nal international pour le Rwanda (TPIR), Dennis Byron, a &eacute;voqu&eacute; lundi devant l&rsquo;Assembl&eacute;e g&eacute;n&eacute;rale des Nations unies des &laquo; arrangements sp&eacute;ciaux &raquo; (special arrangements) pour terminer les proc&egrave;s qui ne seront pas clos d&rsquo;ici la fin du mandat du TPIR, le 31 d&eacute;cembre 2008.<\/p>\n","protected":false},"author":64,"featured_media":0,"comment_status":"open","ping_status":"closed","sticky":false,"template":"","format":"standard","meta":{"_acf_changed":false,"footnotes":""},"categories":[554],"tags":[],"ji_location":[],"class_list":["post-8722","post","type-post","status-publish","format-standard","hentry","category-hirondellenews"],"acf":[],"yoast_head":"<!-- This site is optimized with the Yoast SEO Premium plugin v25.3.1 (Yoast SEO v25.3.1) - https:\/\/yoast.com\/wordpress\/plugins\/seo\/ -->\n<title>11.12.07 - TPIR\/ONU - LE PRESIDENT BYRON EVOQUE DES \u00ab ARRANGEMENTS SPECIAUX \u00bb POUR FINIR CERTAINS PR - JusticeInfo.net<\/title>\n<meta name=\"robots\" content=\"index, follow, max-snippet:-1, max-image-preview:large, max-video-preview:-1\" \/>\n<link rel=\"canonical\" href=\"https:\/\/www.justiceinfo.net\/fr\/8722-111207-tpironu-le-president-byron-evoque-des-l-arrangements-speciaux-r-pour-finir-certains-pr5523.html\" \/>\n<meta property=\"og:locale\" content=\"fr_FR\" \/>\n<meta property=\"og:type\" content=\"article\" \/>\n<meta property=\"og:title\" content=\"11.12.07 - TPIR\/ONU - LE PRESIDENT BYRON EVOQUE DES \u00ab ARRANGEMENTS SPECIAUX \u00bb POUR FINIR CERTAINS PR\" \/>\n<meta property=\"og:description\" content=\"Arusha, 11 d&eacute;cembre 2007 (FH) - Le pr&eacute;sident du Tribunal p&eacute;nal international pour le Rwanda (TPIR), Dennis Byron, a &eacute;voqu&eacute; lundi devant l&rsquo;Assembl&eacute;e g&eacute;n&eacute;rale des Nations unies des &laquo; arrangements sp&eacute;ciaux &raquo; (special arrangements) pour terminer les proc&egrave;s qui ne seront pas clos d&rsquo;ici la fin du mandat du TPIR, le 31 d&eacute;cembre 2008.\" \/>\n<meta property=\"og:url\" content=\"https:\/\/www.justiceinfo.net\/fr\/8722-111207-tpironu-le-president-byron-evoque-des-l-arrangements-speciaux-r-pour-finir-certains-pr5523.html\" \/>\n<meta property=\"og:site_name\" content=\"JusticeInfo.net\" \/>\n<meta property=\"article:publisher\" content=\"https:\/\/www.facebook.com\/JusticeInfo\/\" \/>\n<meta property=\"article:published_time\" content=\"2007-12-10T23:00:00+00:00\" \/>\n<meta property=\"og:image\" content=\"https:\/\/www.justiceinfo.net\/wp-content\/uploads\/JusticeInfoNet_logo_1200x630px.jpg\" \/>\n\t<meta property=\"og:image:width\" content=\"1200\" \/>\n\t<meta property=\"og:image:height\" content=\"630\" \/>\n\t<meta property=\"og:image:type\" content=\"image\/jpeg\" \/>\n<meta name=\"author\" content=\"solivri\" \/>\n<meta name=\"twitter:card\" content=\"summary_large_image\" \/>\n<meta name=\"twitter:creator\" content=\"@justiceinfonet\" \/>\n<meta name=\"twitter:site\" content=\"@justiceinfonet\" \/>\n<meta name=\"twitter:label1\" content=\"\u00c9crit par\" \/>\n\t<meta name=\"twitter:data1\" content=\"solivri\" \/>\n\t<meta name=\"twitter:label2\" content=\"Dur\u00e9e de lecture estim\u00e9e\" \/>\n\t<meta name=\"twitter:data2\" content=\"2 minutes\" \/>\n<script type=\"application\/ld+json\" class=\"yoast-schema-graph\">{\"@context\":\"https:\/\/schema.org\",\"@graph\":[{\"@type\":\"NewsArticle\",\"@id\":\"https:\/\/www.justiceinfo.net\/fr\/8722-111207-tpironu-le-president-byron-evoque-des-l-arrangements-speciaux-r-pour-finir-certains-pr5523.html#article\",\"isPartOf\":{\"@id\":\"https:\/\/www.justiceinfo.net\/fr\/8722-111207-tpironu-le-president-byron-evoque-des-l-arrangements-speciaux-r-pour-finir-certains-pr5523.html\"},\"author\":{\"name\":\"solivri\",\"@id\":\"https:\/\/www.justiceinfo.net\/fr#\/schema\/person\/6e53cba1629e2e66f3fc1821d3091865\"},\"headline\":\"11.12.07 - TPIR\/ONU - LE PRESIDENT BYRON EVOQUE DES \u00ab ARRANGEMENTS SPECIAUX \u00bb POUR FINIR CERTAINS PR\",\"datePublished\":\"2007-12-10T23:00:00+00:00\",\"mainEntityOfPage\":{\"@id\":\"https:\/\/www.justiceinfo.net\/fr\/8722-111207-tpironu-le-president-byron-evoque-des-l-arrangements-speciaux-r-pour-finir-certains-pr5523.html\"},\"wordCount\":503,\"commentCount\":0,\"publisher\":{\"@id\":\"https:\/\/www.justiceinfo.net\/fr#organization\"},\"articleSection\":[\"Hirondelle News\"],\"inLanguage\":\"fr-FR\",\"potentialAction\":[{\"@type\":\"CommentAction\",\"name\":\"Comment\",\"target\":[\"https:\/\/www.justiceinfo.net\/fr\/8722-111207-tpironu-le-president-byron-evoque-des-l-arrangements-speciaux-r-pour-finir-certains-pr5523.html#respond\"]}]},{\"@type\":\"WebPage\",\"@id\":\"https:\/\/www.justiceinfo.net\/fr\/8722-111207-tpironu-le-president-byron-evoque-des-l-arrangements-speciaux-r-pour-finir-certains-pr5523.html\",\"url\":\"https:\/\/www.justiceinfo.net\/fr\/8722-111207-tpironu-le-president-byron-evoque-des-l-arrangements-speciaux-r-pour-finir-certains-pr5523.html\",\"name\":\"11.12.07 - TPIR\/ONU - LE PRESIDENT BYRON EVOQUE DES \u00ab ARRANGEMENTS SPECIAUX \u00bb POUR FINIR CERTAINS PR - JusticeInfo.net\",\"isPartOf\":{\"@id\":\"https:\/\/www.justiceinfo.net\/fr#website\"},\"datePublished\":\"2007-12-10T23:00:00+00:00\",\"breadcrumb\":{\"@id\":\"https:\/\/www.justiceinfo.net\/fr\/8722-111207-tpironu-le-president-byron-evoque-des-l-arrangements-speciaux-r-pour-finir-certains-pr5523.html#breadcrumb\"},\"inLanguage\":\"fr-FR\",\"potentialAction\":[{\"@type\":\"ReadAction\",\"target\":[\"https:\/\/www.justiceinfo.net\/fr\/8722-111207-tpironu-le-president-byron-evoque-des-l-arrangements-speciaux-r-pour-finir-certains-pr5523.html\"]}]},{\"@type\":\"BreadcrumbList\",\"@id\":\"https:\/\/www.justiceinfo.net\/fr\/8722-111207-tpironu-le-president-byron-evoque-des-l-arrangements-speciaux-r-pour-finir-certains-pr5523.html#breadcrumb\",\"itemListElement\":[{\"@type\":\"ListItem\",\"position\":1,\"name\":\"Home\",\"item\":\"https:\/\/www.justiceinfo.net\/fr\"},{\"@type\":\"ListItem\",\"position\":2,\"name\":\"11.12.07 - TPIR\/ONU - LE PRESIDENT BYRON EVOQUE DES \u00ab ARRANGEMENTS SPECIAUX \u00bb POUR FINIR CERTAINS PR\"}]},{\"@type\":\"WebSite\",\"@id\":\"https:\/\/www.justiceinfo.net\/fr#website\",\"url\":\"https:\/\/www.justiceinfo.net\/fr\",\"name\":\"JusticeInfo.net\",\"description\":\"La justice doit \u00eatre vue pour \u00eatre rendue\",\"publisher\":{\"@id\":\"https:\/\/www.justiceinfo.net\/fr#organization\"},\"potentialAction\":[{\"@type\":\"SearchAction\",\"target\":{\"@type\":\"EntryPoint\",\"urlTemplate\":\"https:\/\/www.justiceinfo.net\/fr?s={search_term_string}\"},\"query-input\":{\"@type\":\"PropertyValueSpecification\",\"valueRequired\":true,\"valueName\":\"search_term_string\"}}],\"inLanguage\":\"fr-FR\"},{\"@type\":\"Organization\",\"@id\":\"https:\/\/www.justiceinfo.net\/fr#organization\",\"name\":\"Justice Info\",\"url\":\"https:\/\/www.justiceinfo.net\/fr\",\"logo\":{\"@type\":\"ImageObject\",\"inLanguage\":\"fr-FR\",\"@id\":\"https:\/\/www.justiceinfo.net\/fr#\/schema\/logo\/image\/\",\"url\":\"https:\/\/www.justiceinfo.net\/wp-content\/uploads\/justiceinfo_logo-trans_1200x1200px.png\",\"contentUrl\":\"https:\/\/www.justiceinfo.net\/wp-content\/uploads\/justiceinfo_logo-trans_1200x1200px.png\",\"width\":1199,\"height\":1200,\"caption\":\"Justice Info\"},\"image\":{\"@id\":\"https:\/\/www.justiceinfo.net\/fr#\/schema\/logo\/image\/\"},\"sameAs\":[\"https:\/\/www.facebook.com\/JusticeInfo\/\",\"https:\/\/x.com\/justiceinfonet\",\"https:\/\/www.linkedin.com\/company\/justice-info\",\"https:\/\/www.youtube.com\/channel\/UCyCEsARodyuWtkWyhn-e7pA\"]},{\"@type\":\"Person\",\"name\":\"solivri\",\"url\":\"\/fr\/?s=solivri\"}]}<\/script>\n<!-- \/ Yoast SEO Premium plugin. -->","yoast_head_json":{"title":"11.12.07 - TPIR\/ONU - LE PRESIDENT BYRON EVOQUE DES \u00ab ARRANGEMENTS SPECIAUX \u00bb POUR FINIR CERTAINS PR - JusticeInfo.net","robots":{"index":"index","follow":"follow","max-snippet":"max-snippet:-1","max-image-preview":"max-image-preview:large","max-video-preview":"max-video-preview:-1"},"canonical":"https:\/\/www.justiceinfo.net\/fr\/8722-111207-tpironu-le-president-byron-evoque-des-l-arrangements-speciaux-r-pour-finir-certains-pr5523.html","og_locale":"fr_FR","og_type":"article","og_title":"11.12.07 - TPIR\/ONU - LE PRESIDENT BYRON EVOQUE DES \u00ab ARRANGEMENTS SPECIAUX \u00bb POUR FINIR CERTAINS PR","og_description":"Arusha, 11 d&eacute;cembre 2007 (FH) - Le pr&eacute;sident du Tribunal p&eacute;nal international pour le Rwanda (TPIR), Dennis Byron, a &eacute;voqu&eacute; lundi devant l&rsquo;Assembl&eacute;e g&eacute;n&eacute;rale des Nations unies des &laquo; arrangements sp&eacute;ciaux &raquo; (special arrangements) pour terminer les proc&egrave;s qui ne seront pas clos d&rsquo;ici la fin du mandat du TPIR, le 31 d&eacute;cembre 2008.","og_url":"https:\/\/www.justiceinfo.net\/fr\/8722-111207-tpironu-le-president-byron-evoque-des-l-arrangements-speciaux-r-pour-finir-certains-pr5523.html","og_site_name":"JusticeInfo.net","article_publisher":"https:\/\/www.facebook.com\/JusticeInfo\/","article_published_time":"2007-12-10T23:00:00+00:00","og_image":[{"width":1200,"height":630,"url":"https:\/\/www.justiceinfo.net\/wp-content\/uploads\/JusticeInfoNet_logo_1200x630px.jpg","type":"image\/jpeg"}],"author":"solivri","twitter_card":"summary_large_image","twitter_creator":"@justiceinfonet","twitter_site":"@justiceinfonet","twitter_misc":{"\u00c9crit par":"solivri","Dur\u00e9e de lecture estim\u00e9e":"2 minutes"},"schema":{"@context":"https:\/\/schema.org","@graph":[{"@type":"NewsArticle","@id":"https:\/\/www.justiceinfo.net\/fr\/8722-111207-tpironu-le-president-byron-evoque-des-l-arrangements-speciaux-r-pour-finir-certains-pr5523.html#article","isPartOf":{"@id":"https:\/\/www.justiceinfo.net\/fr\/8722-111207-tpironu-le-president-byron-evoque-des-l-arrangements-speciaux-r-pour-finir-certains-pr5523.html"},"author":{"name":"solivri","@id":"https:\/\/www.justiceinfo.net\/fr#\/schema\/person\/6e53cba1629e2e66f3fc1821d3091865"},"headline":"11.12.07 - TPIR\/ONU - LE PRESIDENT BYRON EVOQUE DES \u00ab ARRANGEMENTS SPECIAUX \u00bb POUR FINIR CERTAINS PR","datePublished":"2007-12-10T23:00:00+00:00","mainEntityOfPage":{"@id":"https:\/\/www.justiceinfo.net\/fr\/8722-111207-tpironu-le-president-byron-evoque-des-l-arrangements-speciaux-r-pour-finir-certains-pr5523.html"},"wordCount":503,"commentCount":0,"publisher":{"@id":"https:\/\/www.justiceinfo.net\/fr#organization"},"articleSection":["Hirondelle News"],"inLanguage":"fr-FR","potentialAction":[{"@type":"CommentAction","name":"Comment","target":["https:\/\/www.justiceinfo.net\/fr\/8722-111207-tpironu-le-president-byron-evoque-des-l-arrangements-speciaux-r-pour-finir-certains-pr5523.html#respond"]}]},{"@type":"WebPage","@id":"https:\/\/www.justiceinfo.net\/fr\/8722-111207-tpironu-le-president-byron-evoque-des-l-arrangements-speciaux-r-pour-finir-certains-pr5523.html","url":"https:\/\/www.justiceinfo.net\/fr\/8722-111207-tpironu-le-president-byron-evoque-des-l-arrangements-speciaux-r-pour-finir-certains-pr5523.html","name":"11.12.07 - TPIR\/ONU - LE PRESIDENT BYRON EVOQUE DES \u00ab ARRANGEMENTS SPECIAUX \u00bb POUR FINIR CERTAINS PR - JusticeInfo.net","isPartOf":{"@id":"https:\/\/www.justiceinfo.net\/fr#website"},"datePublished":"2007-12-10T23:00:00+00:00","breadcrumb":{"@id":"https:\/\/www.justiceinfo.net\/fr\/8722-111207-tpironu-le-president-byron-evoque-des-l-arrangements-speciaux-r-pour-finir-certains-pr5523.html#breadcrumb"},"inLanguage":"fr-FR","potentialAction":[{"@type":"ReadAction","target":["https:\/\/www.justiceinfo.net\/fr\/8722-111207-tpironu-le-president-byron-evoque-des-l-arrangements-speciaux-r-pour-finir-certains-pr5523.html"]}]},{"@type":"BreadcrumbList","@id":"https:\/\/www.justiceinfo.net\/fr\/8722-111207-tpironu-le-president-byron-evoque-des-l-arrangements-speciaux-r-pour-finir-certains-pr5523.html#breadcrumb","itemListElement":[{"@type":"ListItem","position":1,"name":"Home","item":"https:\/\/www.justiceinfo.net\/fr"},{"@type":"ListItem","position":2,"name":"11.12.07 - TPIR\/ONU - LE PRESIDENT BYRON EVOQUE DES \u00ab ARRANGEMENTS SPECIAUX \u00bb POUR FINIR CERTAINS PR"}]},{"@type":"WebSite","@id":"https:\/\/www.justiceinfo.net\/fr#website","url":"https:\/\/www.justiceinfo.net\/fr","name":"JusticeInfo.net","description":"La justice doit \u00eatre vue pour \u00eatre rendue","publisher":{"@id":"https:\/\/www.justiceinfo.net\/fr#organization"},"potentialAction":[{"@type":"SearchAction","target":{"@type":"EntryPoint","urlTemplate":"https:\/\/www.justiceinfo.net\/fr?s={search_term_string}"},"query-input":{"@type":"PropertyValueSpecification","valueRequired":true,"valueName":"search_term_string"}}],"inLanguage":"fr-FR"},{"@type":"Organization","@id":"https:\/\/www.justiceinfo.net\/fr#organization","name":"Justice Info","url":"https:\/\/www.justiceinfo.net\/fr","logo":{"@type":"ImageObject","inLanguage":"fr-FR","@id":"https:\/\/www.justiceinfo.net\/fr#\/schema\/logo\/image\/","url":"https:\/\/www.justiceinfo.net\/wp-content\/uploads\/justiceinfo_logo-trans_1200x1200px.png","contentUrl":"https:\/\/www.justiceinfo.net\/wp-content\/uploads\/justiceinfo_logo-trans_1200x1200px.png","width":1199,"height":1200,"caption":"Justice Info"},"image":{"@id":"https:\/\/www.justiceinfo.net\/fr#\/schema\/logo\/image\/"},"sameAs":["https:\/\/www.facebook.com\/JusticeInfo\/","https:\/\/x.com\/justiceinfonet","https:\/\/www.linkedin.com\/company\/justice-info","https:\/\/www.youtube.com\/channel\/UCyCEsARodyuWtkWyhn-e7pA"]},{"@type":"Person","name":"solivri","url":"\/fr\/?s=solivri"}]}},"_links":{"self":[{"href":"https:\/\/www.justiceinfo.net\/fr\/wp-json\/wp\/v2\/posts\/8722","targetHints":{"allow":["GET"]}}],"collection":[{"href":"https:\/\/www.justiceinfo.net\/fr\/wp-json\/wp\/v2\/posts"}],"about":[{"href":"https:\/\/www.justiceinfo.net\/fr\/wp-json\/wp\/v2\/types\/post"}],"author":[{"embeddable":true,"href":"https:\/\/www.justiceinfo.net\/fr\/wp-json\/wp\/v2\/users\/64"}],"replies":[{"embeddable":true,"href":"https:\/\/www.justiceinfo.net\/fr\/wp-json\/wp\/v2\/comments?post=8722"}],"version-history":[{"count":0,"href":"https:\/\/www.justiceinfo.net\/fr\/wp-json\/wp\/v2\/posts\/8722\/revisions"}],"wp:attachment":[{"href":"https:\/\/www.justiceinfo.net\/fr\/wp-json\/wp\/v2\/media?parent=8722"}],"wp:term":[{"taxonomy":"category","embeddable":true,"href":"https:\/\/www.justiceinfo.net\/fr\/wp-json\/wp\/v2\/categories?post=8722"},{"taxonomy":"post_tag","embeddable":true,"href":"https:\/\/www.justiceinfo.net\/fr\/wp-json\/wp\/v2\/tags?post=8722"},{"taxonomy":"ji_location","embeddable":true,"href":"https:\/\/www.justiceinfo.net\/fr\/wp-json\/wp\/v2\/ji_location?post=8722"}],"curies":[{"name":"wp","href":"https:\/\/api.w.org\/{rel}","templated":true}]}}