{"id":87276,"date":"2022-02-07T11:14:07","date_gmt":"2022-02-07T10:14:07","guid":{"rendered":"https:\/\/www.justiceinfo.net\/?p=87276"},"modified":"2022-02-07T11:50:13","modified_gmt":"2022-02-07T10:50:13","slug":"ecosse-justice-transitionnelle-face-violence-economique","status":"publish","type":"post","link":"https:\/\/www.justiceinfo.net\/fr\/87276-ecosse-justice-transitionnelle-face-violence-economique.html","title":{"rendered":"Ecosse : la justice transitionnelle face \u00e0 la violence \u00e9conomique"},"content":{"rendered":"\n<p><strong>Depuis octobre, un projet de loi d\u2019\u00ab amnistie&nbsp;\u00bb des mineurs ayant particip\u00e9 aux gr\u00e8ves violentes des ann\u00e9es 1984 et 1985 est devant le parlement \u00e9cossais. Sa port\u00e9e est limit\u00e9e mais ce projet t\u00e9moigne, comme la commission d\u2019enqu\u00eate qui l\u2019a pr\u00e9c\u00e9d\u00e9, d\u2019un processus original mettant en \u0153uvre des outils de la justice transitionnelle et s\u2019inscrivant dans une logique de \u00ab&nbsp;v\u00e9rit\u00e9 et r\u00e9conciliation&nbsp;\u00bb, selon les universitaires Jean-Pierre Massias et Niki Siampakou.<\/strong><\/p>\n\n\n\n<!--more-->\n\n\n\n<p>La gr\u00e8ve des mineurs britanniques a dur\u00e9 du 8 mars 1984 au 3 mars 1985. La violence des affrontements \u2013 qui a amen\u00e9 certains commentateurs \u00e0 parler de <a href=\"https:\/\/socialistpartyscotland.org.uk\/2014\/03\/03\/198485-miners-strike-civil-war-without-guns\/\">\u00ab&nbsp;guerre civile&nbsp;\u00bb<\/a> \u2013 a caus\u00e9 onze morts et plus de 7 000 bless\u00e9s. Il s\u2019agissait de protester contre la fermeture de vingt puits de mines et la suppression de 20 000 emplois. Elle fut suivie par pr\u00e8s de 140 000 mineurs. Plus de 11 000 d\u2019entre eux furent arr\u00eat\u00e9s par la police et 5 653 poursuivis en justice. 200 furent emprisonn\u00e9s et plus d\u2019un millier licenci\u00e9s. Ce fut un conflit massif, extr\u00eamement dur, qui s\u2019est sold\u00e9 par la d\u00e9faite totale des mineurs et dont le souvenir reste tr\u00e8s vif dans la m\u00e9moire politique et sociale de la Grande-Bretagne.<\/p>\n\n\n\n<p>Comme nous l\u2019avons <a href=\"https:\/\/www.justiceinfo.net\/fr\/45624-conflits-sociaux-nouveau-champ-justice-transitionnelle.html\">racont\u00e9 dans ces colonnes<\/a>, plus de trente ans plus tard, en juin 2018, le secr\u00e9taire d\u2019\u00c9tat \u00e0 la Justice du gouvernement \u00e9cossais, Michael Matheson, a d\u00e9clar\u00e9 qu\u2019il \u00e9tait \u00ab&nbsp;d\u00e9termin\u00e9 \u00e0 ce que le gouvernement \u00e9cossais&nbsp;fasse son possible pour rendre justice aux personnes affect\u00e9es par ce conflit \u00bb. <a href=\"https:\/\/www.gov.scot\/publications\/impact-of-policing-on-communities-during-the-miners-strike\/\">Dans sa d\u00e9claration<\/a>, Matheson a soulign\u00e9 la subsistance du traumatisme n\u00e9 du silence et du sentiment d\u2019injustice. <a href=\"https:\/\/planetradio.co.uk\/west\/local\/news\/scottish-government-announces-review-of-policing-during-miners-strike\/\">Soutenu par le pr\u00e9sident du Syndicat des travailleurs des mines<\/a>, Nicky Wilson, il a annonc\u00e9 la mise en place d\u2019une commission d\u2019enqu\u00eate ind\u00e9pendante, charg\u00e9e d\u2019 \u00ab&nbsp;enqu\u00eater sur l'impact des op\u00e9rations de police sur les communaut\u00e9s touch\u00e9es en \u00c9cosse&nbsp;\u00bb pendant cette p\u00e9riode. Les travaux de cette commission se sont conclus par <a href=\"https:\/\/www.gov.scot\/binaries\/content\/documents\/govscot\/publications\/independent-report\/2020\/10\/independent-review-impact-communities-policing-miners-strike-1984-85\/documents\/independent-review-impact-communities-policing-miners-strike-1984-85\/independent-review-impact-communities-policing-miners-strike-1984-85\/govscot%3Adocument\/independent-review-impact-communities-policing-miners-strike-1984-85.pdf\">un rapport final<\/a>, remis en octobre 2020, et, un an plus tard, par la soumission par le gouvernement \u00e9cossais d\u2019un <a href=\"https:\/\/www.parliament.scot\/-\/media\/files\/legislation\/bills\/s6-bills\/miners-strike-pardons-scotland-bill\/introduced\/bill-as-introduced.pdf\">projet de loi d\u2019amnistie<\/a> des mineurs arr\u00eat\u00e9s et condamn\u00e9s lors des gr\u00e8ves de 1984-1985.<\/p>\n\n\n\n<h2 class=\"wp-block-heading\">Une logique de justice transitionnelle<\/h2>\n\n\n\n<p>De fa\u00e7on remarquable, l\u2019enqu\u00eate de la commission qui a abouti au d\u00e9p\u00f4t du projet de loi s\u2019est inscrite dans une d\u00e9marche globale et inclusive, faisant des auditions de victimes un m\u00e9canisme privil\u00e9gi\u00e9 d\u2019expression de la v\u00e9rit\u00e9. Sa volont\u00e9 affich\u00e9e a \u00e9t\u00e9 de travailler sur une p\u00e9riode assez longue (juin 2018-octobre 2020) et d\u2019associer \u00e0 ses travaux un grand nombre de personnes et d\u2019institutions, ce qui a permis l\u2019\u00e9mergence progressive d\u2019un r\u00e9cit t\u00e9moignant de m\u00e9moires multiples.<\/p>\n\n\n\n<p>C\u2019est notamment le fait d\u2019avoir organis\u00e9 un certain nombre de r\u00e9unions publiques dans diff\u00e9rents lieux symboliques de la gr\u00e8ve qui doit \u00eatre mis en valeur. Tant par leur importance que par leur contenu, ces r\u00e9unions publiques se sont inscrites dans une logique de justice transitionnelle \u2013 \u00e0 l\u2019image des audiences foraines de certaines commissions v\u00e9rit\u00e9.<\/p>\n\n\n\n<p>En \u00c9cosse, ces r\u00e9unions ont \u00e9t\u00e9 organis\u00e9es dans huit lieux et ont r\u00e9uni 167 personnes. \u00ab&nbsp;Les r\u00e9unions duraient g\u00e9n\u00e9ralement trois heures, afin de permettre \u00e0 tous ceux qui le souhaitent d'\u00eatre entendus, pr\u00e9cise la commission. La participation \u00e0 certaines d\u2019entre elles a \u00e9t\u00e9 assez faible, mais ces r\u00e9unions nous ont permis d\u2019avoir une discussion plus approfondie avec les participants. \u00bb<\/p>\n\n\n\n<p>Sur le fond, il ressort des comptes rendus de ces r\u00e9unions la survivance et la profondeur des traumatismes. Il appara\u00eet que les ann\u00e9es \u00e9coul\u00e9es n\u2019ont pas mis fin aux souffrances et que les effets de la gr\u00e8ve se font encore sentir au sein des communaut\u00e9s. Une souffrance qui trouve ses origines dans la r\u00e9pression mais aussi dans ses cons\u00e9quences \u00e0 plus long terme :\u00ab&nbsp;Nous avons entendu des t\u00e9moignages puissants et \u00e9mouvants d'individus et de leurs familles qui avaient \u00e9t\u00e9 tr\u00e8s durement touch\u00e9s par la gr\u00e8ve, en particulier ceux qui ont \u00e9t\u00e9 arr\u00eat\u00e9s, inculp\u00e9s, poursuivis, reconnus coupables et condamn\u00e9s&nbsp;\u00bb, <a href=\"https:\/\/www.gov.scot\/binaries\/content\/documents\/govscot\/publications\/correspondence\/2019\/02\/miners-strike-review-interim-report\/documents\/miners-strike-review-interim-report\/miners-strike-review-interim-report\/govscot%3Adocument\/Miners%2527%2Bstri\">\u00e9crit la commission<\/a>. &nbsp;<\/p>\n\n\n\n<p>Et c\u2019est le principe m\u00eame de la possibilit\u00e9 d\u2019exprimer cette v\u00e9rit\u00e9 \u00ab&nbsp;ressentie&nbsp;\u00bb qui a \u00e9t\u00e9 appr\u00e9ci\u00e9e des personnes concern\u00e9es. Ainsi, <a href=\"https:\/\/www.gov.scot\/binaries\/content\/documents\/govscot\/publications\/correspondence\/2019\/02\/miners-strike-review-interim-report\/documents\/miners-strike-review-interim-report\/miners-strike-review-interim-report\/govscot%3Adocument\/Miners%2527%2Bstri\">poursuit la commission<\/a>, \u00ab&nbsp;il convient de noter qu'\u00e0 toutes nos r\u00e9unions, les intervenants tenaient g\u00e9n\u00e9ralement \u00e0 exprimer leur reconnaissance au gouvernement \u00e9cossais d\u2019avoir initi\u00e9 cette enqu\u00eate. Si beaucoup voulaient que cela aille plus loin, en particulier ceux qui continuent de faire campagne en faveur d'une enqu\u00eate publique compl\u00e8te au niveau du Royaume-Uni, et que certains questionnaient les limites de notre mandat, ceux qui ont pris la parole ont dit qu'ils \u00e9taient heureux d'\u00eatre entendus et \u00e9cout\u00e9s, pour la premi\u00e8re fois, semble-t-il, pour beaucoup d\u2019entre eux.&nbsp;\u00bb<\/p>\n\n\n\n<h2 class=\"wp-block-heading\">Un traumatisme social global<\/h2>\n\n\n\n<p>Tant les intentions manifest\u00e9es par le gouvernement \u00e9cossais d\u00e8s la mise en place de la commission, que ces comptes rendus, t\u00e9moignent du constat d\u2019un traumatisme social tr\u00e8s important. \u00ab&nbsp;M\u00eame si plus de trente ans se sont \u00e9coul\u00e9s depuis le principal conflit minier, les cicatrices de l'exp\u00e9rience sont encore profondes&nbsp;\u00bb, a d\u00e9clar\u00e9 le ministre de la Justice \u00e9cossais <a href=\"https:\/\/www.gov.scot\/publications\/miners-strike-review-justice-secretary-update-parliament-28-october-2020\/\">dans un discours lors de la r\u00e9ception du rapport et de l\u2019introduction du projet de loi<\/a>. \u00ab&nbsp;Dans certaines r\u00e9gions du pays les plus durement touch\u00e9es, le sentiment d'avoir \u00e9t\u00e9 bless\u00e9 et l\u00e9s\u00e9 demeure corrosif et ali\u00e9nant. C'est vrai pour beaucoup de ceux qui ont \u00e9t\u00e9 pris dans le conflit et ses cons\u00e9quences. Ceux qui travaillaient dans l'industrie mini\u00e8re \u00e0 l'\u00e9poque, bien s\u00fbr, mais aussi les familles \u00e9largies et les communaut\u00e9s. La gr\u00e8ve des mineurs a \u00e9galement \u00e9t\u00e9 une p\u00e9riode difficile pour la police, de nombreux agents de police se trouvant dans des situations extr\u00eamement difficiles, les relations entre la police et la communaut\u00e9 \u00e9tant soumises \u00e0 des tensions sans pr\u00e9c\u00e9dent.&nbsp;<em>\u00bb<\/em><\/p>\n\n\n\n<p>La commission d\u2019enqu\u00eate \u00e9tant confront\u00e9e \u00e0 une forme globale de traumatisme social, elle a entrepris d\u2019int\u00e9grer des m\u00e9canismes de r\u00e9tablissement de la v\u00e9rit\u00e9. Tout au long de leur activit\u00e9, les membres de la commission ont relev\u00e9 deux caract\u00e9ristiques dans les d\u00e9bats et \u00e9changes qu\u2019ils ont pu conduire, qui rapprochent leur exp\u00e9rience de celles des commissions v\u00e9rit\u00e9 et r\u00e9conciliation.<\/p>\n\n\n\n<p>C\u2019est, tout d\u2019abord, l\u2019expression de traumatismes individuels dont l\u2019intensit\u00e9 et la complexit\u00e9 sont r\u00e9v\u00e9latrices de l\u2019\u00e9tat des mentalit\u00e9s et de l\u2019impact de la violence. Ce fut notamment le cas lors de face \u00e0 face entre mineurs et anciens policiers, qui permirent d\u2019appr\u00e9cier et de mesurer, <a href=\"https:\/\/www.gov.scot\/binaries\/content\/documents\/govscot\/publications\/correspondence\/2019\/02\/miners-strike-review-interim-report\/documents\/miners-strike-review-interim-report\/miners-strike-review-interim-report\/govscot%3Adocument\/Miners%2527%2Bstri\">rel\u00e8ve la commission<\/a>, \u00ab&nbsp;la force du ressenti et la subtilit\u00e9 des impacts et des impressions qui n\u2019apparaissaient pas toujours lors des d\u00e9clarations \u00e9crites&nbsp;\u00bb.<\/p>\n\n\n\n<p>C\u2019est aussi l\u2019expression d\u2019une r\u00e9alit\u00e9 traumatique collective d\u00e9passant les individus pour affecter des communaut\u00e9s enti\u00e8res, perp\u00e9tuant les clivages et les ruptures n\u00e9s de la gr\u00e8ve et de sa r\u00e9pression. \u00ab\u00a0Les r\u00e9unions ont confirm\u00e9, pr\u00e9cise le rapport provisoire, que, de ce fait, les sentiments restent vifs sur la gr\u00e8ve de 1984-1985 et le maintien de l'ordre. [\u2026] Nous avons \u00e9t\u00e9 conscients du fait que les r\u00e9unions publiques au sein des communaut\u00e9s mini\u00e8res n'\u00e9taient pas n\u00e9cessairement propices au partage par des policiers \u00e0 la retraite de leur exp\u00e9rience et de leurs souvenirs, mais que les communaut\u00e9s \u00e9taient d\u2019accord pour avoir avec ces derniers d\u2019autres rencontres en face \u00e0 face.\u00a0\u00bb<\/p>\n\n\n\n<h2 class=\"wp-block-heading\">Les limites de la r\u00e9habilitation<\/h2>\n\n\n\n<p>Face aux constats dress\u00e9s par la commission d\u2019enqu\u00eate, le gouvernement \u00e9cossais a \u00e9labor\u00e9 un m\u00e9canisme de r\u00e9paration des dommages subis. Cette volont\u00e9 semble toutefois t\u00e9moigner d\u2019un paradoxe&nbsp;: alors m\u00eame que le principe de la n\u00e9cessit\u00e9 d\u2019une r\u00e9paration a \u00e9t\u00e9 amplement confirm\u00e9e dans le rapport remis en 2020, la r\u00e9paration accord\u00e9e appara\u00eet relativement r\u00e9duite au regard de l\u2019\u00e9tendue et de la complexit\u00e9 des dommages subis.<\/p>\n\n\n\n<p>En mars 2021, le gouvernement a commenc\u00e9 par organiser une <a href=\"https:\/\/www.gov.scot\/publications\/miners-strike-1984-85-pardon-consultation\/\">consultation publique<\/a>, destin\u00e9e \u00e0 \u00e9tablir les crit\u00e8res appropri\u00e9s pour une loi d\u2019amnistie. La consultation a re\u00e7u 377 r\u00e9ponses venant d\u2019individus et de treize organisations, qui d\u00e9montraient leur clair <a href=\"https:\/\/www.gov.scot\/publications\/miners-strike-1984-85-pardon-consultation-analysis-responses\/\">soutien \u00e0 la r\u00e9habilitation des mineurs<\/a>. Le gouvernement a ensuite pr\u00e9sent\u00e9 au parlement un projet de loi qui propose d\u2019accorder <a href=\"https:\/\/www.gov.scot\/news\/historic-miners-pardon-bill-published\/\">\u00ab&nbsp;un pardon collectif et automatique&nbsp;\u00bb<\/a> aux anciens mineurs reconnus coupables des infractions suivantes li\u00e9es \u00e0 la gr\u00e8ve des mineurs de 1984-1985 : rupture de la paix&nbsp;; violation des conditions de mise en libert\u00e9 sous caution ; voies de fait ou r\u00e9sistance, molestation et entrave \u00e0 un agent de police ou \u00e0 une personne aidant un agent de police dans l\u2019exercice de ses fonctions. L\u2019infraction doit avoir \u00e9t\u00e9 commise alors que le mineur participait \u00e0 un piquet de gr\u00e8ve, une manifestation ou un rassemblement similaire en faveur de la gr\u00e8ve - ou alors qu'il se rendait ou revenait d'un tel piquet, d'une manifestation ou d'un rassemblement similaire.<\/p>\n\n\n\n<p>Cependant et en d\u00e9pit d\u2019autres possibilit\u00e9s, notamment celle de l\u2019annulation de la condamnation ou l\u2019attribution d\u2019une indemnisation, en l\u2019\u00e9tat actuel du projet de loi, l\u2019amnistie accord\u00e9e ne pr\u00e9voit aucun effet sur la condamnation ou la peine. Il ne donne lieu \u00e0 aucun droit pour la personne qui en b\u00e9n\u00e9ficie ni \u00e0 aucune mise en cause de la responsabilit\u00e9 de l\u2019institution qui a prononc\u00e9 la condamnation. &nbsp;<\/p>\n\n\n\n<h2 class=\"wp-block-heading\">Un objectif central : la r\u00e9conciliation<\/h2>\n\n\n\n<p>Par ailleurs, <a href=\"https:\/\/www.bbc.com\/news\/uk-scotland-59067333\">les dommages financiers<\/a> subis par les mineurs condamn\u00e9s ne seraient pas non plus pris en compte. On peut citer la perte de leur emploi, le co\u00fbt des proc\u00e9dures judiciaires, des amendes \u00e0 payer, la perte d\u2019ann\u00e9es de salaires, etc. Pour le moment, il semble que cette injustice ne sera pas r\u00e9par\u00e9e par la loi. Quantitativement, sa port\u00e9e peut sembler incertaine&nbsp;: selon la note accompagnant le projet, les mineurs \u00e9ligibles \u00e0 l\u2019amnistie pourraient repr\u00e9senter un groupe de 200 \u00e0 400 personnes mais aucune \u00e9tude n\u2019a encore \u00e9tabli avec certitude le nombre exact des personnes qui pourraient \u00eatre consid\u00e9r\u00e9es comme \u00e9ligibles.<\/p>\n\n\n\n<p>C\u2019est peut-\u00eatre pourquoi le ministre a soulign\u00e9 que l\u2019amnistie accord\u00e9e aux anciens mineurs se faisait dans un \u00ab&nbsp;esprit de r\u00e9conciliation&nbsp;\u00bb et symbolisait un \u00ab&nbsp;d\u00e9sir du pays de v\u00e9rit\u00e9 et de r\u00e9conciliation&nbsp;\u00bb, comme l\u2019explique le projet de loi. Car s\u2019il s\u2019est bien agi de faire la \u00ab&nbsp;v\u00e9rit\u00e9&nbsp;\u00bb sur les violations relatives au maintien de l'ordre lors de la gr\u00e8ve, les contours de la mission de la commission ont \u00e9t\u00e9 imm\u00e9diatement envisag\u00e9s comme un projet de \u00ab&nbsp;r\u00e9conciliation&nbsp;\u00bb.<\/p>\n\n\n\n<p>La <a href=\"https:\/\/www.parliament.scot\/-\/media\/files\/legislation\/bills\/s6-bills\/miners-strike-pardons-scotland-bill\/introduced\/policy-memorandum1.pdf\">note politique<\/a> qui accompagne le projet de loi explique que l\u2019amnistie vise \u00e0 \u00ab&nbsp;\u00e9liminer la stigmatisation de toute condamnation associ\u00e9e&nbsp;\u00bb. Elle souligne qu\u2019il \u00ab&nbsp;offre l'occasion de r\u00e9concilier ceux qui faisaient respecter la loi dans des circonstances d'une ampleur qu\u2019ils n'avaient jamais rencontr\u00e9e auparavant - avec ceux qui se battaient pour prot\u00e9ger leurs emplois, leur mode de vie et leurs communaut\u00e9s&nbsp;\u00bb. L\u2019amnistie tel qu\u2019envisag\u00e9e dans ce projet de loi ambitionne ainsi, justifie la note, d\u2019\u00ab&nbsp;encourager la r\u00e9conciliation, mais sans sugg\u00e9rer que la loi elle-m\u00eame \u00e9tait fautive ou qu'elle a \u00e9t\u00e9 appliqu\u00e9e de mani\u00e8re syst\u00e9miquement discriminatoire&nbsp;\u00bb.<\/p>\n\n\n\n<p>Le projet de loi est actuellement devant la Commission sur l\u2019\u00e9galit\u00e9, les droits de l'homme et la justice civile. Son examen devrait se conclure en juin 2022. Malgr\u00e9 ses limites, ce processus para\u00eet prometteur pour le r\u00e9tablissement de la paix sociale et la r\u00e9conciliation de la population apr\u00e8s quarante ann\u00e9es d\u2019injustice continue.<\/p>\n\n\n<div class=\"articleLink articleLink--editorRecommanded articleLink--textInImage articleLink--textTop\" style=\"\">\r\n\t\t\t\t\t\r\n\t\t\t<div class=\"articleLinkSurTitle\">Recommand\u00e9 par la r\u00e9daction<\/div>\r\n\t\t\t<a class=\"articleLinkImageLink\" href=\"https:\/\/www.justiceinfo.net\/fr\/45624-conflits-sociaux-nouveau-champ-justice-transitionnelle.html\"><div class=\"articleLinkImageContainer \"><img loading=\"lazy\" decoding=\"async\" width=\"540\" height=\"360\" src=\"https:\/\/www.justiceinfo.net\/wp-content\/uploads\/bcbb7193d3de82fa6ab794755fa6a391-540x360.jpg\" class=\"articleLinkImage backgroundImageTag w-100 wp-post-image\" alt=\"\" srcset=\"\" sizes=\"auto, (max-width: 540px) 100vw, 540px\" \/><\/div><\/a>\r\n\t\t\t<a href=\"https:\/\/www.justiceinfo.net\/fr\/45624-conflits-sociaux-nouveau-champ-justice-transitionnelle.html\" class=\"articleLinkTitle articleLinkTitle--default\">\r\n\t\t\tLes conflits sociaux, nouveau champ de la justice transitionnelle ?\r\n\t\t<\/a>\r\n\t\t\r\n\t\t\t\t<\/div>\n\n\n<div class=\"content-encadre\">\n<p><strong><img loading=\"lazy\" decoding=\"async\" class=\" wp-image-87284 alignleft\" src=\"https:\/\/www.justiceinfo.net\/wp-content\/uploads\/Jean-Pierre-Massias.jpg\" alt=\"Jean-Pierre Massias\" width=\"200\" height=\"200\" srcset=\"https:\/\/www.justiceinfo.net\/wp-content\/uploads\/Jean-Pierre-Massias.jpg 500w, https:\/\/www.justiceinfo.net\/wp-content\/uploads\/Jean-Pierre-Massias-150x150.jpg 150w\" sizes=\"auto, (max-width: 200px) 100vw, 200px\" \/>JEAN-PIERRE MASSIAS<\/strong><\/p>\n<p>Pr\u00e9sident de l\u2019Institut francophone pour la justice et la d\u00e9mocratie, Jean-Pierre Massias est professeur de droit, sp\u00e9cialiste des processus de transition d\u00e9mocratique et des m\u00e9canismes de justice transitionnelle. Il dirige \u00e9galement plusieurs projets de terrain, notamment en Centrafrique et en R\u00e9publique d\u00e9mocratique du Congo, dont plusieurs sont consacr\u00e9s au traitement des viols de guerre et men\u00e9s en collaboration avec les Fondations Dr Mukwege, Panzi et Pierre Fabre.<\/p>\n<hr>\n<p><strong><img loading=\"lazy\" decoding=\"async\" class=\" wp-image-87287 alignleft\" src=\"https:\/\/www.justiceinfo.net\/wp-content\/uploads\/Niki-Siampakou.jpg\" alt=\"Niki Siampakou\" width=\"200\" height=\"200\" srcset=\"https:\/\/www.justiceinfo.net\/wp-content\/uploads\/Niki-Siampakou.jpg 500w, https:\/\/www.justiceinfo.net\/wp-content\/uploads\/Niki-Siampakou-150x150.jpg 150w\" sizes=\"auto, (max-width: 200px) 100vw, 200px\" \/>NIKI SIAMPAKOU<\/strong><\/p>\n<p>Docteure en droit public de l\u2019universit\u00e9 Aix-Marseille, Niki Siampakou est charg\u00e9e de projet recherche et formation \u00e0 l\u2019Institut francophone pour la justice et la d\u00e9mocratie -Institut Louis Joinet. Chercheuse invit\u00e9e \u00e0 la New York University et \u00e0 l\u2019Amsterdam University, ses recherches portent sur le droit international p\u00e9nal, le droit international des droits de l\u2019homme et les th\u00e9ories critiques du droit international.<\/p>\n<\/div>","protected":false},"excerpt":{"rendered":"<p>Depuis octobre, un projet de loi d\u2019\u00ab amnistie&nbsp;\u00bb des mineurs ayant particip\u00e9 aux gr\u00e8ves violentes des ann\u00e9es 1984 et 1985 est devant le parlement \u00e9cossais. Sa port\u00e9e est limit\u00e9e mais ce projet t\u00e9moigne, comme la commission d\u2019enqu\u00eate qui l\u2019a pr\u00e9c\u00e9d\u00e9, d\u2019un processus original mettant en \u0153uvre des outils de la justice transitionnelle et s\u2019inscrivant dans [&hellip;]<\/p>\n","protected":false},"author":64,"featured_media":87281,"comment_status":"open","ping_status":"closed","sticky":false,"template":"","format":"standard","meta":{"_acf_changed":false,"footnotes":""},"categories":[575,549],"tags":[3119],"ji_location":[3165],"class_list":["post-87276","post","type-post","status-publish","format-standard","has-post-thumbnail","hentry","category-opinions","category-reconciliation","tag-amnistie","ji_location-ecosse"],"acf":[],"yoast_head":"<!-- This site is optimized with the Yoast SEO Premium plugin v25.3.1 (Yoast SEO v25.3.1) - https:\/\/yoast.com\/wordpress\/plugins\/seo\/ -->\n<title>Ecosse : la justice transitionnelle face \u00e0 la violence \u00e9conomique - JusticeInfo.net<\/title>\n<meta name=\"description\" content=\"Depuis octobre, un projet de loi d\u2019\u00ab amnistie \u00bb des mineurs ayant particip\u00e9 aux gr\u00e8ves violentes des ann\u00e9es 1984 et 1985 est devant le parlement \u00e9cossais. Sa port\u00e9e est limit\u00e9e mais ce projet t\u00e9moigne, comme la commission d\u2019enqu\u00eate qui l\u2019a pr\u00e9c\u00e9d\u00e9, d\u2019un processus original mettant en \u0153uvre des outils de la justice transitionnelle et s\u2019inscrivant dans une logique de \u00ab v\u00e9rit\u00e9 et r\u00e9conciliation \u00bb, selon les universitaires Jean-Pierre Massias et Niki Siampakou.\" \/>\n<meta name=\"robots\" content=\"index, follow, max-snippet:-1, max-image-preview:large, max-video-preview:-1\" \/>\n<link rel=\"canonical\" href=\"https:\/\/www.justiceinfo.net\/fr\/87276-ecosse-justice-transitionnelle-face-violence-economique.html\" \/>\n<meta property=\"og:locale\" content=\"fr_FR\" \/>\n<meta property=\"og:type\" content=\"article\" \/>\n<meta property=\"og:title\" content=\"Ecosse : la justice transitionnelle face \u00e0 la violence \u00e9conomique\" \/>\n<meta property=\"og:description\" content=\"Depuis octobre, un projet de loi d\u2019\u00ab amnistie \u00bb des mineurs ayant particip\u00e9 aux gr\u00e8ves violentes des ann\u00e9es 1984 et 1985 est devant le parlement \u00e9cossais. Sa port\u00e9e est limit\u00e9e mais ce projet t\u00e9moigne, comme la commission d\u2019enqu\u00eate qui l\u2019a pr\u00e9c\u00e9d\u00e9, d\u2019un processus original mettant en \u0153uvre des outils de la justice transitionnelle et s\u2019inscrivant dans une logique de \u00ab v\u00e9rit\u00e9 et r\u00e9conciliation \u00bb, selon les universitaires Jean-Pierre Massias et Niki Siampakou.\" \/>\n<meta property=\"og:url\" content=\"https:\/\/www.justiceinfo.net\/fr\/87276-ecosse-justice-transitionnelle-face-violence-economique.html\" \/>\n<meta property=\"og:site_name\" content=\"JusticeInfo.net\" \/>\n<meta property=\"article:publisher\" content=\"https:\/\/www.facebook.com\/JusticeInfo\/\" \/>\n<meta property=\"article:published_time\" content=\"2022-02-07T10:14:07+00:00\" \/>\n<meta property=\"article:modified_time\" content=\"2022-02-07T10:50:13+00:00\" \/>\n<meta property=\"og:image\" content=\"https:\/\/www.justiceinfo.net\/wp-content\/uploads\/Scotland_miners-strike-police.jpg\" \/>\n\t<meta property=\"og:image:width\" content=\"1200\" \/>\n\t<meta property=\"og:image:height\" content=\"800\" \/>\n\t<meta property=\"og:image:type\" content=\"image\/jpeg\" \/>\n<meta name=\"author\" content=\"Jean-Pierre Massias et Niki Siampakou\" \/>\n<meta name=\"twitter:card\" content=\"summary_large_image\" \/>\n<meta name=\"twitter:creator\" content=\"@justiceinfonet\" \/>\n<meta name=\"twitter:site\" content=\"@justiceinfonet\" \/>\n<meta name=\"twitter:label1\" content=\"\u00c9crit par\" \/>\n\t<meta name=\"twitter:data1\" content=\"Jean-Pierre Massias et Niki Siampakou\" \/>\n\t<meta name=\"twitter:label2\" content=\"Dur\u00e9e de lecture estim\u00e9e\" \/>\n\t<meta name=\"twitter:data2\" content=\"11 minutes\" \/>\n<script type=\"application\/ld+json\" class=\"yoast-schema-graph\">{\"@context\":\"https:\/\/schema.org\",\"@graph\":[{\"@type\":\"NewsArticle\",\"@id\":\"https:\/\/www.justiceinfo.net\/fr\/87276-ecosse-justice-transitionnelle-face-violence-economique.html#article\",\"isPartOf\":{\"@id\":\"https:\/\/www.justiceinfo.net\/fr\/87276-ecosse-justice-transitionnelle-face-violence-economique.html\"},\"author\":{\"name\":\"solivri\",\"@id\":\"https:\/\/www.justiceinfo.net\/fr#\/schema\/person\/6e53cba1629e2e66f3fc1821d3091865\"},\"headline\":\"Ecosse : la justice transitionnelle face \u00e0 la violence \u00e9conomique\",\"datePublished\":\"2022-02-07T10:14:07+00:00\",\"dateModified\":\"2022-02-07T10:50:13+00:00\",\"mainEntityOfPage\":{\"@id\":\"https:\/\/www.justiceinfo.net\/fr\/87276-ecosse-justice-transitionnelle-face-violence-economique.html\"},\"wordCount\":2245,\"commentCount\":0,\"publisher\":{\"@id\":\"https:\/\/www.justiceinfo.net\/fr#organization\"},\"image\":{\"@id\":\"https:\/\/www.justiceinfo.net\/fr\/87276-ecosse-justice-transitionnelle-face-violence-economique.html#primaryimage\"},\"thumbnailUrl\":\"https:\/\/www.justiceinfo.net\/wp-content\/uploads\/Scotland_miners-strike-police.jpg\",\"keywords\":[\"amnistie\"],\"articleSection\":[\"Opinions\",\"R\u00e9conciliation\"],\"inLanguage\":\"fr-FR\",\"potentialAction\":[{\"@type\":\"CommentAction\",\"name\":\"Comment\",\"target\":[\"https:\/\/www.justiceinfo.net\/fr\/87276-ecosse-justice-transitionnelle-face-violence-economique.html#respond\"]}]},{\"@type\":\"WebPage\",\"@id\":\"https:\/\/www.justiceinfo.net\/fr\/87276-ecosse-justice-transitionnelle-face-violence-economique.html\",\"url\":\"https:\/\/www.justiceinfo.net\/fr\/87276-ecosse-justice-transitionnelle-face-violence-economique.html\",\"name\":\"Ecosse : la justice transitionnelle face \u00e0 la violence \u00e9conomique - JusticeInfo.net\",\"isPartOf\":{\"@id\":\"https:\/\/www.justiceinfo.net\/fr#website\"},\"primaryImageOfPage\":{\"@id\":\"https:\/\/www.justiceinfo.net\/fr\/87276-ecosse-justice-transitionnelle-face-violence-economique.html#primaryimage\"},\"image\":{\"@id\":\"https:\/\/www.justiceinfo.net\/fr\/87276-ecosse-justice-transitionnelle-face-violence-economique.html#primaryimage\"},\"thumbnailUrl\":\"https:\/\/www.justiceinfo.net\/wp-content\/uploads\/Scotland_miners-strike-police.jpg\",\"datePublished\":\"2022-02-07T10:14:07+00:00\",\"dateModified\":\"2022-02-07T10:50:13+00:00\",\"description\":\"Depuis octobre, un projet de loi d\u2019\u00ab amnistie \u00bb des mineurs ayant particip\u00e9 aux gr\u00e8ves violentes des ann\u00e9es 1984 et 1985 est devant le parlement \u00e9cossais. Sa port\u00e9e est limit\u00e9e mais ce projet t\u00e9moigne, comme la commission d\u2019enqu\u00eate qui l\u2019a pr\u00e9c\u00e9d\u00e9, d\u2019un processus original mettant en \u0153uvre des outils de la justice transitionnelle et s\u2019inscrivant dans une logique de \u00ab v\u00e9rit\u00e9 et r\u00e9conciliation \u00bb, selon les universitaires Jean-Pierre Massias et Niki Siampakou.\",\"breadcrumb\":{\"@id\":\"https:\/\/www.justiceinfo.net\/fr\/87276-ecosse-justice-transitionnelle-face-violence-economique.html#breadcrumb\"},\"inLanguage\":\"fr-FR\",\"potentialAction\":[{\"@type\":\"ReadAction\",\"target\":[\"https:\/\/www.justiceinfo.net\/fr\/87276-ecosse-justice-transitionnelle-face-violence-economique.html\"]}]},{\"@type\":\"ImageObject\",\"inLanguage\":\"fr-FR\",\"@id\":\"https:\/\/www.justiceinfo.net\/fr\/87276-ecosse-justice-transitionnelle-face-violence-economique.html#primaryimage\",\"url\":\"https:\/\/www.justiceinfo.net\/wp-content\/uploads\/Scotland_miners-strike-police.jpg\",\"contentUrl\":\"https:\/\/www.justiceinfo.net\/wp-content\/uploads\/Scotland_miners-strike-police.jpg\",\"width\":1200,\"height\":800,\"caption\":\"La violence des gr\u00e8ves des mineurs au Royaume-Uni en 1984-1985 a laiss\u00e9 de profonds traumatismes. Pr\u00e8s de quarante ans plus tard, le gouvernement \u00e9cossais essaie de r\u00e9concilier les communaut\u00e9s.\"},{\"@type\":\"BreadcrumbList\",\"@id\":\"https:\/\/www.justiceinfo.net\/fr\/87276-ecosse-justice-transitionnelle-face-violence-economique.html#breadcrumb\",\"itemListElement\":[{\"@type\":\"ListItem\",\"position\":1,\"name\":\"Home\",\"item\":\"https:\/\/www.justiceinfo.net\/fr\"},{\"@type\":\"ListItem\",\"position\":2,\"name\":\"Ecosse : la justice transitionnelle face \u00e0 la violence \u00e9conomique\"}]},{\"@type\":\"WebSite\",\"@id\":\"https:\/\/www.justiceinfo.net\/fr#website\",\"url\":\"https:\/\/www.justiceinfo.net\/fr\",\"name\":\"JusticeInfo.net\",\"description\":\"La justice doit \u00eatre vue pour \u00eatre rendue\",\"publisher\":{\"@id\":\"https:\/\/www.justiceinfo.net\/fr#organization\"},\"potentialAction\":[{\"@type\":\"SearchAction\",\"target\":{\"@type\":\"EntryPoint\",\"urlTemplate\":\"https:\/\/www.justiceinfo.net\/fr?s={search_term_string}\"},\"query-input\":{\"@type\":\"PropertyValueSpecification\",\"valueRequired\":true,\"valueName\":\"search_term_string\"}}],\"inLanguage\":\"fr-FR\"},{\"@type\":\"Organization\",\"@id\":\"https:\/\/www.justiceinfo.net\/fr#organization\",\"name\":\"Justice Info\",\"url\":\"https:\/\/www.justiceinfo.net\/fr\",\"logo\":{\"@type\":\"ImageObject\",\"inLanguage\":\"fr-FR\",\"@id\":\"https:\/\/www.justiceinfo.net\/fr#\/schema\/logo\/image\/\",\"url\":\"https:\/\/www.justiceinfo.net\/wp-content\/uploads\/justiceinfo_logo-trans_1200x1200px.png\",\"contentUrl\":\"https:\/\/www.justiceinfo.net\/wp-content\/uploads\/justiceinfo_logo-trans_1200x1200px.png\",\"width\":1199,\"height\":1200,\"caption\":\"Justice Info\"},\"image\":{\"@id\":\"https:\/\/www.justiceinfo.net\/fr#\/schema\/logo\/image\/\"},\"sameAs\":[\"https:\/\/www.facebook.com\/JusticeInfo\/\",\"https:\/\/x.com\/justiceinfonet\",\"https:\/\/www.linkedin.com\/company\/justice-info\",\"https:\/\/www.youtube.com\/channel\/UCyCEsARodyuWtkWyhn-e7pA\"]},{\"@type\":\"Person\",\"name\":\"Jean-Pierre Massias et Niki Siampakou\",\"url\":\"\/fr\/?s=Jean-Pierre Massias et Niki Siampakou\"}]}<\/script>\n<!-- \/ Yoast SEO Premium plugin. -->","yoast_head_json":{"title":"Ecosse : la justice transitionnelle face \u00e0 la violence \u00e9conomique - JusticeInfo.net","description":"Depuis octobre, un projet de loi d\u2019\u00ab amnistie \u00bb des mineurs ayant particip\u00e9 aux gr\u00e8ves violentes des ann\u00e9es 1984 et 1985 est devant le parlement \u00e9cossais. Sa port\u00e9e est limit\u00e9e mais ce projet t\u00e9moigne, comme la commission d\u2019enqu\u00eate qui l\u2019a pr\u00e9c\u00e9d\u00e9, d\u2019un processus original mettant en \u0153uvre des outils de la justice transitionnelle et s\u2019inscrivant dans une logique de \u00ab v\u00e9rit\u00e9 et r\u00e9conciliation \u00bb, selon les universitaires Jean-Pierre Massias et Niki Siampakou.","robots":{"index":"index","follow":"follow","max-snippet":"max-snippet:-1","max-image-preview":"max-image-preview:large","max-video-preview":"max-video-preview:-1"},"canonical":"https:\/\/www.justiceinfo.net\/fr\/87276-ecosse-justice-transitionnelle-face-violence-economique.html","og_locale":"fr_FR","og_type":"article","og_title":"Ecosse : la justice transitionnelle face \u00e0 la violence \u00e9conomique","og_description":"Depuis octobre, un projet de loi d\u2019\u00ab amnistie \u00bb des mineurs ayant particip\u00e9 aux gr\u00e8ves violentes des ann\u00e9es 1984 et 1985 est devant le parlement \u00e9cossais. Sa port\u00e9e est limit\u00e9e mais ce projet t\u00e9moigne, comme la commission d\u2019enqu\u00eate qui l\u2019a pr\u00e9c\u00e9d\u00e9, d\u2019un processus original mettant en \u0153uvre des outils de la justice transitionnelle et s\u2019inscrivant dans une logique de \u00ab v\u00e9rit\u00e9 et r\u00e9conciliation \u00bb, selon les universitaires Jean-Pierre Massias et Niki Siampakou.","og_url":"https:\/\/www.justiceinfo.net\/fr\/87276-ecosse-justice-transitionnelle-face-violence-economique.html","og_site_name":"JusticeInfo.net","article_publisher":"https:\/\/www.facebook.com\/JusticeInfo\/","article_published_time":"2022-02-07T10:14:07+00:00","article_modified_time":"2022-02-07T10:50:13+00:00","og_image":[{"width":1200,"height":800,"url":"https:\/\/www.justiceinfo.net\/wp-content\/uploads\/Scotland_miners-strike-police.jpg","type":"image\/jpeg"}],"author":"Jean-Pierre Massias et Niki Siampakou","twitter_card":"summary_large_image","twitter_creator":"@justiceinfonet","twitter_site":"@justiceinfonet","twitter_misc":{"\u00c9crit par":"Jean-Pierre Massias et Niki Siampakou","Dur\u00e9e de lecture estim\u00e9e":"11 minutes"},"schema":{"@context":"https:\/\/schema.org","@graph":[{"@type":"NewsArticle","@id":"https:\/\/www.justiceinfo.net\/fr\/87276-ecosse-justice-transitionnelle-face-violence-economique.html#article","isPartOf":{"@id":"https:\/\/www.justiceinfo.net\/fr\/87276-ecosse-justice-transitionnelle-face-violence-economique.html"},"author":{"name":"solivri","@id":"https:\/\/www.justiceinfo.net\/fr#\/schema\/person\/6e53cba1629e2e66f3fc1821d3091865"},"headline":"Ecosse : la justice transitionnelle face \u00e0 la violence \u00e9conomique","datePublished":"2022-02-07T10:14:07+00:00","dateModified":"2022-02-07T10:50:13+00:00","mainEntityOfPage":{"@id":"https:\/\/www.justiceinfo.net\/fr\/87276-ecosse-justice-transitionnelle-face-violence-economique.html"},"wordCount":2245,"commentCount":0,"publisher":{"@id":"https:\/\/www.justiceinfo.net\/fr#organization"},"image":{"@id":"https:\/\/www.justiceinfo.net\/fr\/87276-ecosse-justice-transitionnelle-face-violence-economique.html#primaryimage"},"thumbnailUrl":"https:\/\/www.justiceinfo.net\/wp-content\/uploads\/Scotland_miners-strike-police.jpg","keywords":["amnistie"],"articleSection":["Opinions","R\u00e9conciliation"],"inLanguage":"fr-FR","potentialAction":[{"@type":"CommentAction","name":"Comment","target":["https:\/\/www.justiceinfo.net\/fr\/87276-ecosse-justice-transitionnelle-face-violence-economique.html#respond"]}]},{"@type":"WebPage","@id":"https:\/\/www.justiceinfo.net\/fr\/87276-ecosse-justice-transitionnelle-face-violence-economique.html","url":"https:\/\/www.justiceinfo.net\/fr\/87276-ecosse-justice-transitionnelle-face-violence-economique.html","name":"Ecosse : la justice transitionnelle face \u00e0 la violence \u00e9conomique - JusticeInfo.net","isPartOf":{"@id":"https:\/\/www.justiceinfo.net\/fr#website"},"primaryImageOfPage":{"@id":"https:\/\/www.justiceinfo.net\/fr\/87276-ecosse-justice-transitionnelle-face-violence-economique.html#primaryimage"},"image":{"@id":"https:\/\/www.justiceinfo.net\/fr\/87276-ecosse-justice-transitionnelle-face-violence-economique.html#primaryimage"},"thumbnailUrl":"https:\/\/www.justiceinfo.net\/wp-content\/uploads\/Scotland_miners-strike-police.jpg","datePublished":"2022-02-07T10:14:07+00:00","dateModified":"2022-02-07T10:50:13+00:00","description":"Depuis octobre, un projet de loi d\u2019\u00ab amnistie \u00bb des mineurs ayant particip\u00e9 aux gr\u00e8ves violentes des ann\u00e9es 1984 et 1985 est devant le parlement \u00e9cossais. Sa port\u00e9e est limit\u00e9e mais ce projet t\u00e9moigne, comme la commission d\u2019enqu\u00eate qui l\u2019a pr\u00e9c\u00e9d\u00e9, d\u2019un processus original mettant en \u0153uvre des outils de la justice transitionnelle et s\u2019inscrivant dans une logique de \u00ab v\u00e9rit\u00e9 et r\u00e9conciliation \u00bb, selon les universitaires Jean-Pierre Massias et Niki Siampakou.","breadcrumb":{"@id":"https:\/\/www.justiceinfo.net\/fr\/87276-ecosse-justice-transitionnelle-face-violence-economique.html#breadcrumb"},"inLanguage":"fr-FR","potentialAction":[{"@type":"ReadAction","target":["https:\/\/www.justiceinfo.net\/fr\/87276-ecosse-justice-transitionnelle-face-violence-economique.html"]}]},{"@type":"ImageObject","inLanguage":"fr-FR","@id":"https:\/\/www.justiceinfo.net\/fr\/87276-ecosse-justice-transitionnelle-face-violence-economique.html#primaryimage","url":"https:\/\/www.justiceinfo.net\/wp-content\/uploads\/Scotland_miners-strike-police.jpg","contentUrl":"https:\/\/www.justiceinfo.net\/wp-content\/uploads\/Scotland_miners-strike-police.jpg","width":1200,"height":800,"caption":"La violence des gr\u00e8ves des mineurs au Royaume-Uni en 1984-1985 a laiss\u00e9 de profonds traumatismes. Pr\u00e8s de quarante ans plus tard, le gouvernement \u00e9cossais essaie de r\u00e9concilier les communaut\u00e9s."},{"@type":"BreadcrumbList","@id":"https:\/\/www.justiceinfo.net\/fr\/87276-ecosse-justice-transitionnelle-face-violence-economique.html#breadcrumb","itemListElement":[{"@type":"ListItem","position":1,"name":"Home","item":"https:\/\/www.justiceinfo.net\/fr"},{"@type":"ListItem","position":2,"name":"Ecosse : la justice transitionnelle face \u00e0 la violence \u00e9conomique"}]},{"@type":"WebSite","@id":"https:\/\/www.justiceinfo.net\/fr#website","url":"https:\/\/www.justiceinfo.net\/fr","name":"JusticeInfo.net","description":"La justice doit \u00eatre vue pour \u00eatre rendue","publisher":{"@id":"https:\/\/www.justiceinfo.net\/fr#organization"},"potentialAction":[{"@type":"SearchAction","target":{"@type":"EntryPoint","urlTemplate":"https:\/\/www.justiceinfo.net\/fr?s={search_term_string}"},"query-input":{"@type":"PropertyValueSpecification","valueRequired":true,"valueName":"search_term_string"}}],"inLanguage":"fr-FR"},{"@type":"Organization","@id":"https:\/\/www.justiceinfo.net\/fr#organization","name":"Justice Info","url":"https:\/\/www.justiceinfo.net\/fr","logo":{"@type":"ImageObject","inLanguage":"fr-FR","@id":"https:\/\/www.justiceinfo.net\/fr#\/schema\/logo\/image\/","url":"https:\/\/www.justiceinfo.net\/wp-content\/uploads\/justiceinfo_logo-trans_1200x1200px.png","contentUrl":"https:\/\/www.justiceinfo.net\/wp-content\/uploads\/justiceinfo_logo-trans_1200x1200px.png","width":1199,"height":1200,"caption":"Justice Info"},"image":{"@id":"https:\/\/www.justiceinfo.net\/fr#\/schema\/logo\/image\/"},"sameAs":["https:\/\/www.facebook.com\/JusticeInfo\/","https:\/\/x.com\/justiceinfonet","https:\/\/www.linkedin.com\/company\/justice-info","https:\/\/www.youtube.com\/channel\/UCyCEsARodyuWtkWyhn-e7pA"]},{"@type":"Person","name":"Jean-Pierre Massias et Niki Siampakou","url":"\/fr\/?s=Jean-Pierre Massias et Niki Siampakou"}]}},"_links":{"self":[{"href":"https:\/\/www.justiceinfo.net\/fr\/wp-json\/wp\/v2\/posts\/87276","targetHints":{"allow":["GET"]}}],"collection":[{"href":"https:\/\/www.justiceinfo.net\/fr\/wp-json\/wp\/v2\/posts"}],"about":[{"href":"https:\/\/www.justiceinfo.net\/fr\/wp-json\/wp\/v2\/types\/post"}],"author":[{"embeddable":true,"href":"https:\/\/www.justiceinfo.net\/fr\/wp-json\/wp\/v2\/users\/64"}],"replies":[{"embeddable":true,"href":"https:\/\/www.justiceinfo.net\/fr\/wp-json\/wp\/v2\/comments?post=87276"}],"version-history":[{"count":10,"href":"https:\/\/www.justiceinfo.net\/fr\/wp-json\/wp\/v2\/posts\/87276\/revisions"}],"predecessor-version":[{"id":87301,"href":"https:\/\/www.justiceinfo.net\/fr\/wp-json\/wp\/v2\/posts\/87276\/revisions\/87301"}],"wp:featuredmedia":[{"embeddable":true,"href":"https:\/\/www.justiceinfo.net\/fr\/wp-json\/wp\/v2\/media\/87281"}],"wp:attachment":[{"href":"https:\/\/www.justiceinfo.net\/fr\/wp-json\/wp\/v2\/media?parent=87276"}],"wp:term":[{"taxonomy":"category","embeddable":true,"href":"https:\/\/www.justiceinfo.net\/fr\/wp-json\/wp\/v2\/categories?post=87276"},{"taxonomy":"post_tag","embeddable":true,"href":"https:\/\/www.justiceinfo.net\/fr\/wp-json\/wp\/v2\/tags?post=87276"},{"taxonomy":"ji_location","embeddable":true,"href":"https:\/\/www.justiceinfo.net\/fr\/wp-json\/wp\/v2\/ji_location?post=87276"}],"curies":[{"name":"wp","href":"https:\/\/api.w.org\/{rel}","templated":true}]}}