{"id":8736,"date":"2007-12-13T00:00:00","date_gmt":"2007-12-12T23:00:00","guid":{"rendered":"https:\/\/www.justiceinfo.net\/8736-131207-francerwanda-une-demande-dextradition-rwandaise-encore-repoussee5537.html"},"modified":"2007-12-13T00:00:00","modified_gmt":"2007-12-12T23:00:00","slug":"131207-francerwanda-une-demande-dextradition-rwandaise-encore-repoussee5537","status":"publish","type":"post","link":"https:\/\/www.justiceinfo.net\/fr\/8736-131207-francerwanda-une-demande-dextradition-rwandaise-encore-repoussee5537.html","title":{"rendered":"13.12.07 - FRANCE\/RWANDA - UNE DEMANDE D'EXTRADITION RWANDAISE ENCORE  - REPOUSSEE"},"content":{"rendered":"<p>Paris, 13 d&eacute;cembre 2007 (FH) - Avant de rendre sa d&eacute;cision ou au moins d'examiner le dossier sur le fond, le 6 f&eacute;vrier prochain, le parquet g&eacute;n&eacute;ral a demand&eacute; mercredi &agrave; la cour d'appel de Paris de faire pr&eacute;ciser au gouvernement rwandais les accusations contre Isaac Kamali, citoyen fran&ccedil;ais, recherch&eacute; par Kigali pour sa participation pr&eacute;sum&eacute;e au g&eacute;nocide.<br \/>\n<!--more-->Naturalis&eacute; fran&ccedil;ais en 2002, M. Kamali a &eacute;t&eacute; arr&ecirc;t&eacute; en France le 22 juin, apr&egrave;s avoir &eacute;t&eacute; refoul&eacute; des Etats-Unis, en vertu d'un mandat d'arr&ecirc;t international &eacute;mis par le Rwanda en octobre 2004. <\/p>\n<p>\nLe Rwanda demande son extradition pour deux motifs. Le premier, concerne sa participation pr&eacute;sum&eacute;e au g&eacute;nocide dans la pr&eacute;fecture de Gitarama. Le second pour que soit ex&eacute;cut&eacute;e une peine de r&eacute;clusion criminelle &agrave; perp&eacute;tuit&eacute; &agrave; laquelle l'a condamn&eacute; un tribunal rwandais en mars 2003. Il avait d'abord &eacute;t&eacute; condamn&eacute; &agrave; mort, mais depuis la peine capitale a &eacute;t&eacute; abolie au Rwanda.\n<\/p>\n<p>\n&quot;La demande d'extradition ne correspond pas aux crit&egrave;res habituels d'un Etat qui souhaite la coop&eacute;ration d'autres Etats&quot;, a soulign&eacute; le repr&eacute;sentant du parquet g&eacute;n&eacute;ral, Jean-Charles Lecompte. Selon lui Le Rwanda, qui &quot;souhaite int&eacute;grer l'aire g&eacute;ographique des soci&eacute;t&eacute;s d&eacute;mocratiques&quot;, doit &quot;apporter un certain nombre de pr&eacute;cisions qui manquent&quot;.\n<\/p>\n<p>\nMe Jean-Marie Biju-Duval, avocat de M. Kamali, a demand&eacute; &agrave; la cour de ne pas faire droit &agrave; cette demande du parquet g&eacute;n&eacute;ral et de rejeter la demande d'extradition qui &quot;&eacute;mane d'un pays qui n'est pas de droit&quot;. La peine de mort a &eacute;t&eacute; commu&eacute;e en r&eacute;clusion criminelle &agrave; perp&eacute;tuit&eacute; incompressible, a-t-il dit. &quot;Il y a un risque immense qu'il soit soumis &agrave; la torture&quot;, a-t-il assur&eacute; demandant &agrave; &quot;la France de ne pas se faire l'instrument d'un r&eacute;gime criminel&quot;.\n<\/p>\n<p>\nInterrog&eacute; par la chambre de l'instruction, M. Kamali, 58 ans, s'est dit &quot;foudroy&eacute; par le g&eacute;nocide&quot;, une &quot;grande partie&quot; de sa famille d'ethnie tutsie ayant &eacute;t&eacute; &eacute;limin&eacute;e. Il est, a-t-il dit, &quot;un t&eacute;moin g&ecirc;nant des crimes du FPR&quot;, dont est issu le pr&eacute;sident Kagame. &quot;Le dossier est meubl&eacute; avec des arguments faux et mensongers&quot;, a-t-il assur&eacute;. Kamali vit depuis dix ans en France o&ugrave; il enseigne les math&eacute;matiques.\n<\/p>\n<p>\nLes relations diplomatiques entre la France et le Rwanda ont &eacute;t&eacute; rompues en novembre 2006 &agrave; la suite de mandats d'arr&ecirc;ts lanc&eacute;s contre neuf proches de l'actuel pr&eacute;sident Paul Kagame dans le cadre de l'enqu&ecirc;te sur l'attentat contre l'avion du pr&eacute;sident Juv&eacute;nal Habyarimana, le 6 avril 1994. La justice fran&ccedil;aise estime que Paul Kagame a commandit&eacute; cette attentat. Une th&egrave;se r&eacute;fut&eacute;e par Kigali.\n<\/p>\n<p>\nDepuis les deux chefs d'etat, Nicolas Sarkozy et Paul Kagame se sont rencontr&eacute;s &agrave; Lisvonne esquissant selon leurs propres termes les d&eacute;buts d'une normalisation des relations entre les deux pays. <\/p>\n<p>AP\/PB\/GF<br \/>\n&copy; Agence Hirondelle<\/p>\n","protected":false},"excerpt":{"rendered":"<p>Paris, 13 d&eacute;cembre 2007 (FH) - Avant de rendre sa d&eacute;cision ou au moins d'examiner le dossier sur le fond, le 6 f&eacute;vrier prochain, le parquet g&eacute;n&eacute;ral a demand&eacute; mercredi &agrave; la cour d'appel de Paris de faire pr&eacute;ciser au gouvernement rwandais les accusations contre Isaac Kamali, citoyen fran&ccedil;ais, recherch&eacute; par Kigali pour sa participation [&hellip;]<\/p>\n","protected":false},"author":64,"featured_media":0,"comment_status":"open","ping_status":"closed","sticky":false,"template":"","format":"standard","meta":{"_acf_changed":false,"footnotes":""},"categories":[554],"tags":[],"ji_location":[],"class_list":["post-8736","post","type-post","status-publish","format-standard","hentry","category-hirondellenews"],"acf":[],"yoast_head":"<!-- This site is optimized with the Yoast SEO Premium plugin v25.3.1 (Yoast SEO v25.3.1) - https:\/\/yoast.com\/wordpress\/plugins\/seo\/ -->\n<title>13.12.07 - FRANCE\/RWANDA - UNE DEMANDE D&#039;EXTRADITION RWANDAISE ENCORE - REPOUSSEE - JusticeInfo.net<\/title>\n<meta name=\"robots\" content=\"index, follow, max-snippet:-1, max-image-preview:large, max-video-preview:-1\" \/>\n<link rel=\"canonical\" href=\"https:\/\/www.justiceinfo.net\/fr\/8736-131207-francerwanda-une-demande-dextradition-rwandaise-encore-repoussee5537.html\" \/>\n<meta property=\"og:locale\" content=\"fr_FR\" \/>\n<meta property=\"og:type\" content=\"article\" \/>\n<meta property=\"og:title\" content=\"13.12.07 - FRANCE\/RWANDA - UNE DEMANDE D&#039;EXTRADITION RWANDAISE ENCORE - REPOUSSEE\" \/>\n<meta property=\"og:description\" content=\"Paris, 13 d&eacute;cembre 2007 (FH) - Avant de rendre sa d&eacute;cision ou au moins d&#039;examiner le dossier sur le fond, le 6 f&eacute;vrier prochain, le parquet g&eacute;n&eacute;ral a demand&eacute; mercredi &agrave; la cour d&#039;appel de Paris de faire pr&eacute;ciser au gouvernement rwandais les accusations contre Isaac Kamali, citoyen fran&ccedil;ais, recherch&eacute; par Kigali pour sa participation [&hellip;]\" \/>\n<meta property=\"og:url\" content=\"https:\/\/www.justiceinfo.net\/fr\/8736-131207-francerwanda-une-demande-dextradition-rwandaise-encore-repoussee5537.html\" \/>\n<meta property=\"og:site_name\" content=\"JusticeInfo.net\" \/>\n<meta property=\"article:publisher\" content=\"https:\/\/www.facebook.com\/JusticeInfo\/\" \/>\n<meta property=\"article:published_time\" content=\"2007-12-12T23:00:00+00:00\" \/>\n<meta property=\"og:image\" content=\"https:\/\/www.justiceinfo.net\/wp-content\/uploads\/JusticeInfoNet_logo_1200x630px.jpg\" \/>\n\t<meta property=\"og:image:width\" content=\"1200\" \/>\n\t<meta property=\"og:image:height\" content=\"630\" \/>\n\t<meta property=\"og:image:type\" content=\"image\/jpeg\" \/>\n<meta name=\"author\" content=\"solivri\" \/>\n<meta name=\"twitter:card\" content=\"summary_large_image\" \/>\n<meta name=\"twitter:creator\" content=\"@justiceinfonet\" \/>\n<meta name=\"twitter:site\" content=\"@justiceinfonet\" \/>\n<meta name=\"twitter:label1\" content=\"\u00c9crit par\" \/>\n\t<meta name=\"twitter:data1\" content=\"solivri\" \/>\n\t<meta name=\"twitter:label2\" content=\"Dur\u00e9e de lecture estim\u00e9e\" \/>\n\t<meta name=\"twitter:data2\" content=\"3 minutes\" \/>\n<script type=\"application\/ld+json\" class=\"yoast-schema-graph\">{\"@context\":\"https:\/\/schema.org\",\"@graph\":[{\"@type\":\"NewsArticle\",\"@id\":\"https:\/\/www.justiceinfo.net\/fr\/8736-131207-francerwanda-une-demande-dextradition-rwandaise-encore-repoussee5537.html#article\",\"isPartOf\":{\"@id\":\"https:\/\/www.justiceinfo.net\/fr\/8736-131207-francerwanda-une-demande-dextradition-rwandaise-encore-repoussee5537.html\"},\"author\":{\"name\":\"solivri\",\"@id\":\"https:\/\/www.justiceinfo.net\/fr#\/schema\/person\/6e53cba1629e2e66f3fc1821d3091865\"},\"headline\":\"13.12.07 - FRANCE\/RWANDA - UNE DEMANDE D'EXTRADITION RWANDAISE ENCORE - REPOUSSEE\",\"datePublished\":\"2007-12-12T23:00:00+00:00\",\"mainEntityOfPage\":{\"@id\":\"https:\/\/www.justiceinfo.net\/fr\/8736-131207-francerwanda-une-demande-dextradition-rwandaise-encore-repoussee5537.html\"},\"wordCount\":642,\"commentCount\":0,\"publisher\":{\"@id\":\"https:\/\/www.justiceinfo.net\/fr#organization\"},\"articleSection\":[\"Hirondelle News\"],\"inLanguage\":\"fr-FR\",\"potentialAction\":[{\"@type\":\"CommentAction\",\"name\":\"Comment\",\"target\":[\"https:\/\/www.justiceinfo.net\/fr\/8736-131207-francerwanda-une-demande-dextradition-rwandaise-encore-repoussee5537.html#respond\"]}]},{\"@type\":\"WebPage\",\"@id\":\"https:\/\/www.justiceinfo.net\/fr\/8736-131207-francerwanda-une-demande-dextradition-rwandaise-encore-repoussee5537.html\",\"url\":\"https:\/\/www.justiceinfo.net\/fr\/8736-131207-francerwanda-une-demande-dextradition-rwandaise-encore-repoussee5537.html\",\"name\":\"13.12.07 - FRANCE\/RWANDA - UNE DEMANDE D'EXTRADITION RWANDAISE ENCORE - REPOUSSEE - JusticeInfo.net\",\"isPartOf\":{\"@id\":\"https:\/\/www.justiceinfo.net\/fr#website\"},\"datePublished\":\"2007-12-12T23:00:00+00:00\",\"breadcrumb\":{\"@id\":\"https:\/\/www.justiceinfo.net\/fr\/8736-131207-francerwanda-une-demande-dextradition-rwandaise-encore-repoussee5537.html#breadcrumb\"},\"inLanguage\":\"fr-FR\",\"potentialAction\":[{\"@type\":\"ReadAction\",\"target\":[\"https:\/\/www.justiceinfo.net\/fr\/8736-131207-francerwanda-une-demande-dextradition-rwandaise-encore-repoussee5537.html\"]}]},{\"@type\":\"BreadcrumbList\",\"@id\":\"https:\/\/www.justiceinfo.net\/fr\/8736-131207-francerwanda-une-demande-dextradition-rwandaise-encore-repoussee5537.html#breadcrumb\",\"itemListElement\":[{\"@type\":\"ListItem\",\"position\":1,\"name\":\"Home\",\"item\":\"https:\/\/www.justiceinfo.net\/fr\"},{\"@type\":\"ListItem\",\"position\":2,\"name\":\"13.12.07 - FRANCE\/RWANDA - UNE DEMANDE D'EXTRADITION RWANDAISE ENCORE - REPOUSSEE\"}]},{\"@type\":\"WebSite\",\"@id\":\"https:\/\/www.justiceinfo.net\/fr#website\",\"url\":\"https:\/\/www.justiceinfo.net\/fr\",\"name\":\"JusticeInfo.net\",\"description\":\"La justice doit \u00eatre vue pour \u00eatre rendue\",\"publisher\":{\"@id\":\"https:\/\/www.justiceinfo.net\/fr#organization\"},\"potentialAction\":[{\"@type\":\"SearchAction\",\"target\":{\"@type\":\"EntryPoint\",\"urlTemplate\":\"https:\/\/www.justiceinfo.net\/fr?s={search_term_string}\"},\"query-input\":{\"@type\":\"PropertyValueSpecification\",\"valueRequired\":true,\"valueName\":\"search_term_string\"}}],\"inLanguage\":\"fr-FR\"},{\"@type\":\"Organization\",\"@id\":\"https:\/\/www.justiceinfo.net\/fr#organization\",\"name\":\"Justice Info\",\"url\":\"https:\/\/www.justiceinfo.net\/fr\",\"logo\":{\"@type\":\"ImageObject\",\"inLanguage\":\"fr-FR\",\"@id\":\"https:\/\/www.justiceinfo.net\/fr#\/schema\/logo\/image\/\",\"url\":\"https:\/\/www.justiceinfo.net\/wp-content\/uploads\/justiceinfo_logo-trans_1200x1200px.png\",\"contentUrl\":\"https:\/\/www.justiceinfo.net\/wp-content\/uploads\/justiceinfo_logo-trans_1200x1200px.png\",\"width\":1199,\"height\":1200,\"caption\":\"Justice Info\"},\"image\":{\"@id\":\"https:\/\/www.justiceinfo.net\/fr#\/schema\/logo\/image\/\"},\"sameAs\":[\"https:\/\/www.facebook.com\/JusticeInfo\/\",\"https:\/\/x.com\/justiceinfonet\",\"https:\/\/www.linkedin.com\/company\/justice-info\",\"https:\/\/www.youtube.com\/channel\/UCyCEsARodyuWtkWyhn-e7pA\"]},{\"@type\":\"Person\",\"name\":\"solivri\",\"url\":\"\/fr\/?s=solivri\"}]}<\/script>\n<!-- \/ Yoast SEO Premium plugin. -->","yoast_head_json":{"title":"13.12.07 - FRANCE\/RWANDA - UNE DEMANDE D'EXTRADITION RWANDAISE ENCORE - REPOUSSEE - JusticeInfo.net","robots":{"index":"index","follow":"follow","max-snippet":"max-snippet:-1","max-image-preview":"max-image-preview:large","max-video-preview":"max-video-preview:-1"},"canonical":"https:\/\/www.justiceinfo.net\/fr\/8736-131207-francerwanda-une-demande-dextradition-rwandaise-encore-repoussee5537.html","og_locale":"fr_FR","og_type":"article","og_title":"13.12.07 - FRANCE\/RWANDA - UNE DEMANDE D'EXTRADITION RWANDAISE ENCORE - REPOUSSEE","og_description":"Paris, 13 d&eacute;cembre 2007 (FH) - Avant de rendre sa d&eacute;cision ou au moins d'examiner le dossier sur le fond, le 6 f&eacute;vrier prochain, le parquet g&eacute;n&eacute;ral a demand&eacute; mercredi &agrave; la cour d'appel de Paris de faire pr&eacute;ciser au gouvernement rwandais les accusations contre Isaac Kamali, citoyen fran&ccedil;ais, recherch&eacute; par Kigali pour sa participation [&hellip;]","og_url":"https:\/\/www.justiceinfo.net\/fr\/8736-131207-francerwanda-une-demande-dextradition-rwandaise-encore-repoussee5537.html","og_site_name":"JusticeInfo.net","article_publisher":"https:\/\/www.facebook.com\/JusticeInfo\/","article_published_time":"2007-12-12T23:00:00+00:00","og_image":[{"width":1200,"height":630,"url":"https:\/\/www.justiceinfo.net\/wp-content\/uploads\/JusticeInfoNet_logo_1200x630px.jpg","type":"image\/jpeg"}],"author":"solivri","twitter_card":"summary_large_image","twitter_creator":"@justiceinfonet","twitter_site":"@justiceinfonet","twitter_misc":{"\u00c9crit par":"solivri","Dur\u00e9e de lecture estim\u00e9e":"3 minutes"},"schema":{"@context":"https:\/\/schema.org","@graph":[{"@type":"NewsArticle","@id":"https:\/\/www.justiceinfo.net\/fr\/8736-131207-francerwanda-une-demande-dextradition-rwandaise-encore-repoussee5537.html#article","isPartOf":{"@id":"https:\/\/www.justiceinfo.net\/fr\/8736-131207-francerwanda-une-demande-dextradition-rwandaise-encore-repoussee5537.html"},"author":{"name":"solivri","@id":"https:\/\/www.justiceinfo.net\/fr#\/schema\/person\/6e53cba1629e2e66f3fc1821d3091865"},"headline":"13.12.07 - FRANCE\/RWANDA - UNE DEMANDE D'EXTRADITION RWANDAISE ENCORE - REPOUSSEE","datePublished":"2007-12-12T23:00:00+00:00","mainEntityOfPage":{"@id":"https:\/\/www.justiceinfo.net\/fr\/8736-131207-francerwanda-une-demande-dextradition-rwandaise-encore-repoussee5537.html"},"wordCount":642,"commentCount":0,"publisher":{"@id":"https:\/\/www.justiceinfo.net\/fr#organization"},"articleSection":["Hirondelle News"],"inLanguage":"fr-FR","potentialAction":[{"@type":"CommentAction","name":"Comment","target":["https:\/\/www.justiceinfo.net\/fr\/8736-131207-francerwanda-une-demande-dextradition-rwandaise-encore-repoussee5537.html#respond"]}]},{"@type":"WebPage","@id":"https:\/\/www.justiceinfo.net\/fr\/8736-131207-francerwanda-une-demande-dextradition-rwandaise-encore-repoussee5537.html","url":"https:\/\/www.justiceinfo.net\/fr\/8736-131207-francerwanda-une-demande-dextradition-rwandaise-encore-repoussee5537.html","name":"13.12.07 - FRANCE\/RWANDA - UNE DEMANDE D'EXTRADITION RWANDAISE ENCORE - REPOUSSEE - JusticeInfo.net","isPartOf":{"@id":"https:\/\/www.justiceinfo.net\/fr#website"},"datePublished":"2007-12-12T23:00:00+00:00","breadcrumb":{"@id":"https:\/\/www.justiceinfo.net\/fr\/8736-131207-francerwanda-une-demande-dextradition-rwandaise-encore-repoussee5537.html#breadcrumb"},"inLanguage":"fr-FR","potentialAction":[{"@type":"ReadAction","target":["https:\/\/www.justiceinfo.net\/fr\/8736-131207-francerwanda-une-demande-dextradition-rwandaise-encore-repoussee5537.html"]}]},{"@type":"BreadcrumbList","@id":"https:\/\/www.justiceinfo.net\/fr\/8736-131207-francerwanda-une-demande-dextradition-rwandaise-encore-repoussee5537.html#breadcrumb","itemListElement":[{"@type":"ListItem","position":1,"name":"Home","item":"https:\/\/www.justiceinfo.net\/fr"},{"@type":"ListItem","position":2,"name":"13.12.07 - FRANCE\/RWANDA - UNE DEMANDE D'EXTRADITION RWANDAISE ENCORE - REPOUSSEE"}]},{"@type":"WebSite","@id":"https:\/\/www.justiceinfo.net\/fr#website","url":"https:\/\/www.justiceinfo.net\/fr","name":"JusticeInfo.net","description":"La justice doit \u00eatre vue pour \u00eatre rendue","publisher":{"@id":"https:\/\/www.justiceinfo.net\/fr#organization"},"potentialAction":[{"@type":"SearchAction","target":{"@type":"EntryPoint","urlTemplate":"https:\/\/www.justiceinfo.net\/fr?s={search_term_string}"},"query-input":{"@type":"PropertyValueSpecification","valueRequired":true,"valueName":"search_term_string"}}],"inLanguage":"fr-FR"},{"@type":"Organization","@id":"https:\/\/www.justiceinfo.net\/fr#organization","name":"Justice Info","url":"https:\/\/www.justiceinfo.net\/fr","logo":{"@type":"ImageObject","inLanguage":"fr-FR","@id":"https:\/\/www.justiceinfo.net\/fr#\/schema\/logo\/image\/","url":"https:\/\/www.justiceinfo.net\/wp-content\/uploads\/justiceinfo_logo-trans_1200x1200px.png","contentUrl":"https:\/\/www.justiceinfo.net\/wp-content\/uploads\/justiceinfo_logo-trans_1200x1200px.png","width":1199,"height":1200,"caption":"Justice Info"},"image":{"@id":"https:\/\/www.justiceinfo.net\/fr#\/schema\/logo\/image\/"},"sameAs":["https:\/\/www.facebook.com\/JusticeInfo\/","https:\/\/x.com\/justiceinfonet","https:\/\/www.linkedin.com\/company\/justice-info","https:\/\/www.youtube.com\/channel\/UCyCEsARodyuWtkWyhn-e7pA"]},{"@type":"Person","name":"solivri","url":"\/fr\/?s=solivri"}]}},"_links":{"self":[{"href":"https:\/\/www.justiceinfo.net\/fr\/wp-json\/wp\/v2\/posts\/8736","targetHints":{"allow":["GET"]}}],"collection":[{"href":"https:\/\/www.justiceinfo.net\/fr\/wp-json\/wp\/v2\/posts"}],"about":[{"href":"https:\/\/www.justiceinfo.net\/fr\/wp-json\/wp\/v2\/types\/post"}],"author":[{"embeddable":true,"href":"https:\/\/www.justiceinfo.net\/fr\/wp-json\/wp\/v2\/users\/64"}],"replies":[{"embeddable":true,"href":"https:\/\/www.justiceinfo.net\/fr\/wp-json\/wp\/v2\/comments?post=8736"}],"version-history":[{"count":0,"href":"https:\/\/www.justiceinfo.net\/fr\/wp-json\/wp\/v2\/posts\/8736\/revisions"}],"wp:attachment":[{"href":"https:\/\/www.justiceinfo.net\/fr\/wp-json\/wp\/v2\/media?parent=8736"}],"wp:term":[{"taxonomy":"category","embeddable":true,"href":"https:\/\/www.justiceinfo.net\/fr\/wp-json\/wp\/v2\/categories?post=8736"},{"taxonomy":"post_tag","embeddable":true,"href":"https:\/\/www.justiceinfo.net\/fr\/wp-json\/wp\/v2\/tags?post=8736"},{"taxonomy":"ji_location","embeddable":true,"href":"https:\/\/www.justiceinfo.net\/fr\/wp-json\/wp\/v2\/ji_location?post=8736"}],"curies":[{"name":"wp","href":"https:\/\/api.w.org\/{rel}","templated":true}]}}