{"id":8755,"date":"2007-12-28T00:00:00","date_gmt":"2007-12-27T23:00:00","guid":{"rendered":"https:\/\/www.justiceinfo.net\/8755-281207-tpirbilan-le-tpir-na-pas-toujours-preserve-les-droits-de-la-defense5556.html"},"modified":"2007-12-28T00:00:00","modified_gmt":"2007-12-27T23:00:00","slug":"281207-tpirbilan-le-tpir-na-pas-toujours-preserve-les-droits-de-la-defense5556","status":"publish","type":"post","link":"https:\/\/www.justiceinfo.net\/fr\/8755-281207-tpirbilan-le-tpir-na-pas-toujours-preserve-les-droits-de-la-defense5556.html","title":{"rendered":"28.12.07 - TPIR\/BILAN - LE TPIR N\u2019A PAS TOUJOURS PRESERVE LES DROITS DE LA DEFENSE"},"content":{"rendered":"<p>Arusha, 28 d&eacute;cembre 2007 (FH) - Les dix ans d&rsquo;audience du Tribunal p&eacute;nal international pour le Rwanda (TPIR) s&rsquo;ils ont permis de juger la plupart des responsables du g&eacute;nocide rwandais, ministres, officiers et responsables politiques, ont aussi &eacute;t&eacute; marqu&eacute;s par des atteintes aux droits de la d&eacute;fense, estiment plusieurs avocats interrog&eacute;s par l&rsquo;agence Hirondelle.<br \/>\n<!--more-->Plaidant encore dans des affaires en cours, ils ont pr&eacute;f&eacute;r&eacute; garder l&rsquo;anonymat m&ecirc;me s&rsquo;ils ont souvent cit&eacute; en exemple des affaires qui ne les concernaient pas. Actes d&rsquo;accusation mal ficel&eacute;s, jugements tir&eacute;s par les cheveux, t&eacute;moins dont on se demande ce qu&rsquo;ils font l&agrave;, entorses graves aux r&egrave;gles de proc&eacute;dure, les r&eacute;cits abondent mais tous s&rsquo;accordent pour vanter les m&eacute;rites de l&rsquo;institution. <\/p>\n<p>&laquo; Avant ces tribunaux ad hoc (TPIR et TPIY) il n&rsquo;y avait rien depuis Nuremberg &raquo; dit un t&eacute;nor du barreau de Montr&eacute;al. &laquo; Il ne faut pas jeter le b&eacute;b&eacute; avec l&rsquo;eau du bain &raquo; explique un d&eacute;fenseur venu du sud de la France. &laquo; L&rsquo;institution n&rsquo;est pas parfaite mais cela ne met pas en cause son absolue n&eacute;cessit&eacute; &raquo; ajoute-t-il. &laquo; On doit veiller &agrave; ce que ce vieux r&ecirc;ve qu&rsquo;incarne la justice internationale respecte les principes essentiels qui justifient sa pr&eacute;sence notamment sur l&rsquo;&eacute;quit&eacute; des proc&egrave;s &raquo;. <\/p>\n<p>&laquo; Des enqu&ecirc;teurs et des procureurs viennent de pays non d&eacute;mocratiques, sans tradition juridique &raquo; explique un autre &laquo; Une d&eacute;claration de t&eacute;moin peut &ecirc;tre refus&eacute;e dans un proc&egrave;s et appara&icirc;tre dans un autre&raquo; explique-t-il. &laquo;Chez nous, un procureur qui fait &ccedil;a est accus&eacute; de parjure, il ne peut revenir en chambre, c&rsquo;est intellectuellement et juridiquement difficile &agrave; accepter&raquo; dit il. <\/p>\n<p>Enfin sortie de longs mois de pr&eacute;sentation de l&rsquo;accusation une avocate africaine n&rsquo;h&eacute;site pas &agrave; parler de &laquo;tribunal bananier&raquo;. M&ecirc;me si le TPIR s&rsquo;est glorifi&eacute; r&eacute;cemment d&rsquo;avoir jug&eacute; le premier cas de faux t&eacute;moignage, elle &eacute;nonce les t&eacute;moins &laquo;pris les doigts dans le pot de confiture&raquo; &agrave; plusieurs reprises. La plupart des t&eacute;moins de l&rsquo;accusation sont d&eacute;tenus au Rwanda ce qui pourrait logiquement justifier leur mise &agrave; l&rsquo;&eacute;cart, estiment plusieurs d&eacute;fenseurs. <\/p>\n<p>&laquo; De quelle v&eacute;rit&eacute; parlons nous ?&raquo; demande l&rsquo;un d&rsquo;entre eux. &laquo; La chambre d&rsquo;appel avec son constat judiciaire a fait une erreur fondamentale. Chaque mois on en apprend un peu plus sur la seconde guerre mondiale et au Moyen age on a fait le constat judiciaire que la terre &eacute;tait plate&raquo; ajoute-t-il. <\/p>\n<p>Militants des droits de l&rsquo;homme, passionn&eacute;s de justice, la plupart de ces avocats, ne sont pas toujours, contrairement &agrave; l&rsquo;opinion r&eacute;pandue &agrave; Arusha, venus l&agrave; pour l&rsquo;app&acirc;t du gain. A 100 USD l&rsquo;heure d&rsquo;audience, certains per&ccedil;oivent entre 10 et 15.000 dollars par mois, mais ont du abandonner leur client&egrave;le occidentale, laisser leurs cabinets aux mains de confr&egrave;res. <\/p>\n<p>Evoquant au cours de l&rsquo;ann&eacute;e le probl&egrave;me de la r&eacute;mun&eacute;ration des avocats le greffier du TPIR a cit&eacute; des chiffres : la d&eacute;fense au cours des deux exercices 2006\/2007 a co&ucirc;t&eacute; 21 millions de dollars, frais d&rsquo;enqu&ecirc;tes compris. Cela repr&eacute;sente 8,4% du budget du tribunal. L&rsquo;accusation pendant ce temps en a repr&eacute;sent&eacute; 24%. <\/p>\n<p>&laquo; Les histoires d&rsquo;argent sont quasiment insolubles &raquo; dit un pionnier de l&rsquo;assistance juridique internationale. &laquo; Il faut juste veiller &agrave; ce que le syst&egrave;me soit &eacute;quitable mais on risque de voir venir vers ces tribunaux des avocats qui n&rsquo;ont pas de client, ce qui n&rsquo;est pas bon signe &raquo; s&rsquo;inqui&egrave;te-t-il. <\/p>\n<p>PB\/GF<br \/>\n&copy; Agence Hirondelle<\/p>\n","protected":false},"excerpt":{"rendered":"<p>Arusha, 28 d&eacute;cembre 2007 (FH) - Les dix ans d&rsquo;audience du Tribunal p&eacute;nal international pour le Rwanda (TPIR) s&rsquo;ils ont permis de juger la plupart des responsables du g&eacute;nocide rwandais, ministres, officiers et responsables politiques, ont aussi &eacute;t&eacute; marqu&eacute;s par des atteintes aux droits de la d&eacute;fense, estiment plusieurs avocats interrog&eacute;s par l&rsquo;agence Hirondelle.<\/p>\n","protected":false},"author":64,"featured_media":0,"comment_status":"open","ping_status":"closed","sticky":false,"template":"","format":"standard","meta":{"_acf_changed":false,"footnotes":""},"categories":[554],"tags":[],"ji_location":[],"class_list":["post-8755","post","type-post","status-publish","format-standard","hentry","category-hirondellenews"],"acf":[],"yoast_head":"<!-- This site is optimized with the Yoast SEO Premium plugin v25.3.1 (Yoast SEO v25.3.1) - https:\/\/yoast.com\/wordpress\/plugins\/seo\/ -->\n<title>28.12.07 - TPIR\/BILAN - LE TPIR N\u2019A PAS TOUJOURS PRESERVE LES DROITS DE LA DEFENSE - JusticeInfo.net<\/title>\n<meta name=\"robots\" content=\"index, follow, max-snippet:-1, max-image-preview:large, max-video-preview:-1\" \/>\n<link rel=\"canonical\" href=\"https:\/\/www.justiceinfo.net\/fr\/8755-281207-tpirbilan-le-tpir-na-pas-toujours-preserve-les-droits-de-la-defense5556.html\" \/>\n<meta property=\"og:locale\" content=\"fr_FR\" \/>\n<meta property=\"og:type\" content=\"article\" \/>\n<meta property=\"og:title\" content=\"28.12.07 - TPIR\/BILAN - LE TPIR N\u2019A PAS TOUJOURS PRESERVE LES DROITS DE LA DEFENSE\" \/>\n<meta property=\"og:description\" content=\"Arusha, 28 d&eacute;cembre 2007 (FH) - Les dix ans d&rsquo;audience du Tribunal p&eacute;nal international pour le Rwanda (TPIR) s&rsquo;ils ont permis de juger la plupart des responsables du g&eacute;nocide rwandais, ministres, officiers et responsables politiques, ont aussi &eacute;t&eacute; marqu&eacute;s par des atteintes aux droits de la d&eacute;fense, estiment plusieurs avocats interrog&eacute;s par l&rsquo;agence Hirondelle.\" \/>\n<meta property=\"og:url\" content=\"https:\/\/www.justiceinfo.net\/fr\/8755-281207-tpirbilan-le-tpir-na-pas-toujours-preserve-les-droits-de-la-defense5556.html\" \/>\n<meta property=\"og:site_name\" content=\"JusticeInfo.net\" \/>\n<meta property=\"article:publisher\" content=\"https:\/\/www.facebook.com\/JusticeInfo\/\" \/>\n<meta property=\"article:published_time\" content=\"2007-12-27T23:00:00+00:00\" \/>\n<meta property=\"og:image\" content=\"https:\/\/www.justiceinfo.net\/wp-content\/uploads\/JusticeInfoNet_logo_1200x630px.jpg\" \/>\n\t<meta property=\"og:image:width\" content=\"1200\" \/>\n\t<meta property=\"og:image:height\" content=\"630\" \/>\n\t<meta property=\"og:image:type\" content=\"image\/jpeg\" \/>\n<meta name=\"author\" content=\"solivri\" \/>\n<meta name=\"twitter:card\" content=\"summary_large_image\" \/>\n<meta name=\"twitter:creator\" content=\"@justiceinfonet\" \/>\n<meta name=\"twitter:site\" content=\"@justiceinfonet\" \/>\n<meta name=\"twitter:label1\" content=\"\u00c9crit par\" \/>\n\t<meta name=\"twitter:data1\" content=\"solivri\" \/>\n\t<meta name=\"twitter:label2\" content=\"Dur\u00e9e de lecture estim\u00e9e\" \/>\n\t<meta name=\"twitter:data2\" content=\"4 minutes\" \/>\n<script type=\"application\/ld+json\" class=\"yoast-schema-graph\">{\"@context\":\"https:\/\/schema.org\",\"@graph\":[{\"@type\":\"NewsArticle\",\"@id\":\"https:\/\/www.justiceinfo.net\/fr\/8755-281207-tpirbilan-le-tpir-na-pas-toujours-preserve-les-droits-de-la-defense5556.html#article\",\"isPartOf\":{\"@id\":\"https:\/\/www.justiceinfo.net\/fr\/8755-281207-tpirbilan-le-tpir-na-pas-toujours-preserve-les-droits-de-la-defense5556.html\"},\"author\":{\"name\":\"solivri\",\"@id\":\"https:\/\/www.justiceinfo.net\/fr#\/schema\/person\/6e53cba1629e2e66f3fc1821d3091865\"},\"headline\":\"28.12.07 - TPIR\/BILAN - LE TPIR N\u2019A PAS TOUJOURS PRESERVE LES DROITS DE LA DEFENSE\",\"datePublished\":\"2007-12-27T23:00:00+00:00\",\"mainEntityOfPage\":{\"@id\":\"https:\/\/www.justiceinfo.net\/fr\/8755-281207-tpirbilan-le-tpir-na-pas-toujours-preserve-les-droits-de-la-defense5556.html\"},\"wordCount\":786,\"commentCount\":0,\"publisher\":{\"@id\":\"https:\/\/www.justiceinfo.net\/fr#organization\"},\"articleSection\":[\"Hirondelle News\"],\"inLanguage\":\"fr-FR\",\"potentialAction\":[{\"@type\":\"CommentAction\",\"name\":\"Comment\",\"target\":[\"https:\/\/www.justiceinfo.net\/fr\/8755-281207-tpirbilan-le-tpir-na-pas-toujours-preserve-les-droits-de-la-defense5556.html#respond\"]}]},{\"@type\":\"WebPage\",\"@id\":\"https:\/\/www.justiceinfo.net\/fr\/8755-281207-tpirbilan-le-tpir-na-pas-toujours-preserve-les-droits-de-la-defense5556.html\",\"url\":\"https:\/\/www.justiceinfo.net\/fr\/8755-281207-tpirbilan-le-tpir-na-pas-toujours-preserve-les-droits-de-la-defense5556.html\",\"name\":\"28.12.07 - TPIR\/BILAN - LE TPIR N\u2019A PAS TOUJOURS PRESERVE LES DROITS DE LA DEFENSE - JusticeInfo.net\",\"isPartOf\":{\"@id\":\"https:\/\/www.justiceinfo.net\/fr#website\"},\"datePublished\":\"2007-12-27T23:00:00+00:00\",\"breadcrumb\":{\"@id\":\"https:\/\/www.justiceinfo.net\/fr\/8755-281207-tpirbilan-le-tpir-na-pas-toujours-preserve-les-droits-de-la-defense5556.html#breadcrumb\"},\"inLanguage\":\"fr-FR\",\"potentialAction\":[{\"@type\":\"ReadAction\",\"target\":[\"https:\/\/www.justiceinfo.net\/fr\/8755-281207-tpirbilan-le-tpir-na-pas-toujours-preserve-les-droits-de-la-defense5556.html\"]}]},{\"@type\":\"BreadcrumbList\",\"@id\":\"https:\/\/www.justiceinfo.net\/fr\/8755-281207-tpirbilan-le-tpir-na-pas-toujours-preserve-les-droits-de-la-defense5556.html#breadcrumb\",\"itemListElement\":[{\"@type\":\"ListItem\",\"position\":1,\"name\":\"Home\",\"item\":\"https:\/\/www.justiceinfo.net\/fr\"},{\"@type\":\"ListItem\",\"position\":2,\"name\":\"28.12.07 - TPIR\/BILAN - LE TPIR N\u2019A PAS TOUJOURS PRESERVE LES DROITS DE LA DEFENSE\"}]},{\"@type\":\"WebSite\",\"@id\":\"https:\/\/www.justiceinfo.net\/fr#website\",\"url\":\"https:\/\/www.justiceinfo.net\/fr\",\"name\":\"JusticeInfo.net\",\"description\":\"La justice doit \u00eatre vue pour \u00eatre rendue\",\"publisher\":{\"@id\":\"https:\/\/www.justiceinfo.net\/fr#organization\"},\"potentialAction\":[{\"@type\":\"SearchAction\",\"target\":{\"@type\":\"EntryPoint\",\"urlTemplate\":\"https:\/\/www.justiceinfo.net\/fr?s={search_term_string}\"},\"query-input\":{\"@type\":\"PropertyValueSpecification\",\"valueRequired\":true,\"valueName\":\"search_term_string\"}}],\"inLanguage\":\"fr-FR\"},{\"@type\":\"Organization\",\"@id\":\"https:\/\/www.justiceinfo.net\/fr#organization\",\"name\":\"Justice Info\",\"url\":\"https:\/\/www.justiceinfo.net\/fr\",\"logo\":{\"@type\":\"ImageObject\",\"inLanguage\":\"fr-FR\",\"@id\":\"https:\/\/www.justiceinfo.net\/fr#\/schema\/logo\/image\/\",\"url\":\"https:\/\/www.justiceinfo.net\/wp-content\/uploads\/justiceinfo_logo-trans_1200x1200px.png\",\"contentUrl\":\"https:\/\/www.justiceinfo.net\/wp-content\/uploads\/justiceinfo_logo-trans_1200x1200px.png\",\"width\":1199,\"height\":1200,\"caption\":\"Justice Info\"},\"image\":{\"@id\":\"https:\/\/www.justiceinfo.net\/fr#\/schema\/logo\/image\/\"},\"sameAs\":[\"https:\/\/www.facebook.com\/JusticeInfo\/\",\"https:\/\/x.com\/justiceinfonet\",\"https:\/\/www.linkedin.com\/company\/justice-info\",\"https:\/\/www.youtube.com\/channel\/UCyCEsARodyuWtkWyhn-e7pA\"]},{\"@type\":\"Person\",\"name\":\"solivri\",\"url\":\"\/fr\/?s=solivri\"}]}<\/script>\n<!-- \/ Yoast SEO Premium plugin. -->","yoast_head_json":{"title":"28.12.07 - TPIR\/BILAN - LE TPIR N\u2019A PAS TOUJOURS PRESERVE LES DROITS DE LA DEFENSE - JusticeInfo.net","robots":{"index":"index","follow":"follow","max-snippet":"max-snippet:-1","max-image-preview":"max-image-preview:large","max-video-preview":"max-video-preview:-1"},"canonical":"https:\/\/www.justiceinfo.net\/fr\/8755-281207-tpirbilan-le-tpir-na-pas-toujours-preserve-les-droits-de-la-defense5556.html","og_locale":"fr_FR","og_type":"article","og_title":"28.12.07 - TPIR\/BILAN - LE TPIR N\u2019A PAS TOUJOURS PRESERVE LES DROITS DE LA DEFENSE","og_description":"Arusha, 28 d&eacute;cembre 2007 (FH) - Les dix ans d&rsquo;audience du Tribunal p&eacute;nal international pour le Rwanda (TPIR) s&rsquo;ils ont permis de juger la plupart des responsables du g&eacute;nocide rwandais, ministres, officiers et responsables politiques, ont aussi &eacute;t&eacute; marqu&eacute;s par des atteintes aux droits de la d&eacute;fense, estiment plusieurs avocats interrog&eacute;s par l&rsquo;agence Hirondelle.","og_url":"https:\/\/www.justiceinfo.net\/fr\/8755-281207-tpirbilan-le-tpir-na-pas-toujours-preserve-les-droits-de-la-defense5556.html","og_site_name":"JusticeInfo.net","article_publisher":"https:\/\/www.facebook.com\/JusticeInfo\/","article_published_time":"2007-12-27T23:00:00+00:00","og_image":[{"width":1200,"height":630,"url":"https:\/\/www.justiceinfo.net\/wp-content\/uploads\/JusticeInfoNet_logo_1200x630px.jpg","type":"image\/jpeg"}],"author":"solivri","twitter_card":"summary_large_image","twitter_creator":"@justiceinfonet","twitter_site":"@justiceinfonet","twitter_misc":{"\u00c9crit par":"solivri","Dur\u00e9e de lecture estim\u00e9e":"4 minutes"},"schema":{"@context":"https:\/\/schema.org","@graph":[{"@type":"NewsArticle","@id":"https:\/\/www.justiceinfo.net\/fr\/8755-281207-tpirbilan-le-tpir-na-pas-toujours-preserve-les-droits-de-la-defense5556.html#article","isPartOf":{"@id":"https:\/\/www.justiceinfo.net\/fr\/8755-281207-tpirbilan-le-tpir-na-pas-toujours-preserve-les-droits-de-la-defense5556.html"},"author":{"name":"solivri","@id":"https:\/\/www.justiceinfo.net\/fr#\/schema\/person\/6e53cba1629e2e66f3fc1821d3091865"},"headline":"28.12.07 - TPIR\/BILAN - LE TPIR N\u2019A PAS TOUJOURS PRESERVE LES DROITS DE LA DEFENSE","datePublished":"2007-12-27T23:00:00+00:00","mainEntityOfPage":{"@id":"https:\/\/www.justiceinfo.net\/fr\/8755-281207-tpirbilan-le-tpir-na-pas-toujours-preserve-les-droits-de-la-defense5556.html"},"wordCount":786,"commentCount":0,"publisher":{"@id":"https:\/\/www.justiceinfo.net\/fr#organization"},"articleSection":["Hirondelle News"],"inLanguage":"fr-FR","potentialAction":[{"@type":"CommentAction","name":"Comment","target":["https:\/\/www.justiceinfo.net\/fr\/8755-281207-tpirbilan-le-tpir-na-pas-toujours-preserve-les-droits-de-la-defense5556.html#respond"]}]},{"@type":"WebPage","@id":"https:\/\/www.justiceinfo.net\/fr\/8755-281207-tpirbilan-le-tpir-na-pas-toujours-preserve-les-droits-de-la-defense5556.html","url":"https:\/\/www.justiceinfo.net\/fr\/8755-281207-tpirbilan-le-tpir-na-pas-toujours-preserve-les-droits-de-la-defense5556.html","name":"28.12.07 - TPIR\/BILAN - LE TPIR N\u2019A PAS TOUJOURS PRESERVE LES DROITS DE LA DEFENSE - JusticeInfo.net","isPartOf":{"@id":"https:\/\/www.justiceinfo.net\/fr#website"},"datePublished":"2007-12-27T23:00:00+00:00","breadcrumb":{"@id":"https:\/\/www.justiceinfo.net\/fr\/8755-281207-tpirbilan-le-tpir-na-pas-toujours-preserve-les-droits-de-la-defense5556.html#breadcrumb"},"inLanguage":"fr-FR","potentialAction":[{"@type":"ReadAction","target":["https:\/\/www.justiceinfo.net\/fr\/8755-281207-tpirbilan-le-tpir-na-pas-toujours-preserve-les-droits-de-la-defense5556.html"]}]},{"@type":"BreadcrumbList","@id":"https:\/\/www.justiceinfo.net\/fr\/8755-281207-tpirbilan-le-tpir-na-pas-toujours-preserve-les-droits-de-la-defense5556.html#breadcrumb","itemListElement":[{"@type":"ListItem","position":1,"name":"Home","item":"https:\/\/www.justiceinfo.net\/fr"},{"@type":"ListItem","position":2,"name":"28.12.07 - TPIR\/BILAN - LE TPIR N\u2019A PAS TOUJOURS PRESERVE LES DROITS DE LA DEFENSE"}]},{"@type":"WebSite","@id":"https:\/\/www.justiceinfo.net\/fr#website","url":"https:\/\/www.justiceinfo.net\/fr","name":"JusticeInfo.net","description":"La justice doit \u00eatre vue pour \u00eatre rendue","publisher":{"@id":"https:\/\/www.justiceinfo.net\/fr#organization"},"potentialAction":[{"@type":"SearchAction","target":{"@type":"EntryPoint","urlTemplate":"https:\/\/www.justiceinfo.net\/fr?s={search_term_string}"},"query-input":{"@type":"PropertyValueSpecification","valueRequired":true,"valueName":"search_term_string"}}],"inLanguage":"fr-FR"},{"@type":"Organization","@id":"https:\/\/www.justiceinfo.net\/fr#organization","name":"Justice Info","url":"https:\/\/www.justiceinfo.net\/fr","logo":{"@type":"ImageObject","inLanguage":"fr-FR","@id":"https:\/\/www.justiceinfo.net\/fr#\/schema\/logo\/image\/","url":"https:\/\/www.justiceinfo.net\/wp-content\/uploads\/justiceinfo_logo-trans_1200x1200px.png","contentUrl":"https:\/\/www.justiceinfo.net\/wp-content\/uploads\/justiceinfo_logo-trans_1200x1200px.png","width":1199,"height":1200,"caption":"Justice Info"},"image":{"@id":"https:\/\/www.justiceinfo.net\/fr#\/schema\/logo\/image\/"},"sameAs":["https:\/\/www.facebook.com\/JusticeInfo\/","https:\/\/x.com\/justiceinfonet","https:\/\/www.linkedin.com\/company\/justice-info","https:\/\/www.youtube.com\/channel\/UCyCEsARodyuWtkWyhn-e7pA"]},{"@type":"Person","name":"solivri","url":"\/fr\/?s=solivri"}]}},"_links":{"self":[{"href":"https:\/\/www.justiceinfo.net\/fr\/wp-json\/wp\/v2\/posts\/8755","targetHints":{"allow":["GET"]}}],"collection":[{"href":"https:\/\/www.justiceinfo.net\/fr\/wp-json\/wp\/v2\/posts"}],"about":[{"href":"https:\/\/www.justiceinfo.net\/fr\/wp-json\/wp\/v2\/types\/post"}],"author":[{"embeddable":true,"href":"https:\/\/www.justiceinfo.net\/fr\/wp-json\/wp\/v2\/users\/64"}],"replies":[{"embeddable":true,"href":"https:\/\/www.justiceinfo.net\/fr\/wp-json\/wp\/v2\/comments?post=8755"}],"version-history":[{"count":0,"href":"https:\/\/www.justiceinfo.net\/fr\/wp-json\/wp\/v2\/posts\/8755\/revisions"}],"wp:attachment":[{"href":"https:\/\/www.justiceinfo.net\/fr\/wp-json\/wp\/v2\/media?parent=8755"}],"wp:term":[{"taxonomy":"category","embeddable":true,"href":"https:\/\/www.justiceinfo.net\/fr\/wp-json\/wp\/v2\/categories?post=8755"},{"taxonomy":"post_tag","embeddable":true,"href":"https:\/\/www.justiceinfo.net\/fr\/wp-json\/wp\/v2\/tags?post=8755"},{"taxonomy":"ji_location","embeddable":true,"href":"https:\/\/www.justiceinfo.net\/fr\/wp-json\/wp\/v2\/ji_location?post=8755"}],"curies":[{"name":"wp","href":"https:\/\/api.w.org\/{rel}","templated":true}]}}