{"id":8782,"date":"2008-01-08T00:00:00","date_gmt":"2008-01-07T23:00:00","guid":{"rendered":"https:\/\/www.justiceinfo.net\/8782-080108-rwandagenocide-l-ideologie-du-genocider-dans-certaines-ecoles-rwandaises-le-parlement5583.html"},"modified":"2008-01-08T00:00:00","modified_gmt":"2008-01-07T23:00:00","slug":"080108-rwandagenocide-l-ideologie-du-genocider-dans-certaines-ecoles-rwandaises-le-parlement5583","status":"publish","type":"post","link":"https:\/\/www.justiceinfo.net\/fr\/8782-080108-rwandagenocide-l-ideologie-du-genocider-dans-certaines-ecoles-rwandaises-le-parlement5583.html","title":{"rendered":"08.01.08 - RWANDA\/GENOCIDE - \u00ab IDEOLOGIE DU GENOCIDE\u00bb DANS CERTAINES ECOLES RWANDAISES- LE PARLEMENT"},"content":{"rendered":"<p>Arusha, 8 janvier 2008 (FH) - Des appels instillant &laquo; l&rsquo;id&eacute;ologie du g&eacute;nocide &raquo; circulent dans certaines &eacute;coles secondaires du Rwanda, selon un rapport d&rsquo;une commission de la Chambre des d&eacute;put&eacute;s rwandais consult&eacute; par l&rsquo;agence Hirondelle.<br \/>\n<!--more-->Selon ce texte &laquo; l&rsquo;id&eacute;ologie g&eacute;nocidaire &raquo; reste vivace dans 84 des 637 &eacute;coles secondaires du Rwanda. D&eacute;battu en d&eacute;cembre dernier par les d&eacute;put&eacute;s, r&eacute;unis en s&eacute;ance pl&eacute;ni&egrave;re, ce texte long de 428 pages a eu une diffusion tr&eacute;s limit&eacute;e. <\/p>\n<p>Il reprend dans ses annexes des copies de ces manuscrits anonymes : &laquo; les Tutsis sont des serpents, nous en avons marre d&rsquo;eux et nous les tuerons &raquo;, dit un tract recueilli par la commission parlementaire &agrave; l&rsquo;Ecole secondaire de Mataba, dans la Province du Nord. <\/p>\n<p>Dans cet &eacute;tablissement, les &eacute;l&egrave;ves tutsis rescap&eacute;s du g&eacute;nocide de 1994 ont &eacute;t&eacute; oblig&eacute;s par la direction de porter un uniforme distinct, ce qui rajoute &agrave; la discrimination dont ils sont l&rsquo;objet de la part de certains parmi leurs condisciples, selon ce rapport. <\/p>\n<p>A l&rsquo;&eacute;cole secondaire de Gaseke, &agrave; une trentaine de kilom&egrave;tres de Kigali, des listes d&rsquo;&eacute;l&egrave;ves tutsis &agrave; tuer ont &eacute;t&eacute; dress&eacute;es, mais selon la direction de l&rsquo;&eacute;tablissement, aucune victime n&rsquo;a heureusement encore &eacute;t&eacute; d&eacute;plor&eacute;e. <\/p>\n<p>Dans cette m&ecirc;me &eacute;cole, a par ailleurs circul&eacute; un texte en 10 points rappelant les 10 commandements des Hutus publi&eacute;s avant le g&eacute;nocide par le journal extr&eacute;miste Kangura dont le r&eacute;dacteur en chef, Hassan Ngeze, &agrave; &eacute;t&eacute; condamn&eacute; &agrave; 35 ans de prison par le Tribunal p&eacute;nal international pour le Rwanda (TPIR) si&eacute;geant &agrave; Arusha, en Tanzanie. <\/p>\n<p>&laquo; Ne commets jamais l&rsquo;adult&egrave;re avec une femme tutsie ( &hellip;), ne te lie jamais d&rsquo;amiti&eacute; &agrave; un Tutsi &raquo;, enseigne notamment ce d&eacute;calogue de l&rsquo;&eacute;cole de Gaseke. <\/p>\n<p>Dans le m&ecirc;me &eacute;tablissement, la commission parlementaire a trouv&eacute; des tracts du genre &laquo; Priez, m&ecirc;me si nous ne vous d&eacute;coupons pas en morceaux, nous vous empoisonnerons et vous mourrez &raquo;. <\/p>\n<p>&laquo; Que le Tutsi meure &raquo;, rench&eacute;rit un tract retrouv&eacute; au Groupe scolaire de Shyogwe, dans la Province du Sud. <\/p>\n<p>Le rapport recommande aux autorit&eacute;s gouvernementales de renvoyer et traduire en justice tous les enseignants v&eacute;hiculant l&rsquo;id&eacute;ologie du g&eacute;nocide. &quot;Dans toutes les provinces, les manifestations de cette id&eacute;ologie du g&eacute;nocide sont identiques &raquo; d&eacute;noncent les d&eacute;put&eacute;s. <\/p>\n<p>Quant aux &eacute;l&egrave;ves mineurs qui seraient auteurs de ces messages, le texte demande qu&rsquo;ils soient envoy&eacute;s dans des centres de r&eacute;&eacute;ducation.<br \/>\nLa commission exhorte par ailleurs les responsables des &eacute;tablissements scolaires &agrave; s&rsquo;efforcer de cr&eacute;er un climat de coexistence pacifique entre les &eacute;l&egrave;ves rescap&eacute;s du g&eacute;nocide et ceux dont les parents sont poursuivis pour leur r&ocirc;le pr&eacute;sum&eacute; dans le g&eacute;nocide. <\/p>\n<p>Les d&eacute;put&eacute;s se sont engag&eacute;s, de leur c&ocirc;t&eacute;, &agrave; acc&eacute;l&eacute;rer le processus d&rsquo;adoption d&rsquo;un projet de loi r&eacute;primant l&rsquo;id&eacute;ologie du g&eacute;nocide qui leur a &eacute;t&eacute; soumis par le gouvernement. <\/p>\n<p>Ils ont par ailleurs interpell&eacute; la ministre de l&rsquo;Education, Jeanne d&rsquo;Arc Mujawamariya et le secr&eacute;taire d&rsquo;&eacute;tat &agrave; l&rsquo;Enseignement primaire et secondaire, Joseph Murekeraho. <\/p>\n<p>La majorit&eacute; des d&eacute;put&eacute;s n&rsquo;ayant pas &eacute;t&eacute; satisfaits de leurs explications, les deux membres du gouvernement continueront &agrave; s&rsquo;expliquer devant une nouvelle commission parlementaire. <\/p>\n<p>Perp&eacute;tr&eacute; par des extr&eacute;mistes hutus, le g&eacute;nocide d&rsquo;avril &agrave; juillet 1994 a fait, selon l'ONU, 800 000 victimes, essentiellement au sein de la communaut&eacute; tutsie. <\/p>\n<p>ER\/PB\/GF<br \/>\n&copy; Agence Hirondelle<\/p>\n","protected":false},"excerpt":{"rendered":"<p>Arusha, 8 janvier 2008 (FH) - Des appels instillant &laquo; l&rsquo;id&eacute;ologie du g&eacute;nocide &raquo; circulent dans certaines &eacute;coles secondaires du Rwanda, selon un rapport d&rsquo;une commission de la Chambre des d&eacute;put&eacute;s rwandais consult&eacute; par l&rsquo;agence Hirondelle.<\/p>\n","protected":false},"author":64,"featured_media":0,"comment_status":"open","ping_status":"closed","sticky":false,"template":"","format":"standard","meta":{"_acf_changed":false,"footnotes":""},"categories":[554],"tags":[],"ji_location":[],"class_list":["post-8782","post","type-post","status-publish","format-standard","hentry","category-hirondellenews"],"acf":[],"yoast_head":"<!-- This site is optimized with the Yoast SEO Premium plugin v25.3.1 (Yoast SEO v25.3.1) - https:\/\/yoast.com\/wordpress\/plugins\/seo\/ -->\n<title>08.01.08 - RWANDA\/GENOCIDE - \u00ab IDEOLOGIE DU GENOCIDE\u00bb DANS CERTAINES ECOLES RWANDAISES- LE PARLEMENT - JusticeInfo.net<\/title>\n<meta name=\"robots\" content=\"index, follow, max-snippet:-1, max-image-preview:large, max-video-preview:-1\" \/>\n<link rel=\"canonical\" href=\"https:\/\/www.justiceinfo.net\/fr\/8782-080108-rwandagenocide-l-ideologie-du-genocider-dans-certaines-ecoles-rwandaises-le-parlement5583.html\" \/>\n<meta property=\"og:locale\" content=\"fr_FR\" \/>\n<meta property=\"og:type\" content=\"article\" \/>\n<meta property=\"og:title\" content=\"08.01.08 - RWANDA\/GENOCIDE - \u00ab IDEOLOGIE DU GENOCIDE\u00bb DANS CERTAINES ECOLES RWANDAISES- LE PARLEMENT\" \/>\n<meta property=\"og:description\" content=\"Arusha, 8 janvier 2008 (FH) - Des appels instillant &laquo; l&rsquo;id&eacute;ologie du g&eacute;nocide &raquo; circulent dans certaines &eacute;coles secondaires du Rwanda, selon un rapport d&rsquo;une commission de la Chambre des d&eacute;put&eacute;s rwandais consult&eacute; par l&rsquo;agence Hirondelle.\" \/>\n<meta property=\"og:url\" content=\"https:\/\/www.justiceinfo.net\/fr\/8782-080108-rwandagenocide-l-ideologie-du-genocider-dans-certaines-ecoles-rwandaises-le-parlement5583.html\" \/>\n<meta property=\"og:site_name\" content=\"JusticeInfo.net\" \/>\n<meta property=\"article:publisher\" content=\"https:\/\/www.facebook.com\/JusticeInfo\/\" \/>\n<meta property=\"article:published_time\" content=\"2008-01-07T23:00:00+00:00\" \/>\n<meta property=\"og:image\" content=\"https:\/\/www.justiceinfo.net\/wp-content\/uploads\/JusticeInfoNet_logo_1200x630px.jpg\" \/>\n\t<meta property=\"og:image:width\" content=\"1200\" \/>\n\t<meta property=\"og:image:height\" content=\"630\" \/>\n\t<meta property=\"og:image:type\" content=\"image\/jpeg\" \/>\n<meta name=\"author\" content=\"solivri\" \/>\n<meta name=\"twitter:card\" content=\"summary_large_image\" \/>\n<meta name=\"twitter:creator\" content=\"@justiceinfonet\" \/>\n<meta name=\"twitter:site\" content=\"@justiceinfonet\" \/>\n<meta name=\"twitter:label1\" content=\"\u00c9crit par\" \/>\n\t<meta name=\"twitter:data1\" content=\"solivri\" \/>\n\t<meta name=\"twitter:label2\" content=\"Dur\u00e9e de lecture estim\u00e9e\" \/>\n\t<meta name=\"twitter:data2\" content=\"4 minutes\" \/>\n<script type=\"application\/ld+json\" class=\"yoast-schema-graph\">{\"@context\":\"https:\/\/schema.org\",\"@graph\":[{\"@type\":\"NewsArticle\",\"@id\":\"https:\/\/www.justiceinfo.net\/fr\/8782-080108-rwandagenocide-l-ideologie-du-genocider-dans-certaines-ecoles-rwandaises-le-parlement5583.html#article\",\"isPartOf\":{\"@id\":\"https:\/\/www.justiceinfo.net\/fr\/8782-080108-rwandagenocide-l-ideologie-du-genocider-dans-certaines-ecoles-rwandaises-le-parlement5583.html\"},\"author\":{\"name\":\"solivri\",\"@id\":\"https:\/\/www.justiceinfo.net\/fr#\/schema\/person\/6e53cba1629e2e66f3fc1821d3091865\"},\"headline\":\"08.01.08 - RWANDA\/GENOCIDE - \u00ab IDEOLOGIE DU GENOCIDE\u00bb DANS CERTAINES ECOLES RWANDAISES- LE PARLEMENT\",\"datePublished\":\"2008-01-07T23:00:00+00:00\",\"mainEntityOfPage\":{\"@id\":\"https:\/\/www.justiceinfo.net\/fr\/8782-080108-rwandagenocide-l-ideologie-du-genocider-dans-certaines-ecoles-rwandaises-le-parlement5583.html\"},\"wordCount\":776,\"commentCount\":0,\"publisher\":{\"@id\":\"https:\/\/www.justiceinfo.net\/fr#organization\"},\"articleSection\":[\"Hirondelle News\"],\"inLanguage\":\"fr-FR\",\"potentialAction\":[{\"@type\":\"CommentAction\",\"name\":\"Comment\",\"target\":[\"https:\/\/www.justiceinfo.net\/fr\/8782-080108-rwandagenocide-l-ideologie-du-genocider-dans-certaines-ecoles-rwandaises-le-parlement5583.html#respond\"]}]},{\"@type\":\"WebPage\",\"@id\":\"https:\/\/www.justiceinfo.net\/fr\/8782-080108-rwandagenocide-l-ideologie-du-genocider-dans-certaines-ecoles-rwandaises-le-parlement5583.html\",\"url\":\"https:\/\/www.justiceinfo.net\/fr\/8782-080108-rwandagenocide-l-ideologie-du-genocider-dans-certaines-ecoles-rwandaises-le-parlement5583.html\",\"name\":\"08.01.08 - RWANDA\/GENOCIDE - \u00ab IDEOLOGIE DU GENOCIDE\u00bb DANS CERTAINES ECOLES RWANDAISES- LE PARLEMENT - JusticeInfo.net\",\"isPartOf\":{\"@id\":\"https:\/\/www.justiceinfo.net\/fr#website\"},\"datePublished\":\"2008-01-07T23:00:00+00:00\",\"breadcrumb\":{\"@id\":\"https:\/\/www.justiceinfo.net\/fr\/8782-080108-rwandagenocide-l-ideologie-du-genocider-dans-certaines-ecoles-rwandaises-le-parlement5583.html#breadcrumb\"},\"inLanguage\":\"fr-FR\",\"potentialAction\":[{\"@type\":\"ReadAction\",\"target\":[\"https:\/\/www.justiceinfo.net\/fr\/8782-080108-rwandagenocide-l-ideologie-du-genocider-dans-certaines-ecoles-rwandaises-le-parlement5583.html\"]}]},{\"@type\":\"BreadcrumbList\",\"@id\":\"https:\/\/www.justiceinfo.net\/fr\/8782-080108-rwandagenocide-l-ideologie-du-genocider-dans-certaines-ecoles-rwandaises-le-parlement5583.html#breadcrumb\",\"itemListElement\":[{\"@type\":\"ListItem\",\"position\":1,\"name\":\"Home\",\"item\":\"https:\/\/www.justiceinfo.net\/fr\"},{\"@type\":\"ListItem\",\"position\":2,\"name\":\"08.01.08 - RWANDA\/GENOCIDE - \u00ab IDEOLOGIE DU GENOCIDE\u00bb DANS CERTAINES ECOLES RWANDAISES- LE PARLEMENT\"}]},{\"@type\":\"WebSite\",\"@id\":\"https:\/\/www.justiceinfo.net\/fr#website\",\"url\":\"https:\/\/www.justiceinfo.net\/fr\",\"name\":\"JusticeInfo.net\",\"description\":\"La justice doit \u00eatre vue pour \u00eatre rendue\",\"publisher\":{\"@id\":\"https:\/\/www.justiceinfo.net\/fr#organization\"},\"potentialAction\":[{\"@type\":\"SearchAction\",\"target\":{\"@type\":\"EntryPoint\",\"urlTemplate\":\"https:\/\/www.justiceinfo.net\/fr?s={search_term_string}\"},\"query-input\":{\"@type\":\"PropertyValueSpecification\",\"valueRequired\":true,\"valueName\":\"search_term_string\"}}],\"inLanguage\":\"fr-FR\"},{\"@type\":\"Organization\",\"@id\":\"https:\/\/www.justiceinfo.net\/fr#organization\",\"name\":\"Justice Info\",\"url\":\"https:\/\/www.justiceinfo.net\/fr\",\"logo\":{\"@type\":\"ImageObject\",\"inLanguage\":\"fr-FR\",\"@id\":\"https:\/\/www.justiceinfo.net\/fr#\/schema\/logo\/image\/\",\"url\":\"https:\/\/www.justiceinfo.net\/wp-content\/uploads\/justiceinfo_logo-trans_1200x1200px.png\",\"contentUrl\":\"https:\/\/www.justiceinfo.net\/wp-content\/uploads\/justiceinfo_logo-trans_1200x1200px.png\",\"width\":1199,\"height\":1200,\"caption\":\"Justice Info\"},\"image\":{\"@id\":\"https:\/\/www.justiceinfo.net\/fr#\/schema\/logo\/image\/\"},\"sameAs\":[\"https:\/\/www.facebook.com\/JusticeInfo\/\",\"https:\/\/x.com\/justiceinfonet\",\"https:\/\/www.linkedin.com\/company\/justice-info\",\"https:\/\/www.youtube.com\/channel\/UCyCEsARodyuWtkWyhn-e7pA\"]},{\"@type\":\"Person\",\"name\":\"solivri\",\"url\":\"\/fr\/?s=solivri\"}]}<\/script>\n<!-- \/ Yoast SEO Premium plugin. -->","yoast_head_json":{"title":"08.01.08 - RWANDA\/GENOCIDE - \u00ab IDEOLOGIE DU GENOCIDE\u00bb DANS CERTAINES ECOLES RWANDAISES- LE PARLEMENT - JusticeInfo.net","robots":{"index":"index","follow":"follow","max-snippet":"max-snippet:-1","max-image-preview":"max-image-preview:large","max-video-preview":"max-video-preview:-1"},"canonical":"https:\/\/www.justiceinfo.net\/fr\/8782-080108-rwandagenocide-l-ideologie-du-genocider-dans-certaines-ecoles-rwandaises-le-parlement5583.html","og_locale":"fr_FR","og_type":"article","og_title":"08.01.08 - RWANDA\/GENOCIDE - \u00ab IDEOLOGIE DU GENOCIDE\u00bb DANS CERTAINES ECOLES RWANDAISES- LE PARLEMENT","og_description":"Arusha, 8 janvier 2008 (FH) - Des appels instillant &laquo; l&rsquo;id&eacute;ologie du g&eacute;nocide &raquo; circulent dans certaines &eacute;coles secondaires du Rwanda, selon un rapport d&rsquo;une commission de la Chambre des d&eacute;put&eacute;s rwandais consult&eacute; par l&rsquo;agence Hirondelle.","og_url":"https:\/\/www.justiceinfo.net\/fr\/8782-080108-rwandagenocide-l-ideologie-du-genocider-dans-certaines-ecoles-rwandaises-le-parlement5583.html","og_site_name":"JusticeInfo.net","article_publisher":"https:\/\/www.facebook.com\/JusticeInfo\/","article_published_time":"2008-01-07T23:00:00+00:00","og_image":[{"width":1200,"height":630,"url":"https:\/\/www.justiceinfo.net\/wp-content\/uploads\/JusticeInfoNet_logo_1200x630px.jpg","type":"image\/jpeg"}],"author":"solivri","twitter_card":"summary_large_image","twitter_creator":"@justiceinfonet","twitter_site":"@justiceinfonet","twitter_misc":{"\u00c9crit par":"solivri","Dur\u00e9e de lecture estim\u00e9e":"4 minutes"},"schema":{"@context":"https:\/\/schema.org","@graph":[{"@type":"NewsArticle","@id":"https:\/\/www.justiceinfo.net\/fr\/8782-080108-rwandagenocide-l-ideologie-du-genocider-dans-certaines-ecoles-rwandaises-le-parlement5583.html#article","isPartOf":{"@id":"https:\/\/www.justiceinfo.net\/fr\/8782-080108-rwandagenocide-l-ideologie-du-genocider-dans-certaines-ecoles-rwandaises-le-parlement5583.html"},"author":{"name":"solivri","@id":"https:\/\/www.justiceinfo.net\/fr#\/schema\/person\/6e53cba1629e2e66f3fc1821d3091865"},"headline":"08.01.08 - RWANDA\/GENOCIDE - \u00ab IDEOLOGIE DU GENOCIDE\u00bb DANS CERTAINES ECOLES RWANDAISES- LE PARLEMENT","datePublished":"2008-01-07T23:00:00+00:00","mainEntityOfPage":{"@id":"https:\/\/www.justiceinfo.net\/fr\/8782-080108-rwandagenocide-l-ideologie-du-genocider-dans-certaines-ecoles-rwandaises-le-parlement5583.html"},"wordCount":776,"commentCount":0,"publisher":{"@id":"https:\/\/www.justiceinfo.net\/fr#organization"},"articleSection":["Hirondelle News"],"inLanguage":"fr-FR","potentialAction":[{"@type":"CommentAction","name":"Comment","target":["https:\/\/www.justiceinfo.net\/fr\/8782-080108-rwandagenocide-l-ideologie-du-genocider-dans-certaines-ecoles-rwandaises-le-parlement5583.html#respond"]}]},{"@type":"WebPage","@id":"https:\/\/www.justiceinfo.net\/fr\/8782-080108-rwandagenocide-l-ideologie-du-genocider-dans-certaines-ecoles-rwandaises-le-parlement5583.html","url":"https:\/\/www.justiceinfo.net\/fr\/8782-080108-rwandagenocide-l-ideologie-du-genocider-dans-certaines-ecoles-rwandaises-le-parlement5583.html","name":"08.01.08 - RWANDA\/GENOCIDE - \u00ab IDEOLOGIE DU GENOCIDE\u00bb DANS CERTAINES ECOLES RWANDAISES- LE PARLEMENT - JusticeInfo.net","isPartOf":{"@id":"https:\/\/www.justiceinfo.net\/fr#website"},"datePublished":"2008-01-07T23:00:00+00:00","breadcrumb":{"@id":"https:\/\/www.justiceinfo.net\/fr\/8782-080108-rwandagenocide-l-ideologie-du-genocider-dans-certaines-ecoles-rwandaises-le-parlement5583.html#breadcrumb"},"inLanguage":"fr-FR","potentialAction":[{"@type":"ReadAction","target":["https:\/\/www.justiceinfo.net\/fr\/8782-080108-rwandagenocide-l-ideologie-du-genocider-dans-certaines-ecoles-rwandaises-le-parlement5583.html"]}]},{"@type":"BreadcrumbList","@id":"https:\/\/www.justiceinfo.net\/fr\/8782-080108-rwandagenocide-l-ideologie-du-genocider-dans-certaines-ecoles-rwandaises-le-parlement5583.html#breadcrumb","itemListElement":[{"@type":"ListItem","position":1,"name":"Home","item":"https:\/\/www.justiceinfo.net\/fr"},{"@type":"ListItem","position":2,"name":"08.01.08 - RWANDA\/GENOCIDE - \u00ab IDEOLOGIE DU GENOCIDE\u00bb DANS CERTAINES ECOLES RWANDAISES- LE PARLEMENT"}]},{"@type":"WebSite","@id":"https:\/\/www.justiceinfo.net\/fr#website","url":"https:\/\/www.justiceinfo.net\/fr","name":"JusticeInfo.net","description":"La justice doit \u00eatre vue pour \u00eatre rendue","publisher":{"@id":"https:\/\/www.justiceinfo.net\/fr#organization"},"potentialAction":[{"@type":"SearchAction","target":{"@type":"EntryPoint","urlTemplate":"https:\/\/www.justiceinfo.net\/fr?s={search_term_string}"},"query-input":{"@type":"PropertyValueSpecification","valueRequired":true,"valueName":"search_term_string"}}],"inLanguage":"fr-FR"},{"@type":"Organization","@id":"https:\/\/www.justiceinfo.net\/fr#organization","name":"Justice Info","url":"https:\/\/www.justiceinfo.net\/fr","logo":{"@type":"ImageObject","inLanguage":"fr-FR","@id":"https:\/\/www.justiceinfo.net\/fr#\/schema\/logo\/image\/","url":"https:\/\/www.justiceinfo.net\/wp-content\/uploads\/justiceinfo_logo-trans_1200x1200px.png","contentUrl":"https:\/\/www.justiceinfo.net\/wp-content\/uploads\/justiceinfo_logo-trans_1200x1200px.png","width":1199,"height":1200,"caption":"Justice Info"},"image":{"@id":"https:\/\/www.justiceinfo.net\/fr#\/schema\/logo\/image\/"},"sameAs":["https:\/\/www.facebook.com\/JusticeInfo\/","https:\/\/x.com\/justiceinfonet","https:\/\/www.linkedin.com\/company\/justice-info","https:\/\/www.youtube.com\/channel\/UCyCEsARodyuWtkWyhn-e7pA"]},{"@type":"Person","name":"solivri","url":"\/fr\/?s=solivri"}]}},"_links":{"self":[{"href":"https:\/\/www.justiceinfo.net\/fr\/wp-json\/wp\/v2\/posts\/8782","targetHints":{"allow":["GET"]}}],"collection":[{"href":"https:\/\/www.justiceinfo.net\/fr\/wp-json\/wp\/v2\/posts"}],"about":[{"href":"https:\/\/www.justiceinfo.net\/fr\/wp-json\/wp\/v2\/types\/post"}],"author":[{"embeddable":true,"href":"https:\/\/www.justiceinfo.net\/fr\/wp-json\/wp\/v2\/users\/64"}],"replies":[{"embeddable":true,"href":"https:\/\/www.justiceinfo.net\/fr\/wp-json\/wp\/v2\/comments?post=8782"}],"version-history":[{"count":0,"href":"https:\/\/www.justiceinfo.net\/fr\/wp-json\/wp\/v2\/posts\/8782\/revisions"}],"wp:attachment":[{"href":"https:\/\/www.justiceinfo.net\/fr\/wp-json\/wp\/v2\/media?parent=8782"}],"wp:term":[{"taxonomy":"category","embeddable":true,"href":"https:\/\/www.justiceinfo.net\/fr\/wp-json\/wp\/v2\/categories?post=8782"},{"taxonomy":"post_tag","embeddable":true,"href":"https:\/\/www.justiceinfo.net\/fr\/wp-json\/wp\/v2\/tags?post=8782"},{"taxonomy":"ji_location","embeddable":true,"href":"https:\/\/www.justiceinfo.net\/fr\/wp-json\/wp\/v2\/ji_location?post=8782"}],"curies":[{"name":"wp","href":"https:\/\/api.w.org\/{rel}","templated":true}]}}