{"id":8790,"date":"2008-01-11T00:00:00","date_gmt":"2008-01-10T23:00:00","guid":{"rendered":"https:\/\/www.justiceinfo.net\/8790-110108-tpirnsengimana-le-proces-de-labbe-nsengimana-reprend-lundi5591.html"},"modified":"2008-01-11T00:00:00","modified_gmt":"2008-01-10T23:00:00","slug":"110108-tpirnsengimana-le-proces-de-labbe-nsengimana-reprend-lundi5591","status":"publish","type":"post","link":"https:\/\/www.justiceinfo.net\/fr\/8790-110108-tpirnsengimana-le-proces-de-labbe-nsengimana-reprend-lundi5591.html","title":{"rendered":"11.01.08 - TPIR\/NSENGIMANA  - LE PROCES DE L\u2019ABBE NSENGIMANA REPREND LUNDI"},"content":{"rendered":"<p  >\nArusha, 11 janvier 2008 (FH) - Le proc&egrave;s de l&rsquo;abb&eacute; Hormisdas Nsengimana reprend lundi prochain devant le Tribunal p&eacute;nal international pour le Rwanda (TPIR), selon le calendrier judiciaire. Il s&rsquo;agira du premier proc&egrave;s &agrave; reprendre apr&egrave;s les vacances judiciaires de fin d&rsquo;ann&eacute;e.<\/p>\n<p><!--more-->Pendant le g&eacute;nocide de 1994, le pr&ecirc;tre catholique &eacute;tait recteur du coll&egrave;ge Christ Roi de Nyanza (sud), une des &eacute;coles les plus prestigieuses du pays. &laquo;Il enseignait le latin, la religion et dirigeait des offices religieux au coll&egrave;ge Christ Roi et &agrave; la paroisse voisine de Nyanza. Malheureusement, il n'a pas mis ses connaissances et ses dons au service de l'avancement de l'humanit&eacute; mais, au contraire, de sa destruction&raquo;, a d&eacute;clar&eacute; le 22 juin dernier, &agrave; l'ouverture des d&eacute;bats l'Italienne Silvana Arbia, chef des poursuites au TPIR. Selon l'acte d'accusation, l'abb&eacute; est accus&eacute; de g&eacute;nocide, assassinat et extermination. Mme Arbia l'a d&eacute;crit comme un extr&eacute;miste hutu qui, m&ecirc;me avant le g&eacute;nocide, pr&ecirc;chait sa haine des Tutsis &agrave; ses &eacute;l&egrave;ves, &agrave; des pr&ecirc;tres et &agrave; des employ&eacute;s du coll&egrave;ge Christ Roi. Selon Mme Arbia, l'abb&eacute; a ordonn&eacute; non seulement des massacres mais tu&eacute; personnellement un vieux pr&ecirc;tre, Mathieu Ngirumpatse, et plusieurs femmes, tous tutsis. &laquo;Lorsque mon fusil tue cinq personnes, je me sens repos&eacute;&raquo;, se serait &eacute;cri&eacute; l'accus&eacute; en abattant le vieil abb&eacute;, selon la repr&eacute;sentante du procureur. L'un des avocats de l'accus&eacute;, le Britannique David Hooper, a clam&eacute; l'innocence de l'homme d'&eacute;glise et &eacute;mis l'espoir que le proc&egrave;s permettra de r&eacute;tablir son honneur.<br \/>\nHormisdas Nsengimana a &eacute;t&eacute; arr&ecirc;t&eacute; en mars 2002 &agrave; Yaound&eacute; (Cameroun) et transf&eacute;r&eacute; au centre de d&eacute;tention du TPIR le mois suivant. Au cours de la premi&egrave;re session de ce proc&egrave;s qui a dur&eacute; quelques jours, le procureur a pr&eacute;sent&eacute; 5 t&eacute;moins.<\/p>\n<p>&Agrave; ce jour, le TPIR a mis en accusation quatre pr&ecirc;tres catholiques rwandais. Le premier &agrave; avoir &eacute;t&eacute; jug&eacute; par le TPIR, l'abb&eacute; Athanase Seromba, a &eacute;t&eacute; condamn&eacute;, le 15 d&eacute;cembre 2006, &agrave; quinze ans de prison pour g&eacute;nocide et extermination. Le r&ocirc;le de l'&eacute;glise catholique dans le g&eacute;nocide de 1994 au Rwanda suscite toujours de vives pol&eacute;miques. Lors des pogroms anti-tutsis de 1959 et de 1962 au Rwanda, les Tutsis qui s'&eacute;taient r&eacute;fugi&eacute;s dans des &eacute;glises ont eu la vie sauve. Trois d&eacute;cennies plus tard, ils avaient donc afflu&eacute; par dizaines de milliers dans des &eacute;glises pour tenter d'&eacute;chapper &agrave; leurs bourreaux. Mais, cette fois-ci, pour y mourir, d&eacute;chiquet&eacute;s par des grenades, br&ucirc;l&eacute;s vifs ou &eacute;cras&eacute;s par des bulldozers. Selon l'organisation non gouvernementale African Rights, plus de Rwandais ont p&eacute;ri dans les structures paroissiales que partout ailleurs dans le pays.<br \/>\nER\/PB\/GF&nbsp;&copy; Agence Hirondelle<\/p>\n","protected":false},"excerpt":{"rendered":"<p>Arusha, 11 janvier 2008 (FH) - Le proc&egrave;s de l&rsquo;abb&eacute; Hormisdas Nsengimana reprend lundi prochain devant le Tribunal p&eacute;nal international pour le Rwanda (TPIR), selon le calendrier judiciaire. Il s&rsquo;agira du premier proc&egrave;s &agrave; reprendre apr&egrave;s les vacances judiciaires de fin d&rsquo;ann&eacute;e.<\/p>\n","protected":false},"author":64,"featured_media":0,"comment_status":"open","ping_status":"closed","sticky":false,"template":"","format":"standard","meta":{"_acf_changed":false,"footnotes":""},"categories":[554],"tags":[],"ji_location":[],"class_list":["post-8790","post","type-post","status-publish","format-standard","hentry","category-hirondellenews"],"acf":[],"yoast_head":"<!-- This site is optimized with the Yoast SEO Premium plugin v25.3.1 (Yoast SEO v25.3.1) - https:\/\/yoast.com\/wordpress\/plugins\/seo\/ -->\n<title>11.01.08 - TPIR\/NSENGIMANA - LE PROCES DE L\u2019ABBE NSENGIMANA REPREND LUNDI - JusticeInfo.net<\/title>\n<meta name=\"robots\" content=\"index, follow, max-snippet:-1, max-image-preview:large, max-video-preview:-1\" \/>\n<link rel=\"canonical\" href=\"https:\/\/www.justiceinfo.net\/fr\/8790-110108-tpirnsengimana-le-proces-de-labbe-nsengimana-reprend-lundi5591.html\" \/>\n<meta property=\"og:locale\" content=\"fr_FR\" \/>\n<meta property=\"og:type\" content=\"article\" \/>\n<meta property=\"og:title\" content=\"11.01.08 - TPIR\/NSENGIMANA - LE PROCES DE L\u2019ABBE NSENGIMANA REPREND LUNDI\" \/>\n<meta property=\"og:description\" content=\"Arusha, 11 janvier 2008 (FH) - Le proc&egrave;s de l&rsquo;abb&eacute; Hormisdas Nsengimana reprend lundi prochain devant le Tribunal p&eacute;nal international pour le Rwanda (TPIR), selon le calendrier judiciaire. Il s&rsquo;agira du premier proc&egrave;s &agrave; reprendre apr&egrave;s les vacances judiciaires de fin d&rsquo;ann&eacute;e.\" \/>\n<meta property=\"og:url\" content=\"https:\/\/www.justiceinfo.net\/fr\/8790-110108-tpirnsengimana-le-proces-de-labbe-nsengimana-reprend-lundi5591.html\" \/>\n<meta property=\"og:site_name\" content=\"JusticeInfo.net\" \/>\n<meta property=\"article:publisher\" content=\"https:\/\/www.facebook.com\/JusticeInfo\/\" \/>\n<meta property=\"article:published_time\" content=\"2008-01-10T23:00:00+00:00\" \/>\n<meta property=\"og:image\" content=\"https:\/\/www.justiceinfo.net\/wp-content\/uploads\/JusticeInfoNet_logo_1200x630px.jpg\" \/>\n\t<meta property=\"og:image:width\" content=\"1200\" \/>\n\t<meta property=\"og:image:height\" content=\"630\" \/>\n\t<meta property=\"og:image:type\" content=\"image\/jpeg\" \/>\n<meta name=\"author\" content=\"solivri\" \/>\n<meta name=\"twitter:card\" content=\"summary_large_image\" \/>\n<meta name=\"twitter:creator\" content=\"@justiceinfonet\" \/>\n<meta name=\"twitter:site\" content=\"@justiceinfonet\" \/>\n<meta name=\"twitter:label1\" content=\"\u00c9crit par\" \/>\n\t<meta name=\"twitter:data1\" content=\"solivri\" \/>\n\t<meta name=\"twitter:label2\" content=\"Dur\u00e9e de lecture estim\u00e9e\" \/>\n\t<meta name=\"twitter:data2\" content=\"3 minutes\" \/>\n<script type=\"application\/ld+json\" class=\"yoast-schema-graph\">{\"@context\":\"https:\/\/schema.org\",\"@graph\":[{\"@type\":\"NewsArticle\",\"@id\":\"https:\/\/www.justiceinfo.net\/fr\/8790-110108-tpirnsengimana-le-proces-de-labbe-nsengimana-reprend-lundi5591.html#article\",\"isPartOf\":{\"@id\":\"https:\/\/www.justiceinfo.net\/fr\/8790-110108-tpirnsengimana-le-proces-de-labbe-nsengimana-reprend-lundi5591.html\"},\"author\":{\"name\":\"solivri\",\"@id\":\"https:\/\/www.justiceinfo.net\/fr#\/schema\/person\/6e53cba1629e2e66f3fc1821d3091865\"},\"headline\":\"11.01.08 - TPIR\/NSENGIMANA - LE PROCES DE L\u2019ABBE NSENGIMANA REPREND LUNDI\",\"datePublished\":\"2008-01-10T23:00:00+00:00\",\"mainEntityOfPage\":{\"@id\":\"https:\/\/www.justiceinfo.net\/fr\/8790-110108-tpirnsengimana-le-proces-de-labbe-nsengimana-reprend-lundi5591.html\"},\"wordCount\":603,\"commentCount\":0,\"publisher\":{\"@id\":\"https:\/\/www.justiceinfo.net\/fr#organization\"},\"articleSection\":[\"Hirondelle News\"],\"inLanguage\":\"fr-FR\",\"potentialAction\":[{\"@type\":\"CommentAction\",\"name\":\"Comment\",\"target\":[\"https:\/\/www.justiceinfo.net\/fr\/8790-110108-tpirnsengimana-le-proces-de-labbe-nsengimana-reprend-lundi5591.html#respond\"]}]},{\"@type\":\"WebPage\",\"@id\":\"https:\/\/www.justiceinfo.net\/fr\/8790-110108-tpirnsengimana-le-proces-de-labbe-nsengimana-reprend-lundi5591.html\",\"url\":\"https:\/\/www.justiceinfo.net\/fr\/8790-110108-tpirnsengimana-le-proces-de-labbe-nsengimana-reprend-lundi5591.html\",\"name\":\"11.01.08 - TPIR\/NSENGIMANA - LE PROCES DE L\u2019ABBE NSENGIMANA REPREND LUNDI - JusticeInfo.net\",\"isPartOf\":{\"@id\":\"https:\/\/www.justiceinfo.net\/fr#website\"},\"datePublished\":\"2008-01-10T23:00:00+00:00\",\"breadcrumb\":{\"@id\":\"https:\/\/www.justiceinfo.net\/fr\/8790-110108-tpirnsengimana-le-proces-de-labbe-nsengimana-reprend-lundi5591.html#breadcrumb\"},\"inLanguage\":\"fr-FR\",\"potentialAction\":[{\"@type\":\"ReadAction\",\"target\":[\"https:\/\/www.justiceinfo.net\/fr\/8790-110108-tpirnsengimana-le-proces-de-labbe-nsengimana-reprend-lundi5591.html\"]}]},{\"@type\":\"BreadcrumbList\",\"@id\":\"https:\/\/www.justiceinfo.net\/fr\/8790-110108-tpirnsengimana-le-proces-de-labbe-nsengimana-reprend-lundi5591.html#breadcrumb\",\"itemListElement\":[{\"@type\":\"ListItem\",\"position\":1,\"name\":\"Home\",\"item\":\"https:\/\/www.justiceinfo.net\/fr\"},{\"@type\":\"ListItem\",\"position\":2,\"name\":\"11.01.08 - TPIR\/NSENGIMANA - LE PROCES DE L\u2019ABBE NSENGIMANA REPREND LUNDI\"}]},{\"@type\":\"WebSite\",\"@id\":\"https:\/\/www.justiceinfo.net\/fr#website\",\"url\":\"https:\/\/www.justiceinfo.net\/fr\",\"name\":\"JusticeInfo.net\",\"description\":\"La justice doit \u00eatre vue pour \u00eatre rendue\",\"publisher\":{\"@id\":\"https:\/\/www.justiceinfo.net\/fr#organization\"},\"potentialAction\":[{\"@type\":\"SearchAction\",\"target\":{\"@type\":\"EntryPoint\",\"urlTemplate\":\"https:\/\/www.justiceinfo.net\/fr?s={search_term_string}\"},\"query-input\":{\"@type\":\"PropertyValueSpecification\",\"valueRequired\":true,\"valueName\":\"search_term_string\"}}],\"inLanguage\":\"fr-FR\"},{\"@type\":\"Organization\",\"@id\":\"https:\/\/www.justiceinfo.net\/fr#organization\",\"name\":\"Justice Info\",\"url\":\"https:\/\/www.justiceinfo.net\/fr\",\"logo\":{\"@type\":\"ImageObject\",\"inLanguage\":\"fr-FR\",\"@id\":\"https:\/\/www.justiceinfo.net\/fr#\/schema\/logo\/image\/\",\"url\":\"https:\/\/www.justiceinfo.net\/wp-content\/uploads\/justiceinfo_logo-trans_1200x1200px.png\",\"contentUrl\":\"https:\/\/www.justiceinfo.net\/wp-content\/uploads\/justiceinfo_logo-trans_1200x1200px.png\",\"width\":1199,\"height\":1200,\"caption\":\"Justice Info\"},\"image\":{\"@id\":\"https:\/\/www.justiceinfo.net\/fr#\/schema\/logo\/image\/\"},\"sameAs\":[\"https:\/\/www.facebook.com\/JusticeInfo\/\",\"https:\/\/x.com\/justiceinfonet\",\"https:\/\/www.linkedin.com\/company\/justice-info\",\"https:\/\/www.youtube.com\/channel\/UCyCEsARodyuWtkWyhn-e7pA\"]},{\"@type\":\"Person\",\"name\":\"solivri\",\"url\":\"\/fr\/?s=solivri\"}]}<\/script>\n<!-- \/ Yoast SEO Premium plugin. -->","yoast_head_json":{"title":"11.01.08 - TPIR\/NSENGIMANA - LE PROCES DE L\u2019ABBE NSENGIMANA REPREND LUNDI - JusticeInfo.net","robots":{"index":"index","follow":"follow","max-snippet":"max-snippet:-1","max-image-preview":"max-image-preview:large","max-video-preview":"max-video-preview:-1"},"canonical":"https:\/\/www.justiceinfo.net\/fr\/8790-110108-tpirnsengimana-le-proces-de-labbe-nsengimana-reprend-lundi5591.html","og_locale":"fr_FR","og_type":"article","og_title":"11.01.08 - TPIR\/NSENGIMANA - LE PROCES DE L\u2019ABBE NSENGIMANA REPREND LUNDI","og_description":"Arusha, 11 janvier 2008 (FH) - Le proc&egrave;s de l&rsquo;abb&eacute; Hormisdas Nsengimana reprend lundi prochain devant le Tribunal p&eacute;nal international pour le Rwanda (TPIR), selon le calendrier judiciaire. Il s&rsquo;agira du premier proc&egrave;s &agrave; reprendre apr&egrave;s les vacances judiciaires de fin d&rsquo;ann&eacute;e.","og_url":"https:\/\/www.justiceinfo.net\/fr\/8790-110108-tpirnsengimana-le-proces-de-labbe-nsengimana-reprend-lundi5591.html","og_site_name":"JusticeInfo.net","article_publisher":"https:\/\/www.facebook.com\/JusticeInfo\/","article_published_time":"2008-01-10T23:00:00+00:00","og_image":[{"width":1200,"height":630,"url":"https:\/\/www.justiceinfo.net\/wp-content\/uploads\/JusticeInfoNet_logo_1200x630px.jpg","type":"image\/jpeg"}],"author":"solivri","twitter_card":"summary_large_image","twitter_creator":"@justiceinfonet","twitter_site":"@justiceinfonet","twitter_misc":{"\u00c9crit par":"solivri","Dur\u00e9e de lecture estim\u00e9e":"3 minutes"},"schema":{"@context":"https:\/\/schema.org","@graph":[{"@type":"NewsArticle","@id":"https:\/\/www.justiceinfo.net\/fr\/8790-110108-tpirnsengimana-le-proces-de-labbe-nsengimana-reprend-lundi5591.html#article","isPartOf":{"@id":"https:\/\/www.justiceinfo.net\/fr\/8790-110108-tpirnsengimana-le-proces-de-labbe-nsengimana-reprend-lundi5591.html"},"author":{"name":"solivri","@id":"https:\/\/www.justiceinfo.net\/fr#\/schema\/person\/6e53cba1629e2e66f3fc1821d3091865"},"headline":"11.01.08 - TPIR\/NSENGIMANA - LE PROCES DE L\u2019ABBE NSENGIMANA REPREND LUNDI","datePublished":"2008-01-10T23:00:00+00:00","mainEntityOfPage":{"@id":"https:\/\/www.justiceinfo.net\/fr\/8790-110108-tpirnsengimana-le-proces-de-labbe-nsengimana-reprend-lundi5591.html"},"wordCount":603,"commentCount":0,"publisher":{"@id":"https:\/\/www.justiceinfo.net\/fr#organization"},"articleSection":["Hirondelle News"],"inLanguage":"fr-FR","potentialAction":[{"@type":"CommentAction","name":"Comment","target":["https:\/\/www.justiceinfo.net\/fr\/8790-110108-tpirnsengimana-le-proces-de-labbe-nsengimana-reprend-lundi5591.html#respond"]}]},{"@type":"WebPage","@id":"https:\/\/www.justiceinfo.net\/fr\/8790-110108-tpirnsengimana-le-proces-de-labbe-nsengimana-reprend-lundi5591.html","url":"https:\/\/www.justiceinfo.net\/fr\/8790-110108-tpirnsengimana-le-proces-de-labbe-nsengimana-reprend-lundi5591.html","name":"11.01.08 - TPIR\/NSENGIMANA - LE PROCES DE L\u2019ABBE NSENGIMANA REPREND LUNDI - JusticeInfo.net","isPartOf":{"@id":"https:\/\/www.justiceinfo.net\/fr#website"},"datePublished":"2008-01-10T23:00:00+00:00","breadcrumb":{"@id":"https:\/\/www.justiceinfo.net\/fr\/8790-110108-tpirnsengimana-le-proces-de-labbe-nsengimana-reprend-lundi5591.html#breadcrumb"},"inLanguage":"fr-FR","potentialAction":[{"@type":"ReadAction","target":["https:\/\/www.justiceinfo.net\/fr\/8790-110108-tpirnsengimana-le-proces-de-labbe-nsengimana-reprend-lundi5591.html"]}]},{"@type":"BreadcrumbList","@id":"https:\/\/www.justiceinfo.net\/fr\/8790-110108-tpirnsengimana-le-proces-de-labbe-nsengimana-reprend-lundi5591.html#breadcrumb","itemListElement":[{"@type":"ListItem","position":1,"name":"Home","item":"https:\/\/www.justiceinfo.net\/fr"},{"@type":"ListItem","position":2,"name":"11.01.08 - TPIR\/NSENGIMANA - LE PROCES DE L\u2019ABBE NSENGIMANA REPREND LUNDI"}]},{"@type":"WebSite","@id":"https:\/\/www.justiceinfo.net\/fr#website","url":"https:\/\/www.justiceinfo.net\/fr","name":"JusticeInfo.net","description":"La justice doit \u00eatre vue pour \u00eatre rendue","publisher":{"@id":"https:\/\/www.justiceinfo.net\/fr#organization"},"potentialAction":[{"@type":"SearchAction","target":{"@type":"EntryPoint","urlTemplate":"https:\/\/www.justiceinfo.net\/fr?s={search_term_string}"},"query-input":{"@type":"PropertyValueSpecification","valueRequired":true,"valueName":"search_term_string"}}],"inLanguage":"fr-FR"},{"@type":"Organization","@id":"https:\/\/www.justiceinfo.net\/fr#organization","name":"Justice Info","url":"https:\/\/www.justiceinfo.net\/fr","logo":{"@type":"ImageObject","inLanguage":"fr-FR","@id":"https:\/\/www.justiceinfo.net\/fr#\/schema\/logo\/image\/","url":"https:\/\/www.justiceinfo.net\/wp-content\/uploads\/justiceinfo_logo-trans_1200x1200px.png","contentUrl":"https:\/\/www.justiceinfo.net\/wp-content\/uploads\/justiceinfo_logo-trans_1200x1200px.png","width":1199,"height":1200,"caption":"Justice Info"},"image":{"@id":"https:\/\/www.justiceinfo.net\/fr#\/schema\/logo\/image\/"},"sameAs":["https:\/\/www.facebook.com\/JusticeInfo\/","https:\/\/x.com\/justiceinfonet","https:\/\/www.linkedin.com\/company\/justice-info","https:\/\/www.youtube.com\/channel\/UCyCEsARodyuWtkWyhn-e7pA"]},{"@type":"Person","name":"solivri","url":"\/fr\/?s=solivri"}]}},"_links":{"self":[{"href":"https:\/\/www.justiceinfo.net\/fr\/wp-json\/wp\/v2\/posts\/8790","targetHints":{"allow":["GET"]}}],"collection":[{"href":"https:\/\/www.justiceinfo.net\/fr\/wp-json\/wp\/v2\/posts"}],"about":[{"href":"https:\/\/www.justiceinfo.net\/fr\/wp-json\/wp\/v2\/types\/post"}],"author":[{"embeddable":true,"href":"https:\/\/www.justiceinfo.net\/fr\/wp-json\/wp\/v2\/users\/64"}],"replies":[{"embeddable":true,"href":"https:\/\/www.justiceinfo.net\/fr\/wp-json\/wp\/v2\/comments?post=8790"}],"version-history":[{"count":0,"href":"https:\/\/www.justiceinfo.net\/fr\/wp-json\/wp\/v2\/posts\/8790\/revisions"}],"wp:attachment":[{"href":"https:\/\/www.justiceinfo.net\/fr\/wp-json\/wp\/v2\/media?parent=8790"}],"wp:term":[{"taxonomy":"category","embeddable":true,"href":"https:\/\/www.justiceinfo.net\/fr\/wp-json\/wp\/v2\/categories?post=8790"},{"taxonomy":"post_tag","embeddable":true,"href":"https:\/\/www.justiceinfo.net\/fr\/wp-json\/wp\/v2\/tags?post=8790"},{"taxonomy":"ji_location","embeddable":true,"href":"https:\/\/www.justiceinfo.net\/fr\/wp-json\/wp\/v2\/ji_location?post=8790"}],"curies":[{"name":"wp","href":"https:\/\/api.w.org\/{rel}","templated":true}]}}