{"id":8810,"date":"2008-01-16T23:00:00","date_gmt":"2008-01-16T22:00:00","guid":{"rendered":"https:\/\/www.justiceinfo.net\/8810-170108-cpijuges-les-trois-nouveaux-juges-de-la-cpi-ont-prete-serment5611.html"},"modified":"2008-01-16T23:00:00","modified_gmt":"2008-01-16T22:00:00","slug":"170108-cpijuges-les-trois-nouveaux-juges-de-la-cpi-ont-prete-serment5611","status":"publish","type":"post","link":"https:\/\/www.justiceinfo.net\/fr\/8810-170108-cpijuges-les-trois-nouveaux-juges-de-la-cpi-ont-prete-serment5611.html","title":{"rendered":"17.01.08 - CPI\/JUGES - LES TROIS NOUVEAUX JUGES DE LA CPI ONT PRETE SERMENT"},"content":{"rendered":"<p>La Haye, 17 janvier 2008 (FH) - Les trois nouveaux juges de la Cour p&eacute;nale internationale (CPI), le fran&ccedil;ais Bruno Cotte, la japonaise Fumiko Saiga et l&rsquo;ougandais Daniel David Ntanda Nsereko, &eacute;lus le 3 d&eacute;cembre 2007 lors de l&rsquo;Assembl&eacute;e des Etats parties, ont pr&ecirc;t&eacute; serment jeudi.<br \/>\n<!--more--><\/p>\n<p>\nL&rsquo;une des premi&egrave;res d&eacute;cisions de ces juges fra&icirc;chement &eacute;lus et des quinze autres qui y si&egrave;gent portera sur l&rsquo;&eacute;lection du futur greffier de la Cour au cours d&rsquo;une prochaine session pl&eacute;ni&egrave;re, dont la date n&rsquo;aurait pas encore &eacute;t&eacute; fix&eacute;e. Le greffier doit &ecirc;tre &eacute;lu &agrave; la majorit&eacute; des juges et &agrave; bulletin secret. Elu le 24 juin 2003 pour cinq ans, le magistrat fran&ccedil;ais Bruno Cathala - qui par ailleurs avait administr&eacute; la toute jeune juridiction &agrave; partir d&rsquo;octobre 2002 - n&rsquo;a pas souhait&eacute; brigu&eacute; un second mandat. <\/p>\n<p>Dix candidatures ont &eacute;t&eacute; retenues par la pr&eacute;sidence de la CPI en octobre dernier, parmi lesquels figurent celle de l&rsquo;actuel greffier du Tribunal p&eacute;nal international pour le Rwanda (TPIR), le s&eacute;n&eacute;galais Adama Dieng et le chef des poursuites &agrave; Arusha, l&rsquo;italienne Sylvana Arbia. Pr&egrave;s de cent candidatures avaient d'abord &eacute;t&eacute; selectionn&eacute;es. Le futur greffier devra conduire &agrave; bien l&rsquo;installation de la Cour dans ses nouveaux locaux. <\/p>\n<p>Dans une courte d&eacute;claration &agrave; l&rsquo;ouverture de la c&eacute;r&eacute;monie, le pr&eacute;sident de l&rsquo;Assembl&eacute;e des Etats parties, Bruno Stagno Ugarte, a estim&eacute; que &laquo; la Cour p&eacute;nale internationale appara&icirc;t comme un phare permanent et une lueur d&rsquo;espoir pour les victimes &raquo; de crimes contre l&rsquo;humanit&eacute;, tout en pr&eacute;cisant que la Cour &laquo; est au cot&eacute; des gouvernements dans la pr&eacute;servation de la paix &raquo; et n&rsquo;agit &laquo; qu&rsquo;en dernier recours &raquo;. <\/p>\n<p>Le procureur a ouvert quatre enqu&ecirc;tes - en Ouganda, en R&eacute;publique d&eacute;mocratique du Congo (RDC), au Darfour et en Centrafrique - et &eacute;mis une dizaine de mandats d&rsquo;arr&ecirc;ts, dont plusieurs sont conserv&eacute;s sous scell&eacute;s, aucun proc&egrave;s n&rsquo;a &eacute;t&eacute; ouvert et seuls deux hommes sont d&eacute;tenus par la juridiction, les miliciens congolais Thomas Lubanga et Germain Katanga. Le budget de la CPI pour 2008 a &eacute;t&eacute; fix&eacute; &agrave; environ 130 millions de dollars am&eacute;ricains. <\/p>\n<p>SM\/PB<br \/>\n&copy; Agence Hirondelle<\/p>\n","protected":false},"excerpt":{"rendered":"<p>La Haye, 17 janvier 2008 (FH) - Les trois nouveaux juges de la Cour p&eacute;nale internationale (CPI), le fran&ccedil;ais Bruno Cotte, la japonaise Fumiko Saiga et l&rsquo;ougandais Daniel David Ntanda Nsereko, &eacute;lus le 3 d&eacute;cembre 2007 lors de l&rsquo;Assembl&eacute;e des Etats parties, ont pr&ecirc;t&eacute; serment jeudi.<\/p>\n","protected":false},"author":64,"featured_media":0,"comment_status":"open","ping_status":"closed","sticky":false,"template":"","format":"standard","meta":{"_acf_changed":false,"footnotes":""},"categories":[554],"tags":[],"ji_location":[],"class_list":["post-8810","post","type-post","status-publish","format-standard","hentry","category-hirondellenews"],"acf":[],"yoast_head":"<!-- This site is optimized with the Yoast SEO Premium plugin v25.3.1 (Yoast SEO v25.3.1) - https:\/\/yoast.com\/wordpress\/plugins\/seo\/ -->\n<title>17.01.08 - CPI\/JUGES - LES TROIS NOUVEAUX JUGES DE LA CPI ONT PRETE SERMENT - JusticeInfo.net<\/title>\n<meta name=\"robots\" content=\"index, follow, max-snippet:-1, max-image-preview:large, max-video-preview:-1\" \/>\n<link rel=\"canonical\" href=\"https:\/\/www.justiceinfo.net\/fr\/8810-170108-cpijuges-les-trois-nouveaux-juges-de-la-cpi-ont-prete-serment5611.html\" \/>\n<meta property=\"og:locale\" content=\"fr_FR\" \/>\n<meta property=\"og:type\" content=\"article\" \/>\n<meta property=\"og:title\" content=\"17.01.08 - CPI\/JUGES - LES TROIS NOUVEAUX JUGES DE LA CPI ONT PRETE SERMENT\" \/>\n<meta property=\"og:description\" content=\"La Haye, 17 janvier 2008 (FH) - Les trois nouveaux juges de la Cour p&eacute;nale internationale (CPI), le fran&ccedil;ais Bruno Cotte, la japonaise Fumiko Saiga et l&rsquo;ougandais Daniel David Ntanda Nsereko, &eacute;lus le 3 d&eacute;cembre 2007 lors de l&rsquo;Assembl&eacute;e des Etats parties, ont pr&ecirc;t&eacute; serment jeudi.\" \/>\n<meta property=\"og:url\" content=\"https:\/\/www.justiceinfo.net\/fr\/8810-170108-cpijuges-les-trois-nouveaux-juges-de-la-cpi-ont-prete-serment5611.html\" \/>\n<meta property=\"og:site_name\" content=\"JusticeInfo.net\" \/>\n<meta property=\"article:publisher\" content=\"https:\/\/www.facebook.com\/JusticeInfo\/\" \/>\n<meta property=\"article:published_time\" content=\"2008-01-16T22:00:00+00:00\" \/>\n<meta property=\"og:image\" content=\"https:\/\/www.justiceinfo.net\/wp-content\/uploads\/JusticeInfoNet_logo_1200x630px.jpg\" \/>\n\t<meta property=\"og:image:width\" content=\"1200\" \/>\n\t<meta property=\"og:image:height\" content=\"630\" \/>\n\t<meta property=\"og:image:type\" content=\"image\/jpeg\" \/>\n<meta name=\"author\" content=\"solivri\" \/>\n<meta name=\"twitter:card\" content=\"summary_large_image\" \/>\n<meta name=\"twitter:creator\" content=\"@justiceinfonet\" \/>\n<meta name=\"twitter:site\" content=\"@justiceinfonet\" \/>\n<meta name=\"twitter:label1\" content=\"\u00c9crit par\" \/>\n\t<meta name=\"twitter:data1\" content=\"solivri\" \/>\n\t<meta name=\"twitter:label2\" content=\"Dur\u00e9e de lecture estim\u00e9e\" \/>\n\t<meta name=\"twitter:data2\" content=\"2 minutes\" \/>\n<script type=\"application\/ld+json\" class=\"yoast-schema-graph\">{\"@context\":\"https:\/\/schema.org\",\"@graph\":[{\"@type\":\"NewsArticle\",\"@id\":\"https:\/\/www.justiceinfo.net\/fr\/8810-170108-cpijuges-les-trois-nouveaux-juges-de-la-cpi-ont-prete-serment5611.html#article\",\"isPartOf\":{\"@id\":\"https:\/\/www.justiceinfo.net\/fr\/8810-170108-cpijuges-les-trois-nouveaux-juges-de-la-cpi-ont-prete-serment5611.html\"},\"author\":{\"name\":\"solivri\",\"@id\":\"https:\/\/www.justiceinfo.net\/fr#\/schema\/person\/6e53cba1629e2e66f3fc1821d3091865\"},\"headline\":\"17.01.08 - CPI\/JUGES - LES TROIS NOUVEAUX JUGES DE LA CPI ONT PRETE SERMENT\",\"datePublished\":\"2008-01-16T22:00:00+00:00\",\"mainEntityOfPage\":{\"@id\":\"https:\/\/www.justiceinfo.net\/fr\/8810-170108-cpijuges-les-trois-nouveaux-juges-de-la-cpi-ont-prete-serment5611.html\"},\"wordCount\":491,\"commentCount\":0,\"publisher\":{\"@id\":\"https:\/\/www.justiceinfo.net\/fr#organization\"},\"articleSection\":[\"Hirondelle News\"],\"inLanguage\":\"fr-FR\",\"potentialAction\":[{\"@type\":\"CommentAction\",\"name\":\"Comment\",\"target\":[\"https:\/\/www.justiceinfo.net\/fr\/8810-170108-cpijuges-les-trois-nouveaux-juges-de-la-cpi-ont-prete-serment5611.html#respond\"]}]},{\"@type\":\"WebPage\",\"@id\":\"https:\/\/www.justiceinfo.net\/fr\/8810-170108-cpijuges-les-trois-nouveaux-juges-de-la-cpi-ont-prete-serment5611.html\",\"url\":\"https:\/\/www.justiceinfo.net\/fr\/8810-170108-cpijuges-les-trois-nouveaux-juges-de-la-cpi-ont-prete-serment5611.html\",\"name\":\"17.01.08 - CPI\/JUGES - LES TROIS NOUVEAUX JUGES DE LA CPI ONT PRETE SERMENT - JusticeInfo.net\",\"isPartOf\":{\"@id\":\"https:\/\/www.justiceinfo.net\/fr#website\"},\"datePublished\":\"2008-01-16T22:00:00+00:00\",\"breadcrumb\":{\"@id\":\"https:\/\/www.justiceinfo.net\/fr\/8810-170108-cpijuges-les-trois-nouveaux-juges-de-la-cpi-ont-prete-serment5611.html#breadcrumb\"},\"inLanguage\":\"fr-FR\",\"potentialAction\":[{\"@type\":\"ReadAction\",\"target\":[\"https:\/\/www.justiceinfo.net\/fr\/8810-170108-cpijuges-les-trois-nouveaux-juges-de-la-cpi-ont-prete-serment5611.html\"]}]},{\"@type\":\"BreadcrumbList\",\"@id\":\"https:\/\/www.justiceinfo.net\/fr\/8810-170108-cpijuges-les-trois-nouveaux-juges-de-la-cpi-ont-prete-serment5611.html#breadcrumb\",\"itemListElement\":[{\"@type\":\"ListItem\",\"position\":1,\"name\":\"Home\",\"item\":\"https:\/\/www.justiceinfo.net\/fr\"},{\"@type\":\"ListItem\",\"position\":2,\"name\":\"17.01.08 - CPI\/JUGES - LES TROIS NOUVEAUX JUGES DE LA CPI ONT PRETE SERMENT\"}]},{\"@type\":\"WebSite\",\"@id\":\"https:\/\/www.justiceinfo.net\/fr#website\",\"url\":\"https:\/\/www.justiceinfo.net\/fr\",\"name\":\"JusticeInfo.net\",\"description\":\"La justice doit \u00eatre vue pour \u00eatre rendue\",\"publisher\":{\"@id\":\"https:\/\/www.justiceinfo.net\/fr#organization\"},\"potentialAction\":[{\"@type\":\"SearchAction\",\"target\":{\"@type\":\"EntryPoint\",\"urlTemplate\":\"https:\/\/www.justiceinfo.net\/fr?s={search_term_string}\"},\"query-input\":{\"@type\":\"PropertyValueSpecification\",\"valueRequired\":true,\"valueName\":\"search_term_string\"}}],\"inLanguage\":\"fr-FR\"},{\"@type\":\"Organization\",\"@id\":\"https:\/\/www.justiceinfo.net\/fr#organization\",\"name\":\"Justice Info\",\"url\":\"https:\/\/www.justiceinfo.net\/fr\",\"logo\":{\"@type\":\"ImageObject\",\"inLanguage\":\"fr-FR\",\"@id\":\"https:\/\/www.justiceinfo.net\/fr#\/schema\/logo\/image\/\",\"url\":\"https:\/\/www.justiceinfo.net\/wp-content\/uploads\/justiceinfo_logo-trans_1200x1200px.png\",\"contentUrl\":\"https:\/\/www.justiceinfo.net\/wp-content\/uploads\/justiceinfo_logo-trans_1200x1200px.png\",\"width\":1199,\"height\":1200,\"caption\":\"Justice Info\"},\"image\":{\"@id\":\"https:\/\/www.justiceinfo.net\/fr#\/schema\/logo\/image\/\"},\"sameAs\":[\"https:\/\/www.facebook.com\/JusticeInfo\/\",\"https:\/\/x.com\/justiceinfonet\",\"https:\/\/www.linkedin.com\/company\/justice-info\",\"https:\/\/www.youtube.com\/channel\/UCyCEsARodyuWtkWyhn-e7pA\"]},{\"@type\":\"Person\",\"name\":\"solivri\",\"url\":\"\/fr\/?s=solivri\"}]}<\/script>\n<!-- \/ Yoast SEO Premium plugin. -->","yoast_head_json":{"title":"17.01.08 - CPI\/JUGES - LES TROIS NOUVEAUX JUGES DE LA CPI ONT PRETE SERMENT - JusticeInfo.net","robots":{"index":"index","follow":"follow","max-snippet":"max-snippet:-1","max-image-preview":"max-image-preview:large","max-video-preview":"max-video-preview:-1"},"canonical":"https:\/\/www.justiceinfo.net\/fr\/8810-170108-cpijuges-les-trois-nouveaux-juges-de-la-cpi-ont-prete-serment5611.html","og_locale":"fr_FR","og_type":"article","og_title":"17.01.08 - CPI\/JUGES - LES TROIS NOUVEAUX JUGES DE LA CPI ONT PRETE SERMENT","og_description":"La Haye, 17 janvier 2008 (FH) - Les trois nouveaux juges de la Cour p&eacute;nale internationale (CPI), le fran&ccedil;ais Bruno Cotte, la japonaise Fumiko Saiga et l&rsquo;ougandais Daniel David Ntanda Nsereko, &eacute;lus le 3 d&eacute;cembre 2007 lors de l&rsquo;Assembl&eacute;e des Etats parties, ont pr&ecirc;t&eacute; serment jeudi.","og_url":"https:\/\/www.justiceinfo.net\/fr\/8810-170108-cpijuges-les-trois-nouveaux-juges-de-la-cpi-ont-prete-serment5611.html","og_site_name":"JusticeInfo.net","article_publisher":"https:\/\/www.facebook.com\/JusticeInfo\/","article_published_time":"2008-01-16T22:00:00+00:00","og_image":[{"width":1200,"height":630,"url":"https:\/\/www.justiceinfo.net\/wp-content\/uploads\/JusticeInfoNet_logo_1200x630px.jpg","type":"image\/jpeg"}],"author":"solivri","twitter_card":"summary_large_image","twitter_creator":"@justiceinfonet","twitter_site":"@justiceinfonet","twitter_misc":{"\u00c9crit par":"solivri","Dur\u00e9e de lecture estim\u00e9e":"2 minutes"},"schema":{"@context":"https:\/\/schema.org","@graph":[{"@type":"NewsArticle","@id":"https:\/\/www.justiceinfo.net\/fr\/8810-170108-cpijuges-les-trois-nouveaux-juges-de-la-cpi-ont-prete-serment5611.html#article","isPartOf":{"@id":"https:\/\/www.justiceinfo.net\/fr\/8810-170108-cpijuges-les-trois-nouveaux-juges-de-la-cpi-ont-prete-serment5611.html"},"author":{"name":"solivri","@id":"https:\/\/www.justiceinfo.net\/fr#\/schema\/person\/6e53cba1629e2e66f3fc1821d3091865"},"headline":"17.01.08 - CPI\/JUGES - LES TROIS NOUVEAUX JUGES DE LA CPI ONT PRETE SERMENT","datePublished":"2008-01-16T22:00:00+00:00","mainEntityOfPage":{"@id":"https:\/\/www.justiceinfo.net\/fr\/8810-170108-cpijuges-les-trois-nouveaux-juges-de-la-cpi-ont-prete-serment5611.html"},"wordCount":491,"commentCount":0,"publisher":{"@id":"https:\/\/www.justiceinfo.net\/fr#organization"},"articleSection":["Hirondelle News"],"inLanguage":"fr-FR","potentialAction":[{"@type":"CommentAction","name":"Comment","target":["https:\/\/www.justiceinfo.net\/fr\/8810-170108-cpijuges-les-trois-nouveaux-juges-de-la-cpi-ont-prete-serment5611.html#respond"]}]},{"@type":"WebPage","@id":"https:\/\/www.justiceinfo.net\/fr\/8810-170108-cpijuges-les-trois-nouveaux-juges-de-la-cpi-ont-prete-serment5611.html","url":"https:\/\/www.justiceinfo.net\/fr\/8810-170108-cpijuges-les-trois-nouveaux-juges-de-la-cpi-ont-prete-serment5611.html","name":"17.01.08 - CPI\/JUGES - LES TROIS NOUVEAUX JUGES DE LA CPI ONT PRETE SERMENT - JusticeInfo.net","isPartOf":{"@id":"https:\/\/www.justiceinfo.net\/fr#website"},"datePublished":"2008-01-16T22:00:00+00:00","breadcrumb":{"@id":"https:\/\/www.justiceinfo.net\/fr\/8810-170108-cpijuges-les-trois-nouveaux-juges-de-la-cpi-ont-prete-serment5611.html#breadcrumb"},"inLanguage":"fr-FR","potentialAction":[{"@type":"ReadAction","target":["https:\/\/www.justiceinfo.net\/fr\/8810-170108-cpijuges-les-trois-nouveaux-juges-de-la-cpi-ont-prete-serment5611.html"]}]},{"@type":"BreadcrumbList","@id":"https:\/\/www.justiceinfo.net\/fr\/8810-170108-cpijuges-les-trois-nouveaux-juges-de-la-cpi-ont-prete-serment5611.html#breadcrumb","itemListElement":[{"@type":"ListItem","position":1,"name":"Home","item":"https:\/\/www.justiceinfo.net\/fr"},{"@type":"ListItem","position":2,"name":"17.01.08 - CPI\/JUGES - LES TROIS NOUVEAUX JUGES DE LA CPI ONT PRETE SERMENT"}]},{"@type":"WebSite","@id":"https:\/\/www.justiceinfo.net\/fr#website","url":"https:\/\/www.justiceinfo.net\/fr","name":"JusticeInfo.net","description":"La justice doit \u00eatre vue pour \u00eatre rendue","publisher":{"@id":"https:\/\/www.justiceinfo.net\/fr#organization"},"potentialAction":[{"@type":"SearchAction","target":{"@type":"EntryPoint","urlTemplate":"https:\/\/www.justiceinfo.net\/fr?s={search_term_string}"},"query-input":{"@type":"PropertyValueSpecification","valueRequired":true,"valueName":"search_term_string"}}],"inLanguage":"fr-FR"},{"@type":"Organization","@id":"https:\/\/www.justiceinfo.net\/fr#organization","name":"Justice Info","url":"https:\/\/www.justiceinfo.net\/fr","logo":{"@type":"ImageObject","inLanguage":"fr-FR","@id":"https:\/\/www.justiceinfo.net\/fr#\/schema\/logo\/image\/","url":"https:\/\/www.justiceinfo.net\/wp-content\/uploads\/justiceinfo_logo-trans_1200x1200px.png","contentUrl":"https:\/\/www.justiceinfo.net\/wp-content\/uploads\/justiceinfo_logo-trans_1200x1200px.png","width":1199,"height":1200,"caption":"Justice Info"},"image":{"@id":"https:\/\/www.justiceinfo.net\/fr#\/schema\/logo\/image\/"},"sameAs":["https:\/\/www.facebook.com\/JusticeInfo\/","https:\/\/x.com\/justiceinfonet","https:\/\/www.linkedin.com\/company\/justice-info","https:\/\/www.youtube.com\/channel\/UCyCEsARodyuWtkWyhn-e7pA"]},{"@type":"Person","name":"solivri","url":"\/fr\/?s=solivri"}]}},"_links":{"self":[{"href":"https:\/\/www.justiceinfo.net\/fr\/wp-json\/wp\/v2\/posts\/8810","targetHints":{"allow":["GET"]}}],"collection":[{"href":"https:\/\/www.justiceinfo.net\/fr\/wp-json\/wp\/v2\/posts"}],"about":[{"href":"https:\/\/www.justiceinfo.net\/fr\/wp-json\/wp\/v2\/types\/post"}],"author":[{"embeddable":true,"href":"https:\/\/www.justiceinfo.net\/fr\/wp-json\/wp\/v2\/users\/64"}],"replies":[{"embeddable":true,"href":"https:\/\/www.justiceinfo.net\/fr\/wp-json\/wp\/v2\/comments?post=8810"}],"version-history":[{"count":0,"href":"https:\/\/www.justiceinfo.net\/fr\/wp-json\/wp\/v2\/posts\/8810\/revisions"}],"wp:attachment":[{"href":"https:\/\/www.justiceinfo.net\/fr\/wp-json\/wp\/v2\/media?parent=8810"}],"wp:term":[{"taxonomy":"category","embeddable":true,"href":"https:\/\/www.justiceinfo.net\/fr\/wp-json\/wp\/v2\/categories?post=8810"},{"taxonomy":"post_tag","embeddable":true,"href":"https:\/\/www.justiceinfo.net\/fr\/wp-json\/wp\/v2\/tags?post=8810"},{"taxonomy":"ji_location","embeddable":true,"href":"https:\/\/www.justiceinfo.net\/fr\/wp-json\/wp\/v2\/ji_location?post=8810"}],"curies":[{"name":"wp","href":"https:\/\/api.w.org\/{rel}","templated":true}]}}