{"id":8841,"date":"2008-01-24T23:00:00","date_gmt":"2008-01-24T22:00:00","guid":{"rendered":"https:\/\/www.justiceinfo.net\/8841-25-01-08-tpirsynthese-hebdomadaire-plaidoiries-dans-le-proces-nshamihigo5642.html"},"modified":"2008-01-24T23:00:00","modified_gmt":"2008-01-24T22:00:00","slug":"25-01-08-tpirsynthese-hebdomadaire-plaidoiries-dans-le-proces-nshamihigo5642","status":"publish","type":"post","link":"https:\/\/www.justiceinfo.net\/fr\/8841-25-01-08-tpirsynthese-hebdomadaire-plaidoiries-dans-le-proces-nshamihigo5642.html","title":{"rendered":"25-01-08 - TPIR\/SYNTHESE HEBDOMADAIRE  - PLAIDOIRIES DANS LE PROCES NSHAMIHIGO"},"content":{"rendered":"<p>\nArusha, 25 janvier 2008 (FH) - Les plaidoiries se sont d&eacute;roul&eacute;es cette semaine dans le proc&egrave;s de Sim&eacute;on Nshamihigo, un ancien magistrat rwandais poursuivi pour g&eacute;nocide devant le Tribunal p&eacute;nal international pour le Rwanda (TPIR).\n<\/p>\n<p><!--more-->Mercredi, le parquet a requis l&rsquo;emprisonnement &agrave; vie contre l&rsquo;accus&eacute; tandis que la d&eacute;fense a plaid&eacute; l&rsquo;acquittement. La chambre pr&eacute;sid&eacute;e par Dennis Byron, un magistrat de Saint-Kitts et Nevis, a mis le jugement en d&eacute;lib&eacute;r&eacute;. La date du verdict sera annonc&eacute;e en temps opportun, a simplement indiqu&eacute; le juge. Nshamihigo, 48 ans, &eacute;tait en proc&egrave;s depuis le 25 septembre 2006. Le parquet l&rsquo;accuse d&rsquo;avoir organis&eacute; des massacres de Tutsis &agrave; Cyangugu dans le sud-ouest du Rwanda, sa r&eacute;gion natale. Il &nbsp;plaide non coupable. A la fin des d&eacute;bats, l&rsquo;accus&eacute; a d&eacute;clar&eacute; regretter &laquo; la trag&eacute;die qui a endeuill&eacute; le Rwanda suite &agrave; l&rsquo;assassinat du pr&eacute;sident et &agrave; la reprise de la guerre qui fortuitement ont pouss&eacute; les Rwandais &agrave; s&rsquo;entretuer &raquo;. Nshamihigo est d&eacute;fendu par deux avocats canadiens, Me Denis Turcotte et Me Henry Beno&icirc;t. L&rsquo;&eacute;quipe de la poursuite est quant &agrave; elle pilot&eacute;e par l&rsquo;Ivoirien Alphonse Van. Les chambres ont par ailleurs tenu des audiences dans les proc&egrave;s Militaires II, Butare et Nsengimana. Le proc&egrave;s Militaires II regroupe quatre anciens officiers dont deux ex-chefs d&rsquo;&eacute;tat major. C&rsquo;est le g&eacute;n&eacute;ral Augustin Ndindiliyimana, ancien chef d&rsquo;&eacute;tat major de la gendarmerie rwandaise pendant le g&eacute;nocide, qui a poursuivi sa d&eacute;fense cette semaine. Il a annonc&eacute; une soixantaine de t&eacute;moins &agrave; d&eacute;charge. Apr&eacute;s le colonel Luc Marchal la semaine derni&egrave;re et un hotelier de Gitarama en d&eacute;but de semaine, un t&eacute;moin qualifi&eacute; &quot;d'important&quot; est venu mais a comparu &agrave; huis clos. Ndindiliyimana est jug&eacute; avec l&rsquo;ancien chef d&rsquo;&eacute;tat-major de l&rsquo;arm&eacute;e, le g&eacute;n&eacute;ral Augustin Bizimungu, et deux responsables du bataillon de reconnaissance, une unit&eacute; d&rsquo;&eacute;lite de l&rsquo;ancienne arm&eacute;e rwandaise. Bizimungu a d&eacute;j&agrave; fait compara&icirc;tre ses t&eacute;moins. Ce proc&egrave;s a commenc&eacute; le 20 septembre 2004. Butare, le plus vieux proc&egrave;s de ceux qui sont en cours au TPIR a commenc&eacute; en juin 2001. Six accus&eacute;s originaires du sud du Rwanda, dont une femme, sont jug&eacute;s pour g&eacute;nocide et crimes contre l&rsquo;humanit&eacute;. Actuellement, c&rsquo;est le cinqui&egrave;me accus&eacute; qui pr&eacute;sente sa d&eacute;fense. La chambre a propos&eacute; que la phase de comparution des t&eacute;moins se termine en juillet. Le proc&egrave;s d'Hormidas Nsengimana, un pr&ecirc;tre catholique, qui dirigeait le prestigieux coll&egrave;ge du Christ-Roi de Nyanza dans le sud du Rwanda s'est &eacute;galement d&eacute;roul&eacute;. Son proc&egrave;s a commenc&eacute; en juin 2007. Cette semaine, le procureur a poursuivi la pr&eacute;sentation de ses &eacute;l&eacute;ments de preuve. Un des t&eacute;moins cit&eacute;s a affirm&eacute; que Nsengimana aurait dirig&eacute; un escadron qui a sem&eacute; la mort &agrave; Nyanza et dans les environs. Le pr&ecirc;tre plaide non coupable. L&rsquo;atmosph&egrave;re s&rsquo;est un peu tendue jeudi lorsque le parquet a tent&eacute; de faire interdire &agrave; un membre de l&rsquo;&eacute;quipe de la d&eacute;fense de Nsengimana l&rsquo;acc&egrave;s &agrave; la salle d&rsquo;audience. La veille, le procureur s&rsquo;&eacute;tait &eacute;tonn&eacute; que cet enqu&ecirc;teur - un Rwandais &agrave; qui un t&eacute;moin avait reproch&eacute; de l&rsquo;avoir approch&eacute; - soit dans la salle aux cot&eacute;s des avocats et de l&rsquo;accus&eacute;. La chambre, en attendant de prendre une d&eacute;cision, lui avait donn&eacute; gain de cause. Invit&eacute;e &agrave; renouveler cette interdiction alors que l&rsquo;enqu&ecirc;teur assistait au proc&egrave;s dans la galerie du public, la chambre n&rsquo;y a pas donn&eacute; suite. Le greffe a toutefois &eacute;t&eacute; instruit de mener une enqu&ecirc;te au sujet de ces all&eacute;gations et de faire rapport &agrave; la chambre. La semaine prochaine reprendra le proc&egrave;s Gouvernement II qui concerne quatre anciens ministres. Il avait &eacute;t&eacute; ajourn&eacute; le 8 novembre dernier. Jerome Bicamumpaka, ancien ministre des affaires &eacute;trzng&egrave;res continue de pr&eacute;senter les t&eacute;moins en sa faveur. Un diplomate belge, M. Jean Ghist est atttendu. Les juges entendront par ailleurs le r&eacute;quisitoire du procureur et les plaidoiries de la d&eacute;fense dans le proc&egrave;s d&rsquo;Emmanuel Rukundo, un autre pr&ecirc;tre catholique accus&eacute; de g&eacute;nocide. Les dates pr&eacute;vues &agrave; cet effet sont le 31 janvier et le 1er f&eacute;vrier. &nbsp; <\/p>\n<p>\nAT\/PB\/GF\n<\/p>\n<p>&nbsp;&copy; Agence Hirondelle<\/p>\n","protected":false},"excerpt":{"rendered":"<p>Arusha, 25 janvier 2008 (FH) - Les plaidoiries se sont d&eacute;roul&eacute;es cette semaine dans le proc&egrave;s de Sim&eacute;on Nshamihigo, un ancien magistrat rwandais poursuivi pour g&eacute;nocide devant le Tribunal p&eacute;nal international pour le Rwanda (TPIR).<\/p>\n","protected":false},"author":64,"featured_media":0,"comment_status":"open","ping_status":"closed","sticky":false,"template":"","format":"standard","meta":{"_acf_changed":false,"footnotes":""},"categories":[554],"tags":[],"ji_location":[],"class_list":["post-8841","post","type-post","status-publish","format-standard","hentry","category-hirondellenews"],"acf":[],"yoast_head":"<!-- This site is optimized with the Yoast SEO Premium plugin v25.3.1 (Yoast SEO v25.3.1) - https:\/\/yoast.com\/wordpress\/plugins\/seo\/ -->\n<title>25-01-08 - TPIR\/SYNTHESE HEBDOMADAIRE - PLAIDOIRIES DANS LE PROCES NSHAMIHIGO - JusticeInfo.net<\/title>\n<meta name=\"robots\" content=\"index, follow, max-snippet:-1, max-image-preview:large, max-video-preview:-1\" \/>\n<link rel=\"canonical\" href=\"https:\/\/www.justiceinfo.net\/fr\/8841-25-01-08-tpirsynthese-hebdomadaire-plaidoiries-dans-le-proces-nshamihigo5642.html\" \/>\n<meta property=\"og:locale\" content=\"fr_FR\" \/>\n<meta property=\"og:type\" content=\"article\" \/>\n<meta property=\"og:title\" content=\"25-01-08 - TPIR\/SYNTHESE HEBDOMADAIRE - PLAIDOIRIES DANS LE PROCES NSHAMIHIGO\" \/>\n<meta property=\"og:description\" content=\"Arusha, 25 janvier 2008 (FH) - Les plaidoiries se sont d&eacute;roul&eacute;es cette semaine dans le proc&egrave;s de Sim&eacute;on Nshamihigo, un ancien magistrat rwandais poursuivi pour g&eacute;nocide devant le Tribunal p&eacute;nal international pour le Rwanda (TPIR).\" \/>\n<meta property=\"og:url\" content=\"https:\/\/www.justiceinfo.net\/fr\/8841-25-01-08-tpirsynthese-hebdomadaire-plaidoiries-dans-le-proces-nshamihigo5642.html\" \/>\n<meta property=\"og:site_name\" content=\"JusticeInfo.net\" \/>\n<meta property=\"article:publisher\" content=\"https:\/\/www.facebook.com\/JusticeInfo\/\" \/>\n<meta property=\"article:published_time\" content=\"2008-01-24T22:00:00+00:00\" \/>\n<meta property=\"og:image\" content=\"https:\/\/www.justiceinfo.net\/wp-content\/uploads\/JusticeInfoNet_logo_1200x630px.jpg\" \/>\n\t<meta property=\"og:image:width\" content=\"1200\" \/>\n\t<meta property=\"og:image:height\" content=\"630\" \/>\n\t<meta property=\"og:image:type\" content=\"image\/jpeg\" \/>\n<meta name=\"author\" content=\"solivri\" \/>\n<meta name=\"twitter:card\" content=\"summary_large_image\" \/>\n<meta name=\"twitter:creator\" content=\"@justiceinfonet\" \/>\n<meta name=\"twitter:site\" content=\"@justiceinfonet\" \/>\n<meta name=\"twitter:label1\" content=\"\u00c9crit par\" \/>\n\t<meta name=\"twitter:data1\" content=\"solivri\" \/>\n\t<meta name=\"twitter:label2\" content=\"Dur\u00e9e de lecture estim\u00e9e\" \/>\n\t<meta name=\"twitter:data2\" content=\"5 minutes\" \/>\n<script type=\"application\/ld+json\" class=\"yoast-schema-graph\">{\"@context\":\"https:\/\/schema.org\",\"@graph\":[{\"@type\":\"NewsArticle\",\"@id\":\"https:\/\/www.justiceinfo.net\/fr\/8841-25-01-08-tpirsynthese-hebdomadaire-plaidoiries-dans-le-proces-nshamihigo5642.html#article\",\"isPartOf\":{\"@id\":\"https:\/\/www.justiceinfo.net\/fr\/8841-25-01-08-tpirsynthese-hebdomadaire-plaidoiries-dans-le-proces-nshamihigo5642.html\"},\"author\":{\"name\":\"solivri\",\"@id\":\"https:\/\/www.justiceinfo.net\/fr#\/schema\/person\/6e53cba1629e2e66f3fc1821d3091865\"},\"headline\":\"25-01-08 - TPIR\/SYNTHESE HEBDOMADAIRE - PLAIDOIRIES DANS LE PROCES NSHAMIHIGO\",\"datePublished\":\"2008-01-24T22:00:00+00:00\",\"mainEntityOfPage\":{\"@id\":\"https:\/\/www.justiceinfo.net\/fr\/8841-25-01-08-tpirsynthese-hebdomadaire-plaidoiries-dans-le-proces-nshamihigo5642.html\"},\"wordCount\":943,\"commentCount\":0,\"publisher\":{\"@id\":\"https:\/\/www.justiceinfo.net\/fr#organization\"},\"articleSection\":[\"Hirondelle News\"],\"inLanguage\":\"fr-FR\",\"potentialAction\":[{\"@type\":\"CommentAction\",\"name\":\"Comment\",\"target\":[\"https:\/\/www.justiceinfo.net\/fr\/8841-25-01-08-tpirsynthese-hebdomadaire-plaidoiries-dans-le-proces-nshamihigo5642.html#respond\"]}]},{\"@type\":\"WebPage\",\"@id\":\"https:\/\/www.justiceinfo.net\/fr\/8841-25-01-08-tpirsynthese-hebdomadaire-plaidoiries-dans-le-proces-nshamihigo5642.html\",\"url\":\"https:\/\/www.justiceinfo.net\/fr\/8841-25-01-08-tpirsynthese-hebdomadaire-plaidoiries-dans-le-proces-nshamihigo5642.html\",\"name\":\"25-01-08 - TPIR\/SYNTHESE HEBDOMADAIRE - PLAIDOIRIES DANS LE PROCES NSHAMIHIGO - JusticeInfo.net\",\"isPartOf\":{\"@id\":\"https:\/\/www.justiceinfo.net\/fr#website\"},\"datePublished\":\"2008-01-24T22:00:00+00:00\",\"breadcrumb\":{\"@id\":\"https:\/\/www.justiceinfo.net\/fr\/8841-25-01-08-tpirsynthese-hebdomadaire-plaidoiries-dans-le-proces-nshamihigo5642.html#breadcrumb\"},\"inLanguage\":\"fr-FR\",\"potentialAction\":[{\"@type\":\"ReadAction\",\"target\":[\"https:\/\/www.justiceinfo.net\/fr\/8841-25-01-08-tpirsynthese-hebdomadaire-plaidoiries-dans-le-proces-nshamihigo5642.html\"]}]},{\"@type\":\"BreadcrumbList\",\"@id\":\"https:\/\/www.justiceinfo.net\/fr\/8841-25-01-08-tpirsynthese-hebdomadaire-plaidoiries-dans-le-proces-nshamihigo5642.html#breadcrumb\",\"itemListElement\":[{\"@type\":\"ListItem\",\"position\":1,\"name\":\"Home\",\"item\":\"https:\/\/www.justiceinfo.net\/fr\"},{\"@type\":\"ListItem\",\"position\":2,\"name\":\"25-01-08 - TPIR\/SYNTHESE HEBDOMADAIRE - PLAIDOIRIES DANS LE PROCES NSHAMIHIGO\"}]},{\"@type\":\"WebSite\",\"@id\":\"https:\/\/www.justiceinfo.net\/fr#website\",\"url\":\"https:\/\/www.justiceinfo.net\/fr\",\"name\":\"JusticeInfo.net\",\"description\":\"La justice doit \u00eatre vue pour \u00eatre rendue\",\"publisher\":{\"@id\":\"https:\/\/www.justiceinfo.net\/fr#organization\"},\"potentialAction\":[{\"@type\":\"SearchAction\",\"target\":{\"@type\":\"EntryPoint\",\"urlTemplate\":\"https:\/\/www.justiceinfo.net\/fr?s={search_term_string}\"},\"query-input\":{\"@type\":\"PropertyValueSpecification\",\"valueRequired\":true,\"valueName\":\"search_term_string\"}}],\"inLanguage\":\"fr-FR\"},{\"@type\":\"Organization\",\"@id\":\"https:\/\/www.justiceinfo.net\/fr#organization\",\"name\":\"Justice Info\",\"url\":\"https:\/\/www.justiceinfo.net\/fr\",\"logo\":{\"@type\":\"ImageObject\",\"inLanguage\":\"fr-FR\",\"@id\":\"https:\/\/www.justiceinfo.net\/fr#\/schema\/logo\/image\/\",\"url\":\"https:\/\/www.justiceinfo.net\/wp-content\/uploads\/justiceinfo_logo-trans_1200x1200px.png\",\"contentUrl\":\"https:\/\/www.justiceinfo.net\/wp-content\/uploads\/justiceinfo_logo-trans_1200x1200px.png\",\"width\":1199,\"height\":1200,\"caption\":\"Justice Info\"},\"image\":{\"@id\":\"https:\/\/www.justiceinfo.net\/fr#\/schema\/logo\/image\/\"},\"sameAs\":[\"https:\/\/www.facebook.com\/JusticeInfo\/\",\"https:\/\/x.com\/justiceinfonet\",\"https:\/\/www.linkedin.com\/company\/justice-info\",\"https:\/\/www.youtube.com\/channel\/UCyCEsARodyuWtkWyhn-e7pA\"]},{\"@type\":\"Person\",\"name\":\"solivri\",\"url\":\"\/fr\/?s=solivri\"}]}<\/script>\n<!-- \/ Yoast SEO Premium plugin. -->","yoast_head_json":{"title":"25-01-08 - TPIR\/SYNTHESE HEBDOMADAIRE - PLAIDOIRIES DANS LE PROCES NSHAMIHIGO - JusticeInfo.net","robots":{"index":"index","follow":"follow","max-snippet":"max-snippet:-1","max-image-preview":"max-image-preview:large","max-video-preview":"max-video-preview:-1"},"canonical":"https:\/\/www.justiceinfo.net\/fr\/8841-25-01-08-tpirsynthese-hebdomadaire-plaidoiries-dans-le-proces-nshamihigo5642.html","og_locale":"fr_FR","og_type":"article","og_title":"25-01-08 - TPIR\/SYNTHESE HEBDOMADAIRE - PLAIDOIRIES DANS LE PROCES NSHAMIHIGO","og_description":"Arusha, 25 janvier 2008 (FH) - Les plaidoiries se sont d&eacute;roul&eacute;es cette semaine dans le proc&egrave;s de Sim&eacute;on Nshamihigo, un ancien magistrat rwandais poursuivi pour g&eacute;nocide devant le Tribunal p&eacute;nal international pour le Rwanda (TPIR).","og_url":"https:\/\/www.justiceinfo.net\/fr\/8841-25-01-08-tpirsynthese-hebdomadaire-plaidoiries-dans-le-proces-nshamihigo5642.html","og_site_name":"JusticeInfo.net","article_publisher":"https:\/\/www.facebook.com\/JusticeInfo\/","article_published_time":"2008-01-24T22:00:00+00:00","og_image":[{"width":1200,"height":630,"url":"https:\/\/www.justiceinfo.net\/wp-content\/uploads\/JusticeInfoNet_logo_1200x630px.jpg","type":"image\/jpeg"}],"author":"solivri","twitter_card":"summary_large_image","twitter_creator":"@justiceinfonet","twitter_site":"@justiceinfonet","twitter_misc":{"\u00c9crit par":"solivri","Dur\u00e9e de lecture estim\u00e9e":"5 minutes"},"schema":{"@context":"https:\/\/schema.org","@graph":[{"@type":"NewsArticle","@id":"https:\/\/www.justiceinfo.net\/fr\/8841-25-01-08-tpirsynthese-hebdomadaire-plaidoiries-dans-le-proces-nshamihigo5642.html#article","isPartOf":{"@id":"https:\/\/www.justiceinfo.net\/fr\/8841-25-01-08-tpirsynthese-hebdomadaire-plaidoiries-dans-le-proces-nshamihigo5642.html"},"author":{"name":"solivri","@id":"https:\/\/www.justiceinfo.net\/fr#\/schema\/person\/6e53cba1629e2e66f3fc1821d3091865"},"headline":"25-01-08 - TPIR\/SYNTHESE HEBDOMADAIRE - PLAIDOIRIES DANS LE PROCES NSHAMIHIGO","datePublished":"2008-01-24T22:00:00+00:00","mainEntityOfPage":{"@id":"https:\/\/www.justiceinfo.net\/fr\/8841-25-01-08-tpirsynthese-hebdomadaire-plaidoiries-dans-le-proces-nshamihigo5642.html"},"wordCount":943,"commentCount":0,"publisher":{"@id":"https:\/\/www.justiceinfo.net\/fr#organization"},"articleSection":["Hirondelle News"],"inLanguage":"fr-FR","potentialAction":[{"@type":"CommentAction","name":"Comment","target":["https:\/\/www.justiceinfo.net\/fr\/8841-25-01-08-tpirsynthese-hebdomadaire-plaidoiries-dans-le-proces-nshamihigo5642.html#respond"]}]},{"@type":"WebPage","@id":"https:\/\/www.justiceinfo.net\/fr\/8841-25-01-08-tpirsynthese-hebdomadaire-plaidoiries-dans-le-proces-nshamihigo5642.html","url":"https:\/\/www.justiceinfo.net\/fr\/8841-25-01-08-tpirsynthese-hebdomadaire-plaidoiries-dans-le-proces-nshamihigo5642.html","name":"25-01-08 - TPIR\/SYNTHESE HEBDOMADAIRE - PLAIDOIRIES DANS LE PROCES NSHAMIHIGO - JusticeInfo.net","isPartOf":{"@id":"https:\/\/www.justiceinfo.net\/fr#website"},"datePublished":"2008-01-24T22:00:00+00:00","breadcrumb":{"@id":"https:\/\/www.justiceinfo.net\/fr\/8841-25-01-08-tpirsynthese-hebdomadaire-plaidoiries-dans-le-proces-nshamihigo5642.html#breadcrumb"},"inLanguage":"fr-FR","potentialAction":[{"@type":"ReadAction","target":["https:\/\/www.justiceinfo.net\/fr\/8841-25-01-08-tpirsynthese-hebdomadaire-plaidoiries-dans-le-proces-nshamihigo5642.html"]}]},{"@type":"BreadcrumbList","@id":"https:\/\/www.justiceinfo.net\/fr\/8841-25-01-08-tpirsynthese-hebdomadaire-plaidoiries-dans-le-proces-nshamihigo5642.html#breadcrumb","itemListElement":[{"@type":"ListItem","position":1,"name":"Home","item":"https:\/\/www.justiceinfo.net\/fr"},{"@type":"ListItem","position":2,"name":"25-01-08 - TPIR\/SYNTHESE HEBDOMADAIRE - PLAIDOIRIES DANS LE PROCES NSHAMIHIGO"}]},{"@type":"WebSite","@id":"https:\/\/www.justiceinfo.net\/fr#website","url":"https:\/\/www.justiceinfo.net\/fr","name":"JusticeInfo.net","description":"La justice doit \u00eatre vue pour \u00eatre rendue","publisher":{"@id":"https:\/\/www.justiceinfo.net\/fr#organization"},"potentialAction":[{"@type":"SearchAction","target":{"@type":"EntryPoint","urlTemplate":"https:\/\/www.justiceinfo.net\/fr?s={search_term_string}"},"query-input":{"@type":"PropertyValueSpecification","valueRequired":true,"valueName":"search_term_string"}}],"inLanguage":"fr-FR"},{"@type":"Organization","@id":"https:\/\/www.justiceinfo.net\/fr#organization","name":"Justice Info","url":"https:\/\/www.justiceinfo.net\/fr","logo":{"@type":"ImageObject","inLanguage":"fr-FR","@id":"https:\/\/www.justiceinfo.net\/fr#\/schema\/logo\/image\/","url":"https:\/\/www.justiceinfo.net\/wp-content\/uploads\/justiceinfo_logo-trans_1200x1200px.png","contentUrl":"https:\/\/www.justiceinfo.net\/wp-content\/uploads\/justiceinfo_logo-trans_1200x1200px.png","width":1199,"height":1200,"caption":"Justice Info"},"image":{"@id":"https:\/\/www.justiceinfo.net\/fr#\/schema\/logo\/image\/"},"sameAs":["https:\/\/www.facebook.com\/JusticeInfo\/","https:\/\/x.com\/justiceinfonet","https:\/\/www.linkedin.com\/company\/justice-info","https:\/\/www.youtube.com\/channel\/UCyCEsARodyuWtkWyhn-e7pA"]},{"@type":"Person","name":"solivri","url":"\/fr\/?s=solivri"}]}},"_links":{"self":[{"href":"https:\/\/www.justiceinfo.net\/fr\/wp-json\/wp\/v2\/posts\/8841","targetHints":{"allow":["GET"]}}],"collection":[{"href":"https:\/\/www.justiceinfo.net\/fr\/wp-json\/wp\/v2\/posts"}],"about":[{"href":"https:\/\/www.justiceinfo.net\/fr\/wp-json\/wp\/v2\/types\/post"}],"author":[{"embeddable":true,"href":"https:\/\/www.justiceinfo.net\/fr\/wp-json\/wp\/v2\/users\/64"}],"replies":[{"embeddable":true,"href":"https:\/\/www.justiceinfo.net\/fr\/wp-json\/wp\/v2\/comments?post=8841"}],"version-history":[{"count":0,"href":"https:\/\/www.justiceinfo.net\/fr\/wp-json\/wp\/v2\/posts\/8841\/revisions"}],"wp:attachment":[{"href":"https:\/\/www.justiceinfo.net\/fr\/wp-json\/wp\/v2\/media?parent=8841"}],"wp:term":[{"taxonomy":"category","embeddable":true,"href":"https:\/\/www.justiceinfo.net\/fr\/wp-json\/wp\/v2\/categories?post=8841"},{"taxonomy":"post_tag","embeddable":true,"href":"https:\/\/www.justiceinfo.net\/fr\/wp-json\/wp\/v2\/tags?post=8841"},{"taxonomy":"ji_location","embeddable":true,"href":"https:\/\/www.justiceinfo.net\/fr\/wp-json\/wp\/v2\/ji_location?post=8841"}],"curies":[{"name":"wp","href":"https:\/\/api.w.org\/{rel}","templated":true}]}}