{"id":8853,"date":"2008-01-28T23:00:00","date_gmt":"2008-01-28T22:00:00","guid":{"rendered":"https:\/\/www.justiceinfo.net\/8853-290108-rwandaonu-visite-du-secretaire-general-de-lonu-au-memorial-de-kigali5654.html"},"modified":"2008-01-28T23:00:00","modified_gmt":"2008-01-28T22:00:00","slug":"290108-rwandaonu-visite-du-secretaire-general-de-lonu-au-memorial-de-kigali5654","status":"publish","type":"post","link":"https:\/\/www.justiceinfo.net\/fr\/8853-290108-rwandaonu-visite-du-secretaire-general-de-lonu-au-memorial-de-kigali5654.html","title":{"rendered":"29.01.08 - RWANDA\/ONU - VISITE DU SECRETAIRE GENERAL DE L\u2019ONU AU MEMORIAL DE KIGALI"},"content":{"rendered":"<p>Kigali, 29 janvier 2008 (FH) - Le Secr&eacute;taire-g&eacute;n&eacute;ral de l&rsquo;Organisation des Nations Unies, M. Ban Ki-Moon apr&egrave;s s&rsquo;&ecirc;tre rendu mardi au m&eacute;morial des victimes du g&eacute;nocide de 1994 a dit que l&rsquo;ONU et la communaut&eacute; internationale seraient &laquo; hant&eacute;s &raquo; par ces massacres.<br \/>\n<!--more-->&laquo; Le g&eacute;nocide rwandais va hanter les Nations Unies et la communaut&eacute; internationale pendant des g&eacute;n&eacute;rations&raquo; a-t-il dit apr&egrave;s sa visite au m&eacute;morial de Kigali au d&eacute;but de sa visite de deux jours au Rwanda. Le monde a &eacute;t&eacute; marqu&eacute; par les massacres de 1994 et sa pr&eacute;sence au Rwanda est destin&eacute;e &agrave; honorer les victimes et marquer sa solidarit&eacute; avec les victimes, a-t-il expliqu&eacute;. &laquo; Cela ne doit jamais plus arriver &raquo; a-t-il dit soulignant que les Nations Unies avaient tir&eacute; des le&ccedil;ons de ce carnage. Les pays membres des Nations Unies doivent prot&eacute;ger une population quand elle est attaqu&eacute;e, a-t-il dit. &laquo; Notre t&acirc;che est d&rsquo;en prendre l&rsquo;engagement &raquo; a-t-il ajout&eacute;. &laquo; Ce m&eacute;morial, a-t-il dit, est un rappel de ce dont la nature humaine est capable &raquo; a-t-il dit touch&eacute; par sa visite d&rsquo;une heure dans ce lieu o&ugrave; sont expos&eacute;es les armes rudimentaires avec lesquelles environ 800.000 tutsis et hutus mod&eacute;r&eacute;s ont &eacute;t&eacute; tu&eacute;s. Il a aussi entendu des t&eacute;moignages enregistr&eacute;s de victimes expliquant comment elles avaient surv&eacute;cu &agrave; ces massacres perp&eacute;tr&eacute;s souvent par les milices Interahamwe. Le secr&eacute;taire g&eacute;n&eacute;ral a fait une contribution personnelle de 10.000 USD au fonds d&rsquo;aide aux victimes. Le procureur du Tribunal p&eacute;nal international pour le Rwanda, M. Hassan Abubacar Jallow, qui a mis en accusation les principaux artisans de ce g&eacute;nocide, &eacute;tait aux cot&eacute;s du secr&eacute;taire g&eacute;n&eacute;ral. Le Secr&eacute;taire g&eacute;n&eacute;ral des Nations Unies devait ensuite rencontrer au cours de l&rsquo;apr&egrave;s midi le pr&eacute;sident rwandais Paul Kagame. Il terminera sa visite demain mercredi. M. Ban Ki-Moon &eacute;tait d&eacute;j&agrave; venu au Rwanda il y a deux alors qu&rsquo;il &eacute;tait ministre des affaires &eacute;trang&egrave;res de Cor&eacute;e du sud. Le pr&eacute;c&eacute;dent secr&eacute;taire g&eacute;n&eacute;ral des Nations unies M. Kofi Annan s&rsquo;&eacute;tait rendu au Rwanda en 1998 et avait dans une d&eacute;claration effectu&eacute;e en 2004 lors du dixi&egrave;me anniversaire reconnu que les Nations Unies avaient failli lors du g&eacute;nocide. SC\/PB\/GF&copy; Agence Hirondelle<\/p>\n","protected":false},"excerpt":{"rendered":"<p>Kigali, 29 janvier 2008 (FH) - Le Secr&eacute;taire-g&eacute;n&eacute;ral de l&rsquo;Organisation des Nations Unies, M. Ban Ki-Moon apr&egrave;s s&rsquo;&ecirc;tre rendu mardi au m&eacute;morial des victimes du g&eacute;nocide de 1994 a dit que l&rsquo;ONU et la communaut&eacute; internationale seraient &laquo; hant&eacute;s &raquo; par ces massacres.<\/p>\n","protected":false},"author":64,"featured_media":0,"comment_status":"open","ping_status":"closed","sticky":false,"template":"","format":"standard","meta":{"_acf_changed":false,"footnotes":""},"categories":[554],"tags":[],"ji_location":[],"class_list":["post-8853","post","type-post","status-publish","format-standard","hentry","category-hirondellenews"],"acf":[],"yoast_head":"<!-- This site is optimized with the Yoast SEO Premium plugin v25.3.1 (Yoast SEO v25.3.1) - https:\/\/yoast.com\/wordpress\/plugins\/seo\/ -->\n<title>29.01.08 - RWANDA\/ONU - VISITE DU SECRETAIRE GENERAL DE L\u2019ONU AU MEMORIAL DE KIGALI - JusticeInfo.net<\/title>\n<meta name=\"robots\" content=\"index, follow, max-snippet:-1, max-image-preview:large, max-video-preview:-1\" \/>\n<link rel=\"canonical\" href=\"https:\/\/www.justiceinfo.net\/fr\/8853-290108-rwandaonu-visite-du-secretaire-general-de-lonu-au-memorial-de-kigali5654.html\" \/>\n<meta property=\"og:locale\" content=\"fr_FR\" \/>\n<meta property=\"og:type\" content=\"article\" \/>\n<meta property=\"og:title\" content=\"29.01.08 - RWANDA\/ONU - VISITE DU SECRETAIRE GENERAL DE L\u2019ONU AU MEMORIAL DE KIGALI\" \/>\n<meta property=\"og:description\" content=\"Kigali, 29 janvier 2008 (FH) - Le Secr&eacute;taire-g&eacute;n&eacute;ral de l&rsquo;Organisation des Nations Unies, M. Ban Ki-Moon apr&egrave;s s&rsquo;&ecirc;tre rendu mardi au m&eacute;morial des victimes du g&eacute;nocide de 1994 a dit que l&rsquo;ONU et la communaut&eacute; internationale seraient &laquo; hant&eacute;s &raquo; par ces massacres.\" \/>\n<meta property=\"og:url\" content=\"https:\/\/www.justiceinfo.net\/fr\/8853-290108-rwandaonu-visite-du-secretaire-general-de-lonu-au-memorial-de-kigali5654.html\" \/>\n<meta property=\"og:site_name\" content=\"JusticeInfo.net\" \/>\n<meta property=\"article:publisher\" content=\"https:\/\/www.facebook.com\/JusticeInfo\/\" \/>\n<meta property=\"article:published_time\" content=\"2008-01-28T22:00:00+00:00\" \/>\n<meta property=\"og:image\" content=\"https:\/\/www.justiceinfo.net\/wp-content\/uploads\/JusticeInfoNet_logo_1200x630px.jpg\" \/>\n\t<meta property=\"og:image:width\" content=\"1200\" \/>\n\t<meta property=\"og:image:height\" content=\"630\" \/>\n\t<meta property=\"og:image:type\" content=\"image\/jpeg\" \/>\n<meta name=\"author\" content=\"solivri\" \/>\n<meta name=\"twitter:card\" content=\"summary_large_image\" \/>\n<meta name=\"twitter:creator\" content=\"@justiceinfonet\" \/>\n<meta name=\"twitter:site\" content=\"@justiceinfonet\" \/>\n<meta name=\"twitter:label1\" content=\"\u00c9crit par\" \/>\n\t<meta name=\"twitter:data1\" content=\"solivri\" \/>\n\t<meta name=\"twitter:label2\" content=\"Dur\u00e9e de lecture estim\u00e9e\" \/>\n\t<meta name=\"twitter:data2\" content=\"3 minutes\" \/>\n<script type=\"application\/ld+json\" class=\"yoast-schema-graph\">{\"@context\":\"https:\/\/schema.org\",\"@graph\":[{\"@type\":\"NewsArticle\",\"@id\":\"https:\/\/www.justiceinfo.net\/fr\/8853-290108-rwandaonu-visite-du-secretaire-general-de-lonu-au-memorial-de-kigali5654.html#article\",\"isPartOf\":{\"@id\":\"https:\/\/www.justiceinfo.net\/fr\/8853-290108-rwandaonu-visite-du-secretaire-general-de-lonu-au-memorial-de-kigali5654.html\"},\"author\":{\"name\":\"solivri\",\"@id\":\"https:\/\/www.justiceinfo.net\/fr#\/schema\/person\/6e53cba1629e2e66f3fc1821d3091865\"},\"headline\":\"29.01.08 - RWANDA\/ONU - VISITE DU SECRETAIRE GENERAL DE L\u2019ONU AU MEMORIAL DE KIGALI\",\"datePublished\":\"2008-01-28T22:00:00+00:00\",\"mainEntityOfPage\":{\"@id\":\"https:\/\/www.justiceinfo.net\/fr\/8853-290108-rwandaonu-visite-du-secretaire-general-de-lonu-au-memorial-de-kigali5654.html\"},\"wordCount\":520,\"commentCount\":0,\"publisher\":{\"@id\":\"https:\/\/www.justiceinfo.net\/fr#organization\"},\"articleSection\":[\"Hirondelle News\"],\"inLanguage\":\"fr-FR\",\"potentialAction\":[{\"@type\":\"CommentAction\",\"name\":\"Comment\",\"target\":[\"https:\/\/www.justiceinfo.net\/fr\/8853-290108-rwandaonu-visite-du-secretaire-general-de-lonu-au-memorial-de-kigali5654.html#respond\"]}]},{\"@type\":\"WebPage\",\"@id\":\"https:\/\/www.justiceinfo.net\/fr\/8853-290108-rwandaonu-visite-du-secretaire-general-de-lonu-au-memorial-de-kigali5654.html\",\"url\":\"https:\/\/www.justiceinfo.net\/fr\/8853-290108-rwandaonu-visite-du-secretaire-general-de-lonu-au-memorial-de-kigali5654.html\",\"name\":\"29.01.08 - RWANDA\/ONU - VISITE DU SECRETAIRE GENERAL DE L\u2019ONU AU MEMORIAL DE KIGALI - JusticeInfo.net\",\"isPartOf\":{\"@id\":\"https:\/\/www.justiceinfo.net\/fr#website\"},\"datePublished\":\"2008-01-28T22:00:00+00:00\",\"breadcrumb\":{\"@id\":\"https:\/\/www.justiceinfo.net\/fr\/8853-290108-rwandaonu-visite-du-secretaire-general-de-lonu-au-memorial-de-kigali5654.html#breadcrumb\"},\"inLanguage\":\"fr-FR\",\"potentialAction\":[{\"@type\":\"ReadAction\",\"target\":[\"https:\/\/www.justiceinfo.net\/fr\/8853-290108-rwandaonu-visite-du-secretaire-general-de-lonu-au-memorial-de-kigali5654.html\"]}]},{\"@type\":\"BreadcrumbList\",\"@id\":\"https:\/\/www.justiceinfo.net\/fr\/8853-290108-rwandaonu-visite-du-secretaire-general-de-lonu-au-memorial-de-kigali5654.html#breadcrumb\",\"itemListElement\":[{\"@type\":\"ListItem\",\"position\":1,\"name\":\"Home\",\"item\":\"https:\/\/www.justiceinfo.net\/fr\"},{\"@type\":\"ListItem\",\"position\":2,\"name\":\"29.01.08 - RWANDA\/ONU - VISITE DU SECRETAIRE GENERAL DE L\u2019ONU AU MEMORIAL DE KIGALI\"}]},{\"@type\":\"WebSite\",\"@id\":\"https:\/\/www.justiceinfo.net\/fr#website\",\"url\":\"https:\/\/www.justiceinfo.net\/fr\",\"name\":\"JusticeInfo.net\",\"description\":\"La justice doit \u00eatre vue pour \u00eatre rendue\",\"publisher\":{\"@id\":\"https:\/\/www.justiceinfo.net\/fr#organization\"},\"potentialAction\":[{\"@type\":\"SearchAction\",\"target\":{\"@type\":\"EntryPoint\",\"urlTemplate\":\"https:\/\/www.justiceinfo.net\/fr?s={search_term_string}\"},\"query-input\":{\"@type\":\"PropertyValueSpecification\",\"valueRequired\":true,\"valueName\":\"search_term_string\"}}],\"inLanguage\":\"fr-FR\"},{\"@type\":\"Organization\",\"@id\":\"https:\/\/www.justiceinfo.net\/fr#organization\",\"name\":\"Justice Info\",\"url\":\"https:\/\/www.justiceinfo.net\/fr\",\"logo\":{\"@type\":\"ImageObject\",\"inLanguage\":\"fr-FR\",\"@id\":\"https:\/\/www.justiceinfo.net\/fr#\/schema\/logo\/image\/\",\"url\":\"https:\/\/www.justiceinfo.net\/wp-content\/uploads\/justiceinfo_logo-trans_1200x1200px.png\",\"contentUrl\":\"https:\/\/www.justiceinfo.net\/wp-content\/uploads\/justiceinfo_logo-trans_1200x1200px.png\",\"width\":1199,\"height\":1200,\"caption\":\"Justice Info\"},\"image\":{\"@id\":\"https:\/\/www.justiceinfo.net\/fr#\/schema\/logo\/image\/\"},\"sameAs\":[\"https:\/\/www.facebook.com\/JusticeInfo\/\",\"https:\/\/x.com\/justiceinfonet\",\"https:\/\/www.linkedin.com\/company\/justice-info\",\"https:\/\/www.youtube.com\/channel\/UCyCEsARodyuWtkWyhn-e7pA\"]},{\"@type\":\"Person\",\"name\":\"solivri\",\"url\":\"\/fr\/?s=solivri\"}]}<\/script>\n<!-- \/ Yoast SEO Premium plugin. -->","yoast_head_json":{"title":"29.01.08 - RWANDA\/ONU - VISITE DU SECRETAIRE GENERAL DE L\u2019ONU AU MEMORIAL DE KIGALI - JusticeInfo.net","robots":{"index":"index","follow":"follow","max-snippet":"max-snippet:-1","max-image-preview":"max-image-preview:large","max-video-preview":"max-video-preview:-1"},"canonical":"https:\/\/www.justiceinfo.net\/fr\/8853-290108-rwandaonu-visite-du-secretaire-general-de-lonu-au-memorial-de-kigali5654.html","og_locale":"fr_FR","og_type":"article","og_title":"29.01.08 - RWANDA\/ONU - VISITE DU SECRETAIRE GENERAL DE L\u2019ONU AU MEMORIAL DE KIGALI","og_description":"Kigali, 29 janvier 2008 (FH) - Le Secr&eacute;taire-g&eacute;n&eacute;ral de l&rsquo;Organisation des Nations Unies, M. Ban Ki-Moon apr&egrave;s s&rsquo;&ecirc;tre rendu mardi au m&eacute;morial des victimes du g&eacute;nocide de 1994 a dit que l&rsquo;ONU et la communaut&eacute; internationale seraient &laquo; hant&eacute;s &raquo; par ces massacres.","og_url":"https:\/\/www.justiceinfo.net\/fr\/8853-290108-rwandaonu-visite-du-secretaire-general-de-lonu-au-memorial-de-kigali5654.html","og_site_name":"JusticeInfo.net","article_publisher":"https:\/\/www.facebook.com\/JusticeInfo\/","article_published_time":"2008-01-28T22:00:00+00:00","og_image":[{"width":1200,"height":630,"url":"https:\/\/www.justiceinfo.net\/wp-content\/uploads\/JusticeInfoNet_logo_1200x630px.jpg","type":"image\/jpeg"}],"author":"solivri","twitter_card":"summary_large_image","twitter_creator":"@justiceinfonet","twitter_site":"@justiceinfonet","twitter_misc":{"\u00c9crit par":"solivri","Dur\u00e9e de lecture estim\u00e9e":"3 minutes"},"schema":{"@context":"https:\/\/schema.org","@graph":[{"@type":"NewsArticle","@id":"https:\/\/www.justiceinfo.net\/fr\/8853-290108-rwandaonu-visite-du-secretaire-general-de-lonu-au-memorial-de-kigali5654.html#article","isPartOf":{"@id":"https:\/\/www.justiceinfo.net\/fr\/8853-290108-rwandaonu-visite-du-secretaire-general-de-lonu-au-memorial-de-kigali5654.html"},"author":{"name":"solivri","@id":"https:\/\/www.justiceinfo.net\/fr#\/schema\/person\/6e53cba1629e2e66f3fc1821d3091865"},"headline":"29.01.08 - RWANDA\/ONU - VISITE DU SECRETAIRE GENERAL DE L\u2019ONU AU MEMORIAL DE KIGALI","datePublished":"2008-01-28T22:00:00+00:00","mainEntityOfPage":{"@id":"https:\/\/www.justiceinfo.net\/fr\/8853-290108-rwandaonu-visite-du-secretaire-general-de-lonu-au-memorial-de-kigali5654.html"},"wordCount":520,"commentCount":0,"publisher":{"@id":"https:\/\/www.justiceinfo.net\/fr#organization"},"articleSection":["Hirondelle News"],"inLanguage":"fr-FR","potentialAction":[{"@type":"CommentAction","name":"Comment","target":["https:\/\/www.justiceinfo.net\/fr\/8853-290108-rwandaonu-visite-du-secretaire-general-de-lonu-au-memorial-de-kigali5654.html#respond"]}]},{"@type":"WebPage","@id":"https:\/\/www.justiceinfo.net\/fr\/8853-290108-rwandaonu-visite-du-secretaire-general-de-lonu-au-memorial-de-kigali5654.html","url":"https:\/\/www.justiceinfo.net\/fr\/8853-290108-rwandaonu-visite-du-secretaire-general-de-lonu-au-memorial-de-kigali5654.html","name":"29.01.08 - RWANDA\/ONU - VISITE DU SECRETAIRE GENERAL DE L\u2019ONU AU MEMORIAL DE KIGALI - JusticeInfo.net","isPartOf":{"@id":"https:\/\/www.justiceinfo.net\/fr#website"},"datePublished":"2008-01-28T22:00:00+00:00","breadcrumb":{"@id":"https:\/\/www.justiceinfo.net\/fr\/8853-290108-rwandaonu-visite-du-secretaire-general-de-lonu-au-memorial-de-kigali5654.html#breadcrumb"},"inLanguage":"fr-FR","potentialAction":[{"@type":"ReadAction","target":["https:\/\/www.justiceinfo.net\/fr\/8853-290108-rwandaonu-visite-du-secretaire-general-de-lonu-au-memorial-de-kigali5654.html"]}]},{"@type":"BreadcrumbList","@id":"https:\/\/www.justiceinfo.net\/fr\/8853-290108-rwandaonu-visite-du-secretaire-general-de-lonu-au-memorial-de-kigali5654.html#breadcrumb","itemListElement":[{"@type":"ListItem","position":1,"name":"Home","item":"https:\/\/www.justiceinfo.net\/fr"},{"@type":"ListItem","position":2,"name":"29.01.08 - RWANDA\/ONU - VISITE DU SECRETAIRE GENERAL DE L\u2019ONU AU MEMORIAL DE KIGALI"}]},{"@type":"WebSite","@id":"https:\/\/www.justiceinfo.net\/fr#website","url":"https:\/\/www.justiceinfo.net\/fr","name":"JusticeInfo.net","description":"La justice doit \u00eatre vue pour \u00eatre rendue","publisher":{"@id":"https:\/\/www.justiceinfo.net\/fr#organization"},"potentialAction":[{"@type":"SearchAction","target":{"@type":"EntryPoint","urlTemplate":"https:\/\/www.justiceinfo.net\/fr?s={search_term_string}"},"query-input":{"@type":"PropertyValueSpecification","valueRequired":true,"valueName":"search_term_string"}}],"inLanguage":"fr-FR"},{"@type":"Organization","@id":"https:\/\/www.justiceinfo.net\/fr#organization","name":"Justice Info","url":"https:\/\/www.justiceinfo.net\/fr","logo":{"@type":"ImageObject","inLanguage":"fr-FR","@id":"https:\/\/www.justiceinfo.net\/fr#\/schema\/logo\/image\/","url":"https:\/\/www.justiceinfo.net\/wp-content\/uploads\/justiceinfo_logo-trans_1200x1200px.png","contentUrl":"https:\/\/www.justiceinfo.net\/wp-content\/uploads\/justiceinfo_logo-trans_1200x1200px.png","width":1199,"height":1200,"caption":"Justice Info"},"image":{"@id":"https:\/\/www.justiceinfo.net\/fr#\/schema\/logo\/image\/"},"sameAs":["https:\/\/www.facebook.com\/JusticeInfo\/","https:\/\/x.com\/justiceinfonet","https:\/\/www.linkedin.com\/company\/justice-info","https:\/\/www.youtube.com\/channel\/UCyCEsARodyuWtkWyhn-e7pA"]},{"@type":"Person","name":"solivri","url":"\/fr\/?s=solivri"}]}},"_links":{"self":[{"href":"https:\/\/www.justiceinfo.net\/fr\/wp-json\/wp\/v2\/posts\/8853","targetHints":{"allow":["GET"]}}],"collection":[{"href":"https:\/\/www.justiceinfo.net\/fr\/wp-json\/wp\/v2\/posts"}],"about":[{"href":"https:\/\/www.justiceinfo.net\/fr\/wp-json\/wp\/v2\/types\/post"}],"author":[{"embeddable":true,"href":"https:\/\/www.justiceinfo.net\/fr\/wp-json\/wp\/v2\/users\/64"}],"replies":[{"embeddable":true,"href":"https:\/\/www.justiceinfo.net\/fr\/wp-json\/wp\/v2\/comments?post=8853"}],"version-history":[{"count":0,"href":"https:\/\/www.justiceinfo.net\/fr\/wp-json\/wp\/v2\/posts\/8853\/revisions"}],"wp:attachment":[{"href":"https:\/\/www.justiceinfo.net\/fr\/wp-json\/wp\/v2\/media?parent=8853"}],"wp:term":[{"taxonomy":"category","embeddable":true,"href":"https:\/\/www.justiceinfo.net\/fr\/wp-json\/wp\/v2\/categories?post=8853"},{"taxonomy":"post_tag","embeddable":true,"href":"https:\/\/www.justiceinfo.net\/fr\/wp-json\/wp\/v2\/tags?post=8853"},{"taxonomy":"ji_location","embeddable":true,"href":"https:\/\/www.justiceinfo.net\/fr\/wp-json\/wp\/v2\/ji_location?post=8853"}],"curies":[{"name":"wp","href":"https:\/\/api.w.org\/{rel}","templated":true}]}}