{"id":8858,"date":"2008-01-29T23:00:00","date_gmt":"2008-01-29T22:00:00","guid":{"rendered":"https:\/\/www.justiceinfo.net\/8858-300108-cpirdc-des-victimes-de-la-guerre-au-congo-pourraient-etre-indemnisees-par-la-cpi5659.html"},"modified":"2008-01-29T23:00:00","modified_gmt":"2008-01-29T22:00:00","slug":"300108-cpirdc-des-victimes-de-la-guerre-au-congo-pourraient-etre-indemnisees-par-la-cpi5659","status":"publish","type":"post","link":"https:\/\/www.justiceinfo.net\/fr\/8858-300108-cpirdc-des-victimes-de-la-guerre-au-congo-pourraient-etre-indemnisees-par-la-cpi5659.html","title":{"rendered":"30.01.08 -CPI\/RDC - DES VICTIMES DE LA GUERRE AU CONGO POURRAIENT ETRE INDEMNISEES PAR LA CPI"},"content":{"rendered":"<p>La Haye, 30 janvier 2008 (FH) - Le Fonds au profit des victimes, organisme d&eacute;pendant de la Cour p&eacute;nale internationale (CPI) a notifi&eacute; &agrave; la chambre pr&eacute;liminaire charg&eacute;e de l&rsquo;affaire R&eacute;publique d&eacute;mocratique du Congo (RDC) son intention &laquo; d&rsquo;entreprendre des activit&eacute;s en r&eacute;publique d&eacute;mocratique du Congo &raquo;.<br \/>\n<!--more-->Ce projet est une premi&egrave;re, devant cette juridiction, qui pourrait bient&ocirc;t mettre en lumi&egrave;re de fa&ccedil;on concr&egrave;te la place primordiale des victimes, attribu&eacute;e par le Statut de Rome et que ni le tribunal militaire de Nuremberg, ni les tribunaux internationaux ad hoc, n&rsquo;avaient pr&eacute;vus. Devant la CPI, les victimes peuvent se porter parties civiles et demander r&eacute;parations. Par ailleurs, le Fonds au profit des victimes peut, de son propre chef et selon des r&egrave;gles pr&eacute;cises, d&eacute;cider de soutenir des victimes en lien avec une situation donn&eacute;e - ici, la guerre en R&eacute;publique d&eacute;mocratique du Congo - sans qu&rsquo;elles ne soient parties &agrave; une affaire en cours. &laquo; La jurisprudence internationale a montr&eacute; que le simple fait d&rsquo;engager des poursuites ne suffit pas &agrave; r&eacute;pondre aux besoins des victimes dans une soci&eacute;t&eacute; d&rsquo;apr&egrave;s-guerre, et que les d&eacute;sirs des victimes vont bien au-del&agrave; des notions de justice r&eacute;tributive &raquo; &eacute;crit le directeur ex&eacute;cutif du Fonds, Andr&eacute; Laperri&egrave;re, dans le document transmis aux juges le 24 janvier. La chambre dispose de 45 jours pour v&eacute;rifier si la d&eacute;cision du Fonds ne porte pas atteinte &agrave; l&rsquo;&eacute;quit&eacute; du proc&egrave;s, les droits de la d&eacute;fense, la pr&eacute;somption d&rsquo;innocence ou encore la recevabilit&eacute; d&rsquo;une affaire. Depuis un an, le Fonds &eacute;value les besoins au Congo Kinshasa et en Ouganda, o&ugrave; le procureur a ouvert ses premi&egrave;res enqu&ecirc;tes. En juin, une premi&egrave;re visite &eacute;tait effectu&eacute;e au Congo, suivie de nombreuses consultations. Fin novembre, le bureau du Fonds pour les victimes - compos&eacute; de l&rsquo;ancienne ministre fran&ccedil;aise Simone Veil, du sud africain Monseigneur Desmond Tutu, du polonais Tadeusz Mazowiecki et de Bulgaa Altangerel, de Mongolie - &eacute;tablissait une liste &laquo; d&rsquo;activit&eacute;s &raquo;. Pour l&rsquo;heure, le directeur ex&eacute;cutif reste flou sur les actions envisag&eacute;es et demande &agrave; la chambre de respecter des mesures de confidentialit&eacute;. Les membres du Fonds craignent que &laquo; les victimes qui b&eacute;n&eacute;ficieront de certaines activit&eacute;s (&hellip;) soient menac&eacute;es car consid&eacute;r&eacute;es comme ayant des contacts avec la Cour. Cette situation de pr&eacute;carit&eacute; est accrue depuis que des mandats d&#39;arr&ecirc;t ont &eacute;t&eacute; &eacute;mis et deviendra probablement plus dangereuse &raquo; avec l&rsquo;ouverture des proc&egrave;s de Germain Katanga et Thomas Lubanga, les deux chefs de milices congolais poursuivis par le procureur et actuellement d&eacute;tenus par la Cour. Il ressort cependant du document que les activit&eacute;s financ&eacute;es par le Fond s&rsquo;appuieront sur des interm&eacute;diaires, choisis en fonction de &laquo; leur sp&eacute;cialisation, de leur exp&eacute;rience, leur pr&eacute;sence locale et leur connaissance des conditions locales, et de leur expertise technique &raquo; et que ces activit&eacute;s &laquo; devraient b&eacute;n&eacute;ficier &agrave; des groupes de victimes, et non &agrave; des victimes individuellement identifi&eacute;es &raquo;. Plus loin, le document stipule qu&rsquo;&laquo; au-del&agrave; de l&rsquo;assistance physique, psychologique et mat&eacute;rielle, les r&eacute;ponses du Fonds portent sur la protection de l&rsquo;&ecirc;tre humain, dans toute sa pl&eacute;nitude. &raquo; Le document pr&eacute;cise par ailleurs que &laquo; les activit&eacute;s doivent &ecirc;tre conduites dans le respect du principe de non-discrimination afin d&#39;&eacute;viter de nouvelles tensions entre la population, les tribus, les religions, qui seraient contraires &agrave; l&#39;objectif de la justice internationale &raquo;. Des victimes de tous les bords seraient ainsi concern&eacute;es. Le Fonds au profit des victimes &laquo; est l&rsquo;une des deux cr&eacute;ations du Statut de Rome &raquo; estime Andr&eacute; Laperri&egrave;re. &laquo; Nous sommes compl&eacute;mentaires, mais 90% de notre action se fait de fa&ccedil;on distincte &raquo;. Le Fonds est aliment&eacute; par des donations d&rsquo;&eacute;tats, d&rsquo;organisations internationales, de soci&eacute;t&eacute;s ou d&rsquo;individus. Au 31 d&eacute;cembre 2006, il disposait d&rsquo;un budget de pr&egrave;s de 2 500 000 euros. Il peut agir de son propre chef, comme c&rsquo;est le cas aujourd&rsquo;hui, ou suite &agrave; une ordonnance de la chambre, apr&egrave;s condamnation d&rsquo;un accus&eacute;. SM\/PB\/GF&copy; Agence Hirondelle<\/p>\n","protected":false},"excerpt":{"rendered":"<p>La Haye, 30 janvier 2008 (FH) - Le Fonds au profit des victimes, organisme d&eacute;pendant de la Cour p&eacute;nale internationale (CPI) a notifi&eacute; &agrave; la chambre pr&eacute;liminaire charg&eacute;e de l&rsquo;affaire R&eacute;publique d&eacute;mocratique du Congo (RDC) son intention &laquo; d&rsquo;entreprendre des activit&eacute;s en r&eacute;publique d&eacute;mocratique du Congo &raquo;.<\/p>\n","protected":false},"author":64,"featured_media":0,"comment_status":"open","ping_status":"closed","sticky":false,"template":"","format":"standard","meta":{"_acf_changed":false,"footnotes":""},"categories":[554],"tags":[],"ji_location":[],"class_list":["post-8858","post","type-post","status-publish","format-standard","hentry","category-hirondellenews"],"acf":[],"yoast_head":"<!-- This site is optimized with the Yoast SEO Premium plugin v25.3.1 (Yoast SEO v25.3.1) - https:\/\/yoast.com\/wordpress\/plugins\/seo\/ -->\n<title>30.01.08 -CPI\/RDC - DES VICTIMES DE LA GUERRE AU CONGO POURRAIENT ETRE INDEMNISEES PAR LA CPI - JusticeInfo.net<\/title>\n<meta name=\"robots\" content=\"index, follow, max-snippet:-1, max-image-preview:large, max-video-preview:-1\" \/>\n<link rel=\"canonical\" href=\"https:\/\/www.justiceinfo.net\/fr\/8858-300108-cpirdc-des-victimes-de-la-guerre-au-congo-pourraient-etre-indemnisees-par-la-cpi5659.html\" \/>\n<meta property=\"og:locale\" content=\"fr_FR\" \/>\n<meta property=\"og:type\" content=\"article\" \/>\n<meta property=\"og:title\" content=\"30.01.08 -CPI\/RDC - DES VICTIMES DE LA GUERRE AU CONGO POURRAIENT ETRE INDEMNISEES PAR LA CPI\" \/>\n<meta property=\"og:description\" content=\"La Haye, 30 janvier 2008 (FH) - Le Fonds au profit des victimes, organisme d&eacute;pendant de la Cour p&eacute;nale internationale (CPI) a notifi&eacute; &agrave; la chambre pr&eacute;liminaire charg&eacute;e de l&rsquo;affaire R&eacute;publique d&eacute;mocratique du Congo (RDC) son intention &laquo; d&rsquo;entreprendre des activit&eacute;s en r&eacute;publique d&eacute;mocratique du Congo &raquo;.\" \/>\n<meta property=\"og:url\" content=\"https:\/\/www.justiceinfo.net\/fr\/8858-300108-cpirdc-des-victimes-de-la-guerre-au-congo-pourraient-etre-indemnisees-par-la-cpi5659.html\" \/>\n<meta property=\"og:site_name\" content=\"JusticeInfo.net\" \/>\n<meta property=\"article:publisher\" content=\"https:\/\/www.facebook.com\/JusticeInfo\/\" \/>\n<meta property=\"article:published_time\" content=\"2008-01-29T22:00:00+00:00\" \/>\n<meta property=\"og:image\" content=\"https:\/\/www.justiceinfo.net\/wp-content\/uploads\/JusticeInfoNet_logo_1200x630px.jpg\" \/>\n\t<meta property=\"og:image:width\" content=\"1200\" \/>\n\t<meta property=\"og:image:height\" content=\"630\" \/>\n\t<meta property=\"og:image:type\" content=\"image\/jpeg\" \/>\n<meta name=\"author\" content=\"solivri\" \/>\n<meta name=\"twitter:card\" content=\"summary_large_image\" \/>\n<meta name=\"twitter:creator\" content=\"@justiceinfonet\" \/>\n<meta name=\"twitter:site\" content=\"@justiceinfonet\" \/>\n<meta name=\"twitter:label1\" content=\"\u00c9crit par\" \/>\n\t<meta name=\"twitter:data1\" content=\"solivri\" \/>\n\t<meta name=\"twitter:label2\" content=\"Dur\u00e9e de lecture estim\u00e9e\" \/>\n\t<meta name=\"twitter:data2\" content=\"4 minutes\" \/>\n<script type=\"application\/ld+json\" class=\"yoast-schema-graph\">{\"@context\":\"https:\/\/schema.org\",\"@graph\":[{\"@type\":\"NewsArticle\",\"@id\":\"https:\/\/www.justiceinfo.net\/fr\/8858-300108-cpirdc-des-victimes-de-la-guerre-au-congo-pourraient-etre-indemnisees-par-la-cpi5659.html#article\",\"isPartOf\":{\"@id\":\"https:\/\/www.justiceinfo.net\/fr\/8858-300108-cpirdc-des-victimes-de-la-guerre-au-congo-pourraient-etre-indemnisees-par-la-cpi5659.html\"},\"author\":{\"name\":\"solivri\",\"@id\":\"https:\/\/www.justiceinfo.net\/fr#\/schema\/person\/6e53cba1629e2e66f3fc1821d3091865\"},\"headline\":\"30.01.08 -CPI\/RDC - DES VICTIMES DE LA GUERRE AU CONGO POURRAIENT ETRE INDEMNISEES PAR LA CPI\",\"datePublished\":\"2008-01-29T22:00:00+00:00\",\"mainEntityOfPage\":{\"@id\":\"https:\/\/www.justiceinfo.net\/fr\/8858-300108-cpirdc-des-victimes-de-la-guerre-au-congo-pourraient-etre-indemnisees-par-la-cpi5659.html\"},\"wordCount\":891,\"commentCount\":0,\"publisher\":{\"@id\":\"https:\/\/www.justiceinfo.net\/fr#organization\"},\"articleSection\":[\"Hirondelle News\"],\"inLanguage\":\"fr-FR\",\"potentialAction\":[{\"@type\":\"CommentAction\",\"name\":\"Comment\",\"target\":[\"https:\/\/www.justiceinfo.net\/fr\/8858-300108-cpirdc-des-victimes-de-la-guerre-au-congo-pourraient-etre-indemnisees-par-la-cpi5659.html#respond\"]}]},{\"@type\":\"WebPage\",\"@id\":\"https:\/\/www.justiceinfo.net\/fr\/8858-300108-cpirdc-des-victimes-de-la-guerre-au-congo-pourraient-etre-indemnisees-par-la-cpi5659.html\",\"url\":\"https:\/\/www.justiceinfo.net\/fr\/8858-300108-cpirdc-des-victimes-de-la-guerre-au-congo-pourraient-etre-indemnisees-par-la-cpi5659.html\",\"name\":\"30.01.08 -CPI\/RDC - DES VICTIMES DE LA GUERRE AU CONGO POURRAIENT ETRE INDEMNISEES PAR LA CPI - JusticeInfo.net\",\"isPartOf\":{\"@id\":\"https:\/\/www.justiceinfo.net\/fr#website\"},\"datePublished\":\"2008-01-29T22:00:00+00:00\",\"breadcrumb\":{\"@id\":\"https:\/\/www.justiceinfo.net\/fr\/8858-300108-cpirdc-des-victimes-de-la-guerre-au-congo-pourraient-etre-indemnisees-par-la-cpi5659.html#breadcrumb\"},\"inLanguage\":\"fr-FR\",\"potentialAction\":[{\"@type\":\"ReadAction\",\"target\":[\"https:\/\/www.justiceinfo.net\/fr\/8858-300108-cpirdc-des-victimes-de-la-guerre-au-congo-pourraient-etre-indemnisees-par-la-cpi5659.html\"]}]},{\"@type\":\"BreadcrumbList\",\"@id\":\"https:\/\/www.justiceinfo.net\/fr\/8858-300108-cpirdc-des-victimes-de-la-guerre-au-congo-pourraient-etre-indemnisees-par-la-cpi5659.html#breadcrumb\",\"itemListElement\":[{\"@type\":\"ListItem\",\"position\":1,\"name\":\"Home\",\"item\":\"https:\/\/www.justiceinfo.net\/fr\"},{\"@type\":\"ListItem\",\"position\":2,\"name\":\"30.01.08 -CPI\/RDC - DES VICTIMES DE LA GUERRE AU CONGO POURRAIENT ETRE INDEMNISEES PAR LA CPI\"}]},{\"@type\":\"WebSite\",\"@id\":\"https:\/\/www.justiceinfo.net\/fr#website\",\"url\":\"https:\/\/www.justiceinfo.net\/fr\",\"name\":\"JusticeInfo.net\",\"description\":\"La justice doit \u00eatre vue pour \u00eatre rendue\",\"publisher\":{\"@id\":\"https:\/\/www.justiceinfo.net\/fr#organization\"},\"potentialAction\":[{\"@type\":\"SearchAction\",\"target\":{\"@type\":\"EntryPoint\",\"urlTemplate\":\"https:\/\/www.justiceinfo.net\/fr?s={search_term_string}\"},\"query-input\":{\"@type\":\"PropertyValueSpecification\",\"valueRequired\":true,\"valueName\":\"search_term_string\"}}],\"inLanguage\":\"fr-FR\"},{\"@type\":\"Organization\",\"@id\":\"https:\/\/www.justiceinfo.net\/fr#organization\",\"name\":\"Justice Info\",\"url\":\"https:\/\/www.justiceinfo.net\/fr\",\"logo\":{\"@type\":\"ImageObject\",\"inLanguage\":\"fr-FR\",\"@id\":\"https:\/\/www.justiceinfo.net\/fr#\/schema\/logo\/image\/\",\"url\":\"https:\/\/www.justiceinfo.net\/wp-content\/uploads\/justiceinfo_logo-trans_1200x1200px.png\",\"contentUrl\":\"https:\/\/www.justiceinfo.net\/wp-content\/uploads\/justiceinfo_logo-trans_1200x1200px.png\",\"width\":1199,\"height\":1200,\"caption\":\"Justice Info\"},\"image\":{\"@id\":\"https:\/\/www.justiceinfo.net\/fr#\/schema\/logo\/image\/\"},\"sameAs\":[\"https:\/\/www.facebook.com\/JusticeInfo\/\",\"https:\/\/x.com\/justiceinfonet\",\"https:\/\/www.linkedin.com\/company\/justice-info\",\"https:\/\/www.youtube.com\/channel\/UCyCEsARodyuWtkWyhn-e7pA\"]},{\"@type\":\"Person\",\"name\":\"solivri\",\"url\":\"\/fr\/?s=solivri\"}]}<\/script>\n<!-- \/ Yoast SEO Premium plugin. -->","yoast_head_json":{"title":"30.01.08 -CPI\/RDC - DES VICTIMES DE LA GUERRE AU CONGO POURRAIENT ETRE INDEMNISEES PAR LA CPI - JusticeInfo.net","robots":{"index":"index","follow":"follow","max-snippet":"max-snippet:-1","max-image-preview":"max-image-preview:large","max-video-preview":"max-video-preview:-1"},"canonical":"https:\/\/www.justiceinfo.net\/fr\/8858-300108-cpirdc-des-victimes-de-la-guerre-au-congo-pourraient-etre-indemnisees-par-la-cpi5659.html","og_locale":"fr_FR","og_type":"article","og_title":"30.01.08 -CPI\/RDC - DES VICTIMES DE LA GUERRE AU CONGO POURRAIENT ETRE INDEMNISEES PAR LA CPI","og_description":"La Haye, 30 janvier 2008 (FH) - Le Fonds au profit des victimes, organisme d&eacute;pendant de la Cour p&eacute;nale internationale (CPI) a notifi&eacute; &agrave; la chambre pr&eacute;liminaire charg&eacute;e de l&rsquo;affaire R&eacute;publique d&eacute;mocratique du Congo (RDC) son intention &laquo; d&rsquo;entreprendre des activit&eacute;s en r&eacute;publique d&eacute;mocratique du Congo &raquo;.","og_url":"https:\/\/www.justiceinfo.net\/fr\/8858-300108-cpirdc-des-victimes-de-la-guerre-au-congo-pourraient-etre-indemnisees-par-la-cpi5659.html","og_site_name":"JusticeInfo.net","article_publisher":"https:\/\/www.facebook.com\/JusticeInfo\/","article_published_time":"2008-01-29T22:00:00+00:00","og_image":[{"width":1200,"height":630,"url":"https:\/\/www.justiceinfo.net\/wp-content\/uploads\/JusticeInfoNet_logo_1200x630px.jpg","type":"image\/jpeg"}],"author":"solivri","twitter_card":"summary_large_image","twitter_creator":"@justiceinfonet","twitter_site":"@justiceinfonet","twitter_misc":{"\u00c9crit par":"solivri","Dur\u00e9e de lecture estim\u00e9e":"4 minutes"},"schema":{"@context":"https:\/\/schema.org","@graph":[{"@type":"NewsArticle","@id":"https:\/\/www.justiceinfo.net\/fr\/8858-300108-cpirdc-des-victimes-de-la-guerre-au-congo-pourraient-etre-indemnisees-par-la-cpi5659.html#article","isPartOf":{"@id":"https:\/\/www.justiceinfo.net\/fr\/8858-300108-cpirdc-des-victimes-de-la-guerre-au-congo-pourraient-etre-indemnisees-par-la-cpi5659.html"},"author":{"name":"solivri","@id":"https:\/\/www.justiceinfo.net\/fr#\/schema\/person\/6e53cba1629e2e66f3fc1821d3091865"},"headline":"30.01.08 -CPI\/RDC - DES VICTIMES DE LA GUERRE AU CONGO POURRAIENT ETRE INDEMNISEES PAR LA CPI","datePublished":"2008-01-29T22:00:00+00:00","mainEntityOfPage":{"@id":"https:\/\/www.justiceinfo.net\/fr\/8858-300108-cpirdc-des-victimes-de-la-guerre-au-congo-pourraient-etre-indemnisees-par-la-cpi5659.html"},"wordCount":891,"commentCount":0,"publisher":{"@id":"https:\/\/www.justiceinfo.net\/fr#organization"},"articleSection":["Hirondelle News"],"inLanguage":"fr-FR","potentialAction":[{"@type":"CommentAction","name":"Comment","target":["https:\/\/www.justiceinfo.net\/fr\/8858-300108-cpirdc-des-victimes-de-la-guerre-au-congo-pourraient-etre-indemnisees-par-la-cpi5659.html#respond"]}]},{"@type":"WebPage","@id":"https:\/\/www.justiceinfo.net\/fr\/8858-300108-cpirdc-des-victimes-de-la-guerre-au-congo-pourraient-etre-indemnisees-par-la-cpi5659.html","url":"https:\/\/www.justiceinfo.net\/fr\/8858-300108-cpirdc-des-victimes-de-la-guerre-au-congo-pourraient-etre-indemnisees-par-la-cpi5659.html","name":"30.01.08 -CPI\/RDC - DES VICTIMES DE LA GUERRE AU CONGO POURRAIENT ETRE INDEMNISEES PAR LA CPI - JusticeInfo.net","isPartOf":{"@id":"https:\/\/www.justiceinfo.net\/fr#website"},"datePublished":"2008-01-29T22:00:00+00:00","breadcrumb":{"@id":"https:\/\/www.justiceinfo.net\/fr\/8858-300108-cpirdc-des-victimes-de-la-guerre-au-congo-pourraient-etre-indemnisees-par-la-cpi5659.html#breadcrumb"},"inLanguage":"fr-FR","potentialAction":[{"@type":"ReadAction","target":["https:\/\/www.justiceinfo.net\/fr\/8858-300108-cpirdc-des-victimes-de-la-guerre-au-congo-pourraient-etre-indemnisees-par-la-cpi5659.html"]}]},{"@type":"BreadcrumbList","@id":"https:\/\/www.justiceinfo.net\/fr\/8858-300108-cpirdc-des-victimes-de-la-guerre-au-congo-pourraient-etre-indemnisees-par-la-cpi5659.html#breadcrumb","itemListElement":[{"@type":"ListItem","position":1,"name":"Home","item":"https:\/\/www.justiceinfo.net\/fr"},{"@type":"ListItem","position":2,"name":"30.01.08 -CPI\/RDC - DES VICTIMES DE LA GUERRE AU CONGO POURRAIENT ETRE INDEMNISEES PAR LA CPI"}]},{"@type":"WebSite","@id":"https:\/\/www.justiceinfo.net\/fr#website","url":"https:\/\/www.justiceinfo.net\/fr","name":"JusticeInfo.net","description":"La justice doit \u00eatre vue pour \u00eatre rendue","publisher":{"@id":"https:\/\/www.justiceinfo.net\/fr#organization"},"potentialAction":[{"@type":"SearchAction","target":{"@type":"EntryPoint","urlTemplate":"https:\/\/www.justiceinfo.net\/fr?s={search_term_string}"},"query-input":{"@type":"PropertyValueSpecification","valueRequired":true,"valueName":"search_term_string"}}],"inLanguage":"fr-FR"},{"@type":"Organization","@id":"https:\/\/www.justiceinfo.net\/fr#organization","name":"Justice Info","url":"https:\/\/www.justiceinfo.net\/fr","logo":{"@type":"ImageObject","inLanguage":"fr-FR","@id":"https:\/\/www.justiceinfo.net\/fr#\/schema\/logo\/image\/","url":"https:\/\/www.justiceinfo.net\/wp-content\/uploads\/justiceinfo_logo-trans_1200x1200px.png","contentUrl":"https:\/\/www.justiceinfo.net\/wp-content\/uploads\/justiceinfo_logo-trans_1200x1200px.png","width":1199,"height":1200,"caption":"Justice Info"},"image":{"@id":"https:\/\/www.justiceinfo.net\/fr#\/schema\/logo\/image\/"},"sameAs":["https:\/\/www.facebook.com\/JusticeInfo\/","https:\/\/x.com\/justiceinfonet","https:\/\/www.linkedin.com\/company\/justice-info","https:\/\/www.youtube.com\/channel\/UCyCEsARodyuWtkWyhn-e7pA"]},{"@type":"Person","name":"solivri","url":"\/fr\/?s=solivri"}]}},"_links":{"self":[{"href":"https:\/\/www.justiceinfo.net\/fr\/wp-json\/wp\/v2\/posts\/8858","targetHints":{"allow":["GET"]}}],"collection":[{"href":"https:\/\/www.justiceinfo.net\/fr\/wp-json\/wp\/v2\/posts"}],"about":[{"href":"https:\/\/www.justiceinfo.net\/fr\/wp-json\/wp\/v2\/types\/post"}],"author":[{"embeddable":true,"href":"https:\/\/www.justiceinfo.net\/fr\/wp-json\/wp\/v2\/users\/64"}],"replies":[{"embeddable":true,"href":"https:\/\/www.justiceinfo.net\/fr\/wp-json\/wp\/v2\/comments?post=8858"}],"version-history":[{"count":0,"href":"https:\/\/www.justiceinfo.net\/fr\/wp-json\/wp\/v2\/posts\/8858\/revisions"}],"wp:attachment":[{"href":"https:\/\/www.justiceinfo.net\/fr\/wp-json\/wp\/v2\/media?parent=8858"}],"wp:term":[{"taxonomy":"category","embeddable":true,"href":"https:\/\/www.justiceinfo.net\/fr\/wp-json\/wp\/v2\/categories?post=8858"},{"taxonomy":"post_tag","embeddable":true,"href":"https:\/\/www.justiceinfo.net\/fr\/wp-json\/wp\/v2\/tags?post=8858"},{"taxonomy":"ji_location","embeddable":true,"href":"https:\/\/www.justiceinfo.net\/fr\/wp-json\/wp\/v2\/ji_location?post=8858"}],"curies":[{"name":"wp","href":"https:\/\/api.w.org\/{rel}","templated":true}]}}